{"id":36830,"date":"2024-07-30T20:48:30","date_gmt":"2024-07-30T23:48:30","guid":{"rendered":"https:\/\/larevistadigital.com.ar\/blog\/?p=36830"},"modified":"2024-07-30T20:48:30","modified_gmt":"2024-07-30T23:48:30","slug":"chascomus-ultimo-encuentro-de-la-capacitacion-para-lideres-municipales","status":"publish","type":"post","link":"https:\/\/larevistadigital.com.ar\/blog\/chascomus-ultimo-encuentro-de-la-capacitacion-para-lideres-municipales\/","title":{"rendered":"CHASCOM\u00daS: \u00daLTIMO ENCUENTRO DE LA CAPACITACI\u00d3N PARA L\u00cdDERES MUNICIPALES"},"content":{"rendered":"<h2 class=\"excerpt\">El espacio de formaci\u00f3n llega al fin de su primera etapa.<\/h2>\n<p>30 de Julio de 2024<\/p>\n<div id=\"miDiv1\" class=\"text\">\n<p><strong>CHASCOM\u00daS &#8211;<\/strong>\u00a0 Hoy se realizar\u00e1 el \u00faltimo encuentro para personal jer\u00e1rquico municipal en el marco de la primera etapa del trayecto de formaci\u00f3n continua <strong>\u201cEspacio para L\u00edderes\u201d<\/strong>. Desde su comienzo en marzo y con una modalidad h\u00edbrida, se realiz\u00f3 un encuentro mensual presencial sumado a un seguimiento personalizado a trav\u00e9s del aula virtual AU24.<\/p>\n<p>De este modo, subsecretarios\/as, directores\/as y subdirectores\/as de todas las \u00e1reas municipales accedieron a contenidos organizados en cuatro m\u00f3dulos, con el objetivo de desarrollar habilidades de comunicaci\u00f3n, de liderazgo y relaciones interpersonales. En un tiempo breve, el espacio tendr\u00e1 continuidad con el abordaje de temas relacionados al manejo de recursos, procedimientos administrativos, entre otros.<\/p>\n<\/div>\n","protected":false},"excerpt":{"rendered":"<div class=\"mh-excerpt\"><p>El espacio de formaci\u00f3n llega al fin de su primera etapa. 30 de Julio de 2024 CHASCOM\u00daS &#8211;\u00a0 Hoy se realizar\u00e1 el \u00faltimo encuentro para personal jer\u00e1rquico municipal en el marco de la primera etapa <a class=\"mh-excerpt-more\" href=\"https:\/\/larevistadigital.com.ar\/blog\/chascomus-ultimo-encuentro-de-la-capacitacion-para-lideres-municipales\/\" title=\"CHASCOM\u00daS: \u00daLTIMO ENCUENTRO DE LA CAPACITACI\u00d3N PARA L\u00cdDERES MUNICIPALES\">[Leer M\u00e1s]<\/a><\/p>\n<\/div>","protected":false},"author":3,"featured_media":36831,"comment_status":"open","ping_status":"open","sticky":false,"template":"","format":"standard","meta":{"_jetpack_memberships_contains_paid_content":false,"footnotes":"","jetpack_publicize_message":"","jetpack_publicize_feature_enabled":true,"jetpack_social_post_already_shared":true,"jetpack_social_options":{"image_generator_settings":{"template":"highway","default_image_id":0,"font":"","enabled":false},"version":2}},"categories":[6],"tags":[],"class_list":{"0":"post-36830","1":"post","2":"type-post","3":"status-publish","4":"format-standard","5":"has-post-thumbnail","7":"category-chascomus"},"jetpack_publicize_connections":[],"jetpack_featured_media_url":"https:\/\/i0.wp.com\/larevistadigital.com.ar\/blog\/wp-content\/uploads\/66a923bbcf2f7.png?fit=668%2C445&ssl=1","jetpack_sharing_enabled":true,"jetpack_shortlink":"https:\/\/wp.me\/p8qtrQ-9A2","jetpack-related-posts":[{"id":39833,"url":"https:\/\/larevistadigital.com.ar\/blog\/chascomus-continua-el-programa-espacio-para-lideres\/","url_meta":{"origin":36830,"position":0},"title":"Chascom\u00fas: Contin\u00faa el programa \u201cEspacio para L\u00edderes\u201d","author":"Alejandro Sosa Ruda","date":"21 mayo, 2025","format":false,"excerpt":"Comenz\u00f3 una nueva etapa del programa de formaci\u00f3n y profesionalizaci\u00f3n para mandos medios del equipo municipal. 21 de Mayo de 2025 CHASCOM\u00daS -\u00a0 Esta semana tuvo lugar un nuevo encuentro del programa \u201cEspacio para L\u00edderes\u201d, que busca ofrecer formaci\u00f3n continua a trabajadores y trabajadoras con roles jer\u00e1rquicos dentro de la\u2026","rel":"","context":"En \u00abCHASCOM\u00daS\u00bb","block_context":{"text":"CHASCOM\u00daS","link":"https:\/\/larevistadigital.com.ar\/blog\/category\/chascomus\/"},"img":{"alt_text":"","src":"https:\/\/i0.wp.com\/larevistadigital.com.ar\/blog\/wp-content\/uploads\/682e0598a333b.png?fit=668%2C445&ssl=1&resize=350%2C200","width":350,"height":200,"srcset":"https:\/\/i0.wp.com\/larevistadigital.com.ar\/blog\/wp-content\/uploads\/682e0598a333b.png?fit=668%2C445&ssl=1&resize=350%2C200 1x, https:\/\/i0.wp.com\/larevistadigital.com.ar\/blog\/wp-content\/uploads\/682e0598a333b.png?fit=668%2C445&ssl=1&resize=525%2C300 1.5x"},"classes":[]},{"id":42268,"url":"https:\/\/larevistadigital.com.ar\/blog\/chascomus-formacion-para-el-mundo-del-trabajo-en-la-escuela-nuestra-senora-de-lujan\/","url_meta":{"origin":36830,"position":1},"title":"Chascom\u00fas: Formaci\u00f3n para el mundo del trabajo en la Escuela Nuestra Se\u00f1ora de Luj\u00e1n","author":"Alejandro Sosa Ruda","date":"29 octubre, 2025","format":false,"excerpt":"Este espacio busca brindar a los estudiantes de 5\u00b0 a\u00f1o herramientas clave para su futura inserci\u00f3n laboral. 29 de Octubre de 2025 CHASCOM\u00daS -\u00a0 \u00a0El \u00faltimo martes, en la Escuela Secundaria Nuestra Se\u00f1ora de Luj\u00e1n, la Municipalidad de Chascom\u00fas ofreci\u00f3 un nuevo encuentro del ciclo \u201cHerramientas y habilidades para el\u2026","rel":"","context":"En \u00abCHASCOM\u00daS\u00bb","block_context":{"text":"CHASCOM\u00daS","link":"https:\/\/larevistadigital.com.ar\/blog\/category\/chascomus\/"},"img":{"alt_text":"","src":"https:\/\/i0.wp.com\/larevistadigital.com.ar\/blog\/wp-content\/uploads\/69025525809f1.png?fit=668%2C445&ssl=1&resize=350%2C200","width":350,"height":200,"srcset":"https:\/\/i0.wp.com\/larevistadigital.com.ar\/blog\/wp-content\/uploads\/69025525809f1.png?fit=668%2C445&ssl=1&resize=350%2C200 1x, https:\/\/i0.wp.com\/larevistadigital.com.ar\/blog\/wp-content\/uploads\/69025525809f1.png?fit=668%2C445&ssl=1&resize=525%2C300 1.5x"},"classes":[]},{"id":43642,"url":"https:\/\/larevistadigital.com.ar\/blog\/desarrollo-social-reunion-para-coordinar-acciones-del-programa-decision-ninez-en-chascomus\/","url_meta":{"origin":36830,"position":2},"title":"Desarrollo Social: Reuni\u00f3n para coordinar acciones del programa Decisi\u00f3n Ni\u00f1ez en Chascom\u00fas","author":"Alejandro Sosa Ruda","date":"29 enero, 2026","format":false,"excerpt":"En el encuentro se avanz\u00f3 en el trabajo conjunto para el fortalecimiento de pol\u00edticas p\u00fablicas orientadas a las infancias y adolescencias. 29 de enero de 2026 CHASCOM\u00daS\u00a0 -\u00a0 \u00a0 Autoridades municipales y representantes del Organismo Provincial de la Ni\u00f1ez y Adolescencia mantuvieron un encuentro para avanzar en la implementaci\u00f3n local\u2026","rel":"","context":"En \u00abCHASCOM\u00daS\u00bb","block_context":{"text":"CHASCOM\u00daS","link":"https:\/\/larevistadigital.com.ar\/blog\/category\/chascomus\/"},"img":{"alt_text":"","src":"https:\/\/i0.wp.com\/larevistadigital.com.ar\/blog\/wp-content\/uploads\/697b9908d0111.png?fit=668%2C445&ssl=1&resize=350%2C200","width":350,"height":200,"srcset":"https:\/\/i0.wp.com\/larevistadigital.com.ar\/blog\/wp-content\/uploads\/697b9908d0111.png?fit=668%2C445&ssl=1&resize=350%2C200 1x, https:\/\/i0.wp.com\/larevistadigital.com.ar\/blog\/wp-content\/uploads\/697b9908d0111.png?fit=668%2C445&ssl=1&resize=525%2C300 1.5x"},"classes":[]},{"id":44622,"url":"https:\/\/larevistadigital.com.ar\/blog\/chascomus-impulsa-el-primer-encuentro-regional-de-areas-de-genero\/","url_meta":{"origin":36830,"position":3},"title":"Chascom\u00fas impulsa el primer Encuentro Regional de \u00c1reas de G\u00e9nero","author":"Alejandro Sosa Ruda","date":"20 marzo, 2026","format":false,"excerpt":"La iniciativa busca fortalecer el trabajo articulado entre municipios para abordar las violencias por motivos de g\u00e9nero y construir herramientas conjuntas en el territorio. 20 de marzo de 2026 CHASCOM\u00daS -\u00a0 \u00a0La Direcci\u00f3n de Pol\u00edticas de G\u00e9nero de la Municipalidad de Chascom\u00fas trabaja en la organizaci\u00f3n del primer Encuentro Regional\u2026","rel":"","context":"En \u00abCHASCOM\u00daS\u00bb","block_context":{"text":"CHASCOM\u00daS","link":"https:\/\/larevistadigital.com.ar\/blog\/category\/chascomus\/"},"img":{"alt_text":"","src":"https:\/\/i0.wp.com\/larevistadigital.com.ar\/blog\/wp-content\/uploads\/69bc31463040d.png?fit=668%2C445&ssl=1&resize=350%2C200","width":350,"height":200,"srcset":"https:\/\/i0.wp.com\/larevistadigital.com.ar\/blog\/wp-content\/uploads\/69bc31463040d.png?fit=668%2C445&ssl=1&resize=350%2C200 1x, https:\/\/i0.wp.com\/larevistadigital.com.ar\/blog\/wp-content\/uploads\/69bc31463040d.png?fit=668%2C445&ssl=1&resize=525%2C300 1.5x"},"classes":[]},{"id":39792,"url":"https:\/\/larevistadigital.com.ar\/blog\/chascomus-se-conformo-la-mesa-barrial-san-cayetano\/","url_meta":{"origin":36830,"position":4},"title":"Chascom\u00fas: Se conform\u00f3 la Mesa Barrial San Cayetano","author":"Alejandro Sosa Ruda","date":"19 mayo, 2025","format":false,"excerpt":"Distintas instituciones y organizaciones junto al \u00e1rea de la Municipalidad de Chascom\u00fas conforman el nuevo espacio de di\u00e1logo. 19 de Mayo de 2025 CHASCOM\u00daS -\u00a0 \u00a0El pasado viernes se conform\u00f3 la mesa barrial del San Cayetano, al tiempo que tuvo lugar la primera reuni\u00f3n. Se trata de un espacio de\u2026","rel":"","context":"En \u00abCHASCOM\u00daS\u00bb","block_context":{"text":"CHASCOM\u00daS","link":"https:\/\/larevistadigital.com.ar\/blog\/category\/chascomus\/"},"img":{"alt_text":"","src":"https:\/\/i0.wp.com\/larevistadigital.com.ar\/blog\/wp-content\/uploads\/682b68e58ff73.png?fit=668%2C445&ssl=1&resize=350%2C200","width":350,"height":200,"srcset":"https:\/\/i0.wp.com\/larevistadigital.com.ar\/blog\/wp-content\/uploads\/682b68e58ff73.png?fit=668%2C445&ssl=1&resize=350%2C200 1x, https:\/\/i0.wp.com\/larevistadigital.com.ar\/blog\/wp-content\/uploads\/682b68e58ff73.png?fit=668%2C445&ssl=1&resize=525%2C300 1.5x"},"classes":[]},{"id":44412,"url":"https:\/\/larevistadigital.com.ar\/blog\/chascomus-convocatoria-del-ejecutivo-a-concejales-para-trabajar-en-los-pliegos-de-futuras-concesiones-municipales\/","url_meta":{"origin":36830,"position":5},"title":"Chascom\u00fas: Convocatoria del Ejecutivo a concejales para trabajar en los pliegos de futuras concesiones municipales","author":"Alejandro Sosa Ruda","date":"9 marzo, 2026","format":false,"excerpt":"En la primera reuni\u00f3n analizaron los casos de Las Escalinatas, la parcela ribere\u00f1a N\u00ba 11 y el sector de El Castillo. Habr\u00e1 una nueva reuni\u00f3n en dos semanas para continuar el trabajo conjunto. 09 de Marzo de 2026 CHASCOM\u00daS -\u00a0 \u00a0La secretaria de Turismo, Deporte y Cultura, Julieta Spina, encabez\u00f3\u2026","rel":"","context":"En \u00abINTERES GENERAL\u00bb","block_context":{"text":"INTERES GENERAL","link":"https:\/\/larevistadigital.com.ar\/blog\/category\/interes-general\/"},"img":{"alt_text":"","src":"https:\/\/i0.wp.com\/larevistadigital.com.ar\/blog\/wp-content\/uploads\/69af0e5b5e285.png?fit=668%2C445&ssl=1&resize=350%2C200","width":350,"height":200,"srcset":"https:\/\/i0.wp.com\/larevistadigital.com.ar\/blog\/wp-content\/uploads\/69af0e5b5e285.png?fit=668%2C445&ssl=1&resize=350%2C200 1x, https:\/\/i0.wp.com\/larevistadigital.com.ar\/blog\/wp-content\/uploads\/69af0e5b5e285.png?fit=668%2C445&ssl=1&resize=525%2C300 1.5x"},"classes":[]}],"_links":{"self":[{"href":"https:\/\/larevistadigital.com.ar\/blog\/wp-json\/wp\/v2\/posts\/36830","targetHints":{"allow":["GET"]}}],"collection":[{"href":"https:\/\/larevistadigital.com.ar\/blog\/wp-json\/wp\/v2\/posts"}],"about":[{"href":"https:\/\/larevistadigital.com.ar\/blog\/wp-json\/wp\/v2\/types\/post"}],"author":[{"embeddable":true,"href":"https:\/\/larevistadigital.com.ar\/blog\/wp-json\/wp\/v2\/users\/3"}],"replies":[{"embeddable":true,"href":"https:\/\/larevistadigital.com.ar\/blog\/wp-json\/wp\/v2\/comments?post=36830"}],"version-history":[{"count":1,"href":"https:\/\/larevistadigital.com.ar\/blog\/wp-json\/wp\/v2\/posts\/36830\/revisions"}],"predecessor-version":[{"id":36832,"href":"https:\/\/larevistadigital.com.ar\/blog\/wp-json\/wp\/v2\/posts\/36830\/revisions\/36832"}],"wp:featuredmedia":[{"embeddable":true,"href":"https:\/\/larevistadigital.com.ar\/blog\/wp-json\/wp\/v2\/media\/36831"}],"wp:attachment":[{"href":"https:\/\/larevistadigital.com.ar\/blog\/wp-json\/wp\/v2\/media?parent=36830"}],"wp:term":[{"taxonomy":"category","embeddable":true,"href":"https:\/\/larevistadigital.com.ar\/blog\/wp-json\/wp\/v2\/categories?post=36830"},{"taxonomy":"post_tag","embeddable":true,"href":"https:\/\/larevistadigital.com.ar\/blog\/wp-json\/wp\/v2\/tags?post=36830"}],"curies":[{"name":"wp","href":"https:\/\/api.w.org\/{rel}","templated":true}]}}