{"id":36833,"date":"2024-07-30T20:56:19","date_gmt":"2024-07-30T23:56:19","guid":{"rendered":"https:\/\/larevistadigital.com.ar\/blog\/?p=36833"},"modified":"2024-07-30T20:56:19","modified_gmt":"2024-07-30T23:56:19","slug":"el-gobierno-de-la-provincia-de-buenos-aires-extendio-el-programa-licencia-joven-para-estudiantes-secundarios","status":"publish","type":"post","link":"https:\/\/larevistadigital.com.ar\/blog\/el-gobierno-de-la-provincia-de-buenos-aires-extendio-el-programa-licencia-joven-para-estudiantes-secundarios\/","title":{"rendered":"EL GOBIERNO DE LA PROVINCIA DE BUENOS AIRES EXTENDI\u00d3 EL PROGRAMA \u00abLICENCIA JOVEN\u00bb PARA ESTUDIANTES SECUNDARIOS"},"content":{"rendered":"<h2 class=\"excerpt\">A trav\u00e9s de esta propuesta, alumnos y alumnas del \u00faltimo a\u00f1o del nivel educativo pueden realizar capacitaciones virtuales para tramitar la licencia de conducir.<\/h2>\n<p>30 de Julio de 2024<\/p>\n<div id=\"miDiv1\" class=\"text\">\n<p><strong>CHASCOM\u00daS &#8211;\u00a0<\/strong> El gobierno de la provincia de Buenos Aires determin\u00f3 extender hasta el 13 de septiembre el plazo para que estudiantes secundarios puedan realizar el programa Licencia Joven.<\/p>\n<blockquote>\n<h3>La propuesta est\u00e1 orientada a estudiantes de 5\u00ba y 6\u00b0 a\u00f1o de escuelas secundarias, t\u00e9cnicas, agrarias y especializadas en arte quienes podr\u00e1n obtener la primera licencia de conducir.<\/h3>\n<\/blockquote>\n<p>Quienes lo aprueben, pasar\u00e1n autom\u00e1ticamente el examen te\u00f3rico para obtener la primera licencia y s\u00f3lo deber\u00e1n rendir los ex\u00e1menes psicof\u00edsico y pr\u00e1ctico.<\/p>\n<blockquote>\n<h3>A trav\u00e9s de la plataforma virtual, los participantes pueden acceder a los siete m\u00f3dulos que abordan desde la siniestralidad, la din\u00e1mica de los veh\u00edculos con motor, el espacio p\u00fablico y los riesgos al volante.<\/h3>\n<\/blockquote>\n<p>Al desarrollarse de manera digital, pueden acceder desde cualquier dispositivo m\u00f3vil que tenga acceso a internet, a trav\u00e9s del sitio<\/p>\n<\/div>\n","protected":false},"excerpt":{"rendered":"<div class=\"mh-excerpt\"><p>A trav\u00e9s de esta propuesta, alumnos y alumnas del \u00faltimo a\u00f1o del nivel educativo pueden realizar capacitaciones virtuales para tramitar la licencia de conducir. 30 de Julio de 2024 CHASCOM\u00daS &#8211;\u00a0 El gobierno de la <a class=\"mh-excerpt-more\" href=\"https:\/\/larevistadigital.com.ar\/blog\/el-gobierno-de-la-provincia-de-buenos-aires-extendio-el-programa-licencia-joven-para-estudiantes-secundarios\/\" title=\"EL GOBIERNO DE LA PROVINCIA DE BUENOS AIRES EXTENDI\u00d3 EL PROGRAMA \u00abLICENCIA JOVEN\u00bb PARA ESTUDIANTES SECUNDARIOS\">[Leer M\u00e1s]<\/a><\/p>\n<\/div>","protected":false},"author":3,"featured_media":36834,"comment_status":"open","ping_status":"open","sticky":false,"template":"","format":"standard","meta":{"_jetpack_memberships_contains_paid_content":false,"footnotes":"","jetpack_publicize_message":"","jetpack_publicize_feature_enabled":true,"jetpack_social_post_already_shared":true,"jetpack_social_options":{"image_generator_settings":{"template":"highway","default_image_id":0,"font":"","enabled":false},"version":2}},"categories":[50,24],"tags":[],"class_list":{"0":"post-36833","1":"post","2":"type-post","3":"status-publish","4":"format-standard","5":"has-post-thumbnail","7":"category-interes-general","8":"category-politica-provincial"},"jetpack_publicize_connections":[],"jetpack_featured_media_url":"https:\/\/i0.wp.com\/larevistadigital.com.ar\/blog\/wp-content\/uploads\/66a91d0ed747e.png?fit=668%2C445&ssl=1","jetpack_sharing_enabled":true,"jetpack_shortlink":"https:\/\/wp.me\/p8qtrQ-9A5","jetpack-related-posts":[{"id":36439,"url":"https:\/\/larevistadigital.com.ar\/blog\/estudiantes-secundarios-podran-realizar-capacitaciones-virtuales-para-tramitar-la-licencia-de-conducir\/","url_meta":{"origin":36833,"position":0},"title":"ESTUDIANTES SECUNDARIOS PODR\u00c1N REALIZAR CAPACITACIONES VIRTUALES PARA TRAMITAR LA LICENCIA DE CONDUCIR","author":"Alejandro Sosa Ruda","date":"26 junio, 2024","format":false,"excerpt":"A trav\u00e9s de la plataforma formativa \u201cLicencia Joven\u201d, las y los alumnos de 5\u00ba y 6\u00ba a\u00f1o podr\u00e1n tramitar su primer carnet de conducci\u00f3n con el examen te\u00f3rico aprobado. 26 de Junio de 2024 CHASCOM\u00daS -\u00a0 Estudiantes de 5\u00ba y 6\u00b0 a\u00f1o de escuelas secundarias, t\u00e9cnicas, agrarias y especializadas en\u2026","rel":"","context":"En \u00abINTERES GENERAL\u00bb","block_context":{"text":"INTERES GENERAL","link":"https:\/\/larevistadigital.com.ar\/blog\/category\/interes-general\/"},"img":{"alt_text":"","src":"https:\/\/i0.wp.com\/larevistadigital.com.ar\/blog\/wp-content\/uploads\/2024_06_26_01_13_26_9773378.jpg?fit=600%2C401&ssl=1&resize=350%2C200","width":350,"height":200,"srcset":"https:\/\/i0.wp.com\/larevistadigital.com.ar\/blog\/wp-content\/uploads\/2024_06_26_01_13_26_9773378.jpg?fit=600%2C401&ssl=1&resize=350%2C200 1x, https:\/\/i0.wp.com\/larevistadigital.com.ar\/blog\/wp-content\/uploads\/2024_06_26_01_13_26_9773378.jpg?fit=600%2C401&ssl=1&resize=525%2C300 1.5x"},"classes":[]},{"id":29257,"url":"https:\/\/larevistadigital.com.ar\/blog\/licencia-joven-la-seguridad-vial-se-sumara-a-la-curricula-en-2023\/","url_meta":{"origin":36833,"position":1},"title":"LICENCIA JOVEN: LA SEGURIDAD VIAL SE SUMAR\u00c1 A LA CURR\u00cdCULA EN 2023","author":"Alejandro Sosa Ruda","date":"5 diciembre, 2022","format":false,"excerpt":"El gobernador de la provincia de Buenos Aires, Axel Kicillof, encabez\u00f3 en Pilar, el acto que dio cierre a la prueba piloto del programa \u201cLicencia Joven\u201d. Estuvo acompa\u00f1ado por el intendente local, Federico Achaval; el ministro de Transporte, Jorge D\u2019Onofrio; y el director general de Cultura y Educaci\u00f3n, Alberto Sileoni.\u2026","rel":"","context":"En \u00abPOLITICA PROVINCIAL\u00bb","block_context":{"text":"POLITICA PROVINCIAL","link":"https:\/\/larevistadigital.com.ar\/blog\/category\/politica\/politica-provincial\/"},"img":{"alt_text":"","src":"https:\/\/i0.wp.com\/larevistadigital.com.ar\/blog\/wp-content\/uploads\/20221205195342_licencia-joven-la-seguridad-vial-se-sumara-a-la-curricula-escolar-en-2023.png?fit=880%2C512&ssl=1&resize=350%2C200","width":350,"height":200,"srcset":"https:\/\/i0.wp.com\/larevistadigital.com.ar\/blog\/wp-content\/uploads\/20221205195342_licencia-joven-la-seguridad-vial-se-sumara-a-la-curricula-escolar-en-2023.png?fit=880%2C512&ssl=1&resize=350%2C200 1x, https:\/\/i0.wp.com\/larevistadigital.com.ar\/blog\/wp-content\/uploads\/20221205195342_licencia-joven-la-seguridad-vial-se-sumara-a-la-curricula-escolar-en-2023.png?fit=880%2C512&ssl=1&resize=525%2C300 1.5x, https:\/\/i0.wp.com\/larevistadigital.com.ar\/blog\/wp-content\/uploads\/20221205195342_licencia-joven-la-seguridad-vial-se-sumara-a-la-curricula-escolar-en-2023.png?fit=880%2C512&ssl=1&resize=700%2C400 2x"},"classes":[]},{"id":41470,"url":"https:\/\/larevistadigital.com.ar\/blog\/chascomus-turnos-digitales-para-tramitar-la-licencia-de-conducir\/","url_meta":{"origin":36833,"position":2},"title":"Chascom\u00fas: Turnos digitales para tramitar la licencia de conducir","author":"Alejandro Sosa Ruda","date":"16 septiembre, 2025","format":false,"excerpt":"Este sistema permite que cada vecino pueda elegir el d\u00eda y horario que le conviene y ser atendido en forma m\u00e1s \u00e1gil. 16 de septiembre de 2025 - CHASCOM\u00daS -\u00a0 La Municipalidad de Chascom\u00fas recuerda a los vecinos que sigue activa la p\u00e1gina municipal para solicitar turnos y realizar cualquier\u2026","rel":"","context":"En \u00abCHASCOM\u00daS\u00bb","block_context":{"text":"CHASCOM\u00daS","link":"https:\/\/larevistadigital.com.ar\/blog\/category\/chascomus\/"},"img":{"alt_text":"","src":"https:\/\/i0.wp.com\/larevistadigital.com.ar\/blog\/wp-content\/uploads\/68c997e9c86c8.png?fit=668%2C445&ssl=1&resize=350%2C200","width":350,"height":200,"srcset":"https:\/\/i0.wp.com\/larevistadigital.com.ar\/blog\/wp-content\/uploads\/68c997e9c86c8.png?fit=668%2C445&ssl=1&resize=350%2C200 1x, https:\/\/i0.wp.com\/larevistadigital.com.ar\/blog\/wp-content\/uploads\/68c997e9c86c8.png?fit=668%2C445&ssl=1&resize=525%2C300 1.5x"},"classes":[]},{"id":27990,"url":"https:\/\/larevistadigital.com.ar\/blog\/en-la-provincia-se-podra-manejar-con-el-carnet-vencido-hasta-el-31-de-enero\/","url_meta":{"origin":36833,"position":3},"title":"EN LA PROVINCIA SE PODR\u00c1 MANEJAR CON EL CARNET VENCIDO HASTA EL 31 DE ENERO","author":"Alejandro Sosa Ruda","date":"22 septiembre, 2022","format":false,"excerpt":"El Ministerio de Transporte bonaerense confirm\u00f3 la decisi\u00f3n, pero adelant\u00f3 que es de car\u00e1cter excepcional y solo aplicar\u00e1 a quienes tengan turno para sacarlo. 22 de septiembre de 2022 El Gobierno de la provincia de Buenos Aires, a trav\u00e9s de su Ministerio de Transporte, estableci\u00f3 con car\u00e1cter excepcional que\u00a0los ciudadanos\u2026","rel":"","context":"En \u00abINTERES GENERAL\u00bb","block_context":{"text":"INTERES GENERAL","link":"https:\/\/larevistadigital.com.ar\/blog\/category\/interes-general\/"},"img":{"alt_text":"","src":"https:\/\/i0.wp.com\/larevistadigital.com.ar\/blog\/wp-content\/uploads\/1553814588577.jpg?fit=1200%2C594&ssl=1&resize=350%2C200","width":350,"height":200,"srcset":"https:\/\/i0.wp.com\/larevistadigital.com.ar\/blog\/wp-content\/uploads\/1553814588577.jpg?fit=1200%2C594&ssl=1&resize=350%2C200 1x, https:\/\/i0.wp.com\/larevistadigital.com.ar\/blog\/wp-content\/uploads\/1553814588577.jpg?fit=1200%2C594&ssl=1&resize=525%2C300 1.5x, https:\/\/i0.wp.com\/larevistadigital.com.ar\/blog\/wp-content\/uploads\/1553814588577.jpg?fit=1200%2C594&ssl=1&resize=700%2C400 2x, https:\/\/i0.wp.com\/larevistadigital.com.ar\/blog\/wp-content\/uploads\/1553814588577.jpg?fit=1200%2C594&ssl=1&resize=1050%2C600 3x"},"classes":[]},{"id":40601,"url":"https:\/\/larevistadigital.com.ar\/blog\/chascomus-por-falta-de-kits-se-suspenden-entregas-de-carnets-de-licencias-de-conducir-fisicas\/","url_meta":{"origin":36833,"position":4},"title":"Chascom\u00fas: Por falta de kits se suspenden entregas de carnets de licencias de conducir f\u00edsicas","author":"Alejandro Sosa Ruda","date":"26 julio, 2025","format":false,"excerpt":"Autoridades municipales buscan soluciones excepcionales ante la falta de respuesta del gobierno nacional. 26 de Julio de 2025 CHASCOM\u00daS -\u00a0 \u00a0El faltante de kits para la impresi\u00f3n de los carnets de las licencias de conducir se produce con posterioridad a la disoluci\u00f3n de la Agencia Nacional de Seguridad Vial (ANSV)\u2026","rel":"","context":"En \u00abCHASCOM\u00daS\u00bb","block_context":{"text":"CHASCOM\u00daS","link":"https:\/\/larevistadigital.com.ar\/blog\/category\/chascomus\/"},"img":{"alt_text":"","src":"https:\/\/i0.wp.com\/larevistadigital.com.ar\/blog\/wp-content\/uploads\/6883c7acdee0c.png?fit=668%2C445&ssl=1&resize=350%2C200","width":350,"height":200,"srcset":"https:\/\/i0.wp.com\/larevistadigital.com.ar\/blog\/wp-content\/uploads\/6883c7acdee0c.png?fit=668%2C445&ssl=1&resize=350%2C200 1x, https:\/\/i0.wp.com\/larevistadigital.com.ar\/blog\/wp-content\/uploads\/6883c7acdee0c.png?fit=668%2C445&ssl=1&resize=525%2C300 1.5x"},"classes":[]},{"id":31713,"url":"https:\/\/larevistadigital.com.ar\/blog\/buenos-aires-los-deudores-alimentarios-deberan-presentar-un-libre-deuda-para-renovar-el-registro-de-conducir\/","url_meta":{"origin":36833,"position":5},"title":"BUENOS AIRES: LOS DEUDORES ALIMENTARIOS DEBER\u00c1N PRESENTAR UN \u00abLIBRE DEUDA\u00bb PARA RENOVAR EL REGISTRO DE CONDUCIR","author":"Alejandro Sosa Ruda","date":"23 mayo, 2023","format":false,"excerpt":"El titular de la cartera de Justicia, Julio Alak, y su par de Transporte, Jorge D`Onofrio, firmaron el acuerdo para implementar acciones en el tr\u00e1mite de expendio de licencias de conducir en la provincia. 23 de mayo de 2023 BUENOS AIRES -\u00a0 Los inscriptos en el Registro de Deudores Alimentarios\u2026","rel":"","context":"En \u00abINTERES GENERAL\u00bb","block_context":{"text":"INTERES GENERAL","link":"https:\/\/larevistadigital.com.ar\/blog\/category\/interes-general\/"},"img":{"alt_text":"","src":"https:\/\/i0.wp.com\/larevistadigital.com.ar\/blog\/wp-content\/uploads\/20230522182955_deudores.jpg?fit=880%2C512&ssl=1&resize=350%2C200","width":350,"height":200,"srcset":"https:\/\/i0.wp.com\/larevistadigital.com.ar\/blog\/wp-content\/uploads\/20230522182955_deudores.jpg?fit=880%2C512&ssl=1&resize=350%2C200 1x, https:\/\/i0.wp.com\/larevistadigital.com.ar\/blog\/wp-content\/uploads\/20230522182955_deudores.jpg?fit=880%2C512&ssl=1&resize=525%2C300 1.5x, https:\/\/i0.wp.com\/larevistadigital.com.ar\/blog\/wp-content\/uploads\/20230522182955_deudores.jpg?fit=880%2C512&ssl=1&resize=700%2C400 2x"},"classes":[]}],"_links":{"self":[{"href":"https:\/\/larevistadigital.com.ar\/blog\/wp-json\/wp\/v2\/posts\/36833","targetHints":{"allow":["GET"]}}],"collection":[{"href":"https:\/\/larevistadigital.com.ar\/blog\/wp-json\/wp\/v2\/posts"}],"about":[{"href":"https:\/\/larevistadigital.com.ar\/blog\/wp-json\/wp\/v2\/types\/post"}],"author":[{"embeddable":true,"href":"https:\/\/larevistadigital.com.ar\/blog\/wp-json\/wp\/v2\/users\/3"}],"replies":[{"embeddable":true,"href":"https:\/\/larevistadigital.com.ar\/blog\/wp-json\/wp\/v2\/comments?post=36833"}],"version-history":[{"count":1,"href":"https:\/\/larevistadigital.com.ar\/blog\/wp-json\/wp\/v2\/posts\/36833\/revisions"}],"predecessor-version":[{"id":36835,"href":"https:\/\/larevistadigital.com.ar\/blog\/wp-json\/wp\/v2\/posts\/36833\/revisions\/36835"}],"wp:featuredmedia":[{"embeddable":true,"href":"https:\/\/larevistadigital.com.ar\/blog\/wp-json\/wp\/v2\/media\/36834"}],"wp:attachment":[{"href":"https:\/\/larevistadigital.com.ar\/blog\/wp-json\/wp\/v2\/media?parent=36833"}],"wp:term":[{"taxonomy":"category","embeddable":true,"href":"https:\/\/larevistadigital.com.ar\/blog\/wp-json\/wp\/v2\/categories?post=36833"},{"taxonomy":"post_tag","embeddable":true,"href":"https:\/\/larevistadigital.com.ar\/blog\/wp-json\/wp\/v2\/tags?post=36833"}],"curies":[{"name":"wp","href":"https:\/\/api.w.org\/{rel}","templated":true}]}}