{"id":36836,"date":"2024-07-30T21:05:07","date_gmt":"2024-07-31T00:05:07","guid":{"rendered":"https:\/\/larevistadigital.com.ar\/blog\/?p=36836"},"modified":"2024-07-30T21:05:07","modified_gmt":"2024-07-31T00:05:07","slug":"chascomus-nuevas-canchas-de-tejo-en-el-complejo-villa-del-sur","status":"publish","type":"post","link":"https:\/\/larevistadigital.com.ar\/blog\/chascomus-nuevas-canchas-de-tejo-en-el-complejo-villa-del-sur\/","title":{"rendered":"CHASCOM\u00daS: NUEVAS CANCHAS DE TEJO EN EL COMPLEJO VILLA DEL SUR"},"content":{"rendered":"<h2 class=\"excerpt\">Para la inauguraci\u00f3n se organiza un torneo con m\u00e1s de 80 parejas.<\/h2>\n<p>30 de Julio de 2024<\/p>\n<div id=\"miDiv1\" class=\"text\">\n<p><strong>CHASCOM\u00daS &#8211;<\/strong>\u00a0 El pr\u00f3ximo 11 de agosto en el complejo Villa del Sur, ubicado en Yrigoyen y Tucum\u00e1n, se realizar\u00e1 un torneo de Tejo con motivo de la inauguraci\u00f3n de seis nuevas canchas profesionales. Se espera la participaci\u00f3n de m\u00e1s de ochenta parejas y m\u00e1s de doscientas personas invitadas al evento provenientes de distintas ciudades de la provincia de Buenos Aires.<\/p>\n<p>La competencia se desarrollar\u00e1 en modalidad \u201cparejas\u201d para las categor\u00edas damas, caballeros libres y caballeros mayores de 65. Los interesados en participar podr\u00e1n inscribirse el mismo d\u00eda a partir de las 9hs abonando una inscripci\u00f3n de $3500 por jugador. El evento contar\u00e1 con servicio de buffet, parrilla y estacionamiento en el predio con bono colaboraci\u00f3n. Habr\u00e1 importantes premios y se espera la presencia de autoridades municipales en el acto de inauguraci\u00f3n de las canchas.<\/p>\n<p><em><strong>\u201cQueremos llevar el tejo de Chascom\u00fas a lo m\u00e1s alto\u201d<\/strong><\/em>, asegura <strong>Carlos Guevara<\/strong>, integrante de Los Pica Tejo Chascom\u00fas, entidad que estuvo a cargo de la construcci\u00f3n de las canchas que adem\u00e1s cuentan con iluminaci\u00f3n. Los d\u00edas s\u00e1bados de 13 a 15 y de 14 a 16 hs, funciona la Escuelita de Tejo abierta para personas a partir de 10 a\u00f1os sin l\u00edmites de edad, donde se ense\u00f1a el juego, el reglamento oficial. Por otra parte, el ingreso a las canchas es libre para quienes deseen practicar o jugar de manera recreativa. Los Pica Tejo cuenta con el respaldo de la Asociaci\u00f3n Argentina de Tejo y con el padrinazgo de Plaza Pineral Tejo, de la localidad de Caseros, provincia de Buenos Aires. En este predio se proyecta la organizaci\u00f3n de torneos regionales, provinciales y nacionales.<\/p>\n<p>El tejo es un deporte de punter\u00eda que puede ser jugado por hombres y mujeres de todas las edades. Se practica entre dos equipos opuestos de uno, dos o tres participantes que, mediante una serie de tejos diferenciados entre s\u00ed por colores y jugados dentro de una cancha de arena, compiten por marcar puntos o \u00abtantos\u00bb hasta llegar a la cantidad determinada que define el partido a favor de uno de ellos. Naci\u00f3 en la d\u00e9cada del \u201860 en las playas de Mar de Aj\u00f3, como una adaptaci\u00f3n del juego de bochas con el fin de evitar el desplazamiento indeseado de las bochas sobre la arena, gracias a su forma esf\u00e9rica.<\/p>\n<\/div>\n","protected":false},"excerpt":{"rendered":"<div class=\"mh-excerpt\"><p>Para la inauguraci\u00f3n se organiza un torneo con m\u00e1s de 80 parejas. 30 de Julio de 2024 CHASCOM\u00daS &#8211;\u00a0 El pr\u00f3ximo 11 de agosto en el complejo Villa del Sur, ubicado en Yrigoyen y Tucum\u00e1n, <a class=\"mh-excerpt-more\" href=\"https:\/\/larevistadigital.com.ar\/blog\/chascomus-nuevas-canchas-de-tejo-en-el-complejo-villa-del-sur\/\" title=\"CHASCOM\u00daS: NUEVAS CANCHAS DE TEJO EN EL COMPLEJO VILLA DEL SUR\">[Leer M\u00e1s]<\/a><\/p>\n<\/div>","protected":false},"author":3,"featured_media":36837,"comment_status":"open","ping_status":"open","sticky":false,"template":"","format":"standard","meta":{"_jetpack_memberships_contains_paid_content":false,"footnotes":"","jetpack_publicize_message":"","jetpack_publicize_feature_enabled":true,"jetpack_social_post_already_shared":true,"jetpack_social_options":{"image_generator_settings":{"template":"highway","default_image_id":0,"font":"","enabled":false},"version":2}},"categories":[6],"tags":[],"class_list":{"0":"post-36836","1":"post","2":"type-post","3":"status-publish","4":"format-standard","5":"has-post-thumbnail","7":"category-chascomus"},"jetpack_publicize_connections":[],"jetpack_featured_media_url":"https:\/\/i0.wp.com\/larevistadigital.com.ar\/blog\/wp-content\/uploads\/66a9268762c34.png?fit=668%2C445&ssl=1","jetpack_sharing_enabled":true,"jetpack_shortlink":"https:\/\/wp.me\/p8qtrQ-9A8","jetpack-related-posts":[{"id":3779,"url":"https:\/\/larevistadigital.com.ar\/blog\/chascomus-continuan-las-inversiones-club-deportivo\/","url_meta":{"origin":36836,"position":0},"title":"CHASCOM\u00daS: CONTIN\u00daAN LAS INVERSIONES EN EL CLUB DEPORTIVO","author":"Alejandro Sosa Ruda","date":"12 noviembre, 2017","format":false,"excerpt":"En una entrevista realizada durante el noticiero local \u201cSomos Noticias\u201d que se emite por Cablevisi\u00f3n, el presidente del Club Deportivo Chascom\u00fas, Augusto Casullo, coment\u00f3 acerca de las nuevas inversiones llevadas a cabo en la entidad, destacando la nueva secretar\u00eda y otras obras. Respecto de la secretar\u00eda, el presidente se mostr\u00f3\u2026","rel":"","context":"En \u00abCHASCOM\u00daS\u00bb","block_context":{"text":"CHASCOM\u00daS","link":"https:\/\/larevistadigital.com.ar\/blog\/category\/chascomus\/"},"img":{"alt_text":"","src":"https:\/\/i0.wp.com\/larevistadigital.com.ar\/blog\/wp-content\/uploads\/2017\/11\/casullo-presidente.jpg?fit=763%2C580&ssl=1&resize=350%2C200","width":350,"height":200,"srcset":"https:\/\/i0.wp.com\/larevistadigital.com.ar\/blog\/wp-content\/uploads\/2017\/11\/casullo-presidente.jpg?fit=763%2C580&ssl=1&resize=350%2C200 1x, https:\/\/i0.wp.com\/larevistadigital.com.ar\/blog\/wp-content\/uploads\/2017\/11\/casullo-presidente.jpg?fit=763%2C580&ssl=1&resize=525%2C300 1.5x, https:\/\/i0.wp.com\/larevistadigital.com.ar\/blog\/wp-content\/uploads\/2017\/11\/casullo-presidente.jpg?fit=763%2C580&ssl=1&resize=700%2C400 2x"},"classes":[]},{"id":41377,"url":"https:\/\/larevistadigital.com.ar\/blog\/chascomus-los-juegos-bonaerenses-se-viven-en-el-hogar-municipal\/","url_meta":{"origin":36836,"position":1},"title":"Chascom\u00fas: Los Juegos Bonaerenses se viven en el Hogar Municipal","author":"Alejandro Sosa Ruda","date":"10 septiembre, 2025","format":false,"excerpt":"Los residentes participan de distintas disciplinas y buscan el pase a los regionales. 10 de Septiembre de 2025 CHASCOM\u00daS -\u00a0 \u00a0La competencia m\u00e1s importante de la provincia de Buenos Aires se vive a pleno en el Hogar Municipal, donde los residentes son parte de los eventos organizados para las distintas\u2026","rel":"","context":"En \u00abCHASCOM\u00daS\u00bb","block_context":{"text":"CHASCOM\u00daS","link":"https:\/\/larevistadigital.com.ar\/blog\/category\/chascomus\/"},"img":{"alt_text":"","src":"https:\/\/i0.wp.com\/larevistadigital.com.ar\/blog\/wp-content\/uploads\/68c1a85b1667b.png?fit=668%2C445&ssl=1&resize=350%2C200","width":350,"height":200,"srcset":"https:\/\/i0.wp.com\/larevistadigital.com.ar\/blog\/wp-content\/uploads\/68c1a85b1667b.png?fit=668%2C445&ssl=1&resize=350%2C200 1x, https:\/\/i0.wp.com\/larevistadigital.com.ar\/blog\/wp-content\/uploads\/68c1a85b1667b.png?fit=668%2C445&ssl=1&resize=525%2C300 1.5x"},"classes":[]},{"id":8925,"url":"https:\/\/larevistadigital.com.ar\/blog\/chascomus-hoy-las-finales-de-papy-en-deportivo-con-entrada-libre-y-gratuita\/","url_meta":{"origin":36836,"position":2},"title":"CHASCOM\u00daS: HOY LAS FINALES DE PAPY EN DEPORTIVO, CON ENTRADA LIBRE Y GRATUITA","author":"Alejandro Sosa Ruda","date":"8 marzo, 2019","format":false,"excerpt":"Las finales del papy \u201cCopa Automotores Avenida\u201d se juegan hoy viernes 8 de marzo en el Club Deportivo.\u00a0Habr\u00e1 dos finales, torneos Tradicional y Mixto, y otro partido por el tercer y cuarto puesto del campeonato Mixto. Finalmente parece que el tiempo permitir\u00e1 definir este apasionante y tradicional torneo de f\u00fatbol\u2026","rel":"","context":"En \u00abDEPORTES\u00bb","block_context":{"text":"DEPORTES","link":"https:\/\/larevistadigital.com.ar\/blog\/category\/deportes\/"},"img":{"alt_text":"","src":"https:\/\/i0.wp.com\/larevistadigital.com.ar\/blog\/wp-content\/uploads\/2019\/03\/Screenshot_3-1.jpg?fit=740%2C650&ssl=1&resize=350%2C200","width":350,"height":200,"srcset":"https:\/\/i0.wp.com\/larevistadigital.com.ar\/blog\/wp-content\/uploads\/2019\/03\/Screenshot_3-1.jpg?fit=740%2C650&ssl=1&resize=350%2C200 1x, https:\/\/i0.wp.com\/larevistadigital.com.ar\/blog\/wp-content\/uploads\/2019\/03\/Screenshot_3-1.jpg?fit=740%2C650&ssl=1&resize=525%2C300 1.5x, https:\/\/i0.wp.com\/larevistadigital.com.ar\/blog\/wp-content\/uploads\/2019\/03\/Screenshot_3-1.jpg?fit=740%2C650&ssl=1&resize=700%2C400 2x"},"classes":[]},{"id":9505,"url":"https:\/\/larevistadigital.com.ar\/blog\/excelente-performance-de-la-academia-de-taekwondo-chascomus-en-torneo-de-la-costa\/","url_meta":{"origin":36836,"position":3},"title":"EXCELENTE PERFORMANCE DE LA ACADEMIA DE TAEKWONDO CHASCOM\u00daS EN TORNEO DE LA COSTA","author":"Alejandro Sosa Ruda","date":"1 abril, 2019","format":false,"excerpt":"Ayer, domingo 31 de Marzo, en el complejo deportivo y Cultural de la ciudad Las Toninas partido de la costa, se llev\u00f3 a cabo el torneo que convoca desde hace algunos a\u00f1os a competidores del partido de la costa y aleda\u00f1os. La Academia de Taekwondo Chascom\u00fas, con el profesor Pedro\u2026","rel":"","context":"En \u00abDEPORTES\u00bb","block_context":{"text":"DEPORTES","link":"https:\/\/larevistadigital.com.ar\/blog\/category\/deportes\/"},"img":{"alt_text":"","src":"https:\/\/i0.wp.com\/larevistadigital.com.ar\/blog\/wp-content\/uploads\/2019\/04\/profesor-Pedro-Andrade-y-sus-alumnos-e1554151195858.jpg?fit=719%2C529&ssl=1&resize=350%2C200","width":350,"height":200,"srcset":"https:\/\/i0.wp.com\/larevistadigital.com.ar\/blog\/wp-content\/uploads\/2019\/04\/profesor-Pedro-Andrade-y-sus-alumnos-e1554151195858.jpg?fit=719%2C529&ssl=1&resize=350%2C200 1x, https:\/\/i0.wp.com\/larevistadigital.com.ar\/blog\/wp-content\/uploads\/2019\/04\/profesor-Pedro-Andrade-y-sus-alumnos-e1554151195858.jpg?fit=719%2C529&ssl=1&resize=525%2C300 1.5x, https:\/\/i0.wp.com\/larevistadigital.com.ar\/blog\/wp-content\/uploads\/2019\/04\/profesor-Pedro-Andrade-y-sus-alumnos-e1554151195858.jpg?fit=719%2C529&ssl=1&resize=700%2C400 2x"},"classes":[]},{"id":43145,"url":"https:\/\/larevistadigital.com.ar\/blog\/chascomus-este-miercoles-se-disputara-el-torneo-de-verano-de-beach-voley\/","url_meta":{"origin":36836,"position":4},"title":"Chascom\u00fas: Este mi\u00e9rcoles se disputar\u00e1 el Torneo de Verano de Beach Voley","author":"Alejandro Sosa Ruda","date":"5 enero, 2026","format":false,"excerpt":"Ser\u00e1 en el Parque V Centenario, desde las 18 horas, en la modalidad 3 vs 3 mixto, en categor\u00eda libre. 05 de enero de 2026 CHASCOM\u00daS -\u00a0 \u00a0 La Municipalidad de Chascom\u00fas, a trav\u00e9s del \u00e1rea de Deportes, organiza un torneo de verano de beach voley que se disputar\u00e1 el\u2026","rel":"","context":"En \u00abCHASCOM\u00daS\u00bb","block_context":{"text":"CHASCOM\u00daS","link":"https:\/\/larevistadigital.com.ar\/blog\/category\/chascomus\/"},"img":{"alt_text":"","src":"https:\/\/i0.wp.com\/larevistadigital.com.ar\/blog\/wp-content\/uploads\/695bf0708dd2d.png?fit=668%2C445&ssl=1&resize=350%2C200","width":350,"height":200,"srcset":"https:\/\/i0.wp.com\/larevistadigital.com.ar\/blog\/wp-content\/uploads\/695bf0708dd2d.png?fit=668%2C445&ssl=1&resize=350%2C200 1x, https:\/\/i0.wp.com\/larevistadigital.com.ar\/blog\/wp-content\/uploads\/695bf0708dd2d.png?fit=668%2C445&ssl=1&resize=525%2C300 1.5x"},"classes":[]},{"id":10695,"url":"https:\/\/larevistadigital.com.ar\/blog\/chascomus-los-nombres-de-la-lista-del-doctor-santiago-dos-santos\/","url_meta":{"origin":36836,"position":5},"title":"CHASCOM\u00daS: LOS NOMBRES DE LA LISTA DEL DOCTOR SANTIAGO DOS SANTOS","author":"Alejandro Sosa Ruda","date":"22 junio, 2019","format":false,"excerpt":"Si bien el cierre de presentaci\u00f3n de listas ser\u00e1 a las doce de la noche del d\u00eda de hoy, pudimos conocer algunos de los nombres que acompa\u00f1ar\u00e1n al doctor Santiago Dos Santos en su lista como pre candidato a Intendente de \"Juntos por el Cambio\" en la ciudad de Chascom\u00fas.\u2026","rel":"","context":"En \u00abDESTACADAS\u00bb","block_context":{"text":"DESTACADAS","link":"https:\/\/larevistadigital.com.ar\/blog\/category\/destacadas\/"},"img":{"alt_text":"","src":"https:\/\/i0.wp.com\/larevistadigital.com.ar\/blog\/wp-content\/uploads\/2019\/04\/19601412_10213452250083944_4973836600266300277_n.jpg?fit=960%2C960&ssl=1&resize=350%2C200","width":350,"height":200,"srcset":"https:\/\/i0.wp.com\/larevistadigital.com.ar\/blog\/wp-content\/uploads\/2019\/04\/19601412_10213452250083944_4973836600266300277_n.jpg?fit=960%2C960&ssl=1&resize=350%2C200 1x, https:\/\/i0.wp.com\/larevistadigital.com.ar\/blog\/wp-content\/uploads\/2019\/04\/19601412_10213452250083944_4973836600266300277_n.jpg?fit=960%2C960&ssl=1&resize=525%2C300 1.5x, https:\/\/i0.wp.com\/larevistadigital.com.ar\/blog\/wp-content\/uploads\/2019\/04\/19601412_10213452250083944_4973836600266300277_n.jpg?fit=960%2C960&ssl=1&resize=700%2C400 2x"},"classes":[]}],"_links":{"self":[{"href":"https:\/\/larevistadigital.com.ar\/blog\/wp-json\/wp\/v2\/posts\/36836","targetHints":{"allow":["GET"]}}],"collection":[{"href":"https:\/\/larevistadigital.com.ar\/blog\/wp-json\/wp\/v2\/posts"}],"about":[{"href":"https:\/\/larevistadigital.com.ar\/blog\/wp-json\/wp\/v2\/types\/post"}],"author":[{"embeddable":true,"href":"https:\/\/larevistadigital.com.ar\/blog\/wp-json\/wp\/v2\/users\/3"}],"replies":[{"embeddable":true,"href":"https:\/\/larevistadigital.com.ar\/blog\/wp-json\/wp\/v2\/comments?post=36836"}],"version-history":[{"count":1,"href":"https:\/\/larevistadigital.com.ar\/blog\/wp-json\/wp\/v2\/posts\/36836\/revisions"}],"predecessor-version":[{"id":36838,"href":"https:\/\/larevistadigital.com.ar\/blog\/wp-json\/wp\/v2\/posts\/36836\/revisions\/36838"}],"wp:featuredmedia":[{"embeddable":true,"href":"https:\/\/larevistadigital.com.ar\/blog\/wp-json\/wp\/v2\/media\/36837"}],"wp:attachment":[{"href":"https:\/\/larevistadigital.com.ar\/blog\/wp-json\/wp\/v2\/media?parent=36836"}],"wp:term":[{"taxonomy":"category","embeddable":true,"href":"https:\/\/larevistadigital.com.ar\/blog\/wp-json\/wp\/v2\/categories?post=36836"},{"taxonomy":"post_tag","embeddable":true,"href":"https:\/\/larevistadigital.com.ar\/blog\/wp-json\/wp\/v2\/tags?post=36836"}],"curies":[{"name":"wp","href":"https:\/\/api.w.org\/{rel}","templated":true}]}}