{"id":36844,"date":"2024-07-30T22:10:39","date_gmt":"2024-07-31T01:10:39","guid":{"rendered":"https:\/\/larevistadigital.com.ar\/blog\/?p=36844"},"modified":"2024-07-30T22:10:39","modified_gmt":"2024-07-31T01:10:39","slug":"mar-del-plata-dos-muertos-en-el-incendio-de-una-vivienda","status":"publish","type":"post","link":"https:\/\/larevistadigital.com.ar\/blog\/mar-del-plata-dos-muertos-en-el-incendio-de-una-vivienda\/","title":{"rendered":"MAR DEL PLATA: DOS MUERTOS EN EL INCENDIO DE UNA VIVIENDA"},"content":{"rendered":"<h2>Personal de bomberos de los cuarteles Monolito y Caisamar sofoc\u00f3 un incendio en una casa de Mugaburu al 7500. Hay dos hombres muertos confirmados.<\/h2>\n<p>30 de Julio de 2024<\/p>\n<p><strong>MAR DEL PLATA &#8211;\u00a0 <\/strong>Esta tarde, un tr\u00e1gico incendio en el barrio Aeroparque dej\u00f3 un saldo de dos hombres fallecidos, seg\u00fan confirmaron los Bomberos.<\/p>\n<blockquote>\n<h3>El siniestro ocurri\u00f3 en la calle Mugaburu al 7500. Dos dotaciones, una del cuartel Monolito y otra de Caisamar, recuperaron los cuerpos de las v\u00edctimas.<\/h3>\n<\/blockquote>\n<p>Los datos recopilados por el diario LA CAPITAL indican que en la vivienda resid\u00edan dos hombres de 91 y 65 a\u00f1os, identificados como <strong>Ram\u00f3n Carrizo<\/strong> y <strong>Mario Morsia<\/strong>. Se cree que el incendio fue provocado por un mal funcionamiento de una salamandra.<\/p>\n<blockquote>\n<h3>El fuego comenz\u00f3 alrededor de las 18:30. J\u00f3venes del barrio, al regresar de la escuela, notaron c\u00f3mo las llamas envolv\u00edan la casa y llamaron al 911. Una dotaci\u00f3n del cuartel Caisamar fue la primera en llegar al lugar.<\/h3>\n<\/blockquote>\n<p><strong>Carrizo y Morsia<\/strong> quedaron atrapados en una casilla de madera y chapa en el sector trasero del inmueble. <strong><em>\u00abCarrizo vivi\u00f3 ac\u00e1 toda la vida. Era amigo de mi bisabuelo\u00bb<\/em><\/strong>, relat\u00f3 una joven del barrio. Otra vecina, una mujer mayor, agreg\u00f3: <strong><em>\u201cFue un hombre bueno, andaba con un bast\u00f3n y le costaba caminar. Al otro hombre no lo conoc\u00eda, pero s\u00e9 que a lo \u00faltimo viv\u00eda con \u00e9l, lo acompa\u00f1aba y lo cuidaba\u201d.<\/em><\/strong><\/p>\n<blockquote>\n<h3>El incendio no afect\u00f3 la parte delantera de la propiedad, donde viven la hija de Carrizo y su nieto. Otro hijo de Carrizo reside en una casa cercana.<\/h3>\n<\/blockquote>\n<p>Adem\u00e1s de los bomberos, al lugar llegaron miembros de Defensa Civil y la secretaria de Desarrollo Social, <strong>Vilma Baragiola<\/strong>. Cerca de las 20:00, se uni\u00f3 una dotaci\u00f3n del cuartel Monolito, una ambulancia del SAME y personal de Defensa Civil.<\/p>\n<blockquote>\n<h3>Los bomberos retiraron gran cantidad de chapas quemadas de la casilla y lograron apagar el fuego tras dos horas de trabajo. Durante este tiempo, el tr\u00e1nsito sobre Mugaburu fue interrumpido y la cuadra fue vallada.<\/h3>\n<\/blockquote>\n<p>El perro de las v\u00edctimas result\u00f3 herido en el incendio. La Polic\u00eda Cient\u00edfica tambi\u00e9n particip\u00f3 en el operativo, que concluy\u00f3 con la apertura de una investigaci\u00f3n judicial a cargo de la fiscal\u00eda en turno, caratulada <strong>\u201cAveriguaci\u00f3n causales de incendio\u201d.<\/strong><\/p>\n","protected":false},"excerpt":{"rendered":"<div class=\"mh-excerpt\"><p>Personal de bomberos de los cuarteles Monolito y Caisamar sofoc\u00f3 un incendio en una casa de Mugaburu al 7500. Hay dos hombres muertos confirmados. 30 de Julio de 2024 MAR DEL PLATA &#8211;\u00a0 Esta tarde, <a class=\"mh-excerpt-more\" href=\"https:\/\/larevistadigital.com.ar\/blog\/mar-del-plata-dos-muertos-en-el-incendio-de-una-vivienda\/\" title=\"MAR DEL PLATA: DOS MUERTOS EN EL INCENDIO DE UNA VIVIENDA\">[Leer M\u00e1s]<\/a><\/p>\n<\/div>","protected":false},"author":3,"featured_media":36845,"comment_status":"open","ping_status":"open","sticky":false,"template":"","format":"standard","meta":{"_jetpack_memberships_contains_paid_content":false,"footnotes":"","jetpack_publicize_message":"","jetpack_publicize_feature_enabled":true,"jetpack_social_post_already_shared":true,"jetpack_social_options":{"image_generator_settings":{"template":"highway","default_image_id":0,"font":"","enabled":false},"version":2}},"categories":[44,51],"tags":[],"class_list":{"0":"post-36844","1":"post","2":"type-post","3":"status-publish","4":"format-standard","5":"has-post-thumbnail","7":"category-policiales","8":"category-regionales"},"jetpack_publicize_connections":[],"jetpack_featured_media_url":"https:\/\/i0.wp.com\/larevistadigital.com.ar\/blog\/wp-content\/uploads\/Captura-de-pantalla-2024-07-30-220952.png?fit=803%2C453&ssl=1","jetpack_sharing_enabled":true,"jetpack_shortlink":"https:\/\/wp.me\/p8qtrQ-9Ag","jetpack-related-posts":[{"id":29339,"url":"https:\/\/larevistadigital.com.ar\/blog\/mar-del-plata-dos-hermanitos-de-4-y-6-anos-sufrieron-graves-quemaduras-en-un-incendio\/","url_meta":{"origin":36844,"position":0},"title":"MAR DEL PLATA: DOS HERMANITOS DE 4 Y 6 A\u00d1OS SUFRIERON GRAVES QUEMADURAS EN UN INCENDIO.","author":"Alejandro Sosa Ruda","date":"9 diciembre, 2022","format":false,"excerpt":"Ambos est\u00e1n internados en el Hospital Materno Infantil y uno de ellos se encuentra en la sala de terapia intensiva. El incendio ocurri\u00f3 en una vivienda de El Coyunco. 8 de diciembre de 2022 MAR DEL PLATA -\u00a0 Dos hermanos, de 4 y 6 a\u00f1os, sufrieron graves quemaduras al incendiarse\u2026","rel":"","context":"En \u00abPOLICIALES\u00bb","block_context":{"text":"POLICIALES","link":"https:\/\/larevistadigital.com.ar\/blog\/category\/policiales\/"},"img":{"alt_text":"","src":"https:\/\/i0.wp.com\/larevistadigital.com.ar\/blog\/wp-content\/uploads\/NENES.jpg?fit=797%2C466&ssl=1&resize=350%2C200","width":350,"height":200,"srcset":"https:\/\/i0.wp.com\/larevistadigital.com.ar\/blog\/wp-content\/uploads\/NENES.jpg?fit=797%2C466&ssl=1&resize=350%2C200 1x, https:\/\/i0.wp.com\/larevistadigital.com.ar\/blog\/wp-content\/uploads\/NENES.jpg?fit=797%2C466&ssl=1&resize=525%2C300 1.5x, https:\/\/i0.wp.com\/larevistadigital.com.ar\/blog\/wp-content\/uploads\/NENES.jpg?fit=797%2C466&ssl=1&resize=700%2C400 2x"},"classes":[]},{"id":27408,"url":"https:\/\/larevistadigital.com.ar\/blog\/la-plata-mueren-dos-nenes-tras-quedar-atrapados-en-un-incendio\/","url_meta":{"origin":36844,"position":1},"title":"LA PLATA: MUEREN DOS NENES TRAS QUEDAR ATRAPADOS EN UN INCENDIO","author":"Alejandro Sosa Ruda","date":"31 agosto, 2022","format":false,"excerpt":"Las llamas se apoderaron de una vivienda y la consumieron por completo. Los peque\u00f1os no lograron escapar del fuego y murieron calcinados en el lugar. 31 de agosto de 2022 Un\u00a0tr\u00e1gico incendio conmociona a La Plata.\u00a0Las llamas se desataron en las primeras horas de este mi\u00e9rcoles y\u00a0dos nenes murieron tras\u2026","rel":"","context":"En \u00abPOLICIALES\u00bb","block_context":{"text":"POLICIALES","link":"https:\/\/larevistadigital.com.ar\/blog\/category\/policiales\/"},"img":{"alt_text":"","src":"https:\/\/i0.wp.com\/larevistadigital.com.ar\/blog\/wp-content\/uploads\/1661945256242.jpeg?fit=1200%2C594&ssl=1&resize=350%2C200","width":350,"height":200,"srcset":"https:\/\/i0.wp.com\/larevistadigital.com.ar\/blog\/wp-content\/uploads\/1661945256242.jpeg?fit=1200%2C594&ssl=1&resize=350%2C200 1x, https:\/\/i0.wp.com\/larevistadigital.com.ar\/blog\/wp-content\/uploads\/1661945256242.jpeg?fit=1200%2C594&ssl=1&resize=525%2C300 1.5x, https:\/\/i0.wp.com\/larevistadigital.com.ar\/blog\/wp-content\/uploads\/1661945256242.jpeg?fit=1200%2C594&ssl=1&resize=700%2C400 2x, https:\/\/i0.wp.com\/larevistadigital.com.ar\/blog\/wp-content\/uploads\/1661945256242.jpeg?fit=1200%2C594&ssl=1&resize=1050%2C600 3x"},"classes":[]},{"id":17809,"url":"https:\/\/larevistadigital.com.ar\/blog\/mar-del-plata-se-incendio-casa-en-el-bosque-y-quedo-reducida-a-cenizas\/","url_meta":{"origin":36844,"position":2},"title":"MAR DEL PLATA: SE INCENDI\u00d3 CASA EN EL BOSQUE Y QUEDO REDUCIDA A CENIZAS","author":"Alejandro Sosa Ruda","date":"24 noviembre, 2020","format":false,"excerpt":"Sucedi\u00f3 esta madrugada en una vivienda de Los Cha\u00f1ares al 1500. La moradora de la casa result\u00f3 ilesa. Un voraz incendio se desat\u00f3 este martes a la madrugada sobre una vivienda del\u00a0Bosque de Peralta Ramos, que qued\u00f3 reducida a cenizas. Fuentes consultadas por\u00a00223, indicaron que el hecho sucedi\u00f3 alrededor de\u2026","rel":"","context":"En \u00abREGIONALES\u00bb","block_context":{"text":"REGIONALES","link":"https:\/\/larevistadigital.com.ar\/blog\/category\/regionales\/"},"img":{"alt_text":"","src":"https:\/\/i0.wp.com\/larevistadigital.com.ar\/blog\/wp-content\/uploads\/Screenshot_3-61.jpg?fit=1001%2C559&ssl=1&resize=350%2C200","width":350,"height":200,"srcset":"https:\/\/i0.wp.com\/larevistadigital.com.ar\/blog\/wp-content\/uploads\/Screenshot_3-61.jpg?fit=1001%2C559&ssl=1&resize=350%2C200 1x, https:\/\/i0.wp.com\/larevistadigital.com.ar\/blog\/wp-content\/uploads\/Screenshot_3-61.jpg?fit=1001%2C559&ssl=1&resize=525%2C300 1.5x, https:\/\/i0.wp.com\/larevistadigital.com.ar\/blog\/wp-content\/uploads\/Screenshot_3-61.jpg?fit=1001%2C559&ssl=1&resize=700%2C400 2x"},"classes":[]},{"id":27396,"url":"https:\/\/larevistadigital.com.ar\/blog\/video-se-incendio-la-reconocida-parrilla-lo-de-charly-en-caba-dos-hombres-fueron-internados\/","url_meta":{"origin":36844,"position":3},"title":"[VIDEO] SE INCENDI\u00d3 LA RECONOCIDA PARRILLA \u00abLO DE CHARLY\u00bb EN CABA. DOS HOMBRES FUERON INTERNADOS","author":"Alejandro Sosa Ruda","date":"30 agosto, 2022","format":false,"excerpt":"Una dotaci\u00f3n de bomberos de la Ciudad trabaj\u00f3 en el lugar y logr\u00f3 extinguir las llamas. Por Juan Lemik 30 de Agosto de 2022 Este martes por la tarde, se produjo un incendio en la parrilla \u201cLo de Charly\u201d, ubicada en Avenida \u00c1lvarez Thomas al 2100, en el barrio porte\u00f1o\u2026","rel":"","context":"En \u00abINTERES GENERAL\u00bb","block_context":{"text":"INTERES GENERAL","link":"https:\/\/larevistadigital.com.ar\/blog\/category\/interes-general\/"},"img":{"alt_text":"","src":"https:\/\/i0.wp.com\/larevistadigital.com.ar\/blog\/wp-content\/uploads\/Captura-de-pantalla-2022-08-30-202519.png?fit=704%2C395&ssl=1&resize=350%2C200","width":350,"height":200,"srcset":"https:\/\/i0.wp.com\/larevistadigital.com.ar\/blog\/wp-content\/uploads\/Captura-de-pantalla-2022-08-30-202519.png?fit=704%2C395&ssl=1&resize=350%2C200 1x, https:\/\/i0.wp.com\/larevistadigital.com.ar\/blog\/wp-content\/uploads\/Captura-de-pantalla-2022-08-30-202519.png?fit=704%2C395&ssl=1&resize=525%2C300 1.5x, https:\/\/i0.wp.com\/larevistadigital.com.ar\/blog\/wp-content\/uploads\/Captura-de-pantalla-2022-08-30-202519.png?fit=704%2C395&ssl=1&resize=700%2C400 2x"},"classes":[]},{"id":33647,"url":"https:\/\/larevistadigital.com.ar\/blog\/tragedia-dos-ninos-murieron-en-un-incendio-en-villa-dominico\/","url_meta":{"origin":36844,"position":4},"title":"TRAGEDIA: DOS NI\u00d1OS MURIERON EN UN INCENDIO EN VILLA DOM\u00cdNICO","author":"Alejandro Sosa Ruda","date":"28 septiembre, 2023","format":false,"excerpt":"Los peque\u00f1os de 4 y 8 a\u00f1os murieron esta madrugada como consecuencia de un incendio en una vivienda de la localidad de Villa Dom\u00ednico en Avellaneda. Cecilia de apenas dos a\u00f1os pudo ser rescatada y lucha por su vida en un centro asistencial. 28 de Septiembre de 2023 VILLA DOM\u00cdNICO\u2026","rel":"","context":"En \u00abSin categor\u00eda\u00bb","block_context":{"text":"Sin categor\u00eda","link":"https:\/\/larevistadigital.com.ar\/blog\/category\/sin-categoria\/"},"img":{"alt_text":"","src":"https:\/\/i0.wp.com\/larevistadigital.com.ar\/blog\/wp-content\/uploads\/20230928182051_20230928090913-incendio-avellaneda-dominico.jpg?fit=880%2C512&ssl=1&resize=350%2C200","width":350,"height":200,"srcset":"https:\/\/i0.wp.com\/larevistadigital.com.ar\/blog\/wp-content\/uploads\/20230928182051_20230928090913-incendio-avellaneda-dominico.jpg?fit=880%2C512&ssl=1&resize=350%2C200 1x, https:\/\/i0.wp.com\/larevistadigital.com.ar\/blog\/wp-content\/uploads\/20230928182051_20230928090913-incendio-avellaneda-dominico.jpg?fit=880%2C512&ssl=1&resize=525%2C300 1.5x, https:\/\/i0.wp.com\/larevistadigital.com.ar\/blog\/wp-content\/uploads\/20230928182051_20230928090913-incendio-avellaneda-dominico.jpg?fit=880%2C512&ssl=1&resize=700%2C400 2x"},"classes":[]},{"id":26049,"url":"https:\/\/larevistadigital.com.ar\/blog\/incendio-tragico-en-recoleta-mueren-3-chicos-y-2-mujeres\/","url_meta":{"origin":36844,"position":5},"title":"INCENDIO TR\u00c1GICO EN RECOLETA, MUEREN 3 CHICOS Y 2 MUJERES","author":"Alejandro Sosa Ruda","date":"23 junio, 2022","format":false,"excerpt":"Un incendio desatado en el s\u00e9ptimo piso de un edificio de Recoleta dej\u00f3 el saldo tr\u00e1gico de 5 muertos y 18 heridos. Un impactante\u00a0incendio\u00a0se desat\u00f3 este jueves en un edificio del barrio porte\u00f1o de\u00a0Recoleta. El fuego se inici\u00f3 en el s\u00e9ptimo piso y se propag\u00f3 al octavo de la torre\u2026","rel":"","context":"En \u00abDESTACADAS\u00bb","block_context":{"text":"DESTACADAS","link":"https:\/\/larevistadigital.com.ar\/blog\/category\/destacadas\/"},"img":{"alt_text":"","src":"https:\/\/i0.wp.com\/larevistadigital.com.ar\/blog\/wp-content\/uploads\/incendio-recoleta.jpg?fit=1200%2C662&ssl=1&resize=350%2C200","width":350,"height":200,"srcset":"https:\/\/i0.wp.com\/larevistadigital.com.ar\/blog\/wp-content\/uploads\/incendio-recoleta.jpg?fit=1200%2C662&ssl=1&resize=350%2C200 1x, https:\/\/i0.wp.com\/larevistadigital.com.ar\/blog\/wp-content\/uploads\/incendio-recoleta.jpg?fit=1200%2C662&ssl=1&resize=525%2C300 1.5x, https:\/\/i0.wp.com\/larevistadigital.com.ar\/blog\/wp-content\/uploads\/incendio-recoleta.jpg?fit=1200%2C662&ssl=1&resize=700%2C400 2x, https:\/\/i0.wp.com\/larevistadigital.com.ar\/blog\/wp-content\/uploads\/incendio-recoleta.jpg?fit=1200%2C662&ssl=1&resize=1050%2C600 3x"},"classes":[]}],"_links":{"self":[{"href":"https:\/\/larevistadigital.com.ar\/blog\/wp-json\/wp\/v2\/posts\/36844","targetHints":{"allow":["GET"]}}],"collection":[{"href":"https:\/\/larevistadigital.com.ar\/blog\/wp-json\/wp\/v2\/posts"}],"about":[{"href":"https:\/\/larevistadigital.com.ar\/blog\/wp-json\/wp\/v2\/types\/post"}],"author":[{"embeddable":true,"href":"https:\/\/larevistadigital.com.ar\/blog\/wp-json\/wp\/v2\/users\/3"}],"replies":[{"embeddable":true,"href":"https:\/\/larevistadigital.com.ar\/blog\/wp-json\/wp\/v2\/comments?post=36844"}],"version-history":[{"count":1,"href":"https:\/\/larevistadigital.com.ar\/blog\/wp-json\/wp\/v2\/posts\/36844\/revisions"}],"predecessor-version":[{"id":36846,"href":"https:\/\/larevistadigital.com.ar\/blog\/wp-json\/wp\/v2\/posts\/36844\/revisions\/36846"}],"wp:featuredmedia":[{"embeddable":true,"href":"https:\/\/larevistadigital.com.ar\/blog\/wp-json\/wp\/v2\/media\/36845"}],"wp:attachment":[{"href":"https:\/\/larevistadigital.com.ar\/blog\/wp-json\/wp\/v2\/media?parent=36844"}],"wp:term":[{"taxonomy":"category","embeddable":true,"href":"https:\/\/larevistadigital.com.ar\/blog\/wp-json\/wp\/v2\/categories?post=36844"},{"taxonomy":"post_tag","embeddable":true,"href":"https:\/\/larevistadigital.com.ar\/blog\/wp-json\/wp\/v2\/tags?post=36844"}],"curies":[{"name":"wp","href":"https:\/\/api.w.org\/{rel}","templated":true}]}}