{"id":36847,"date":"2024-07-30T22:36:18","date_gmt":"2024-07-31T01:36:18","guid":{"rendered":"https:\/\/larevistadigital.com.ar\/blog\/?p=36847"},"modified":"2024-07-30T22:38:19","modified_gmt":"2024-07-31T01:38:19","slug":"la-plata-se-viene-una-gran-bajante-en-el-rio-de-la-plata-y-puede-faltar-agua-en-la-region","status":"publish","type":"post","link":"https:\/\/larevistadigital.com.ar\/blog\/la-plata-se-viene-una-gran-bajante-en-el-rio-de-la-plata-y-puede-faltar-agua-en-la-region\/","title":{"rendered":"LA PLATA: SE VIENE UNA GRAN BAJANTE EN EL R\u00cdO DE LA PLATA Y PUEDE FALTAR AGUA EN LA REGI\u00d3N"},"content":{"rendered":"<h2>El Servicio de Hidrograf\u00eda Naval alert\u00f3 que el R\u00edo de la Plata se va a retirar varias cuadras en Punta Lara. El impacto en el servicio de agua.<\/h2>\n<p>30 de Julio de 2024<\/p>\n<p><strong>LA PLATA &#8211;\u00a0 <\/strong>El Centro de Prevenci\u00f3n de Crecidas del Servicio de Hidrograf\u00eda Naval ha emitido una advertencia importante: este mi\u00e9rcoles 31 de julio, el nivel del R\u00edo de la Plata interior estar\u00e1 90 cent\u00edmetros por debajo de los valores normales seg\u00fan la tabla de marea.<\/p>\n<p>Esta bajante podr\u00eda tener un impacto visual significativo en la regi\u00f3n, creando playas que se extender\u00e1n por varias cuadras. Sin embargo, tambi\u00e9n podr\u00eda afectar la prestaci\u00f3n del servicio de agua potable, ya que las tomas de agua que abastecen la planta potabilizadora podr\u00edan verse comprometidas.<\/p>\n<blockquote>\n<h3>El aviso fue emitido a las 15:00 del martes y tiene vigencia para todo el mi\u00e9rcoles. Seg\u00fan las previsiones, a las 8:30 de la ma\u00f1ana del mi\u00e9rcoles, el nivel del r\u00edo ser\u00e1 de -0,50 metros. Esto significa que en lugares como Punta Lara, la playa podr\u00eda extenderse por m\u00e1s de 500 metros.<\/h3>\n<\/blockquote>\n<p>A pesar de estas predicciones, desde ABSA (Aguas Bonaerenses S.A.) indicaron a 0221.com.ar que a\u00fan no se puede confirmar si el fen\u00f3meno causar\u00e1 una falta de agua en la red domiciliaria de la regi\u00f3n. Explicaron que \u00abhay un monitoreo permanente de toda instancia\u00bb para evaluar la situaci\u00f3n.<\/p>\n<p>Mientras tanto, las autoridades y los servicios de emergencia est\u00e1n en alerta para gestionar cualquier inconveniente que pueda surgir debido a esta inusual bajante del r\u00edo.<\/p>\n<p>fuente e imagen 0221<\/p>\n","protected":false},"excerpt":{"rendered":"<div class=\"mh-excerpt\"><p>El Servicio de Hidrograf\u00eda Naval alert\u00f3 que el R\u00edo de la Plata se va a retirar varias cuadras en Punta Lara. El impacto en el servicio de agua. 30 de Julio de 2024 LA PLATA <a class=\"mh-excerpt-more\" href=\"https:\/\/larevistadigital.com.ar\/blog\/la-plata-se-viene-una-gran-bajante-en-el-rio-de-la-plata-y-puede-faltar-agua-en-la-region\/\" title=\"LA PLATA: SE VIENE UNA GRAN BAJANTE EN EL R\u00cdO DE LA PLATA Y PUEDE FALTAR AGUA EN LA REGI\u00d3N\">[Leer M\u00e1s]<\/a><\/p>\n<\/div>","protected":false},"author":3,"featured_media":36848,"comment_status":"open","ping_status":"open","sticky":false,"template":"","format":"standard","meta":{"_jetpack_memberships_contains_paid_content":false,"footnotes":"","jetpack_publicize_message":"","jetpack_publicize_feature_enabled":true,"jetpack_social_post_already_shared":true,"jetpack_social_options":{"image_generator_settings":{"template":"highway","default_image_id":0,"font":"","enabled":false},"version":2}},"categories":[51,1],"tags":[],"class_list":{"0":"post-36847","1":"post","2":"type-post","3":"status-publish","4":"format-standard","5":"has-post-thumbnail","7":"category-regionales","8":"category-sin-categoria"},"jetpack_publicize_connections":[],"jetpack_featured_media_url":"https:\/\/i0.wp.com\/larevistadigital.com.ar\/blog\/wp-content\/uploads\/Captura-de-pantalla-2024-07-30-223352.png?fit=893%2C473&ssl=1","jetpack_sharing_enabled":true,"jetpack_shortlink":"https:\/\/wp.me\/p8qtrQ-9Aj","jetpack-related-posts":[{"id":18874,"url":"https:\/\/larevistadigital.com.ar\/blog\/alertan-por-nueva-crecida-del-rio-de-la-plata\/","url_meta":{"origin":36847,"position":0},"title":"ALERTAN POR NUEVA CRECIDA DEL R\u00cdO DE LA PLATA","author":"Alejandro Sosa Ruda","date":"15 febrero, 2021","format":false,"excerpt":"Las autoridades emitieron un aviso preventivo y detallaron que durante la tarde y noche de este lunes el rio superar\u00e1 los valores de la tabla de mareas. En las \u00faltimas horas las autoridades lanzaron una advertencia por una nueva crecida del R\u00edo de La Plata.\u00a0En ese sentido,\u00a0el Centro de Prevenci\u00f3n\u2026","rel":"","context":"En \u00abREGIONALES\u00bb","block_context":{"text":"REGIONALES","link":"https:\/\/larevistadigital.com.ar\/blog\/category\/regionales\/"},"img":{"alt_text":"","src":"https:\/\/i0.wp.com\/larevistadigital.com.ar\/blog\/wp-content\/uploads\/0007312079.jpg?fit=1140%2C762&ssl=1&resize=350%2C200","width":350,"height":200,"srcset":"https:\/\/i0.wp.com\/larevistadigital.com.ar\/blog\/wp-content\/uploads\/0007312079.jpg?fit=1140%2C762&ssl=1&resize=350%2C200 1x, https:\/\/i0.wp.com\/larevistadigital.com.ar\/blog\/wp-content\/uploads\/0007312079.jpg?fit=1140%2C762&ssl=1&resize=525%2C300 1.5x, https:\/\/i0.wp.com\/larevistadigital.com.ar\/blog\/wp-content\/uploads\/0007312079.jpg?fit=1140%2C762&ssl=1&resize=700%2C400 2x, https:\/\/i0.wp.com\/larevistadigital.com.ar\/blog\/wp-content\/uploads\/0007312079.jpg?fit=1140%2C762&ssl=1&resize=1050%2C600 3x"},"classes":[]},{"id":28694,"url":"https:\/\/larevistadigital.com.ar\/blog\/atencion-emiten-un-alerta-para-hoy-de-crecidas-del-mar-en-la-costa-atlantica\/","url_meta":{"origin":36847,"position":1},"title":"ATENCI\u00d3N: EMITEN UN ALERTA PARA HOY DE CRECIDAS DEL MAR EN LA COSTA ATL\u00c1NTICA","author":"Alejandro Sosa Ruda","date":"31 octubre, 2022","format":false,"excerpt":"El Centro de Prevenci\u00f3n de Crecidas del Servicio de Hidrograf\u00eda Naval inform\u00f3 acerca de un ascenso de las aguas. 31 de Octubre de 2022 Seg\u00fan publica el portal entrel\u00edneas.info, el Centro de Prevenci\u00f3n de Crecidas del Servicio de Hidrograf\u00eda Naval, dependiente del Ministerio de Defensa, inform\u00f3 que la Costa Atl\u00e1ntica\u2026","rel":"","context":"En \u00abREGIONALES\u00bb","block_context":{"text":"REGIONALES","link":"https:\/\/larevistadigital.com.ar\/blog\/category\/regionales\/"},"img":{"alt_text":"","src":"https:\/\/i0.wp.com\/larevistadigital.com.ar\/blog\/wp-content\/uploads\/MAR-CRECIDO.png?fit=640%2C404&ssl=1&resize=350%2C200","width":350,"height":200,"srcset":"https:\/\/i0.wp.com\/larevistadigital.com.ar\/blog\/wp-content\/uploads\/MAR-CRECIDO.png?fit=640%2C404&ssl=1&resize=350%2C200 1x, https:\/\/i0.wp.com\/larevistadigital.com.ar\/blog\/wp-content\/uploads\/MAR-CRECIDO.png?fit=640%2C404&ssl=1&resize=525%2C300 1.5x"},"classes":[]},{"id":11693,"url":"https:\/\/larevistadigital.com.ar\/blog\/por-una-obra-de-osse-el-servicio-de-agua-se-encuentra-afectado-en-unos-diez-barrios-de-mar-del-plata\/","url_meta":{"origin":36847,"position":2},"title":"POR UNA OBRA DE OSSE, EL SERVICIO DE AGUA SE ENCUENTRA AFECTADO EN UNOS DIEZ BARRIOS DE MAR DEL PLATA","author":"Alejandro Sosa Ruda","date":"2 agosto, 2019","format":false,"excerpt":"Se trata de un empalme de ca\u00f1er\u00edas previsto en el marco de la construcci\u00f3n del Centro de Abastecimiento de Agua de Tucum\u00e1n y Almafuerte.\u00a0 El servicio de agua de unos\u00a010 barrios de Mar del Plata\u00a0se encuentra afectado por estas horas debido a una importante obra que personal de Obras Sanitarias\u2026","rel":"","context":"En \u00abREGIONALES\u00bb","block_context":{"text":"REGIONALES","link":"https:\/\/larevistadigital.com.ar\/blog\/category\/regionales\/"},"img":{"alt_text":"","src":"https:\/\/i0.wp.com\/larevistadigital.com.ar\/blog\/wp-content\/uploads\/1564755866270.jpg?fit=774%2C471&ssl=1&resize=350%2C200","width":350,"height":200,"srcset":"https:\/\/i0.wp.com\/larevistadigital.com.ar\/blog\/wp-content\/uploads\/1564755866270.jpg?fit=774%2C471&ssl=1&resize=350%2C200 1x, https:\/\/i0.wp.com\/larevistadigital.com.ar\/blog\/wp-content\/uploads\/1564755866270.jpg?fit=774%2C471&ssl=1&resize=525%2C300 1.5x, https:\/\/i0.wp.com\/larevistadigital.com.ar\/blog\/wp-content\/uploads\/1564755866270.jpg?fit=774%2C471&ssl=1&resize=700%2C400 2x"},"classes":[]},{"id":27679,"url":"https:\/\/larevistadigital.com.ar\/blog\/san-fernando-picada-en-el-rio-lujan-con-choque-de-lanchas-y-un-hombre-desaparecido\/","url_meta":{"origin":36847,"position":3},"title":"SAN FERNANDO: \u00abPICADA\u00bb EN EL R\u00cdO LUJAN CON CHOQUE DE LANCHAS Y UN HOMBRE DESAPARECIDO","author":"Alejandro Sosa Ruda","date":"12 septiembre, 2022","format":false,"excerpt":"Una lancha estaba por ingresar a la guarder\u00eda cuando se cruza una moto de agua a alta velocidad y luego una lancha trucker sin luces \"haciendo picadas\". Como consecuencia, el conductor del trucker se cae al agua y desaparece. 12 de septiembre de 2022 SAN FERNANDO -\u00a0 Una embarcaci\u00f3n dispuesta\u2026","rel":"","context":"En \u00abINTERES GENERAL\u00bb","block_context":{"text":"INTERES GENERAL","link":"https:\/\/larevistadigital.com.ar\/blog\/category\/interes-general\/"},"img":{"alt_text":"","src":"https:\/\/i0.wp.com\/larevistadigital.com.ar\/blog\/wp-content\/uploads\/sf.png?fit=693%2C520&ssl=1&resize=350%2C200","width":350,"height":200,"srcset":"https:\/\/i0.wp.com\/larevistadigital.com.ar\/blog\/wp-content\/uploads\/sf.png?fit=693%2C520&ssl=1&resize=350%2C200 1x, https:\/\/i0.wp.com\/larevistadigital.com.ar\/blog\/wp-content\/uploads\/sf.png?fit=693%2C520&ssl=1&resize=525%2C300 1.5x"},"classes":[]},{"id":12183,"url":"https:\/\/larevistadigital.com.ar\/blog\/la-plata-se-metio-al-rio-de-la-plata-con-el-auto-debio-ser-rescatado\/","url_meta":{"origin":36847,"position":4},"title":"LA PLATA: SE METI\u00d3 AL R\u00cdO DE LA PLATA CON EL AUTO. DEBI\u00d3 SER RESCATADO","author":"Alejandro Sosa Ruda","date":"21 septiembre, 2019","format":false,"excerpt":"No se saben los motivos, quiz\u00e1s intent\u00f3 suicidarse, fue un accidente, o una confusi\u00f3n por la ingesta de sustancias. Lo cierto es que con el auto semi- sumergido en al R\u00edo de la Plata, un muchacho tuvo que ser rescatado en estado de shock. Fueron los vecinos quienes vieron el\u2026","rel":"","context":"En \u00abCURIOSAS\u00bb","block_context":{"text":"CURIOSAS","link":"https:\/\/larevistadigital.com.ar\/blog\/category\/curiosas\/"},"img":{"alt_text":"","src":"https:\/\/i0.wp.com\/larevistadigital.com.ar\/blog\/wp-content\/uploads\/778_1568988110.jpg?fit=1072%2C589&ssl=1&resize=350%2C200","width":350,"height":200,"srcset":"https:\/\/i0.wp.com\/larevistadigital.com.ar\/blog\/wp-content\/uploads\/778_1568988110.jpg?fit=1072%2C589&ssl=1&resize=350%2C200 1x, https:\/\/i0.wp.com\/larevistadigital.com.ar\/blog\/wp-content\/uploads\/778_1568988110.jpg?fit=1072%2C589&ssl=1&resize=525%2C300 1.5x, https:\/\/i0.wp.com\/larevistadigital.com.ar\/blog\/wp-content\/uploads\/778_1568988110.jpg?fit=1072%2C589&ssl=1&resize=700%2C400 2x, https:\/\/i0.wp.com\/larevistadigital.com.ar\/blog\/wp-content\/uploads\/778_1568988110.jpg?fit=1072%2C589&ssl=1&resize=1050%2C600 3x"},"classes":[]},{"id":19273,"url":"https:\/\/larevistadigital.com.ar\/blog\/se-emitio-un-alerta-por-crecidas-del-mar-en-la-costa-atlantica\/","url_meta":{"origin":36847,"position":5},"title":"SE EMITI\u00d3 UN ALERTA POR CRECIDAS DEL MAR EN LA COSTA ATL\u00c1NTICA","author":"Alejandro Sosa Ruda","date":"17 marzo, 2021","format":false,"excerpt":"En las primeras horas del d\u00eda se observ\u00f3 una tendencia ascendente, situ\u00e1ndose 1,10 metros sobre los valores indicados en la tabla de mareas. En San Clemente la altura llegar\u00e1 a 2,40 metros a las 12:30 aproximadamente. COSTA ATL\u00c1NTICA - El Centro de Prevenci\u00f3n de Crecidas del Servicio de Hidrograf\u00eda Naval,\u2026","rel":"","context":"En \u00abREGIONALES\u00bb","block_context":{"text":"REGIONALES","link":"https:\/\/larevistadigital.com.ar\/blog\/category\/regionales\/"},"img":{"alt_text":"","src":"https:\/\/i0.wp.com\/larevistadigital.com.ar\/blog\/wp-content\/uploads\/057ba4bef36c6f9a6e5e10a172409b6b00b74016.jpg?fit=888%2C900&ssl=1&resize=350%2C200","width":350,"height":200,"srcset":"https:\/\/i0.wp.com\/larevistadigital.com.ar\/blog\/wp-content\/uploads\/057ba4bef36c6f9a6e5e10a172409b6b00b74016.jpg?fit=888%2C900&ssl=1&resize=350%2C200 1x, https:\/\/i0.wp.com\/larevistadigital.com.ar\/blog\/wp-content\/uploads\/057ba4bef36c6f9a6e5e10a172409b6b00b74016.jpg?fit=888%2C900&ssl=1&resize=525%2C300 1.5x, https:\/\/i0.wp.com\/larevistadigital.com.ar\/blog\/wp-content\/uploads\/057ba4bef36c6f9a6e5e10a172409b6b00b74016.jpg?fit=888%2C900&ssl=1&resize=700%2C400 2x"},"classes":[]}],"_links":{"self":[{"href":"https:\/\/larevistadigital.com.ar\/blog\/wp-json\/wp\/v2\/posts\/36847","targetHints":{"allow":["GET"]}}],"collection":[{"href":"https:\/\/larevistadigital.com.ar\/blog\/wp-json\/wp\/v2\/posts"}],"about":[{"href":"https:\/\/larevistadigital.com.ar\/blog\/wp-json\/wp\/v2\/types\/post"}],"author":[{"embeddable":true,"href":"https:\/\/larevistadigital.com.ar\/blog\/wp-json\/wp\/v2\/users\/3"}],"replies":[{"embeddable":true,"href":"https:\/\/larevistadigital.com.ar\/blog\/wp-json\/wp\/v2\/comments?post=36847"}],"version-history":[{"count":2,"href":"https:\/\/larevistadigital.com.ar\/blog\/wp-json\/wp\/v2\/posts\/36847\/revisions"}],"predecessor-version":[{"id":36850,"href":"https:\/\/larevistadigital.com.ar\/blog\/wp-json\/wp\/v2\/posts\/36847\/revisions\/36850"}],"wp:featuredmedia":[{"embeddable":true,"href":"https:\/\/larevistadigital.com.ar\/blog\/wp-json\/wp\/v2\/media\/36848"}],"wp:attachment":[{"href":"https:\/\/larevistadigital.com.ar\/blog\/wp-json\/wp\/v2\/media?parent=36847"}],"wp:term":[{"taxonomy":"category","embeddable":true,"href":"https:\/\/larevistadigital.com.ar\/blog\/wp-json\/wp\/v2\/categories?post=36847"},{"taxonomy":"post_tag","embeddable":true,"href":"https:\/\/larevistadigital.com.ar\/blog\/wp-json\/wp\/v2\/tags?post=36847"}],"curies":[{"name":"wp","href":"https:\/\/api.w.org\/{rel}","templated":true}]}}