{"id":36854,"date":"2024-07-30T22:58:39","date_gmt":"2024-07-31T01:58:39","guid":{"rendered":"https:\/\/larevistadigital.com.ar\/blog\/?p=36854"},"modified":"2024-07-30T22:58:39","modified_gmt":"2024-07-31T01:58:39","slug":"kicillof-inauguro-las-nuevas-instalaciones-de-la-fuerza-barrial-de-aproximacion-en-san-vicente","status":"publish","type":"post","link":"https:\/\/larevistadigital.com.ar\/blog\/kicillof-inauguro-las-nuevas-instalaciones-de-la-fuerza-barrial-de-aproximacion-en-san-vicente\/","title":{"rendered":"KICILLOF INAUGUR\u00d3 LAS NUEVAS INSTALACIONES DE LA FUERZA BARRIAL DE APROXIMACI\u00d3N EN SAN VICENTE"},"content":{"rendered":"<h2>Adem\u00e1s, se puso en funcionamiento una Subdelegaci\u00f3n Departamental de Investigaciones del Tr\u00e1fico de Drogas Il\u00edcitas y se inaugur\u00f3 el nuevo edificio de la Escuela de Educaci\u00f3n Art\u00edstica N\u00b01.<\/h2>\n<p>30 de Julio de 2024<\/p>\n<p><strong>BUENOS AIRES &#8211;\u00a0 <\/strong>El gobernador de la provincia de Buenos Aires, <strong>Axel Kicillof<\/strong>, encabez\u00f3 este martes la inauguraci\u00f3n de las nuevas instalaciones de la Fuerza Barrial de Aproximaci\u00f3n (FBA) en el municipio de San Vicente, junto al ministro de Seguridad, <strong>Javier Alonso<\/strong>, y el intendente local, <strong>Nicol\u00e1s Mantegazza<\/strong>. Adem\u00e1s, puso en funcionamiento una Subdelegaci\u00f3n Departamental de Investigaciones del Tr\u00e1fico de Drogas Il\u00edcitas para fortalecer la lucha contra la comercializaci\u00f3n de estupefacientes.<\/p>\n<p><strong><em>\u201cCon la Fuerza Barrial de Aproximaci\u00f3n estamos impulsando una transformaci\u00f3n muy importante en la filosof\u00eda y el enfoque de la presencia policial en los barrios: no se pueden resolver todos los problemas solo con patrulleros en las calles, hace falta que los efectivos generen un v\u00ednculo con los vecinos y se acerquen mucho m\u00e1s a las problem\u00e1ticas de la comunidad\u201d<\/em><\/strong>, se\u00f1al\u00f3 el Gobernador y a\u00f1adi\u00f3: <strong><em>\u201cEn poco m\u00e1s de cuatro a\u00f1os, y pese a todas las dificultades que hemos tenido que atravesar, inauguramos ya 23 bases en distintos municipios y sumamos 5.500 agentes a este cuerpo especial de la polic\u00eda provincial\u201d.<\/em><\/strong><\/p>\n<p><strong>Kicillof<\/strong> tambi\u00e9n destac\u00f3 que <strong><em>\u201ca\u00fan cuando el Gobierno nacional recort\u00f3 ilegalmente fondos destinados a fortalecer la seguridad en nuestra provincia, estamos hoy inaugurando dependencias policiales que vienen a dar respuestas a las necesidades de los y las bonaerenses\u201d. \u201cSe puede hablar mucho del tema y exigir m\u00e1s presencia y eficacia a las fuerzas, pero es imposible brindar m\u00e1s seguridad con ajustes y recortes: en nuestros municipios no hace falta menos, sino m\u00e1s inversi\u00f3n en equipamiento, infraestructura y formaci\u00f3n\u201d<\/em><\/strong>, agreg\u00f3.<\/p>\n<blockquote>\n<h3>El destacamento de la FBA est\u00e1 ubicado en la localidad de Alejandro Korn y cuenta con 64 efectivos y cuatro camionetas. Esta fuerza apunta a potenciar la seguridad en el distrito mediante una mayor cercan\u00eda entre el personal policial y los vecinos y vecinas de cada uno de los barrios.<\/h3>\n<\/blockquote>\n<p><strong><em>\u201cEsta fuerza barrial de aproximaci\u00f3n es una muestra m\u00e1s del compromiso que tiene el gobierno provincial con la seguridad: no estamos invirtiendo solamente en nuevo equipamiento, sino tambi\u00e9n en aspectos que no est\u00e1n a la vista como la capacitaci\u00f3n y profesionalizaci\u00f3n de nuestra polic\u00eda\u201d<\/em><\/strong>, subray\u00f3 <strong>Alonso<\/strong> y se\u00f1al\u00f3: <strong><em>\u201cFrente a la decisi\u00f3n del Gobierno nacional de dejar abandonada y sin seguridad a la autopista Presidente Per\u00f3n, estamos poniendo en funcionamiento un \u00e1rea que trabajar\u00e1 para prevenir que la violencia y el tr\u00e1fico de drogas se instalen en la regi\u00f3n\u201d<\/em><\/strong>.<\/p>\n<p>La Subdelegaci\u00f3n Departamental de Investigaciones del Tr\u00e1fico de Drogas Il\u00edcitas tiene competencia tanto en San Vicente como en los partidos de Brandsen y Ca\u00f1uelas, mejorando as\u00ed la seguridad de m\u00e1s de 200 mil bonaerenses.<\/p>\n<p>Por su parte, Mantegazza remarc\u00f3: \u201cContamos con una gesti\u00f3n provincial que asumi\u00f3 la responsabilidad de cuidar a nuestros vecinos y concretar todas las obras que sirvan para potenciar el desarrollo de nuestro municipio\u201d. \u201cEste es un avance m\u00e1s en materia de seguridad en San Vicente, donde ya se han sumado 120 nuevos efectivos en distintas dependencias\u201d, agreg\u00f3.<\/p>\n<p><strong>M\u00e1s infraestructura escolar<\/strong><\/p>\n<p>Durante la jornada, Kicillof y el director general de Cultura y Educaci\u00f3n, Alberto Sileoni, inauguraron el nuevo edificio de la Escuela de Educaci\u00f3n Art\u00edstica N\u00b01 de Alejandro Korn. Tras una inversi\u00f3n de $71 millones, la instituci\u00f3n estar\u00e1 ahora en condiciones de duplicar su matr\u00edcula.<\/p>\n<p>\u201cDesde el Gobierno nacional nos encontramos con una visi\u00f3n individualista, que frena obras y afecta a la educaci\u00f3n p\u00fablica. Nosotros pensamos en una sociedad diferente, que incluya a todos: la provincia de Buenos Aires est\u00e1 de pie y va a seguir construyendo las escuelas que necesitan los y las bonaerenses\u201d, afirm\u00f3 Sileoni.<\/p>\n<p>La escuela cuenta con cuatro aulas, SUM, cocina, direcci\u00f3n, preceptor\u00eda y patio interno. Es el edificio educativo N\u00b0225 inaugurado en esta gesti\u00f3n y el 7\u00b0 edificio nuevo de esta especialidad.<\/p>\n<p>Por \u00faltimo, Kicillof resalt\u00f3 que \u201cesta era una escuela pr\u00e1cticamente itinerante, que tuvo que afrontar muchas dificultades y que finalmente hoy consigue su propio espacio porque hubo una comunidad que pele\u00f3 por sus derechos\u201d. \u201cMientras tenemos 80 obras de infraestructura escolar paralizadas por el Gobierno nacional, en la provincia de Buenos Aires estamos convencidos de que solo con un Estado presente y solidario podremos brindar la educaci\u00f3n que se merecen los y las bonaerenses para tener mejores oportunidades\u201d, concluy\u00f3.<\/p>\n<p>Estuvieron presentes los subsecretarios de Educaci\u00f3n, Pablo Urquiza; y de Infraestructura Escolar, Ariel Lambezat; el jefe de la polic\u00eda provincial, Javier Villar; la senadora provincial Mar\u00eda Rosa Mart\u00ednez; la intendenta de Presidente Per\u00f3n, Blanca Cantero; la dirigenta Natalia S\u00e1nchez J\u00e1uregui; y la directora de la EEA N\u00b01, Silvia Zermoglio.<\/p>\n","protected":false},"excerpt":{"rendered":"<div class=\"mh-excerpt\"><p>Adem\u00e1s, se puso en funcionamiento una Subdelegaci\u00f3n Departamental de Investigaciones del Tr\u00e1fico de Drogas Il\u00edcitas y se inaugur\u00f3 el nuevo edificio de la Escuela de Educaci\u00f3n Art\u00edstica N\u00b01. 30 de Julio de 2024 BUENOS AIRES <a class=\"mh-excerpt-more\" href=\"https:\/\/larevistadigital.com.ar\/blog\/kicillof-inauguro-las-nuevas-instalaciones-de-la-fuerza-barrial-de-aproximacion-en-san-vicente\/\" title=\"KICILLOF INAUGUR\u00d3 LAS NUEVAS INSTALACIONES DE LA FUERZA BARRIAL DE APROXIMACI\u00d3N EN SAN VICENTE\">[Leer M\u00e1s]<\/a><\/p>\n<\/div>","protected":false},"author":3,"featured_media":36855,"comment_status":"open","ping_status":"open","sticky":false,"template":"","format":"standard","meta":{"_jetpack_memberships_contains_paid_content":false,"footnotes":"","jetpack_publicize_message":"","jetpack_publicize_feature_enabled":true,"jetpack_social_post_already_shared":true,"jetpack_social_options":{"image_generator_settings":{"template":"highway","default_image_id":0,"font":"","enabled":false},"version":2}},"categories":[41,24],"tags":[],"class_list":{"0":"post-36854","1":"post","2":"type-post","3":"status-publish","4":"format-standard","5":"has-post-thumbnail","7":"category-destacadas","8":"category-politica-provincial"},"jetpack_publicize_connections":[],"jetpack_featured_media_url":"https:\/\/i0.wp.com\/larevistadigital.com.ar\/blog\/wp-content\/uploads\/Axel-Kicillof_40.jpg?fit=743%2C530&ssl=1","jetpack_sharing_enabled":true,"jetpack_shortlink":"https:\/\/wp.me\/p8qtrQ-9Aq","jetpack-related-posts":[{"id":40662,"url":"https:\/\/larevistadigital.com.ar\/blog\/kicillof-inauguro-una-base-de-la-fuerza-barrial-de-aproximacion\/","url_meta":{"origin":36854,"position":0},"title":"Kicillof inaugur\u00f3 una base de la Fuerza Barrial de Aproximaci\u00f3n","author":"Alejandro Sosa Ruda","date":"31 julio, 2025","format":false,"excerpt":"Adem\u00e1s, el Gobernador puso en funcionamiento nuevos patrulleros y motos para fortalecer la prevenci\u00f3n del delito. 31 de Julio de 2025 Pilar, BUENOS AIRES -\u00a0 El gobernador de la provincia de Buenos Aires, Axel Kicillof, encabez\u00f3 este mi\u00e9rcoles el acto de inauguraci\u00f3n de la nueva base operativa de la Fuerza\u2026","rel":"","context":"En \u00abPOLITICA PROVINCIAL\u00bb","block_context":{"text":"POLITICA PROVINCIAL","link":"https:\/\/larevistadigital.com.ar\/blog\/category\/politica\/politica-provincial\/"},"img":{"alt_text":"","src":"https:\/\/i0.wp.com\/larevistadigital.com.ar\/blog\/wp-content\/uploads\/77A82322.jpg?fit=743%2C530&ssl=1&resize=350%2C200","width":350,"height":200,"srcset":"https:\/\/i0.wp.com\/larevistadigital.com.ar\/blog\/wp-content\/uploads\/77A82322.jpg?fit=743%2C530&ssl=1&resize=350%2C200 1x, https:\/\/i0.wp.com\/larevistadigital.com.ar\/blog\/wp-content\/uploads\/77A82322.jpg?fit=743%2C530&ssl=1&resize=525%2C300 1.5x, https:\/\/i0.wp.com\/larevistadigital.com.ar\/blog\/wp-content\/uploads\/77A82322.jpg?fit=743%2C530&ssl=1&resize=700%2C400 2x"},"classes":[]},{"id":39356,"url":"https:\/\/larevistadigital.com.ar\/blog\/kicillof-puso-en-funcionamiento-nuevos-patrulleros-en-la-plata\/","url_meta":{"origin":36854,"position":1},"title":"Kicillof puso en funcionamiento nuevos patrulleros en La Plata","author":"Alejandro Sosa Ruda","date":"9 abril, 2025","format":false,"excerpt":"Los m\u00f3viles est\u00e1n\u00a0equipados con GPS para su monitoreo en tiempo real y fortalecer\u00e1n el Comando de Patrullas en el distrito. 09 de Abril de 2025 BUENOS AIRES -\u00a0 El gobernador de la provincia de Buenos Aires, Axel Kicillof, encabez\u00f3 este martes la puesta en funcionamiento de 10 patrulleros y 40\u2026","rel":"","context":"En \u00abINTERES GENERAL\u00bb","block_context":{"text":"INTERES GENERAL","link":"https:\/\/larevistadigital.com.ar\/blog\/category\/interes-general\/"},"img":{"alt_text":"","src":"https:\/\/i0.wp.com\/larevistadigital.com.ar\/blog\/wp-content\/uploads\/DAE4941.jpg?fit=743%2C530&ssl=1&resize=350%2C200","width":350,"height":200,"srcset":"https:\/\/i0.wp.com\/larevistadigital.com.ar\/blog\/wp-content\/uploads\/DAE4941.jpg?fit=743%2C530&ssl=1&resize=350%2C200 1x, https:\/\/i0.wp.com\/larevistadigital.com.ar\/blog\/wp-content\/uploads\/DAE4941.jpg?fit=743%2C530&ssl=1&resize=525%2C300 1.5x, https:\/\/i0.wp.com\/larevistadigital.com.ar\/blog\/wp-content\/uploads\/DAE4941.jpg?fit=743%2C530&ssl=1&resize=700%2C400 2x"},"classes":[]},{"id":29589,"url":"https:\/\/larevistadigital.com.ar\/blog\/chascomus-el-intendente-acompano-los-actos-por-la-creacion-de-la-policia-bonaerense\/","url_meta":{"origin":36854,"position":2},"title":"CHASCOM\u00daS: EL INTENDENTE ACOMPA\u00d1\u00d3 LOS ACTOS POR LA CREACI\u00d3N DE LA POLIC\u00cdA BONAERENSE","author":"Alejandro Sosa Ruda","date":"23 diciembre, 2022","format":false,"excerpt":"El intendente municipal Javier Gast\u00f3n, estuvo junto a la Secretaria de Seguridad Comunal Mariela Moscarellla en el acto de conmemoraci\u00f3n de los 201 a\u00f1os de la creaci\u00f3n de la Polic\u00eda Provincial, donde se entregaron reconocimientos y distinciones. CHASCOM\u00daS -\u00a0 En un muy emotivo acto, donde se percibi\u00f3 la gran camarader\u00eda\u2026","rel":"","context":"En \u00abCHASCOM\u00daS\u00bb","block_context":{"text":"CHASCOM\u00daS","link":"https:\/\/larevistadigital.com.ar\/blog\/category\/chascomus\/"},"img":{"alt_text":"","src":"https:\/\/i0.wp.com\/larevistadigital.com.ar\/blog\/wp-content\/uploads\/2022_12_23_00_27_06_1031904.jpg?fit=600%2C401&ssl=1&resize=350%2C200","width":350,"height":200,"srcset":"https:\/\/i0.wp.com\/larevistadigital.com.ar\/blog\/wp-content\/uploads\/2022_12_23_00_27_06_1031904.jpg?fit=600%2C401&ssl=1&resize=350%2C200 1x, https:\/\/i0.wp.com\/larevistadigital.com.ar\/blog\/wp-content\/uploads\/2022_12_23_00_27_06_1031904.jpg?fit=600%2C401&ssl=1&resize=525%2C300 1.5x"},"classes":[]},{"id":34340,"url":"https:\/\/larevistadigital.com.ar\/blog\/chascomus-la-subdelegacion-de-trafico-de-drogas-ilicitas-allano-y-secuestro-cocaina-con-ayuda-de-monitoreo\/","url_meta":{"origin":36854,"position":3},"title":"CHASCOM\u00daS: LA SUBDELEGACI\u00d3N DE TR\u00c1FICO DE DROGAS IL\u00cdCITAS ALLAN\u00d3 Y SECUESTR\u00d3 COCA\u00cdNA CON AYUDA DE MONITOREO","author":"Alejandro Sosa Ruda","date":"2 noviembre, 2023","format":false,"excerpt":"Otra investigaci\u00f3n con resultados positivos. 2 de noviembre de 2023 CHASCOM\u00daS -\u00a0 Personal de la Subdelegaci\u00f3n Chascom\u00fas de Investigaciones del Tr\u00e1fico de Drogas Il\u00edcitas, bajo el mando del Comisario Abel De La Cruz cumpli\u00f3 una orden de registro en el barrio San Luis,\u00a0 mas precisamente frente a la del barrio\u2026","rel":"","context":"En \u00abCHASCOM\u00daS\u00bb","block_context":{"text":"CHASCOM\u00daS","link":"https:\/\/larevistadigital.com.ar\/blog\/category\/chascomus\/"},"img":{"alt_text":"","src":"https:\/\/i0.wp.com\/larevistadigital.com.ar\/blog\/wp-content\/uploads\/2018\/03\/Policia-allanamiento-noche.jpg?fit=777%2C498&ssl=1&resize=350%2C200","width":350,"height":200,"srcset":"https:\/\/i0.wp.com\/larevistadigital.com.ar\/blog\/wp-content\/uploads\/2018\/03\/Policia-allanamiento-noche.jpg?fit=777%2C498&ssl=1&resize=350%2C200 1x, https:\/\/i0.wp.com\/larevistadigital.com.ar\/blog\/wp-content\/uploads\/2018\/03\/Policia-allanamiento-noche.jpg?fit=777%2C498&ssl=1&resize=525%2C300 1.5x, https:\/\/i0.wp.com\/larevistadigital.com.ar\/blog\/wp-content\/uploads\/2018\/03\/Policia-allanamiento-noche.jpg?fit=777%2C498&ssl=1&resize=700%2C400 2x"},"classes":[]},{"id":5958,"url":"https:\/\/larevistadigital.com.ar\/blog\/interceptaron-un-auto-con-importante-cantidad-de-drogas-en-la-autovia-2\/","url_meta":{"origin":36854,"position":4},"title":"interceptaron un auto con importante cantidad de drogas en la Autov\u00eda 2","author":"admin","date":"8 julio, 2018","format":false,"excerpt":"Se logr\u00f3 secuestrar ocho ladrillos de marihuana que eran transportados en un veh\u00edculo Peugeot 206 de color gris proveniente de la Ciudad Aut\u00f3noma de Buenos Aires. Desde la Superintendencia de Investigaciones del trafico de drogas il\u00edcitas y Crimen Organizado de la Provincia de Buenos Aires a cargo del Comisario General\u2026","rel":"","context":"En \u00abLEZAMA\u00bb","block_context":{"text":"LEZAMA","link":"https:\/\/larevistadigital.com.ar\/blog\/category\/lezama\/"},"img":{"alt_text":"","src":"https:\/\/i0.wp.com\/larevistadigital.com.ar\/blog\/wp-content\/uploads\/2018\/07\/resize_1530185976.jpg?fit=696%2C522&ssl=1&resize=350%2C200","width":350,"height":200,"srcset":"https:\/\/i0.wp.com\/larevistadigital.com.ar\/blog\/wp-content\/uploads\/2018\/07\/resize_1530185976.jpg?fit=696%2C522&ssl=1&resize=350%2C200 1x, https:\/\/i0.wp.com\/larevistadigital.com.ar\/blog\/wp-content\/uploads\/2018\/07\/resize_1530185976.jpg?fit=696%2C522&ssl=1&resize=525%2C300 1.5x"},"classes":[]},{"id":42632,"url":"https:\/\/larevistadigital.com.ar\/blog\/necochea-kicillof-inauguro-el-nuevo-jardin-de-infantes-n-919\/","url_meta":{"origin":36854,"position":5},"title":"Necochea: Kicillof inaugur\u00f3 el nuevo jard\u00edn de infantes N\u00b0 919","author":"Alejandro Sosa Ruda","date":"25 noviembre, 2025","format":false,"excerpt":"Adem\u00e1s, el Gobernador puso en funcionamiento la Comisar\u00eda 2\u00aa de Quequ\u00e9n, recorri\u00f3 el Centro de Integraci\u00f3n Municipal y entreg\u00f3 una ambulancia de alta complejidad. 25 de Noviembre de 2025 El gobernador de la provincia de Buenos Aires, Axel Kicillof, encabez\u00f3 este martes la inauguraci\u00f3n formal del Jard\u00edn de Infantes N\u00ba\u2026","rel":"","context":"En \u00abPOLITICA PROVINCIAL\u00bb","block_context":{"text":"POLITICA PROVINCIAL","link":"https:\/\/larevistadigital.com.ar\/blog\/category\/politica\/politica-provincial\/"},"img":{"alt_text":"","src":"https:\/\/i0.wp.com\/larevistadigital.com.ar\/blog\/wp-content\/uploads\/DON4585-scaled.jpg?fit=1200%2C800&ssl=1&resize=350%2C200","width":350,"height":200,"srcset":"https:\/\/i0.wp.com\/larevistadigital.com.ar\/blog\/wp-content\/uploads\/DON4585-scaled.jpg?fit=1200%2C800&ssl=1&resize=350%2C200 1x, https:\/\/i0.wp.com\/larevistadigital.com.ar\/blog\/wp-content\/uploads\/DON4585-scaled.jpg?fit=1200%2C800&ssl=1&resize=525%2C300 1.5x, https:\/\/i0.wp.com\/larevistadigital.com.ar\/blog\/wp-content\/uploads\/DON4585-scaled.jpg?fit=1200%2C800&ssl=1&resize=700%2C400 2x, https:\/\/i0.wp.com\/larevistadigital.com.ar\/blog\/wp-content\/uploads\/DON4585-scaled.jpg?fit=1200%2C800&ssl=1&resize=1050%2C600 3x"},"classes":[]}],"_links":{"self":[{"href":"https:\/\/larevistadigital.com.ar\/blog\/wp-json\/wp\/v2\/posts\/36854","targetHints":{"allow":["GET"]}}],"collection":[{"href":"https:\/\/larevistadigital.com.ar\/blog\/wp-json\/wp\/v2\/posts"}],"about":[{"href":"https:\/\/larevistadigital.com.ar\/blog\/wp-json\/wp\/v2\/types\/post"}],"author":[{"embeddable":true,"href":"https:\/\/larevistadigital.com.ar\/blog\/wp-json\/wp\/v2\/users\/3"}],"replies":[{"embeddable":true,"href":"https:\/\/larevistadigital.com.ar\/blog\/wp-json\/wp\/v2\/comments?post=36854"}],"version-history":[{"count":1,"href":"https:\/\/larevistadigital.com.ar\/blog\/wp-json\/wp\/v2\/posts\/36854\/revisions"}],"predecessor-version":[{"id":36856,"href":"https:\/\/larevistadigital.com.ar\/blog\/wp-json\/wp\/v2\/posts\/36854\/revisions\/36856"}],"wp:featuredmedia":[{"embeddable":true,"href":"https:\/\/larevistadigital.com.ar\/blog\/wp-json\/wp\/v2\/media\/36855"}],"wp:attachment":[{"href":"https:\/\/larevistadigital.com.ar\/blog\/wp-json\/wp\/v2\/media?parent=36854"}],"wp:term":[{"taxonomy":"category","embeddable":true,"href":"https:\/\/larevistadigital.com.ar\/blog\/wp-json\/wp\/v2\/categories?post=36854"},{"taxonomy":"post_tag","embeddable":true,"href":"https:\/\/larevistadigital.com.ar\/blog\/wp-json\/wp\/v2\/tags?post=36854"}],"curies":[{"name":"wp","href":"https:\/\/api.w.org\/{rel}","templated":true}]}}