{"id":36857,"date":"2024-07-30T23:06:41","date_gmt":"2024-07-31T02:06:41","guid":{"rendered":"https:\/\/larevistadigital.com.ar\/blog\/?p=36857"},"modified":"2024-07-30T23:06:41","modified_gmt":"2024-07-31T02:06:41","slug":"tres-personas-lesionadas-en-un-vuelco","status":"publish","type":"post","link":"https:\/\/larevistadigital.com.ar\/blog\/tres-personas-lesionadas-en-un-vuelco\/","title":{"rendered":"TRES PERSONAS LESIONADAS EN UN VUELCO"},"content":{"rendered":"<div class=\"x11i5rnm xat24cr x1mh8g0r x1vvkbs xtlvy1s x126k92a\">\n<div dir=\"auto\"><\/div>\n<div dir=\"auto\"><\/div>\n<div dir=\"auto\">30 de Julio de 2024<\/div>\n<div dir=\"auto\"><\/div>\n<div dir=\"auto\"><strong>TRELEW &#8211;\u00a0<\/strong> El accidente se registr\u00f3 este martes por la ma\u00f1ana, en cercan\u00eda a la estatua de Patagotitan Mayorum ubicada sobre el acceso a la ciudadde Trelew.<\/div>\n<blockquote>\n<h3 dir=\"auto\">En total viajaban cuatro personas, de las cuales tres quedaron atrapadas en el rodado.<\/h3>\n<\/blockquote>\n<div dir=\"auto\">El hecho ocurri\u00f3 alrededor de las 11 horas en inmediaciones a la estatua del Patagotitan Mayorum, ubicada en el acceso a la ciudad valletana.<\/div>\n<\/div>\n<div class=\"x11i5rnm xat24cr x1mh8g0r x1vvkbs xtlvy1s x126k92a\">\n<div dir=\"auto\">Seg\u00fan se inform\u00f3, en total eran cuatro los ocupantes de la Amarok blanca, todos mayores de edad oriundos de Comodoro Rivadavia. Viajaban desde Puerto Madryn hasta la ciudad petrolera.<\/div>\n<div dir=\"auto\"><\/div>\n<\/div>\n<div class=\"x11i5rnm xat24cr x1mh8g0r x1vvkbs xtlvy1s x126k92a\">\n<div dir=\"auto\">Al arribar al lugar, personal de Bomberos Voluntarios encontr\u00f3 la camioneta apoyada sobre su techo, con los ocupantes atrapados adentro. El cuarto hab\u00eda logrado salir por sus propios medios previamente. Fueron trasladados al nosocomio local con lesiones de car\u00e1cter leve.<\/div>\n<\/div>\n<div class=\"x11i5rnm xat24cr x1mh8g0r x1vvkbs xtlvy1s x126k92a\">\n<div dir=\"auto\">Hasta el momento se desconoce qu\u00e9 fue lo que desencaden\u00f3 el accidente.<\/div>\n<\/div>\n","protected":false},"excerpt":{"rendered":"<div class=\"mh-excerpt\"><p>30 de Julio de 2024 TRELEW &#8211;\u00a0 El accidente se registr\u00f3 este martes por la ma\u00f1ana, en cercan\u00eda a la estatua de Patagotitan Mayorum ubicada sobre el acceso a la ciudadde Trelew. En total viajaban <a class=\"mh-excerpt-more\" href=\"https:\/\/larevistadigital.com.ar\/blog\/tres-personas-lesionadas-en-un-vuelco\/\" title=\"TRES PERSONAS LESIONADAS EN UN VUELCO\">[Leer M\u00e1s]<\/a><\/p>\n<\/div>","protected":false},"author":3,"featured_media":36858,"comment_status":"open","ping_status":"open","sticky":false,"template":"","format":"standard","meta":{"_jetpack_memberships_contains_paid_content":false,"footnotes":"","jetpack_publicize_message":"","jetpack_publicize_feature_enabled":true,"jetpack_social_post_already_shared":true,"jetpack_social_options":{"image_generator_settings":{"template":"highway","default_image_id":0,"font":"","enabled":false},"version":2}},"categories":[44,51],"tags":[],"class_list":{"0":"post-36857","1":"post","2":"type-post","3":"status-publish","4":"format-standard","5":"has-post-thumbnail","7":"category-policiales","8":"category-regionales"},"jetpack_publicize_connections":[],"jetpack_featured_media_url":"https:\/\/i0.wp.com\/larevistadigital.com.ar\/blog\/wp-content\/uploads\/449420590_910934384405028_5354828882375500264_n.jpg?fit=2048%2C1365&ssl=1","jetpack_sharing_enabled":true,"jetpack_shortlink":"https:\/\/wp.me\/p8qtrQ-9At","jetpack-related-posts":[{"id":29136,"url":"https:\/\/larevistadigital.com.ar\/blog\/tragedia-comia-un-asado-con-su-familia-se-atraganto-y-murio\/","url_meta":{"origin":36857,"position":0},"title":"TRAGEDIA: COM\u00cdA UN ASADO CON SU FAMILIA, SE ATRAGANT\u00d3 Y MURI\u00d3","author":"Alejandro Sosa Ruda","date":"28 noviembre, 2022","format":false,"excerpt":"Pablo Fern\u00e1ndez ten\u00eda 41 a\u00f1os. Sus parientes lo trasladaron al hospital de la ciudad de Chubut, donde ingres\u00f3 sin vida. 27 de noviembre de 2022 TRELEW -\u00a0 Pablo Fern\u00e1ndez, de 41 a\u00f1os, disfrutaba este s\u00e1bado a la noche un\u00a0asado familiar en el centro de\u00a0Trelew. Sin embargo, una cita como cualquier\u2026","rel":"","context":"En \u00abINTERES GENERAL\u00bb","block_context":{"text":"INTERES GENERAL","link":"https:\/\/larevistadigital.com.ar\/blog\/category\/interes-general\/"},"img":{"alt_text":"","src":"https:\/\/i0.wp.com\/larevistadigital.com.ar\/blog\/wp-content\/uploads\/Captura-de-pantalla-2022-11-27-223036.jpg?fit=746%2C454&ssl=1&resize=350%2C200","width":350,"height":200,"srcset":"https:\/\/i0.wp.com\/larevistadigital.com.ar\/blog\/wp-content\/uploads\/Captura-de-pantalla-2022-11-27-223036.jpg?fit=746%2C454&ssl=1&resize=350%2C200 1x, https:\/\/i0.wp.com\/larevistadigital.com.ar\/blog\/wp-content\/uploads\/Captura-de-pantalla-2022-11-27-223036.jpg?fit=746%2C454&ssl=1&resize=525%2C300 1.5x, https:\/\/i0.wp.com\/larevistadigital.com.ar\/blog\/wp-content\/uploads\/Captura-de-pantalla-2022-11-27-223036.jpg?fit=746%2C454&ssl=1&resize=700%2C400 2x"},"classes":[]},{"id":32004,"url":"https:\/\/larevistadigital.com.ar\/blog\/fantasmas-en-los-pasillos-y-una-estatua-maldita-los-secretos-del-hospital-mas-antiguo-de-buenos-aires\/","url_meta":{"origin":36857,"position":1},"title":"FANTASMAS EN LOS PASILLOS Y UNA ESTATUA MALDITA: LOS SECRETOS DEL HOSPITAL M\u00c1S ANTIGUO DE BUENOS AIRES","author":"Alejandro Sosa Ruda","date":"14 junio, 2023","format":false,"excerpt":"La Llorona y el \u00c1ngel de la Muerte son algunos de los secretos que oculta el Hospital Rivadavia, que tiene hasta una sala velatoria dentro. Est\u00e1 ubicado en pleno coraz\u00f3n del barrio porte\u00f1o de Recoleta. Una nota de Alexis Acu\u00f1a para TN que aqu\u00ed reproducimos. 14 de junio de 2023\u2026","rel":"","context":"En \u00abCULTURA\u00bb","block_context":{"text":"CULTURA","link":"https:\/\/larevistadigital.com.ar\/blog\/category\/cultura\/"},"img":{"alt_text":"","src":"https:\/\/i0.wp.com\/larevistadigital.com.ar\/blog\/wp-content\/uploads\/8fae910656969ef4980d2191619d9152cffe8ea7.jpg?fit=747%2C427&ssl=1&resize=350%2C200","width":350,"height":200,"srcset":"https:\/\/i0.wp.com\/larevistadigital.com.ar\/blog\/wp-content\/uploads\/8fae910656969ef4980d2191619d9152cffe8ea7.jpg?fit=747%2C427&ssl=1&resize=350%2C200 1x, https:\/\/i0.wp.com\/larevistadigital.com.ar\/blog\/wp-content\/uploads\/8fae910656969ef4980d2191619d9152cffe8ea7.jpg?fit=747%2C427&ssl=1&resize=525%2C300 1.5x, https:\/\/i0.wp.com\/larevistadigital.com.ar\/blog\/wp-content\/uploads\/8fae910656969ef4980d2191619d9152cffe8ea7.jpg?fit=747%2C427&ssl=1&resize=700%2C400 2x"},"classes":[]},{"id":39088,"url":"https:\/\/larevistadigital.com.ar\/blog\/ruta-2-viajaban-cuatro-en-una-moto-chocaron-los-atropellaron-y-murieron\/","url_meta":{"origin":36857,"position":2},"title":"Ruta 2: viajaban cuatro en una moto, chocaron, los atropellaron y murieron","author":"Alejandro Sosa Ruda","date":"22 marzo, 2025","format":false,"excerpt":"El accidente ocurri\u00f3 en la madrugada del s\u00e1bado en La Plata. La moto ten\u00eda pedido de captura por hurto en Lan\u00fas. Chocaron contra un cami\u00f3n y una camioneta los embisti\u00f3. 22 de Marzo de 2025 BUENOS AIRES -\u00a0 Un impactante accidente ocurrido en la madrugada del s\u00e1bado en la Ruta\u2026","rel":"","context":"En \u00abPOLICIALES\u00bb","block_context":{"text":"POLICIALES","link":"https:\/\/larevistadigital.com.ar\/blog\/category\/policiales\/"},"img":{"alt_text":"","src":"https:\/\/i0.wp.com\/larevistadigital.com.ar\/blog\/wp-content\/uploads\/Captura-de-pantalla-2025-03-22-171915.jpg?fit=614%2C407&ssl=1&resize=350%2C200","width":350,"height":200,"srcset":"https:\/\/i0.wp.com\/larevistadigital.com.ar\/blog\/wp-content\/uploads\/Captura-de-pantalla-2025-03-22-171915.jpg?fit=614%2C407&ssl=1&resize=350%2C200 1x, https:\/\/i0.wp.com\/larevistadigital.com.ar\/blog\/wp-content\/uploads\/Captura-de-pantalla-2025-03-22-171915.jpg?fit=614%2C407&ssl=1&resize=525%2C300 1.5x"},"classes":[]},{"id":16208,"url":"https:\/\/larevistadigital.com.ar\/blog\/brandsen-terrible-accidente-en-la-ruta-215\/","url_meta":{"origin":36857,"position":3},"title":"BRANDSEN: TERRIBLE ACCIDENTE EN LA RUTA 215","author":"Alejandro Sosa Ruda","date":"2 septiembre, 2020","format":false,"excerpt":"En el veh\u00edculo viajaban tres vecinos de la ciudad. Est\u00e1n todos fuera de peligro En la tarde de este mi\u00e9rcoles 2 de septiembre, se produjo un impactante accidente en ruta 215 y acceso a la localidad de G\u00f3mez, en el partido de Brandsen. El conductor de un auto marca Mercedes\u2026","rel":"","context":"En \u00abREGIONALES\u00bb","block_context":{"text":"REGIONALES","link":"https:\/\/larevistadigital.com.ar\/blog\/category\/regionales\/"},"img":{"alt_text":"","src":"https:\/\/i0.wp.com\/larevistadigital.com.ar\/blog\/wp-content\/uploads\/20200902_131716_wm.jpg?fit=1107%2C621&ssl=1&resize=350%2C200","width":350,"height":200,"srcset":"https:\/\/i0.wp.com\/larevistadigital.com.ar\/blog\/wp-content\/uploads\/20200902_131716_wm.jpg?fit=1107%2C621&ssl=1&resize=350%2C200 1x, https:\/\/i0.wp.com\/larevistadigital.com.ar\/blog\/wp-content\/uploads\/20200902_131716_wm.jpg?fit=1107%2C621&ssl=1&resize=525%2C300 1.5x, https:\/\/i0.wp.com\/larevistadigital.com.ar\/blog\/wp-content\/uploads\/20200902_131716_wm.jpg?fit=1107%2C621&ssl=1&resize=700%2C400 2x, https:\/\/i0.wp.com\/larevistadigital.com.ar\/blog\/wp-content\/uploads\/20200902_131716_wm.jpg?fit=1107%2C621&ssl=1&resize=1050%2C600 3x"},"classes":[]},{"id":18661,"url":"https:\/\/larevistadigital.com.ar\/blog\/grave-accidente-en-la-ruta-deja-un-muerto-y-tres-heridos\/","url_meta":{"origin":36857,"position":4},"title":"GRAVE ACCIDENTE EN LA RUTA DEJA UN MUERTO Y TRES HERIDOS","author":"Alejandro Sosa Ruda","date":"16 enero, 2021","format":false,"excerpt":"Sucedi\u00f3 esta madrugada en la ruta 11, en el acceso al barrio F\u00e9lix U Camet. El conductor muri\u00f3 en el acto y otras cinco personas, entre ellas dos beb\u00e9s, fueron internadas. El conductor de un autom\u00f3vil falleci\u00f3 y el resto de los ocupantes, entre los que hab\u00eda dos beb\u00e9s, sufrieron\u2026","rel":"","context":"En \u00abPOLICIALES\u00bb","block_context":{"text":"POLICIALES","link":"https:\/\/larevistadigital.com.ar\/blog\/category\/policiales\/"},"img":{"alt_text":"","src":"https:\/\/i0.wp.com\/larevistadigital.com.ar\/blog\/wp-content\/uploads\/Screenshot_1-200.jpg?fit=1017%2C760&ssl=1&resize=350%2C200","width":350,"height":200,"srcset":"https:\/\/i0.wp.com\/larevistadigital.com.ar\/blog\/wp-content\/uploads\/Screenshot_1-200.jpg?fit=1017%2C760&ssl=1&resize=350%2C200 1x, https:\/\/i0.wp.com\/larevistadigital.com.ar\/blog\/wp-content\/uploads\/Screenshot_1-200.jpg?fit=1017%2C760&ssl=1&resize=525%2C300 1.5x, https:\/\/i0.wp.com\/larevistadigital.com.ar\/blog\/wp-content\/uploads\/Screenshot_1-200.jpg?fit=1017%2C760&ssl=1&resize=700%2C400 2x"},"classes":[]},{"id":23164,"url":"https:\/\/larevistadigital.com.ar\/blog\/23164-2\/","url_meta":{"origin":36857,"position":5},"title":"FUERTE ACCIDENTE FRONTAL EN LA RUTA 74","author":"Alejandro Sosa Ruda","date":"2 enero, 2022","format":false,"excerpt":"AYACUCHO -\u00a0 Ayer por la tarde, ocurri\u00f3 un accidente en ruta 74 a tres kil\u00f3metros del Acceso Per\u00f3n hacia Las Armas, que fue protagonizado por dos veh\u00edculos. Los autos resultaron ser un Renault Sandero y un Chevrolet Corsa, que se vieron involucrados en un fuerte choque frontal en Ruta 74\u2026","rel":"","context":"En \u00abPOLICIALES\u00bb","block_context":{"text":"POLICIALES","link":"https:\/\/larevistadigital.com.ar\/blog\/category\/policiales\/"},"img":{"alt_text":"","src":"https:\/\/i0.wp.com\/larevistadigital.com.ar\/blog\/wp-content\/uploads\/accidente-frontal-1-de-enero-2022-3.jpeg?fit=1200%2C675&ssl=1&resize=350%2C200","width":350,"height":200,"srcset":"https:\/\/i0.wp.com\/larevistadigital.com.ar\/blog\/wp-content\/uploads\/accidente-frontal-1-de-enero-2022-3.jpeg?fit=1200%2C675&ssl=1&resize=350%2C200 1x, https:\/\/i0.wp.com\/larevistadigital.com.ar\/blog\/wp-content\/uploads\/accidente-frontal-1-de-enero-2022-3.jpeg?fit=1200%2C675&ssl=1&resize=525%2C300 1.5x, https:\/\/i0.wp.com\/larevistadigital.com.ar\/blog\/wp-content\/uploads\/accidente-frontal-1-de-enero-2022-3.jpeg?fit=1200%2C675&ssl=1&resize=700%2C400 2x, https:\/\/i0.wp.com\/larevistadigital.com.ar\/blog\/wp-content\/uploads\/accidente-frontal-1-de-enero-2022-3.jpeg?fit=1200%2C675&ssl=1&resize=1050%2C600 3x"},"classes":[]}],"_links":{"self":[{"href":"https:\/\/larevistadigital.com.ar\/blog\/wp-json\/wp\/v2\/posts\/36857","targetHints":{"allow":["GET"]}}],"collection":[{"href":"https:\/\/larevistadigital.com.ar\/blog\/wp-json\/wp\/v2\/posts"}],"about":[{"href":"https:\/\/larevistadigital.com.ar\/blog\/wp-json\/wp\/v2\/types\/post"}],"author":[{"embeddable":true,"href":"https:\/\/larevistadigital.com.ar\/blog\/wp-json\/wp\/v2\/users\/3"}],"replies":[{"embeddable":true,"href":"https:\/\/larevistadigital.com.ar\/blog\/wp-json\/wp\/v2\/comments?post=36857"}],"version-history":[{"count":1,"href":"https:\/\/larevistadigital.com.ar\/blog\/wp-json\/wp\/v2\/posts\/36857\/revisions"}],"predecessor-version":[{"id":36859,"href":"https:\/\/larevistadigital.com.ar\/blog\/wp-json\/wp\/v2\/posts\/36857\/revisions\/36859"}],"wp:featuredmedia":[{"embeddable":true,"href":"https:\/\/larevistadigital.com.ar\/blog\/wp-json\/wp\/v2\/media\/36858"}],"wp:attachment":[{"href":"https:\/\/larevistadigital.com.ar\/blog\/wp-json\/wp\/v2\/media?parent=36857"}],"wp:term":[{"taxonomy":"category","embeddable":true,"href":"https:\/\/larevistadigital.com.ar\/blog\/wp-json\/wp\/v2\/categories?post=36857"},{"taxonomy":"post_tag","embeddable":true,"href":"https:\/\/larevistadigital.com.ar\/blog\/wp-json\/wp\/v2\/tags?post=36857"}],"curies":[{"name":"wp","href":"https:\/\/api.w.org\/{rel}","templated":true}]}}