{"id":36861,"date":"2024-08-01T12:04:44","date_gmt":"2024-08-01T15:04:44","guid":{"rendered":"https:\/\/larevistadigital.com.ar\/blog\/?p=36861"},"modified":"2024-08-01T12:04:44","modified_gmt":"2024-08-01T15:04:44","slug":"chascomus-reunion-conjunta-para-la-revision-del-plan-integral-de-seguridad","status":"publish","type":"post","link":"https:\/\/larevistadigital.com.ar\/blog\/chascomus-reunion-conjunta-para-la-revision-del-plan-integral-de-seguridad\/","title":{"rendered":"CHASCOM\u00daS: REUNI\u00d3N CONJUNTA PARA LA REVISI\u00d3N DEL PLAN INTEGRAL DE SEGURIDAD"},"content":{"rendered":"<h2 class=\"excerpt\">El intendente Javier Gast\u00f3n convoc\u00f3 en la tarde de hoy a autoridades del Ministerio de Seguridad Provincial y policiales del distrito para llevar adelante la revisi\u00f3n del Plan Integral de Seguridad local y sumar nuevas estrategias de acci\u00f3n.<\/h2>\n<p><strong>01 de Agosto de 2024<\/strong><\/p>\n<div id=\"miDiv1\" class=\"text\">\n<p><strong>CHASCOM\u00daS &#8211;<\/strong>\u00a0 Del encuentro participaron el secretario de gobierno, <strong>Cipriano P\u00e9rez del Cerro<\/strong>, y la secretaria de seguridad, <strong>Mariela Moscarella<\/strong>; Javier Sanz, director de Control y Fiscalizaci\u00f3n Policial, y <strong>Severino Molea<\/strong>, Director de Articulaci\u00f3n con el Poder Judicial, ambos del Ministerio de Seguridad de la provincia de Buenos Aires.<\/p>\n<p>Adem\u00e1s, asistieron el subcomisario Gerardo Ferreyra, jefe de la Estaci\u00f3n de Polic\u00eda Comunal (EPC); <strong>Mariana Gallardo<\/strong>, jefa comunal de la EPC; <strong>Sandra Umpierre<\/strong>, responsable de la Comisar\u00eda de la Mujer; subcomisario <strong>Emiliano Rodr\u00edguez<\/strong>, jefe de la delegaci\u00f3n de Narcocriminalidad; comisario <strong>Federico Gulino<\/strong>, del GAD; comisario <strong>Gabriel Gonz\u00e1lez<\/strong>, titular de la DDI; teniente <strong>Mart\u00edn Merlo<\/strong>, del Comando de Patrulla Rural (CPR) y <strong>Noelia V\u00e1zquez<\/strong>, oficial inspector de Polic\u00eda Vial.<\/p>\n<blockquote>\n<h3>El Plan Integral de Seguridad de Chascom\u00fas, que se renueva anualmente, incluye una serie de herramientas, l\u00edneas de acci\u00f3n y estrategias de prevenci\u00f3n del delito.<\/h3>\n<\/blockquote>\n<p>Durante la reuni\u00f3n, se destac\u00f3 que la polic\u00eda comunal de Chascom\u00fas, seguir\u00e1 trabajando en coordinaci\u00f3n con todas las fuerzas de seguridad para mejorar la efectividad de las acciones implementadas.<\/p>\n<blockquote>\n<h3><em><strong>\u201cNecesitamos que los vecinos vivan seguros y sientan tranquilidad. Sabemos que no somos una isla y que nos impacta el contexto actual, por eso tenemos que doblegar esfuerzos para que los vecinos de Chascom\u00fas vivan en paz\u201d<\/strong><\/em>, expres\u00f3 el intendente Javier Gast\u00f3n.<\/h3>\n<\/blockquote>\n<p>En el marco de estas acciones, ya anunci\u00f3 que este jueves se presentar\u00e1 el programa \u201cJuventudes Cuidadas\u201d y la pr\u00f3xima semana se lanzar\u00e1 \u201cOjos en Alerta\u201d, ambos destinados a brindar mayor seguridad a toda la comunidad.<\/p>\n<\/div>\n","protected":false},"excerpt":{"rendered":"<div class=\"mh-excerpt\"><p>El intendente Javier Gast\u00f3n convoc\u00f3 en la tarde de hoy a autoridades del Ministerio de Seguridad Provincial y policiales del distrito para llevar adelante la revisi\u00f3n del Plan Integral de Seguridad local y sumar nuevas <a class=\"mh-excerpt-more\" href=\"https:\/\/larevistadigital.com.ar\/blog\/chascomus-reunion-conjunta-para-la-revision-del-plan-integral-de-seguridad\/\" title=\"CHASCOM\u00daS: REUNI\u00d3N CONJUNTA PARA LA REVISI\u00d3N DEL PLAN INTEGRAL DE SEGURIDAD\">[Leer M\u00e1s]<\/a><\/p>\n<\/div>","protected":false},"author":3,"featured_media":36862,"comment_status":"open","ping_status":"open","sticky":false,"template":"","format":"standard","meta":{"_jetpack_memberships_contains_paid_content":false,"footnotes":"","jetpack_publicize_message":"","jetpack_publicize_feature_enabled":true,"jetpack_social_post_already_shared":true,"jetpack_social_options":{"image_generator_settings":{"template":"highway","default_image_id":0,"font":"","enabled":false},"version":2}},"categories":[50,44],"tags":[],"class_list":{"0":"post-36861","1":"post","2":"type-post","3":"status-publish","4":"format-standard","5":"has-post-thumbnail","7":"category-interes-general","8":"category-policiales"},"jetpack_publicize_connections":[],"jetpack_featured_media_url":"https:\/\/i0.wp.com\/larevistadigital.com.ar\/blog\/wp-content\/uploads\/66aacefc0815a.png?fit=668%2C445&ssl=1","jetpack_sharing_enabled":true,"jetpack_shortlink":"https:\/\/wp.me\/p8qtrQ-9Ax","jetpack-related-posts":[{"id":37762,"url":"https:\/\/larevistadigital.com.ar\/blog\/nueva-reunion-por-el-plan-integral-de-seguridad\/","url_meta":{"origin":36861,"position":0},"title":"Nueva reuni\u00f3n por el Plan Integral de Seguridad","author":"Alejandro Sosa Ruda","date":"7 noviembre, 2024","format":false,"excerpt":"Convocada por el intendente Gast\u00f3n cont\u00f3 con la participaci\u00f3n de autoridades de la Superintendencia del Ministerio de Seguridad provincial y autoridades policiales. 7 De Noviembre de 2024 CHASCOM\u00daS -\u00a0 Con el objetivo de realizar una nueva revisi\u00f3n del Plan Integral de Seguridad, el intendente Javier Gast\u00f3n convoc\u00f3 a una reuni\u00f3n\u2026","rel":"","context":"En \u00abINTERES GENERAL\u00bb","block_context":{"text":"INTERES GENERAL","link":"https:\/\/larevistadigital.com.ar\/blog\/category\/interes-general\/"},"img":{"alt_text":"","src":"https:\/\/i0.wp.com\/larevistadigital.com.ar\/blog\/wp-content\/uploads\/672ba5b22c9e8.png?fit=668%2C445&ssl=1&resize=350%2C200","width":350,"height":200,"srcset":"https:\/\/i0.wp.com\/larevistadigital.com.ar\/blog\/wp-content\/uploads\/672ba5b22c9e8.png?fit=668%2C445&ssl=1&resize=350%2C200 1x, https:\/\/i0.wp.com\/larevistadigital.com.ar\/blog\/wp-content\/uploads\/672ba5b22c9e8.png?fit=668%2C445&ssl=1&resize=525%2C300 1.5x"},"classes":[]},{"id":40753,"url":"https:\/\/larevistadigital.com.ar\/blog\/chascomus-la-nueva-titular-de-la-estacion-de-policia-comunal-fue-recibida-por-el-intendente-javier-gaston\/","url_meta":{"origin":36861,"position":1},"title":"Chascom\u00fas: La nueva titular de la Estaci\u00f3n de Polic\u00eda Comunal fue recibida por el intendente Javier Gast\u00f3n","author":"Alejandro Sosa Ruda","date":"5 agosto, 2025","format":false,"excerpt":"Marisa Islas asumir\u00e1 la conducci\u00f3n de la EPC y se acord\u00f3 fortalecer el trabajo conjunto en materia de seguridad. 05 de Agosto de 2025 CHASCOM\u00daS\u00a0 -\u00a0 Javier Gast\u00f3n recibi\u00f3 a la nueva titular de la Estaci\u00f3n de Polic\u00eda Comunal Marisa Islas asumir\u00e1 la conducci\u00f3n de la EPC y se acord\u00f3\u2026","rel":"","context":"En \u00abDESTACADAS\u00bb","block_context":{"text":"DESTACADAS","link":"https:\/\/larevistadigital.com.ar\/blog\/category\/destacadas\/"},"img":{"alt_text":"","src":"https:\/\/i0.wp.com\/larevistadigital.com.ar\/blog\/wp-content\/uploads\/68923689f253f.png?fit=668%2C445&ssl=1&resize=350%2C200","width":350,"height":200,"srcset":"https:\/\/i0.wp.com\/larevistadigital.com.ar\/blog\/wp-content\/uploads\/68923689f253f.png?fit=668%2C445&ssl=1&resize=350%2C200 1x, https:\/\/i0.wp.com\/larevistadigital.com.ar\/blog\/wp-content\/uploads\/68923689f253f.png?fit=668%2C445&ssl=1&resize=525%2C300 1.5x"},"classes":[]},{"id":32235,"url":"https:\/\/larevistadigital.com.ar\/blog\/chascomus-la-policia-comunal-detuvo-a-un-sujeto-que-cuando-intento-robar-se-disparo-la-alarma\/","url_meta":{"origin":36861,"position":2},"title":"CHASCOM\u00daS: LA POLIC\u00cdA COMUNAL DETUVO A UN SUJETO QUE CUANDO INTENT\u00d3 ROBAR, SE DISPAR\u00d3 LA ALARMA","author":"Alejandro Sosa Ruda","date":"3 julio, 2023","format":false,"excerpt":"Lo atraparon cuando pretend\u00eda robar una casa ya que se activ\u00f3 la alarma cuando los due\u00f1os se encontraban de viaje, y estos dieron aviso a la polic\u00eda. 3 de julio de 2023 CHASCOM\u00daS -\u00a0 En las \u00faltimas horas del d\u00eda ayer, 911 de emergencias policiales requiri\u00f3 se traslade personal policial\u2026","rel":"","context":"En \u00abDESTACADAS\u00bb","block_context":{"text":"DESTACADAS","link":"https:\/\/larevistadigital.com.ar\/blog\/category\/destacadas\/"},"img":{"alt_text":"","src":"https:\/\/i0.wp.com\/larevistadigital.com.ar\/blog\/wp-content\/uploads\/1-15.jpg?fit=800%2C599&ssl=1&resize=350%2C200","width":350,"height":200,"srcset":"https:\/\/i0.wp.com\/larevistadigital.com.ar\/blog\/wp-content\/uploads\/1-15.jpg?fit=800%2C599&ssl=1&resize=350%2C200 1x, https:\/\/i0.wp.com\/larevistadigital.com.ar\/blog\/wp-content\/uploads\/1-15.jpg?fit=800%2C599&ssl=1&resize=525%2C300 1.5x, https:\/\/i0.wp.com\/larevistadigital.com.ar\/blog\/wp-content\/uploads\/1-15.jpg?fit=800%2C599&ssl=1&resize=700%2C400 2x"},"classes":[]},{"id":28753,"url":"https:\/\/larevistadigital.com.ar\/blog\/el-intendente-hizo-entrega-de-motovehiculos-a-la-estacion-de-policia-comunal\/","url_meta":{"origin":36861,"position":3},"title":"EL INTENDENTE HIZO ENTREGA DE MOTOVEH\u00cdCULOS A LA ESTACI\u00d3N DE POLIC\u00cdA COMUNAL","author":"Alejandro Sosa Ruda","date":"3 noviembre, 2022","format":false,"excerpt":"Las nuevas unidades ser\u00e1n destinadas al refuerzo del patrullaje en las dependencias que tienen sede en Chascom\u00fas 02 de noviembre de 2022 Este mi\u00e9rcoles, el intendente Javier Gast\u00f3n acompa\u00f1ado por la secretaria de Seguridad Ciudadana, Mariela Moscarella, y el subsecretario Ramiro Canggianelli, entregaron nuevo equipamiento para las fuerzas policiales locales.\u2026","rel":"","context":"En \u00abINTERES GENERAL\u00bb","block_context":{"text":"INTERES GENERAL","link":"https:\/\/larevistadigital.com.ar\/blog\/category\/interes-general\/"},"img":{"alt_text":"","src":"https:\/\/i0.wp.com\/larevistadigital.com.ar\/blog\/wp-content\/uploads\/MOTOS-POLICIA-1.jpg?fit=874%2C541&ssl=1&resize=350%2C200","width":350,"height":200,"srcset":"https:\/\/i0.wp.com\/larevistadigital.com.ar\/blog\/wp-content\/uploads\/MOTOS-POLICIA-1.jpg?fit=874%2C541&ssl=1&resize=350%2C200 1x, https:\/\/i0.wp.com\/larevistadigital.com.ar\/blog\/wp-content\/uploads\/MOTOS-POLICIA-1.jpg?fit=874%2C541&ssl=1&resize=525%2C300 1.5x, https:\/\/i0.wp.com\/larevistadigital.com.ar\/blog\/wp-content\/uploads\/MOTOS-POLICIA-1.jpg?fit=874%2C541&ssl=1&resize=700%2C400 2x"},"classes":[]},{"id":36544,"url":"https:\/\/larevistadigital.com.ar\/blog\/chascomus-continuan-los-operativos-de-seguridad-en-diferentes-puntos-de-la-ciudad\/","url_meta":{"origin":36861,"position":4},"title":"CHASCOM\u00daS: CONTIN\u00daAN LOS OPERATIVOS DE SEGURIDAD EN DIFERENTES PUNTOS DE LA CIUDAD","author":"Alejandro Sosa Ruda","date":"2 julio, 2024","format":false,"excerpt":"El despliegue cont\u00f3 con la participaci\u00f3n de efectivos de la Estaci\u00f3n de Polic\u00eda Comunal, junto con personal de la Seguridad Urbana y de la Patrulla de Prevenci\u00f3n Municipal. 03 de julio de 2024 CHASCOM\u00daS -\u00a0 Personal municipal de seguridad, en colaboraci\u00f3n con las fuerzas policiales, llev\u00f3 a cabo operativos de\u2026","rel":"","context":"En \u00abCHASCOM\u00daS\u00bb","block_context":{"text":"CHASCOM\u00daS","link":"https:\/\/larevistadigital.com.ar\/blog\/category\/chascomus\/"},"img":{"alt_text":"","src":"https:\/\/i0.wp.com\/larevistadigital.com.ar\/blog\/wp-content\/uploads\/Captura-de-pantalla-2024-07-01-091912-1.png?fit=899%2C496&ssl=1&resize=350%2C200","width":350,"height":200,"srcset":"https:\/\/i0.wp.com\/larevistadigital.com.ar\/blog\/wp-content\/uploads\/Captura-de-pantalla-2024-07-01-091912-1.png?fit=899%2C496&ssl=1&resize=350%2C200 1x, https:\/\/i0.wp.com\/larevistadigital.com.ar\/blog\/wp-content\/uploads\/Captura-de-pantalla-2024-07-01-091912-1.png?fit=899%2C496&ssl=1&resize=525%2C300 1.5x, https:\/\/i0.wp.com\/larevistadigital.com.ar\/blog\/wp-content\/uploads\/Captura-de-pantalla-2024-07-01-091912-1.png?fit=899%2C496&ssl=1&resize=700%2C400 2x"},"classes":[]},{"id":26412,"url":"https:\/\/larevistadigital.com.ar\/blog\/chascomus-la-secretaria-de-seguridad-y-la-estacion-de-policia-comunal-alertan-por-llamados-extorsivos\/","url_meta":{"origin":36861,"position":5},"title":"CHASCOM\u00daS: LA SECRETAR\u00cdA DE SEGURIDAD Y LA ESTACI\u00d3N DE POLIC\u00cdA COMUNAL ALERTAN POR LLAMADOS EXTORSIVOS","author":"Alejandro Sosa Ruda","date":"7 julio, 2022","format":false,"excerpt":"Desde la Secretar\u00eda de Seguridad y la Estaci\u00f3n de Polic\u00eda Comunal, se hace un llamado de alerta a la poblaci\u00f3n, por la proliferaci\u00f3n de este tipo de delito que se est\u00e1 produciendo con asiduidad. C\u00f3mo prevenir y c\u00f3mo actuar. CHASCOM\u00daS -\u00a0 Se difundi\u00f3 desde la Secretar\u00eda de Seguridad de Chascom\u00fas,\u2026","rel":"","context":"En \u00abCHASCOM\u00daS\u00bb","block_context":{"text":"CHASCOM\u00daS","link":"https:\/\/larevistadigital.com.ar\/blog\/category\/chascomus\/"},"img":{"alt_text":"","src":"https:\/\/i0.wp.com\/larevistadigital.com.ar\/blog\/wp-content\/uploads\/1542081283589.jpg?fit=800%2C459&ssl=1&resize=350%2C200","width":350,"height":200,"srcset":"https:\/\/i0.wp.com\/larevistadigital.com.ar\/blog\/wp-content\/uploads\/1542081283589.jpg?fit=800%2C459&ssl=1&resize=350%2C200 1x, https:\/\/i0.wp.com\/larevistadigital.com.ar\/blog\/wp-content\/uploads\/1542081283589.jpg?fit=800%2C459&ssl=1&resize=525%2C300 1.5x, https:\/\/i0.wp.com\/larevistadigital.com.ar\/blog\/wp-content\/uploads\/1542081283589.jpg?fit=800%2C459&ssl=1&resize=700%2C400 2x"},"classes":[]}],"_links":{"self":[{"href":"https:\/\/larevistadigital.com.ar\/blog\/wp-json\/wp\/v2\/posts\/36861","targetHints":{"allow":["GET"]}}],"collection":[{"href":"https:\/\/larevistadigital.com.ar\/blog\/wp-json\/wp\/v2\/posts"}],"about":[{"href":"https:\/\/larevistadigital.com.ar\/blog\/wp-json\/wp\/v2\/types\/post"}],"author":[{"embeddable":true,"href":"https:\/\/larevistadigital.com.ar\/blog\/wp-json\/wp\/v2\/users\/3"}],"replies":[{"embeddable":true,"href":"https:\/\/larevistadigital.com.ar\/blog\/wp-json\/wp\/v2\/comments?post=36861"}],"version-history":[{"count":1,"href":"https:\/\/larevistadigital.com.ar\/blog\/wp-json\/wp\/v2\/posts\/36861\/revisions"}],"predecessor-version":[{"id":36863,"href":"https:\/\/larevistadigital.com.ar\/blog\/wp-json\/wp\/v2\/posts\/36861\/revisions\/36863"}],"wp:featuredmedia":[{"embeddable":true,"href":"https:\/\/larevistadigital.com.ar\/blog\/wp-json\/wp\/v2\/media\/36862"}],"wp:attachment":[{"href":"https:\/\/larevistadigital.com.ar\/blog\/wp-json\/wp\/v2\/media?parent=36861"}],"wp:term":[{"taxonomy":"category","embeddable":true,"href":"https:\/\/larevistadigital.com.ar\/blog\/wp-json\/wp\/v2\/categories?post=36861"},{"taxonomy":"post_tag","embeddable":true,"href":"https:\/\/larevistadigital.com.ar\/blog\/wp-json\/wp\/v2\/tags?post=36861"}],"curies":[{"name":"wp","href":"https:\/\/api.w.org\/{rel}","templated":true}]}}