{"id":36926,"date":"2024-08-11T11:13:26","date_gmt":"2024-08-11T14:13:26","guid":{"rendered":"https:\/\/larevistadigital.com.ar\/blog\/?p=36926"},"modified":"2024-08-11T11:13:26","modified_gmt":"2024-08-11T14:13:26","slug":"continuan-las-obras-de-puesta-en-valor-en-el-polideportivo-municipal","status":"publish","type":"post","link":"https:\/\/larevistadigital.com.ar\/blog\/continuan-las-obras-de-puesta-en-valor-en-el-polideportivo-municipal\/","title":{"rendered":"CONTIN\u00daAN LAS OBRAS DE PUESTA EN VALOR EN EL POLIDEPORTIVO MUNICIPAL"},"content":{"rendered":"<h2 class=\"excerpt\">Terminadas las tareas de impermeabilizaci\u00f3n de las plateas y de mejoras en los vestuarios, se avanza en la extensi\u00f3n de la red de gas natural y en otras reformas estructurales<\/h2>\n<p>11 de Agosto de 2024<\/p>\n<div id=\"miDiv1\" class=\"text\">\n<p><strong>CHASCOM\u00daS &#8211;\u00a0<\/strong> \u00a0Desde su recuperaci\u00f3n en 2020, el gobierno municipal trabaja en la puesta en valor del edificio que, por el paso del tiempo y la falta de inversi\u00f3n en los a\u00f1os previos a la actual gesti\u00f3n, presenta problemas estructurales.<\/p>\n<p>En este sentido, en los pr\u00f3ximos d\u00edas se avanzar\u00e1 en la extensi\u00f3n de la red de gas natural y la colocaci\u00f3n de cielorrasos de PVC y luminarias en los vestuarios Tambi\u00e9n se ampliar\u00e1 la red para mejorar la conectividad a internet en todo el predio. Se prev\u00e9 una inversi\u00f3n aproximada de 8.5 millones de pesos del presupuesto municipal y la utilizaci\u00f3n de recursos propios para su ejecuci\u00f3n.<\/p>\n<blockquote>\n<h3>Todo \u00e9sto suma a las tareas ya finalizadas de impermeabilizaci\u00f3n de las plateas, de mejoras en la instalaci\u00f3n sanitaria y de revestimiento en los vestuarios, la recuperaci\u00f3n del tanque de agua y del sistema de riego en el campo de juego.<\/h3>\n<\/blockquote>\n<p>\u201cEl poli\u201d recibe aproximadamente a 1500 personas cada fin de semana en el marco de los torneos de f\u00fatbol. El mantenimiento en buen estado del edificio y del predio es parte del proyecto integral con el que el gobierno municipal, a trav\u00e9s de la Subsecretar\u00eda de Deportes, busca consolidar y fortalecer al deporte como herramienta de desarrollo humano. Con respecto a esto, el subsecretario <strong>Pablo Francese<\/strong> asegur\u00f3 que:\u00a0<strong><em>\u201ceste es un compromiso que asumimos desde que recuperamos el predio, y en esa l\u00ednea vamos avanzando. Conformamos un gran equipo que trabaja diariamente en el mantenimiento del \u00abPoli\u00bb, realizamos tareas de pintura, arreglos y mejoras en general; reorganizamos los calendarios en conjunto con las instituciones y seguiremos mejorando los espacios de uso, entre otras cosas\u201d<\/em>.<\/strong><\/p>\n<\/div>\n","protected":false},"excerpt":{"rendered":"<div class=\"mh-excerpt\"><p>Terminadas las tareas de impermeabilizaci\u00f3n de las plateas y de mejoras en los vestuarios, se avanza en la extensi\u00f3n de la red de gas natural y en otras reformas estructurales 11 de Agosto de 2024 <a class=\"mh-excerpt-more\" href=\"https:\/\/larevistadigital.com.ar\/blog\/continuan-las-obras-de-puesta-en-valor-en-el-polideportivo-municipal\/\" title=\"CONTIN\u00daAN LAS OBRAS DE PUESTA EN VALOR EN EL POLIDEPORTIVO MUNICIPAL\">[Leer M\u00e1s]<\/a><\/p>\n<\/div>","protected":false},"author":3,"featured_media":36927,"comment_status":"open","ping_status":"open","sticky":false,"template":"","format":"standard","meta":{"_jetpack_memberships_contains_paid_content":false,"footnotes":"","jetpack_publicize_message":"","jetpack_publicize_feature_enabled":true,"jetpack_social_post_already_shared":true,"jetpack_social_options":{"image_generator_settings":{"template":"highway","default_image_id":0,"font":"","enabled":false},"version":2}},"categories":[6],"tags":[],"class_list":{"0":"post-36926","1":"post","2":"type-post","3":"status-publish","4":"format-standard","5":"has-post-thumbnail","7":"category-chascomus"},"jetpack_publicize_connections":[],"jetpack_featured_media_url":"https:\/\/i0.wp.com\/larevistadigital.com.ar\/blog\/wp-content\/uploads\/66b4f92967570.png?fit=668%2C445&ssl=1","jetpack_sharing_enabled":true,"jetpack_shortlink":"https:\/\/wp.me\/p8qtrQ-9BA","jetpack-related-posts":[{"id":36138,"url":"https:\/\/larevistadigital.com.ar\/blog\/puesta-en-valor-y-obras-en-el-polideportivo-municipal\/","url_meta":{"origin":36926,"position":0},"title":"PUESTA EN VALOR Y OBRAS EN EL POLIDEPORTIVO MUNICIPAL","author":"Alejandro Sosa Ruda","date":"26 mayo, 2024","format":false,"excerpt":"Javier Gast\u00f3n recorri\u00f3 las instalaciones donde tienen lugar las tareas de puesta en valor del estadio. 26 de mayo de 2024 CHASCOM\u00daS -\u00a0 El intendente Javier Gast\u00f3n recorri\u00f3 esta ma\u00f1ana la obra que se lleva adelante en el estadio municipal Juan Silverio Oroz. Lo hizo acompa\u00f1ado por el secretario de\u2026","rel":"","context":"En \u00abCHASCOM\u00daS\u00bb","block_context":{"text":"CHASCOM\u00daS","link":"https:\/\/larevistadigital.com.ar\/blog\/category\/chascomus\/"},"img":{"alt_text":"","src":"https:\/\/i0.wp.com\/larevistadigital.com.ar\/blog\/wp-content\/uploads\/2024_05_25_01_09_01_9920496.jpg?fit=600%2C400&ssl=1&resize=350%2C200","width":350,"height":200,"srcset":"https:\/\/i0.wp.com\/larevistadigital.com.ar\/blog\/wp-content\/uploads\/2024_05_25_01_09_01_9920496.jpg?fit=600%2C400&ssl=1&resize=350%2C200 1x, https:\/\/i0.wp.com\/larevistadigital.com.ar\/blog\/wp-content\/uploads\/2024_05_25_01_09_01_9920496.jpg?fit=600%2C400&ssl=1&resize=525%2C300 1.5x"},"classes":[]},{"id":43284,"url":"https:\/\/larevistadigital.com.ar\/blog\/chascomus-comenzaron-las-obras-del-plan-integral-de-puesta-en-valor-del-teatro-municipal-brazzola\/","url_meta":{"origin":36926,"position":1},"title":"Chascom\u00fas: Comenzaron las obras del Plan Integral de Puesta en Valor del Teatro Municipal Brazzola","author":"Alejandro Sosa Ruda","date":"12 enero, 2026","format":false,"excerpt":"Durante enero, el teatro permanecer\u00e1 cerrado debido al inicio de las obras correspondientes a la primera etapa. 12 de enero de 2026. CHASCOM\u00daS -\u00a0 \u00a0 En la ma\u00f1ana de este lunes, el Intendente Municipal Javier Gast\u00f3n visit\u00f3 el Teatro Municipal Brazzola, donde dieron comienzo las obras de la primera etapa\u2026","rel":"","context":"En \u00abCHASCOM\u00daS\u00bb","block_context":{"text":"CHASCOM\u00daS","link":"https:\/\/larevistadigital.com.ar\/blog\/category\/chascomus\/"},"img":{"alt_text":"","src":"https:\/\/i0.wp.com\/larevistadigital.com.ar\/blog\/wp-content\/uploads\/6965306ca774d.png?fit=668%2C445&ssl=1&resize=350%2C200","width":350,"height":200,"srcset":"https:\/\/i0.wp.com\/larevistadigital.com.ar\/blog\/wp-content\/uploads\/6965306ca774d.png?fit=668%2C445&ssl=1&resize=350%2C200 1x, https:\/\/i0.wp.com\/larevistadigital.com.ar\/blog\/wp-content\/uploads\/6965306ca774d.png?fit=668%2C445&ssl=1&resize=525%2C300 1.5x"},"classes":[]},{"id":44088,"url":"https:\/\/larevistadigital.com.ar\/blog\/chascomus-continuan-los-trabajos-de-puesta-en-valor-del-teatro-municipal-brazzola\/","url_meta":{"origin":36926,"position":2},"title":"Chascom\u00fas: Contin\u00faan los trabajos de puesta en valor del Teatro Municipal Brazzola","author":"Alejandro Sosa Ruda","date":"20 febrero, 2026","format":false,"excerpt":"Esta semana se ejecuta la reconstrucci\u00f3n de la vereda como parte de un plan integral que se desarrollar\u00e1 en etapas durante los pr\u00f3ximos a\u00f1os. Trabajadores municipales contin\u00faan con las tareas destinadas a la recuperaci\u00f3n del Teatro Municipal Brazzola. Durante esta semana se llevan adelante labores de reconstrucci\u00f3n de la vereda\u2026","rel":"","context":"En \u00abCHASCOM\u00daS\u00bb","block_context":{"text":"CHASCOM\u00daS","link":"https:\/\/larevistadigital.com.ar\/blog\/category\/chascomus\/"},"img":{"alt_text":"","src":"https:\/\/i0.wp.com\/larevistadigital.com.ar\/blog\/wp-content\/uploads\/699893233a2c9.png?fit=668%2C445&ssl=1&resize=350%2C200","width":350,"height":200,"srcset":"https:\/\/i0.wp.com\/larevistadigital.com.ar\/blog\/wp-content\/uploads\/699893233a2c9.png?fit=668%2C445&ssl=1&resize=350%2C200 1x, https:\/\/i0.wp.com\/larevistadigital.com.ar\/blog\/wp-content\/uploads\/699893233a2c9.png?fit=668%2C445&ssl=1&resize=525%2C300 1.5x"},"classes":[]},{"id":6689,"url":"https:\/\/larevistadigital.com.ar\/blog\/chascomus-la-semana-proxima-comienza-la-extension-de-gas-en-el-barrio-30-de-mayo\/","url_meta":{"origin":36926,"position":3},"title":"CHASCOM\u00daS: LA SEMANA PR\u00d3XIMA COMIENZA LA EXTENSI\u00d3N DE GAS EN EL BARRIO 30 DE MAYO","author":"Alejandro Sosa Ruda","date":"29 septiembre, 2018","format":false,"excerpt":"Javier Gast\u00f3n recibi\u00f3 a miembros de la empresa Camuzzi Gas Pampeana para coordinar la log\u00edstica y dar comienzo a la obra de extensi\u00f3n del gas natural en el barrio 30 de Mayo. \u201cAl finalizar esta primera etapa de la extensi\u00f3n de la red de gas natural en la zona norte\u2026","rel":"","context":"En \u00abCHASCOM\u00daS\u00bb","block_context":{"text":"CHASCOM\u00daS","link":"https:\/\/larevistadigital.com.ar\/blog\/category\/chascomus\/"},"img":{"alt_text":"","src":"https:\/\/i0.wp.com\/larevistadigital.com.ar\/blog\/wp-content\/uploads\/2018\/09\/2018_09_28_17_14_54_1075745.jpg?fit=600%2C401&ssl=1&resize=350%2C200","width":350,"height":200,"srcset":"https:\/\/i0.wp.com\/larevistadigital.com.ar\/blog\/wp-content\/uploads\/2018\/09\/2018_09_28_17_14_54_1075745.jpg?fit=600%2C401&ssl=1&resize=350%2C200 1x, https:\/\/i0.wp.com\/larevistadigital.com.ar\/blog\/wp-content\/uploads\/2018\/09\/2018_09_28_17_14_54_1075745.jpg?fit=600%2C401&ssl=1&resize=525%2C300 1.5x"},"classes":[]},{"id":43378,"url":"https:\/\/larevistadigital.com.ar\/blog\/chascomus-se-realiza-la-pintura-exterior-de-la-escuela-municipal-n-1\/","url_meta":{"origin":36926,"position":4},"title":"Chascom\u00fas:  Se realiza la pintura exterior de la Escuela Municipal N\u00b0 1","author":"Alejandro Sosa Ruda","date":"16 enero, 2026","format":false,"excerpt":"Durante el receso escolar, se llevan a cabo distintos trabajos en las escuelas municipales con la finalidad de brindar un mejor servicio. 16 de enero de 2026 CHASCOM\u00daS\u00a0 -\u00a0 \u00a0 Aprovechando el receso escolar, la Municipalidad de Chascom\u00fas trabaja en el mejoramiento edilicio de la Escuela Municipal N\u00b0 1 \u201cJuan\u2026","rel":"","context":"En \u00abCHASCOM\u00daS\u00bb","block_context":{"text":"CHASCOM\u00daS","link":"https:\/\/larevistadigital.com.ar\/blog\/category\/chascomus\/"},"img":{"alt_text":"","src":"https:\/\/i0.wp.com\/larevistadigital.com.ar\/blog\/wp-content\/uploads\/69691fe401f71.png?fit=668%2C445&ssl=1&resize=350%2C200","width":350,"height":200,"srcset":"https:\/\/i0.wp.com\/larevistadigital.com.ar\/blog\/wp-content\/uploads\/69691fe401f71.png?fit=668%2C445&ssl=1&resize=350%2C200 1x, https:\/\/i0.wp.com\/larevistadigital.com.ar\/blog\/wp-content\/uploads\/69691fe401f71.png?fit=668%2C445&ssl=1&resize=525%2C300 1.5x"},"classes":[]},{"id":38986,"url":"https:\/\/larevistadigital.com.ar\/blog\/chascomus-remodelacion-y-puesta-en-valor-de-la-plaza-sarmiento\/","url_meta":{"origin":36926,"position":5},"title":"Chascom\u00fas: Remodelaci\u00f3n y puesta en valor de la plaza Sarmiento","author":"Alejandro Sosa Ruda","date":"13 marzo, 2025","format":false,"excerpt":"El espacio contar\u00e1 con nueva infraestructura, juegos infantiles y equipamiento para toda la comunidad. 14 de Marzo de 2025 CHASCOM\u00daS -\u00a0 La Municipalidad de Chascom\u00fas lleva adelante trabajos de remodelaci\u00f3n y puesta en valor de la plaza Sarmiento, ubicada entre las calles Libres del Sur, Caseros, Belgrano y las v\u00edas,\u2026","rel":"","context":"En \u00abCHASCOM\u00daS\u00bb","block_context":{"text":"CHASCOM\u00daS","link":"https:\/\/larevistadigital.com.ar\/blog\/category\/chascomus\/"},"img":{"alt_text":"","src":"https:\/\/i0.wp.com\/larevistadigital.com.ar\/blog\/wp-content\/uploads\/67d463066f942.png?fit=668%2C445&ssl=1&resize=350%2C200","width":350,"height":200,"srcset":"https:\/\/i0.wp.com\/larevistadigital.com.ar\/blog\/wp-content\/uploads\/67d463066f942.png?fit=668%2C445&ssl=1&resize=350%2C200 1x, https:\/\/i0.wp.com\/larevistadigital.com.ar\/blog\/wp-content\/uploads\/67d463066f942.png?fit=668%2C445&ssl=1&resize=525%2C300 1.5x"},"classes":[]}],"_links":{"self":[{"href":"https:\/\/larevistadigital.com.ar\/blog\/wp-json\/wp\/v2\/posts\/36926","targetHints":{"allow":["GET"]}}],"collection":[{"href":"https:\/\/larevistadigital.com.ar\/blog\/wp-json\/wp\/v2\/posts"}],"about":[{"href":"https:\/\/larevistadigital.com.ar\/blog\/wp-json\/wp\/v2\/types\/post"}],"author":[{"embeddable":true,"href":"https:\/\/larevistadigital.com.ar\/blog\/wp-json\/wp\/v2\/users\/3"}],"replies":[{"embeddable":true,"href":"https:\/\/larevistadigital.com.ar\/blog\/wp-json\/wp\/v2\/comments?post=36926"}],"version-history":[{"count":1,"href":"https:\/\/larevistadigital.com.ar\/blog\/wp-json\/wp\/v2\/posts\/36926\/revisions"}],"predecessor-version":[{"id":36928,"href":"https:\/\/larevistadigital.com.ar\/blog\/wp-json\/wp\/v2\/posts\/36926\/revisions\/36928"}],"wp:featuredmedia":[{"embeddable":true,"href":"https:\/\/larevistadigital.com.ar\/blog\/wp-json\/wp\/v2\/media\/36927"}],"wp:attachment":[{"href":"https:\/\/larevistadigital.com.ar\/blog\/wp-json\/wp\/v2\/media?parent=36926"}],"wp:term":[{"taxonomy":"category","embeddable":true,"href":"https:\/\/larevistadigital.com.ar\/blog\/wp-json\/wp\/v2\/categories?post=36926"},{"taxonomy":"post_tag","embeddable":true,"href":"https:\/\/larevistadigital.com.ar\/blog\/wp-json\/wp\/v2\/tags?post=36926"}],"curies":[{"name":"wp","href":"https:\/\/api.w.org\/{rel}","templated":true}]}}