{"id":36939,"date":"2024-08-11T13:10:16","date_gmt":"2024-08-11T16:10:16","guid":{"rendered":"https:\/\/larevistadigital.com.ar\/blog\/?p=36939"},"modified":"2024-08-11T13:20:33","modified_gmt":"2024-08-11T16:20:33","slug":"chascomus-de-la-mano-de-juani-otero-la-pena-de-independiente-ricardo-chivo-pavoni-le-cumple-el-sueno-a-los-mas-chicos","status":"publish","type":"post","link":"https:\/\/larevistadigital.com.ar\/blog\/chascomus-de-la-mano-de-juani-otero-la-pena-de-independiente-ricardo-chivo-pavoni-le-cumple-el-sueno-a-los-mas-chicos\/","title":{"rendered":"CHASCOM\u00daS: DE LA MANO DE \u00abJUANI OTERO\u00bb, LA PE\u00d1A DE INDEPENDIENTE RICARDO \u00abCHIVO\u00bb PAVONI LE CUMPLE EL SUE\u00d1O A LOS M\u00c1S CHICOS"},"content":{"rendered":"<h2>Una excelente iniciativa que los chicos no olvidar\u00e1n en su vida.<\/h2>\n<p>11 de Agosto de 2024<\/p>\n<p><strong>CHASCOM\u00daS &#8211;\u00a0<\/strong> El Club Atl\u00e9tico Independiente de Avellaneda, brind\u00f3 la posibilidad que un nene o nena de entre 3 a 12 a\u00f1os pueda ingresar al estadio, con todo lo que eso implica y m\u00e1s para una criatura.<\/p>\n<blockquote>\n<h3>El requisito, era que tanto el chico, como el adulto que lo acompa\u00f1ara deber\u00edan ser socios del club.<\/h3>\n<\/blockquote>\n<p>Quien result\u00f3 ganador del premio, fue <strong>Sim\u00f3n Lahurnagaray<\/strong>, saliendo sorteado entre much\u00edsimas personas que participaron del evento organizado por la <strong>Pe\u00f1a Ricardo Chino Pavoni<\/strong>.<\/p>\n<p>Tuvimos la oportunidad de dialogar con <strong>Juan Ignacio Otero<\/strong>, presidente de la pe\u00f1a e integrante del \u00abDepartamento de Pe\u00f1as\u00bb del Club, que estaba muy feliz por brindarle alegr\u00eda a los chicos y muy agradecido con la buena predisposici\u00f3n de las autoridades. <em><strong>\u00abLa oportunidad nos la dio Luciano pagola secretario de relaciones publicas e institucionales del club junto a javier andrade presidente del departamento de pe\u00f1as del club\u00bb, <\/strong><\/em>asegur\u00f3 <strong>Otero<\/strong>, vis\u00edblemente emocionado.<\/p>\n<p>Quienes quieran informarse o asesorarse, pueden encontrar a la Pe\u00f1a en redes sociales como IndependienteChascom\u00fas.<\/p>\n","protected":false},"excerpt":{"rendered":"<div class=\"mh-excerpt\"><p>Una excelente iniciativa que los chicos no olvidar\u00e1n en su vida. 11 de Agosto de 2024 CHASCOM\u00daS &#8211;\u00a0 El Club Atl\u00e9tico Independiente de Avellaneda, brind\u00f3 la posibilidad que un nene o nena de entre 3 <a class=\"mh-excerpt-more\" href=\"https:\/\/larevistadigital.com.ar\/blog\/chascomus-de-la-mano-de-juani-otero-la-pena-de-independiente-ricardo-chivo-pavoni-le-cumple-el-sueno-a-los-mas-chicos\/\" title=\"CHASCOM\u00daS: DE LA MANO DE \u00abJUANI OTERO\u00bb, LA PE\u00d1A DE INDEPENDIENTE RICARDO \u00abCHIVO\u00bb PAVONI LE CUMPLE EL SUE\u00d1O A LOS M\u00c1S CHICOS\">[Leer M\u00e1s]<\/a><\/p>\n<\/div>","protected":false},"author":3,"featured_media":36940,"comment_status":"open","ping_status":"open","sticky":false,"template":"","format":"standard","meta":{"_jetpack_memberships_contains_paid_content":false,"footnotes":"","jetpack_publicize_message":"","jetpack_publicize_feature_enabled":true,"jetpack_social_post_already_shared":true,"jetpack_social_options":{"image_generator_settings":{"template":"highway","default_image_id":0,"font":"","enabled":false},"version":2}},"categories":[6],"tags":[],"class_list":{"0":"post-36939","1":"post","2":"type-post","3":"status-publish","4":"format-standard","5":"has-post-thumbnail","7":"category-chascomus"},"jetpack_publicize_connections":[],"jetpack_featured_media_url":"https:\/\/i0.wp.com\/larevistadigital.com.ar\/blog\/wp-content\/uploads\/454317598_3220443288089477_2011464290364192778_n-e1723392225410.jpg?fit=898%2C863&ssl=1","jetpack_sharing_enabled":true,"jetpack_shortlink":"https:\/\/wp.me\/p8qtrQ-9BN","jetpack-related-posts":[{"id":31953,"url":"https:\/\/larevistadigital.com.ar\/blog\/homenaje-de-las-penas-y-filiales-unidas-de-chascomus-a-los-veteranos-de-malvinas\/","url_meta":{"origin":36939,"position":0},"title":"HOMENAJE DE LAS \u00abPE\u00d1AS Y FILIALES UNIDAS DE CHASCOM\u00daS\u00bb A LOS VETERANOS DE MALVINAS","author":"Alejandro Sosa Ruda","date":"12 junio, 2023","format":false,"excerpt":"Las Pe\u00f1as y Filiales Unidas de Chascom\u00fas se organizaron para homenajear este mi\u00e9rcoles 14 de junio, en contexto del d\u00eda del fin del conflicto armado, a Veteranos de Guerra de Malvinas locales que estuvieron en las islas. Un total de ocho Ex Combatientes, como as\u00ed tambi\u00e9n familiares de otros tres,\u2026","rel":"","context":"En \u00abCHASCOM\u00daS\u00bb","block_context":{"text":"CHASCOM\u00daS","link":"https:\/\/larevistadigital.com.ar\/blog\/category\/chascomus\/"},"img":{"alt_text":"","src":"https:\/\/i0.wp.com\/larevistadigital.com.ar\/blog\/wp-content\/uploads\/Malvinas.jpg?fit=800%2C673&ssl=1&resize=350%2C200","width":350,"height":200,"srcset":"https:\/\/i0.wp.com\/larevistadigital.com.ar\/blog\/wp-content\/uploads\/Malvinas.jpg?fit=800%2C673&ssl=1&resize=350%2C200 1x, https:\/\/i0.wp.com\/larevistadigital.com.ar\/blog\/wp-content\/uploads\/Malvinas.jpg?fit=800%2C673&ssl=1&resize=525%2C300 1.5x, https:\/\/i0.wp.com\/larevistadigital.com.ar\/blog\/wp-content\/uploads\/Malvinas.jpg?fit=800%2C673&ssl=1&resize=700%2C400 2x"},"classes":[]},{"id":13819,"url":"https:\/\/larevistadigital.com.ar\/blog\/chascomus-accion-solidaria-de-la-pena-boquense-jorge-chino-benitez\/","url_meta":{"origin":36939,"position":1},"title":"CHASCOM\u00daS: ACCI\u00d3N SOLIDARIA DE LA PE\u00d1A BOQUENSE JORGE \u00abCHINO\u00bb BENITEZ","author":"Alejandro Sosa Ruda","date":"26 diciembre, 2019","format":false,"excerpt":"Tal como lo vienen haciendo otras pe\u00f1as, la comisi\u00f3n directiva de la hist\u00f3rica Pe\u00f1a de Boca Juniors Jorge \"Chino\" Benitez ha emprendido la tarea de ayudar a los chicos que menos tienen en el pr\u00f3ximo festejo de Reyes. As\u00ed lo han hecho saber mediante un comunicado que a continuaci\u00f3n se\u2026","rel":"","context":"En \u00abCHASCOM\u00daS\u00bb","block_context":{"text":"CHASCOM\u00daS","link":"https:\/\/larevistadigital.com.ar\/blog\/category\/chascomus\/"},"img":{"alt_text":"","src":"https:\/\/i0.wp.com\/larevistadigital.com.ar\/blog\/wp-content\/uploads\/dibujos-de-reyes-magos-para-colorear_0.jpg?fit=1200%2C675&ssl=1&resize=350%2C200","width":350,"height":200,"srcset":"https:\/\/i0.wp.com\/larevistadigital.com.ar\/blog\/wp-content\/uploads\/dibujos-de-reyes-magos-para-colorear_0.jpg?fit=1200%2C675&ssl=1&resize=350%2C200 1x, https:\/\/i0.wp.com\/larevistadigital.com.ar\/blog\/wp-content\/uploads\/dibujos-de-reyes-magos-para-colorear_0.jpg?fit=1200%2C675&ssl=1&resize=525%2C300 1.5x, https:\/\/i0.wp.com\/larevistadigital.com.ar\/blog\/wp-content\/uploads\/dibujos-de-reyes-magos-para-colorear_0.jpg?fit=1200%2C675&ssl=1&resize=700%2C400 2x, https:\/\/i0.wp.com\/larevistadigital.com.ar\/blog\/wp-content\/uploads\/dibujos-de-reyes-magos-para-colorear_0.jpg?fit=1200%2C675&ssl=1&resize=1050%2C600 3x"},"classes":[]},{"id":10729,"url":"https:\/\/larevistadigital.com.ar\/blog\/el-chascomunense-pablo-otero-es-candidato-titular-a-senador-provincial-por-el-espacio-de-roberto-lavagna\/","url_meta":{"origin":36939,"position":2},"title":"EL CHASCOMUNENSE PABLO OTERO ES CANDIDATO TITULAR A SENADOR PROVINCIAL , POR EL ESPACIO DE ROBERTO LAVAGNA","author":"Alejandro Sosa Ruda","date":"23 junio, 2019","format":false,"excerpt":"Otra vez la ciudad de Chascom\u00fas provee de candidatos de todo tipo a los distintos espacios pol\u00edticos que conforman el arco de probables representantes por los pr\u00f3ximos cuatro a\u00f1os, luego de las elecciones de agosto y octubre de este a\u00f1o. Otero es un vecino de larga trayectoria militando en el\u2026","rel":"","context":"En \u00abCHASCOM\u00daS\u00bb","block_context":{"text":"CHASCOM\u00daS","link":"https:\/\/larevistadigital.com.ar\/blog\/category\/chascomus\/"},"img":{"alt_text":"","src":"https:\/\/i0.wp.com\/larevistadigital.com.ar\/blog\/wp-content\/uploads\/WhatsApp-Image-2019-06-23-at-18.23.07.jpeg?fit=719%2C699&ssl=1&resize=350%2C200","width":350,"height":200,"srcset":"https:\/\/i0.wp.com\/larevistadigital.com.ar\/blog\/wp-content\/uploads\/WhatsApp-Image-2019-06-23-at-18.23.07.jpeg?fit=719%2C699&ssl=1&resize=350%2C200 1x, https:\/\/i0.wp.com\/larevistadigital.com.ar\/blog\/wp-content\/uploads\/WhatsApp-Image-2019-06-23-at-18.23.07.jpeg?fit=719%2C699&ssl=1&resize=525%2C300 1.5x, https:\/\/i0.wp.com\/larevistadigital.com.ar\/blog\/wp-content\/uploads\/WhatsApp-Image-2019-06-23-at-18.23.07.jpeg?fit=719%2C699&ssl=1&resize=700%2C400 2x"},"classes":[]},{"id":30231,"url":"https:\/\/larevistadigital.com.ar\/blog\/chascomus-excelente-iniciativa-de-la-camara-de-comercio-la-noche-de-la-vuelta-al-cole\/","url_meta":{"origin":36939,"position":3},"title":"CHASCOM\u00daS: EXCELENTE INICIATIVA DE LA C\u00c1MARA DE COMERCIO&#8230; \u00abLA NOCHE DE LA VUELTA AL COLE\u00bb","author":"Alejandro Sosa Ruda","date":"24 febrero, 2023","format":false,"excerpt":"Una iniciativa muy buena tanto para los comercios, como para los papis que dispondr\u00e1n de tiempo extra para poder adquirir lo necesario para los chicos, y disfrutar de entretenimientos que har\u00e1n una velada hermosa para compartir en familia. 24 de febrero de 2023 CHASCOM\u00daS -\u00a0 La C\u00e1mara de Comercio, Producci\u00f3n,\u2026","rel":"","context":"En \u00abCHASCOM\u00daS\u00bb","block_context":{"text":"CHASCOM\u00daS","link":"https:\/\/larevistadigital.com.ar\/blog\/category\/chascomus\/"},"img":{"alt_text":"","src":"https:\/\/i0.wp.com\/larevistadigital.com.ar\/blog\/wp-content\/uploads\/WhatsApp-Image-2023-02-22-at-14.56.35.jpeg?fit=1081%2C1081&ssl=1&resize=350%2C200","width":350,"height":200,"srcset":"https:\/\/i0.wp.com\/larevistadigital.com.ar\/blog\/wp-content\/uploads\/WhatsApp-Image-2023-02-22-at-14.56.35.jpeg?fit=1081%2C1081&ssl=1&resize=350%2C200 1x, https:\/\/i0.wp.com\/larevistadigital.com.ar\/blog\/wp-content\/uploads\/WhatsApp-Image-2023-02-22-at-14.56.35.jpeg?fit=1081%2C1081&ssl=1&resize=525%2C300 1.5x, https:\/\/i0.wp.com\/larevistadigital.com.ar\/blog\/wp-content\/uploads\/WhatsApp-Image-2023-02-22-at-14.56.35.jpeg?fit=1081%2C1081&ssl=1&resize=700%2C400 2x, https:\/\/i0.wp.com\/larevistadigital.com.ar\/blog\/wp-content\/uploads\/WhatsApp-Image-2023-02-22-at-14.56.35.jpeg?fit=1081%2C1081&ssl=1&resize=1050%2C600 3x"},"classes":[]},{"id":23851,"url":"https:\/\/larevistadigital.com.ar\/blog\/el-merendero-los-chicos-agradecio-a-la-bancaria-de-chascomus-y-al-dirigente-andres-messina-por-una-donacion\/","url_meta":{"origin":36939,"position":4},"title":"EL \u00abMERENDERO LOS CHICOS\u00bb AGRADECI\u00d3 A LA BANCARIA DE CHASCOM\u00daS Y AL DIRIGENTE ANDR\u00c9S MESSINA POR UNA DONACI\u00d3N","author":"Alejandro Sosa Ruda","date":"7 febrero, 2022","format":false,"excerpt":"CHASCOM\u00daS -\u00a0 El \"Merendero Los Chicos\" hizo una publicaci\u00f3n en su p\u00e1gina de Facebook, para agradecer a la Seccional Chascom\u00fas de la Asociaci\u00f3n Bancaria, por una donaci\u00f3n que recibieron, donde adem\u00e1s resalta la figura del secretario general adjunto de la misma, el \"Colo\" Andr\u00e9s Messina. La publicaci\u00f3n expresa \"Holaaa a\u2026","rel":"","context":"En \u00abCHASCOM\u00daS\u00bb","block_context":{"text":"CHASCOM\u00daS","link":"https:\/\/larevistadigital.com.ar\/blog\/category\/chascomus\/"},"img":{"alt_text":"","src":"https:\/\/i0.wp.com\/larevistadigital.com.ar\/blog\/wp-content\/uploads\/273302365_267623518813507_5072451784698434726_n.jpg?fit=1200%2C900&ssl=1&resize=350%2C200","width":350,"height":200,"srcset":"https:\/\/i0.wp.com\/larevistadigital.com.ar\/blog\/wp-content\/uploads\/273302365_267623518813507_5072451784698434726_n.jpg?fit=1200%2C900&ssl=1&resize=350%2C200 1x, https:\/\/i0.wp.com\/larevistadigital.com.ar\/blog\/wp-content\/uploads\/273302365_267623518813507_5072451784698434726_n.jpg?fit=1200%2C900&ssl=1&resize=525%2C300 1.5x, https:\/\/i0.wp.com\/larevistadigital.com.ar\/blog\/wp-content\/uploads\/273302365_267623518813507_5072451784698434726_n.jpg?fit=1200%2C900&ssl=1&resize=700%2C400 2x, https:\/\/i0.wp.com\/larevistadigital.com.ar\/blog\/wp-content\/uploads\/273302365_267623518813507_5072451784698434726_n.jpg?fit=1200%2C900&ssl=1&resize=1050%2C600 3x"},"classes":[]},{"id":43687,"url":"https:\/\/larevistadigital.com.ar\/blog\/chascomus-mas-de-10-mil-personas-disfrutaron-el-festival-en-la-capital-nacional-de-las-orquestas-infantiles-y-juveniles\/","url_meta":{"origin":36939,"position":5},"title":"Chascom\u00fas: M\u00e1s de 10 mil personas disfrutaron \u201cEl Festival\u201d en la Capital Nacional de las Orquestas Infantiles y Juveniles","author":"Alejandro Sosa Ruda","date":"31 enero, 2026","format":false,"excerpt":"Alrededor de 10 mil personas vivieron el inicio de \u201cEl Festival\u201d en Chascom\u00fas, donde los 450 chicos y j\u00f3venes fueron los verdaderos protagonistas y un predio colmado de propuestas para toda la familia. 31 de enero de 2026 Chascom\u00fas vivi\u00f3 una noche hist\u00f3rica en el primer d\u00eda de \u201cEl Festival\u201d,\u2026","rel":"","context":"En \u00abCHASCOM\u00daS\u00bb","block_context":{"text":"CHASCOM\u00daS","link":"https:\/\/larevistadigital.com.ar\/blog\/category\/chascomus\/"},"img":{"alt_text":"","src":"https:\/\/i0.wp.com\/larevistadigital.com.ar\/blog\/wp-content\/uploads\/697cf46fb3c71.png?fit=668%2C445&ssl=1&resize=350%2C200","width":350,"height":200,"srcset":"https:\/\/i0.wp.com\/larevistadigital.com.ar\/blog\/wp-content\/uploads\/697cf46fb3c71.png?fit=668%2C445&ssl=1&resize=350%2C200 1x, https:\/\/i0.wp.com\/larevistadigital.com.ar\/blog\/wp-content\/uploads\/697cf46fb3c71.png?fit=668%2C445&ssl=1&resize=525%2C300 1.5x"},"classes":[]}],"_links":{"self":[{"href":"https:\/\/larevistadigital.com.ar\/blog\/wp-json\/wp\/v2\/posts\/36939","targetHints":{"allow":["GET"]}}],"collection":[{"href":"https:\/\/larevistadigital.com.ar\/blog\/wp-json\/wp\/v2\/posts"}],"about":[{"href":"https:\/\/larevistadigital.com.ar\/blog\/wp-json\/wp\/v2\/types\/post"}],"author":[{"embeddable":true,"href":"https:\/\/larevistadigital.com.ar\/blog\/wp-json\/wp\/v2\/users\/3"}],"replies":[{"embeddable":true,"href":"https:\/\/larevistadigital.com.ar\/blog\/wp-json\/wp\/v2\/comments?post=36939"}],"version-history":[{"count":5,"href":"https:\/\/larevistadigital.com.ar\/blog\/wp-json\/wp\/v2\/posts\/36939\/revisions"}],"predecessor-version":[{"id":36945,"href":"https:\/\/larevistadigital.com.ar\/blog\/wp-json\/wp\/v2\/posts\/36939\/revisions\/36945"}],"wp:featuredmedia":[{"embeddable":true,"href":"https:\/\/larevistadigital.com.ar\/blog\/wp-json\/wp\/v2\/media\/36940"}],"wp:attachment":[{"href":"https:\/\/larevistadigital.com.ar\/blog\/wp-json\/wp\/v2\/media?parent=36939"}],"wp:term":[{"taxonomy":"category","embeddable":true,"href":"https:\/\/larevistadigital.com.ar\/blog\/wp-json\/wp\/v2\/categories?post=36939"},{"taxonomy":"post_tag","embeddable":true,"href":"https:\/\/larevistadigital.com.ar\/blog\/wp-json\/wp\/v2\/tags?post=36939"}],"curies":[{"name":"wp","href":"https:\/\/api.w.org\/{rel}","templated":true}]}}