{"id":37042,"date":"2024-08-23T20:11:03","date_gmt":"2024-08-23T23:11:03","guid":{"rendered":"https:\/\/larevistadigital.com.ar\/blog\/?p=37042"},"modified":"2024-08-23T20:11:03","modified_gmt":"2024-08-23T23:11:03","slug":"chascomus-en-el-barrio-ipora-se-inscribira-en-el-registro-de-acceso-a-los-subsidios-de-energia","status":"publish","type":"post","link":"https:\/\/larevistadigital.com.ar\/blog\/chascomus-en-el-barrio-ipora-se-inscribira-en-el-registro-de-acceso-a-los-subsidios-de-energia\/","title":{"rendered":"CHASCOM\u00daS: EN EL BARRIO IPOR\u00c1 SE INSCRIBIR\u00c1 EN EL REGISTRO DE ACCESO A LOS SUBSIDIOS DE ENERG\u00cdA"},"content":{"rendered":"<h2 class=\"excerpt\">Este s\u00e1bado de 9 a 12 horas, el equipo de Pol\u00edticas Comunitarias municipal realizar\u00e1 un operativo especial en el SUM barrial, ubicado en Sargento Cabral y Per\u00fa.<\/h2>\n<p>23 de Agosto de 2024<\/p>\n<div id=\"miDiv1\" class=\"text\">\n<p><strong>CHASCOM\u00daS &#8211;\u00a0<\/strong> Este s\u00e1bado de 9 a 12 horas, el equipo de Pol\u00edticas Comunitarias municipal realizar\u00e1 un operativo especial en el SUM barrial, ubicado en Sargento Cabral y Per\u00fa.<\/p>\n<blockquote>\n<h3>Esta acci\u00f3n est\u00e1 especialmente destinada a quienes tienen dificultades para inscribirse en el Registro de Acceso a los Subsidios de Energ\u00eda (RASE) de manera online o acudir a la Oficina Municipal de Informaci\u00f3n al Consumidor (OMIC).<\/h3>\n<\/blockquote>\n<p>La atenci\u00f3n continuar\u00e1 el martes pr\u00f3ximo, de 14 a 17 horas, en la oficina de Desarrollo Social (Sarmiento 42) y el s\u00e1bado 31, en el mismo horario, en el SUM del barrio 30 de Mayo.<\/p>\n<blockquote>\n<h3>Al mismo tiempo, los interesados pueden recibir asesoramiento en la OMIC, ubicada en Dorrego 229, lunes, mi\u00e9rcoles y viernes entre las 9 y las 12 horas, o registrarse directamente a trav\u00e9s de la p\u00e1gina web http:\/\/argentina.gob.ar\/subsidios.<\/h3>\n<\/blockquote>\n<p>Para el tr\u00e1mite es necesario presentar la \u00faltima factura de gas y luz, constancia de CUIT, DNI, constancia de ingresos de todo el grupo familiar conviviente y direcci\u00f3n de correo electr\u00f3nico.<\/p>\n<h3><span style=\"color: #ff0000\"><strong>La inscripci\u00f3n finalizar\u00e1 el 4 de septiembre.<\/strong><\/span><\/h3>\n<\/div>\n","protected":false},"excerpt":{"rendered":"<div class=\"mh-excerpt\"><p>Este s\u00e1bado de 9 a 12 horas, el equipo de Pol\u00edticas Comunitarias municipal realizar\u00e1 un operativo especial en el SUM barrial, ubicado en Sargento Cabral y Per\u00fa. 23 de Agosto de 2024 CHASCOM\u00daS &#8211;\u00a0 Este <a class=\"mh-excerpt-more\" href=\"https:\/\/larevistadigital.com.ar\/blog\/chascomus-en-el-barrio-ipora-se-inscribira-en-el-registro-de-acceso-a-los-subsidios-de-energia\/\" title=\"CHASCOM\u00daS: EN EL BARRIO IPOR\u00c1 SE INSCRIBIR\u00c1 EN EL REGISTRO DE ACCESO A LOS SUBSIDIOS DE ENERG\u00cdA\">[Leer M\u00e1s]<\/a><\/p>\n<\/div>","protected":false},"author":3,"featured_media":37043,"comment_status":"open","ping_status":"open","sticky":false,"template":"","format":"standard","meta":{"_jetpack_memberships_contains_paid_content":false,"footnotes":"","jetpack_publicize_message":"","jetpack_publicize_feature_enabled":true,"jetpack_social_post_already_shared":true,"jetpack_social_options":{"image_generator_settings":{"template":"highway","default_image_id":0,"font":"","enabled":false},"version":2}},"categories":[6],"tags":[],"class_list":{"0":"post-37042","1":"post","2":"type-post","3":"status-publish","4":"format-standard","5":"has-post-thumbnail","7":"category-chascomus"},"jetpack_publicize_connections":[],"jetpack_featured_media_url":"https:\/\/i0.wp.com\/larevistadigital.com.ar\/blog\/wp-content\/uploads\/66c8c102be257.png?fit=668%2C445&ssl=1","jetpack_sharing_enabled":true,"jetpack_shortlink":"https:\/\/wp.me\/p8qtrQ-9Ds","jetpack-related-posts":[{"id":42262,"url":"https:\/\/larevistadigital.com.ar\/blog\/chascomus-la-muni-cerca-lleva-servicios-al-barrio-la-noria\/","url_meta":{"origin":37042,"position":0},"title":"Chascom\u00fas: La Muni Cerca lleva servicios al barrio La Noria","author":"Alejandro Sosa Ruda","date":"29 octubre, 2025","format":false,"excerpt":"El programa municipal acerca servicios y gestiones a los vecinos de toda la ciudad y de la zona rural. La pr\u00f3xima semana se realizar\u00e1 una nueva edici\u00f3n de La Muni Cerca en la sede barrial de La Noria. El programa estar\u00e1 disponible el mi\u00e9rcoles 5 y jueves 6 de noviembre,\u2026","rel":"","context":"En \u00abCHASCOM\u00daS\u00bb","block_context":{"text":"CHASCOM\u00daS","link":"https:\/\/larevistadigital.com.ar\/blog\/category\/chascomus\/"},"img":{"alt_text":"","src":"https:\/\/i0.wp.com\/larevistadigital.com.ar\/blog\/wp-content\/uploads\/690254a943a69.png?fit=668%2C445&ssl=1&resize=350%2C200","width":350,"height":200,"srcset":"https:\/\/i0.wp.com\/larevistadigital.com.ar\/blog\/wp-content\/uploads\/690254a943a69.png?fit=668%2C445&ssl=1&resize=350%2C200 1x, https:\/\/i0.wp.com\/larevistadigital.com.ar\/blog\/wp-content\/uploads\/690254a943a69.png?fit=668%2C445&ssl=1&resize=525%2C300 1.5x"},"classes":[]},{"id":36650,"url":"https:\/\/larevistadigital.com.ar\/blog\/chascomus-las-unidades-descentralizadas-de-atencion-para-dar-respuesta-a-la-creciente-demanda-social\/","url_meta":{"origin":37042,"position":1},"title":"CHASCOM\u00daS: LAS UNIDADES DESCENTRALIZADAS DE ATENCI\u00d3N PARA DAR RESPUESTA A LA CRECIENTE DEMANDA SOCIAL","author":"Alejandro Sosa Ruda","date":"12 julio, 2024","format":false,"excerpt":"Estas unidades estar\u00e1n ubicadas en sedes barriales y espacios comunitarios, donde el equipo de trabajadores sociales de la Direcci\u00f3n de Pol\u00edticas Comunitarias brindar\u00e1 atenci\u00f3n directa a los vecinos. 10 de Julio de 2024 CHASCOM\u00daS -\u00a0 La Secretar\u00eda de Desarrollo Social brinda el acompa\u00f1amiento a las familias de las distintas comunidades\u2026","rel":"","context":"En \u00abCHASCOM\u00daS\u00bb","block_context":{"text":"CHASCOM\u00daS","link":"https:\/\/larevistadigital.com.ar\/blog\/category\/chascomus\/"},"img":{"alt_text":"","src":"https:\/\/i0.wp.com\/larevistadigital.com.ar\/blog\/wp-content\/uploads\/2024_07_12_01_09_16_9673909.jpg?fit=600%2C401&ssl=1&resize=350%2C200","width":350,"height":200,"srcset":"https:\/\/i0.wp.com\/larevistadigital.com.ar\/blog\/wp-content\/uploads\/2024_07_12_01_09_16_9673909.jpg?fit=600%2C401&ssl=1&resize=350%2C200 1x, https:\/\/i0.wp.com\/larevistadigital.com.ar\/blog\/wp-content\/uploads\/2024_07_12_01_09_16_9673909.jpg?fit=600%2C401&ssl=1&resize=525%2C300 1.5x"},"classes":[]},{"id":41383,"url":"https:\/\/larevistadigital.com.ar\/blog\/chascomus-la-muni-cerca-en-el-barrio-lomas-altas\/","url_meta":{"origin":37042,"position":2},"title":"Chascom\u00fas: La muni cerca, en el barrio Lomas Altas","author":"Alejandro Sosa Ruda","date":"10 septiembre, 2025","format":false,"excerpt":"A trav\u00e9s de esta iniciativa, la Municipalidad busca facilitar el acceso a gestiones municipales y continuar promoviendo el acercamiento con los vecinos en distintos puntos del distrito. 10 de Septiembre de 2025 CHASCOM\u00daS -\u00a0 El martes 16 y el mi\u00e9rcoles 17 se realizar\u00e1 una nueva edici\u00f3n de \u201cLa Muni Cerca\u201d,\u2026","rel":"","context":"En \u00abCHASCOM\u00daS\u00bb","block_context":{"text":"CHASCOM\u00daS","link":"https:\/\/larevistadigital.com.ar\/blog\/category\/chascomus\/"},"img":{"alt_text":"","src":"https:\/\/i0.wp.com\/larevistadigital.com.ar\/blog\/wp-content\/uploads\/68c1a4ce23c95.png?fit=668%2C445&ssl=1&resize=350%2C200","width":350,"height":200,"srcset":"https:\/\/i0.wp.com\/larevistadigital.com.ar\/blog\/wp-content\/uploads\/68c1a4ce23c95.png?fit=668%2C445&ssl=1&resize=350%2C200 1x, https:\/\/i0.wp.com\/larevistadigital.com.ar\/blog\/wp-content\/uploads\/68c1a4ce23c95.png?fit=668%2C445&ssl=1&resize=525%2C300 1.5x"},"classes":[]},{"id":39064,"url":"https:\/\/larevistadigital.com.ar\/blog\/la-muni-cerca-llega-al-barrio-lomas-altas-25-y-26-de-marzo\/","url_meta":{"origin":37042,"position":3},"title":"La Muni Cerca llega al barrio Lomas Altas (25 Y 26 de Marzo)","author":"Alejandro Sosa Ruda","date":"22 marzo, 2025","format":false,"excerpt":"El programa, impulsado por la Municipalidad de Chascom\u00fas, busca descentralizar la gesti\u00f3n y facilitar el acceso a tr\u00e1mites. 22 De Marzo de 2025 CHASCOM\u00daS -\u00a0 El programa \"La Muni Cerca\" se realizar\u00e1 en el barrio Lomas Altas los d\u00edas martes 25 y mi\u00e9rcoles 26 de este mes. El operativo se\u2026","rel":"","context":"En \u00abCHASCOM\u00daS\u00bb","block_context":{"text":"CHASCOM\u00daS","link":"https:\/\/larevistadigital.com.ar\/blog\/category\/chascomus\/"},"img":{"alt_text":"","src":"https:\/\/i0.wp.com\/larevistadigital.com.ar\/blog\/wp-content\/uploads\/67dd9e497ee14.png?fit=668%2C445&ssl=1&resize=350%2C200","width":350,"height":200,"srcset":"https:\/\/i0.wp.com\/larevistadigital.com.ar\/blog\/wp-content\/uploads\/67dd9e497ee14.png?fit=668%2C445&ssl=1&resize=350%2C200 1x, https:\/\/i0.wp.com\/larevistadigital.com.ar\/blog\/wp-content\/uploads\/67dd9e497ee14.png?fit=668%2C445&ssl=1&resize=525%2C300 1.5x"},"classes":[]},{"id":35534,"url":"https:\/\/larevistadigital.com.ar\/blog\/el-lunes-se-presentaran-los-nuevos-lineamientos-de-politicas-comunitarias\/","url_meta":{"origin":37042,"position":4},"title":"EL LUNES SE PRESENTAR\u00c1N LOS NUEVOS LINEAMIENTOS DE POL\u00cdTICAS COMUNITARIAS","author":"Alejandro Sosa Ruda","date":"13 marzo, 2024","format":false,"excerpt":"Ser\u00e1 a trav\u00e9s de una charla abierta a toda la comunidad, que se realizar\u00e1 en el SUM del barrio San Luis, a partir de las 9,30 horas. 13 de marzo de 2024 CHASCOM\u00daS -\u00a0 Se trata de una reuni\u00f3n donde se presentar\u00e1 el \u00e1rea de Pol\u00edticas Comunitarias y brindar\u00e1 informaci\u00f3n\u2026","rel":"","context":"En \u00abINTERES GENERAL\u00bb","block_context":{"text":"INTERES GENERAL","link":"https:\/\/larevistadigital.com.ar\/blog\/category\/interes-general\/"},"img":{"alt_text":"","src":"https:\/\/i0.wp.com\/larevistadigital.com.ar\/blog\/wp-content\/uploads\/DESARROLLO-SOCIAL-1.jpg?fit=700%2C468&ssl=1&resize=350%2C200","width":350,"height":200,"srcset":"https:\/\/i0.wp.com\/larevistadigital.com.ar\/blog\/wp-content\/uploads\/DESARROLLO-SOCIAL-1.jpg?fit=700%2C468&ssl=1&resize=350%2C200 1x, https:\/\/i0.wp.com\/larevistadigital.com.ar\/blog\/wp-content\/uploads\/DESARROLLO-SOCIAL-1.jpg?fit=700%2C468&ssl=1&resize=525%2C300 1.5x, https:\/\/i0.wp.com\/larevistadigital.com.ar\/blog\/wp-content\/uploads\/DESARROLLO-SOCIAL-1.jpg?fit=700%2C468&ssl=1&resize=700%2C400 2x"},"classes":[]},{"id":39858,"url":"https:\/\/larevistadigital.com.ar\/blog\/chascomus-importante-taller-de-cv-y-busqueda-laboral\/","url_meta":{"origin":37042,"position":5},"title":"Chascom\u00fas: Importante Taller de CV y b\u00fasqueda laboral","author":"Alejandro Sosa Ruda","date":"22 mayo, 2025","format":false,"excerpt":"Organizado por la Municipalidad de Chascom\u00fas y destinado a j\u00f3venes beneficiarios b\u00fasqueda de empleo. 22 de Mayo de 2025 CHASCOM\u00daS -\u00a0 El pr\u00f3ximo 28 de mayo a partir de las 9.30 y hasta las 11.30, se realizar\u00e1 en el SUM del Barrio Ipor\u00e1, un taller de armado de Curriculum Vitae\u2026","rel":"","context":"En \u00abCHASCOM\u00daS\u00bb","block_context":{"text":"CHASCOM\u00daS","link":"https:\/\/larevistadigital.com.ar\/blog\/category\/chascomus\/"},"img":{"alt_text":"","src":"https:\/\/i0.wp.com\/larevistadigital.com.ar\/blog\/wp-content\/uploads\/682f862b72bfd.png?fit=668%2C445&ssl=1&resize=350%2C200","width":350,"height":200,"srcset":"https:\/\/i0.wp.com\/larevistadigital.com.ar\/blog\/wp-content\/uploads\/682f862b72bfd.png?fit=668%2C445&ssl=1&resize=350%2C200 1x, https:\/\/i0.wp.com\/larevistadigital.com.ar\/blog\/wp-content\/uploads\/682f862b72bfd.png?fit=668%2C445&ssl=1&resize=525%2C300 1.5x"},"classes":[]}],"_links":{"self":[{"href":"https:\/\/larevistadigital.com.ar\/blog\/wp-json\/wp\/v2\/posts\/37042","targetHints":{"allow":["GET"]}}],"collection":[{"href":"https:\/\/larevistadigital.com.ar\/blog\/wp-json\/wp\/v2\/posts"}],"about":[{"href":"https:\/\/larevistadigital.com.ar\/blog\/wp-json\/wp\/v2\/types\/post"}],"author":[{"embeddable":true,"href":"https:\/\/larevistadigital.com.ar\/blog\/wp-json\/wp\/v2\/users\/3"}],"replies":[{"embeddable":true,"href":"https:\/\/larevistadigital.com.ar\/blog\/wp-json\/wp\/v2\/comments?post=37042"}],"version-history":[{"count":1,"href":"https:\/\/larevistadigital.com.ar\/blog\/wp-json\/wp\/v2\/posts\/37042\/revisions"}],"predecessor-version":[{"id":37044,"href":"https:\/\/larevistadigital.com.ar\/blog\/wp-json\/wp\/v2\/posts\/37042\/revisions\/37044"}],"wp:featuredmedia":[{"embeddable":true,"href":"https:\/\/larevistadigital.com.ar\/blog\/wp-json\/wp\/v2\/media\/37043"}],"wp:attachment":[{"href":"https:\/\/larevistadigital.com.ar\/blog\/wp-json\/wp\/v2\/media?parent=37042"}],"wp:term":[{"taxonomy":"category","embeddable":true,"href":"https:\/\/larevistadigital.com.ar\/blog\/wp-json\/wp\/v2\/categories?post=37042"},{"taxonomy":"post_tag","embeddable":true,"href":"https:\/\/larevistadigital.com.ar\/blog\/wp-json\/wp\/v2\/tags?post=37042"}],"curies":[{"name":"wp","href":"https:\/\/api.w.org\/{rel}","templated":true}]}}