{"id":37045,"date":"2024-08-23T20:27:38","date_gmt":"2024-08-23T23:27:38","guid":{"rendered":"https:\/\/larevistadigital.com.ar\/blog\/?p=37045"},"modified":"2024-08-23T20:27:38","modified_gmt":"2024-08-23T23:27:38","slug":"chascomus-entrega-de-credenciales-de-transporte-para-estudiantes-del-centro-universitario","status":"publish","type":"post","link":"https:\/\/larevistadigital.com.ar\/blog\/chascomus-entrega-de-credenciales-de-transporte-para-estudiantes-del-centro-universitario\/","title":{"rendered":"CHASCOM\u00daS: ENTREGA DE CREDENCIALES DE TRANSPORTE PARA ESTUDIANTES DEL CENTRO UNIVERSITARIO"},"content":{"rendered":"<h2 class=\"excerpt\">El subsidio del 75% al boleto de colectivo otorgado por la Municipalidad de Chascom\u00fas facilita el acceso a las clases que se cursan en la sede educativa de General Paz.<\/h2>\n<p>23 de Agosto de 2024<\/p>\n<div id=\"miDiv1\" class=\"text\">\n<p><strong>CHASCOM\u00daS &#8211;\u00a0<\/strong> Este jueves, los estudiantes chascomunenses de las carreras que se dictan en el Centro Universitario recibieron credenciales para el transporte, de parte del intendente interino Leandro Bordalecou y el subsecretario de Infancias y Juventudes, Lucio Alfons\u00edn.<\/p>\n<blockquote>\n<h3>La entrega se realiz\u00f3 justo antes del viaje a la primera clase presencial que se dict\u00f3 en el Centro Universitario de Ranchos que se realiz\u00f3 en una de las unidades de la L\u00ednea 381.<\/h3>\n<\/blockquote>\n<p>Un total de 52 alumnos y alumnas se registraron para recibir el subsidio otorgado por la Municipalidad de Chascom\u00fas. Este beneficio cubre el 75% del costo del boleto, destinado a aquellos estudiantes chascomunenses que deben viajar para asistir a sus clases.<\/p>\n<blockquote>\n<h3>Las tecnicaturas en Gesti\u00f3n de Peque\u00f1as y Medianas Empresas y Producci\u00f3n Digital pertenecen a la Universidad de Quilmes, y en el marco del Programa Puentes de la Provincia de Buenos Aires, se cursan en un formato compartido entre Chascom\u00fas y Ranchos.<\/h3>\n<\/blockquote>\n<p>Las carreras, con una duraci\u00f3n de tres a\u00f1os y medio repartidos en siete cuatrimestres, se ofrecen conjuntamente en los centros universitarios de ambas localidades.<\/p>\n<\/div>\n","protected":false},"excerpt":{"rendered":"<div class=\"mh-excerpt\"><p>El subsidio del 75% al boleto de colectivo otorgado por la Municipalidad de Chascom\u00fas facilita el acceso a las clases que se cursan en la sede educativa de General Paz. 23 de Agosto de 2024 <a class=\"mh-excerpt-more\" href=\"https:\/\/larevistadigital.com.ar\/blog\/chascomus-entrega-de-credenciales-de-transporte-para-estudiantes-del-centro-universitario\/\" title=\"CHASCOM\u00daS: ENTREGA DE CREDENCIALES DE TRANSPORTE PARA ESTUDIANTES DEL CENTRO UNIVERSITARIO\">[Leer M\u00e1s]<\/a><\/p>\n<\/div>","protected":false},"author":3,"featured_media":37046,"comment_status":"open","ping_status":"open","sticky":false,"template":"","format":"standard","meta":{"_jetpack_memberships_contains_paid_content":false,"footnotes":"","jetpack_publicize_message":"","jetpack_publicize_feature_enabled":true,"jetpack_social_post_already_shared":true,"jetpack_social_options":{"image_generator_settings":{"template":"highway","default_image_id":0,"font":"","enabled":false},"version":2}},"categories":[6],"tags":[],"class_list":{"0":"post-37045","1":"post","2":"type-post","3":"status-publish","4":"format-standard","5":"has-post-thumbnail","7":"category-chascomus"},"jetpack_publicize_connections":[],"jetpack_featured_media_url":"https:\/\/i0.wp.com\/larevistadigital.com.ar\/blog\/wp-content\/uploads\/66c8c20f9587f.png?fit=668%2C445&ssl=1","jetpack_sharing_enabled":true,"jetpack_shortlink":"https:\/\/wp.me\/p8qtrQ-9Dv","jetpack-related-posts":[{"id":42989,"url":"https:\/\/larevistadigital.com.ar\/blog\/cincuenta-estudiantes-egresaron-de-diplomaturas-dictadas-en-el-centro-universitario-chascomus\/","url_meta":{"origin":37045,"position":0},"title":"Cincuenta estudiantes egresaron de diplomaturas dictadas en el Centro Universitario Chascom\u00fas","author":"Alejandro Sosa Ruda","date":"22 diciembre, 2025","format":false,"excerpt":"Recibieron sus diplomas quienes completaron las formaciones en Programaci\u00f3n y An\u00e1lisis de Datos, Medio Ambiente y Bionegocios. CHASCOM\u00daS -\u00a0 \u00a0Un total de 50 estudiantes recibieron el viernes sus diplomas tras haber finalizado distintas diplomaturas universitarias dictadas en el Centro Universitario Chascom\u00fas. El acto se realiz\u00f3 en la sede del Centro\u2026","rel":"","context":"En \u00abCHASCOM\u00daS\u00bb","block_context":{"text":"CHASCOM\u00daS","link":"https:\/\/larevistadigital.com.ar\/blog\/category\/chascomus\/"},"img":{"alt_text":"","src":"https:\/\/i0.wp.com\/larevistadigital.com.ar\/blog\/wp-content\/uploads\/69497d5c74f05.png?fit=668%2C445&ssl=1&resize=350%2C200","width":350,"height":200,"srcset":"https:\/\/i0.wp.com\/larevistadigital.com.ar\/blog\/wp-content\/uploads\/69497d5c74f05.png?fit=668%2C445&ssl=1&resize=350%2C200 1x, https:\/\/i0.wp.com\/larevistadigital.com.ar\/blog\/wp-content\/uploads\/69497d5c74f05.png?fit=668%2C445&ssl=1&resize=525%2C300 1.5x"},"classes":[]},{"id":39651,"url":"https:\/\/larevistadigital.com.ar\/blog\/se-realizo-primer-encuentro-presencial-de-la-diplomatura-en-medio-ambiente-en-el-centro-universitario-chascomus\/","url_meta":{"origin":37045,"position":1},"title":"Se realiz\u00f3 primer encuentro presencial de la Diplomatura en Medio Ambiente en el Centro Universitario Chascom\u00fas","author":"Alejandro Sosa Ruda","date":"5 mayo, 2025","format":false,"excerpt":"M\u00e1s de treinta vecinos y vecinas de la ciudad se encuentran cursando la diplomatura, que tiene una duraci\u00f3n de diez meses. 05 de Mayo de 2025 CHASCOM\u00daS -\u00a0 El s\u00e1bado 3 de mayo tuvo lugar el primer encuentro presencial de la Diplomatura en Medio Ambiente en el Centro Universitario Chascom\u00fas\u2026","rel":"","context":"En \u00abSin categor\u00eda\u00bb","block_context":{"text":"Sin categor\u00eda","link":"https:\/\/larevistadigital.com.ar\/blog\/category\/sin-categoria\/"},"img":{"alt_text":"","src":"https:\/\/i0.wp.com\/larevistadigital.com.ar\/blog\/wp-content\/uploads\/6818f044ed7f0.png?fit=668%2C445&ssl=1&resize=350%2C200","width":350,"height":200,"srcset":"https:\/\/i0.wp.com\/larevistadigital.com.ar\/blog\/wp-content\/uploads\/6818f044ed7f0.png?fit=668%2C445&ssl=1&resize=350%2C200 1x, https:\/\/i0.wp.com\/larevistadigital.com.ar\/blog\/wp-content\/uploads\/6818f044ed7f0.png?fit=668%2C445&ssl=1&resize=525%2C300 1.5x"},"classes":[]},{"id":36242,"url":"https:\/\/larevistadigital.com.ar\/blog\/charla-informativa-sobre-nuevas-carreras-en-el-centro-universitario-de-chascomus\/","url_meta":{"origin":37045,"position":2},"title":"CHARLA INFORMATIVA SOBRE NUEVAS CARRERAS EN EL CENTRO UNIVERSITARIO DE CHASCOM\u00daS","author":"Alejandro Sosa Ruda","date":"5 junio, 2024","format":false,"excerpt":"El pr\u00f3ximo lunes se brindar\u00e1n detalles sobre las nuevas opciones educativas que ofrecer\u00e1 el Centro Universitario de Chascom\u00fas, pr\u00f3ximo a su inauguraci\u00f3n. 5 DE JUNIO DE 2024 CHASCOM\u00daS -\u00a0 A trav\u00e9s de un convenio entre la Municipalidad de Chascom\u00fas, la Municipalidad de General Paz, el gobierno de la provincia de\u2026","rel":"","context":"En \u00abCHASCOM\u00daS\u00bb","block_context":{"text":"CHASCOM\u00daS","link":"https:\/\/larevistadigital.com.ar\/blog\/category\/chascomus\/"},"img":{"alt_text":"","src":"https:\/\/i0.wp.com\/larevistadigital.com.ar\/blog\/wp-content\/uploads\/2024_06_06_01_03_00_1979507.jpg?fit=600%2C400&ssl=1&resize=350%2C200","width":350,"height":200,"srcset":"https:\/\/i0.wp.com\/larevistadigital.com.ar\/blog\/wp-content\/uploads\/2024_06_06_01_03_00_1979507.jpg?fit=600%2C400&ssl=1&resize=350%2C200 1x, https:\/\/i0.wp.com\/larevistadigital.com.ar\/blog\/wp-content\/uploads\/2024_06_06_01_03_00_1979507.jpg?fit=600%2C400&ssl=1&resize=525%2C300 1.5x"},"classes":[]},{"id":37727,"url":"https:\/\/larevistadigital.com.ar\/blog\/nueva-propuesta-para-el-centro-universitario\/","url_meta":{"origin":37045,"position":3},"title":"Nueva propuesta para el Centro Universitario","author":"Alejandro Sosa Ruda","date":"5 noviembre, 2024","format":false,"excerpt":"La Municipalidad de Chascom\u00fas y la UTN firman un nuevo convenio que ampl\u00eda la oferta educativa del Centro Universitario de Chascom\u00fas 5 de Noviembre de 2024 CHASCOM\u00daS -\u00a0 El intendente Javier Gast\u00f3n y el Decano de la Facultad Regional La Plata de la Universidad Tecnol\u00f3gica Nacional, Ingeniero Luis Agust\u00edn Ricci;\u2026","rel":"","context":"En \u00abINTERES GENERAL\u00bb","block_context":{"text":"INTERES GENERAL","link":"https:\/\/larevistadigital.com.ar\/blog\/category\/interes-general\/"},"img":{"alt_text":"","src":"https:\/\/i0.wp.com\/larevistadigital.com.ar\/blog\/wp-content\/uploads\/6729059a1dd44.png?fit=668%2C445&ssl=1&resize=350%2C200","width":350,"height":200,"srcset":"https:\/\/i0.wp.com\/larevistadigital.com.ar\/blog\/wp-content\/uploads\/6729059a1dd44.png?fit=668%2C445&ssl=1&resize=350%2C200 1x, https:\/\/i0.wp.com\/larevistadigital.com.ar\/blog\/wp-content\/uploads\/6729059a1dd44.png?fit=668%2C445&ssl=1&resize=525%2C300 1.5x"},"classes":[]},{"id":37651,"url":"https:\/\/larevistadigital.com.ar\/blog\/nuevas-carreras-universitarias-en-el-centro-universitario-de-chascomus\/","url_meta":{"origin":37045,"position":4},"title":"Nuevas carreras universitarias en el Centro Universitario de Chascom\u00fas","author":"Alejandro Sosa Ruda","date":"30 octubre, 2024","format":false,"excerpt":"Las mismas tienen como destinatarios a docentes de escuelas t\u00e9cnicas de la Provincia de Buenos Aires. 30 de octubre de 2024 CHASCOM\u00daS -\u00a0 En el d\u00eda de ayer se present\u00f3 y dio inicio a la Diplomatura en Agrobiotecnolog\u00eda que se ofrece con instancias de presencialidad en el Instituto Tecnol\u00f3gico Chascom\u00fas\u2026","rel":"","context":"En \u00abINTERES GENERAL\u00bb","block_context":{"text":"INTERES GENERAL","link":"https:\/\/larevistadigital.com.ar\/blog\/category\/interes-general\/"},"img":{"alt_text":"","src":"https:\/\/i0.wp.com\/larevistadigital.com.ar\/blog\/wp-content\/uploads\/6722736e2b6c3.png?fit=668%2C445&ssl=1&resize=350%2C200","width":350,"height":200,"srcset":"https:\/\/i0.wp.com\/larevistadigital.com.ar\/blog\/wp-content\/uploads\/6722736e2b6c3.png?fit=668%2C445&ssl=1&resize=350%2C200 1x, https:\/\/i0.wp.com\/larevistadigital.com.ar\/blog\/wp-content\/uploads\/6722736e2b6c3.png?fit=668%2C445&ssl=1&resize=525%2C300 1.5x"},"classes":[]},{"id":36306,"url":"https:\/\/larevistadigital.com.ar\/blog\/despertaron-gran-interes-las-nuevas-carreras-en-el-centro-universitario-de-chascomus\/","url_meta":{"origin":37045,"position":5},"title":"DESPERTARON GRAN INTER\u00c9S LAS NUEVAS CARRERAS EN EL CENTRO UNIVERSITARIO DE CHASCOM\u00daS","author":"Alejandro Sosa Ruda","date":"13 junio, 2024","format":false,"excerpt":"La inscripci\u00f3n para las Tecnicaturas en Producci\u00f3n Digital y en Gesti\u00f3n de Peque\u00f1as y Medianas Empresas permanecer\u00e1 abierta hasta el 21 de junio. 13 de junio de 2024 CHASCOM\u00daS -\u00a0 Representantes acad\u00e9micos y autoridades municipales brindaron una charla informativa sobre las nuevas opciones educativas que se implementar\u00e1n en el Centro\u2026","rel":"","context":"En \u00abINTERES GENERAL\u00bb","block_context":{"text":"INTERES GENERAL","link":"https:\/\/larevistadigital.com.ar\/blog\/category\/interes-general\/"},"img":{"alt_text":"","src":"https:\/\/i0.wp.com\/larevistadigital.com.ar\/blog\/wp-content\/uploads\/2024_06_12_01_35_49_1134899.jpg?fit=600%2C400&ssl=1&resize=350%2C200","width":350,"height":200,"srcset":"https:\/\/i0.wp.com\/larevistadigital.com.ar\/blog\/wp-content\/uploads\/2024_06_12_01_35_49_1134899.jpg?fit=600%2C400&ssl=1&resize=350%2C200 1x, https:\/\/i0.wp.com\/larevistadigital.com.ar\/blog\/wp-content\/uploads\/2024_06_12_01_35_49_1134899.jpg?fit=600%2C400&ssl=1&resize=525%2C300 1.5x"},"classes":[]}],"_links":{"self":[{"href":"https:\/\/larevistadigital.com.ar\/blog\/wp-json\/wp\/v2\/posts\/37045","targetHints":{"allow":["GET"]}}],"collection":[{"href":"https:\/\/larevistadigital.com.ar\/blog\/wp-json\/wp\/v2\/posts"}],"about":[{"href":"https:\/\/larevistadigital.com.ar\/blog\/wp-json\/wp\/v2\/types\/post"}],"author":[{"embeddable":true,"href":"https:\/\/larevistadigital.com.ar\/blog\/wp-json\/wp\/v2\/users\/3"}],"replies":[{"embeddable":true,"href":"https:\/\/larevistadigital.com.ar\/blog\/wp-json\/wp\/v2\/comments?post=37045"}],"version-history":[{"count":1,"href":"https:\/\/larevistadigital.com.ar\/blog\/wp-json\/wp\/v2\/posts\/37045\/revisions"}],"predecessor-version":[{"id":37047,"href":"https:\/\/larevistadigital.com.ar\/blog\/wp-json\/wp\/v2\/posts\/37045\/revisions\/37047"}],"wp:featuredmedia":[{"embeddable":true,"href":"https:\/\/larevistadigital.com.ar\/blog\/wp-json\/wp\/v2\/media\/37046"}],"wp:attachment":[{"href":"https:\/\/larevistadigital.com.ar\/blog\/wp-json\/wp\/v2\/media?parent=37045"}],"wp:term":[{"taxonomy":"category","embeddable":true,"href":"https:\/\/larevistadigital.com.ar\/blog\/wp-json\/wp\/v2\/categories?post=37045"},{"taxonomy":"post_tag","embeddable":true,"href":"https:\/\/larevistadigital.com.ar\/blog\/wp-json\/wp\/v2\/tags?post=37045"}],"curies":[{"name":"wp","href":"https:\/\/api.w.org\/{rel}","templated":true}]}}