{"id":37066,"date":"2024-08-28T19:39:58","date_gmt":"2024-08-28T22:39:58","guid":{"rendered":"https:\/\/larevistadigital.com.ar\/blog\/?p=37066"},"modified":"2024-08-28T20:19:37","modified_gmt":"2024-08-28T23:19:37","slug":"chascomus-la-policia-recupero-dos-bicicletas-robadas-y-busca-a-sus-duenos-para-reintegrarlas-hayan-o-no-hecho-denuncia","status":"publish","type":"post","link":"https:\/\/larevistadigital.com.ar\/blog\/chascomus-la-policia-recupero-dos-bicicletas-robadas-y-busca-a-sus-duenos-para-reintegrarlas-hayan-o-no-hecho-denuncia\/","title":{"rendered":"CHASCOM\u00daS: LA POLIC\u00cdA RECUPER\u00d3 DOS BICICLETAS ROBADAS, Y BUSCA A SUS DUE\u00d1OS PARA REINTEGR\u00c1RLAS, HAYAN O NO HECHO DENUNCIA."},"content":{"rendered":"<h2>Los propietarios deberan pasar a reconocerlas por <strong>H. Yrigoyen N\u00b0 1209 con la boleta de compra.<\/strong><\/h2>\n<p>28 de Agosto de 2024<\/p>\n<p><strong>CHASCOM\u00daS &#8211;\u00a0 \u00a0<\/strong>Durante la jornada de ayer, personal de la<strong> SUBDELEGACION CHASCOMUS DE INVESTIGACIONES DEL TRAFICO DE DROGAS ILICITAS, <\/strong>incaut\u00f3 dos bicicletas que se encontraron en un registro domiciliario realizado durante el mes en curso, ya que el propietario de vivienda no pudo establecer su procedencia.<\/p>\n<p>Por ello, y debido a lo solicitado por el funcionario judicial interviniente se solicita a cualquier persona que fuera v\u00edctima de il\u00edcito tanto robo como hurto de bicicleta, que hayan o no realizado denuncia, se presenten en el asiento f\u00edsico de esta dependencia policial sita en calle <strong>H. Yrigoyen N\u00b0 1209<\/strong> a fines de realizar reconocimiento de las mismas y en caso de reconocer alguna de ellas deber\u00e1 presentar documentaci\u00f3n que acredite su propiedad.<\/p>\n<h3><span style=\"color: #ff0000\">La fecha l\u00edmite para ello el d\u00eda martes 4 de septiembre del a\u00f1o en curso. Para mayor informaci\u00f3n de los rodados a continuaci\u00f3n se los describe:<\/span><\/h3>\n<p><strong>\u00a0Marca FIRE BIRD turbo 2024 de color gris con letras naranjas, calcoman\u00eda con c\u00f3digo de barra N\u00b0 12103imp y n\u00famero de serie gravado en pedalera P230804604<\/strong><\/p>\n<p><strong>Marca FIRE BIRD turbo 2024 de color negra con letras celestes, calcoman\u00eda con c\u00f3digo de barra N\u00b0 12103-29imp\/1 y n\u00famero de serie gravado en pedalera P230805447<\/strong><\/p>\n<h3><span style=\"color: #ff0000\">LAS BICICLETAS ENCONTRADAS<\/span><\/h3>\n<p><img data-recalc-dims=\"1\" loading=\"lazy\" decoding=\"async\" class=\"alignnone size-full wp-image-37067\" src=\"https:\/\/i0.wp.com\/larevistadigital.com.ar\/blog\/wp-content\/uploads\/WhatsApp-Image-2024-08-27-at-15.54.29-1.jpeg?resize=1600%2C1200&#038;ssl=1\" alt=\"\" width=\"1600\" height=\"1200\" srcset=\"https:\/\/i0.wp.com\/larevistadigital.com.ar\/blog\/wp-content\/uploads\/WhatsApp-Image-2024-08-27-at-15.54.29-1.jpeg?w=1600&amp;ssl=1 1600w, https:\/\/i0.wp.com\/larevistadigital.com.ar\/blog\/wp-content\/uploads\/WhatsApp-Image-2024-08-27-at-15.54.29-1.jpeg?resize=300%2C225&amp;ssl=1 300w, https:\/\/i0.wp.com\/larevistadigital.com.ar\/blog\/wp-content\/uploads\/WhatsApp-Image-2024-08-27-at-15.54.29-1.jpeg?resize=1024%2C768&amp;ssl=1 1024w, https:\/\/i0.wp.com\/larevistadigital.com.ar\/blog\/wp-content\/uploads\/WhatsApp-Image-2024-08-27-at-15.54.29-1.jpeg?resize=768%2C576&amp;ssl=1 768w, https:\/\/i0.wp.com\/larevistadigital.com.ar\/blog\/wp-content\/uploads\/WhatsApp-Image-2024-08-27-at-15.54.29-1.jpeg?resize=1536%2C1152&amp;ssl=1 1536w, https:\/\/i0.wp.com\/larevistadigital.com.ar\/blog\/wp-content\/uploads\/WhatsApp-Image-2024-08-27-at-15.54.29-1.jpeg?resize=678%2C509&amp;ssl=1 678w, https:\/\/i0.wp.com\/larevistadigital.com.ar\/blog\/wp-content\/uploads\/WhatsApp-Image-2024-08-27-at-15.54.29-1.jpeg?resize=326%2C245&amp;ssl=1 326w, https:\/\/i0.wp.com\/larevistadigital.com.ar\/blog\/wp-content\/uploads\/WhatsApp-Image-2024-08-27-at-15.54.29-1.jpeg?resize=80%2C60&amp;ssl=1 80w\" sizes=\"auto, (max-width: 1000px) 100vw, 1000px\" \/> <img data-recalc-dims=\"1\" loading=\"lazy\" decoding=\"async\" class=\"alignnone size-full wp-image-37068\" src=\"https:\/\/i0.wp.com\/larevistadigital.com.ar\/blog\/wp-content\/uploads\/WhatsApp-Image-2024-08-27-at-15.54.29.jpeg?resize=1600%2C1200&#038;ssl=1\" alt=\"\" width=\"1600\" height=\"1200\" srcset=\"https:\/\/i0.wp.com\/larevistadigital.com.ar\/blog\/wp-content\/uploads\/WhatsApp-Image-2024-08-27-at-15.54.29.jpeg?w=1600&amp;ssl=1 1600w, https:\/\/i0.wp.com\/larevistadigital.com.ar\/blog\/wp-content\/uploads\/WhatsApp-Image-2024-08-27-at-15.54.29.jpeg?resize=300%2C225&amp;ssl=1 300w, https:\/\/i0.wp.com\/larevistadigital.com.ar\/blog\/wp-content\/uploads\/WhatsApp-Image-2024-08-27-at-15.54.29.jpeg?resize=1024%2C768&amp;ssl=1 1024w, https:\/\/i0.wp.com\/larevistadigital.com.ar\/blog\/wp-content\/uploads\/WhatsApp-Image-2024-08-27-at-15.54.29.jpeg?resize=768%2C576&amp;ssl=1 768w, https:\/\/i0.wp.com\/larevistadigital.com.ar\/blog\/wp-content\/uploads\/WhatsApp-Image-2024-08-27-at-15.54.29.jpeg?resize=1536%2C1152&amp;ssl=1 1536w, https:\/\/i0.wp.com\/larevistadigital.com.ar\/blog\/wp-content\/uploads\/WhatsApp-Image-2024-08-27-at-15.54.29.jpeg?resize=678%2C509&amp;ssl=1 678w, https:\/\/i0.wp.com\/larevistadigital.com.ar\/blog\/wp-content\/uploads\/WhatsApp-Image-2024-08-27-at-15.54.29.jpeg?resize=326%2C245&amp;ssl=1 326w, https:\/\/i0.wp.com\/larevistadigital.com.ar\/blog\/wp-content\/uploads\/WhatsApp-Image-2024-08-27-at-15.54.29.jpeg?resize=80%2C60&amp;ssl=1 80w\" sizes=\"auto, (max-width: 1000px) 100vw, 1000px\" \/><\/p>\n<p>&nbsp;<\/p>\n","protected":false},"excerpt":{"rendered":"<div class=\"mh-excerpt\"><p>Los propietarios deberan pasar a reconocerlas por H. Yrigoyen N\u00b0 1209 con la boleta de compra. 28 de Agosto de 2024 CHASCOM\u00daS &#8211;\u00a0 \u00a0Durante la jornada de ayer, personal de la SUBDELEGACION CHASCOMUS DE INVESTIGACIONES <a class=\"mh-excerpt-more\" href=\"https:\/\/larevistadigital.com.ar\/blog\/chascomus-la-policia-recupero-dos-bicicletas-robadas-y-busca-a-sus-duenos-para-reintegrarlas-hayan-o-no-hecho-denuncia\/\" title=\"CHASCOM\u00daS: LA POLIC\u00cdA RECUPER\u00d3 DOS BICICLETAS ROBADAS, Y BUSCA A SUS DUE\u00d1OS PARA REINTEGR\u00c1RLAS, HAYAN O NO HECHO DENUNCIA.\">[Leer M\u00e1s]<\/a><\/p>\n<\/div>","protected":false},"author":3,"featured_media":37069,"comment_status":"open","ping_status":"open","sticky":false,"template":"","format":"standard","meta":{"_jetpack_memberships_contains_paid_content":false,"footnotes":"","jetpack_publicize_message":"","jetpack_publicize_feature_enabled":true,"jetpack_social_post_already_shared":true,"jetpack_social_options":{"image_generator_settings":{"template":"highway","default_image_id":0,"font":"","enabled":false},"version":2}},"categories":[50,44],"tags":[],"class_list":{"0":"post-37066","1":"post","2":"type-post","3":"status-publish","4":"format-standard","5":"has-post-thumbnail","7":"category-interes-general","8":"category-policiales"},"jetpack_publicize_connections":[],"jetpack_featured_media_url":"https:\/\/i0.wp.com\/larevistadigital.com.ar\/blog\/wp-content\/uploads\/BICICLETAS-RECUPERADAS.jpg?fit=704%2C275&ssl=1","jetpack_sharing_enabled":true,"jetpack_shortlink":"https:\/\/wp.me\/p8qtrQ-9DQ","jetpack-related-posts":[{"id":42405,"url":"https:\/\/larevistadigital.com.ar\/blog\/chascomus-allanamiento-en-el-barrio-escribano-tras-el-robo-de-dos-bicicletas\/","url_meta":{"origin":37066,"position":0},"title":"Chascom\u00fas: Allanamiento en el Barrio Escribano, tras el robo de dos bicicletas","author":"Alejandro Sosa Ruda","date":"5 noviembre, 2025","format":false,"excerpt":"La Polic\u00eda de Chascom\u00fas realiz\u00f3 un allanamiento en una vivienda de calle Estrada y notific\u00f3 al presunto autor del robo de dos bicicletas sustra\u00eddas del patio de una casa del barrio Escribano. 05 de Noviembre de 2025 CHASCOM\u00daS -\u00a0 \u00a0Autoridades policiales informaron que, a ra\u00edz de una denuncia radicada el\u2026","rel":"","context":"En \u00abINTERES GENERAL\u00bb","block_context":{"text":"INTERES GENERAL","link":"https:\/\/larevistadigital.com.ar\/blog\/category\/interes-general\/"},"img":{"alt_text":"","src":"https:\/\/i0.wp.com\/larevistadigital.com.ar\/blog\/wp-content\/uploads\/Patrullero-La-Plata-Berisso-Policia.jpg?fit=882%2C492&ssl=1&resize=350%2C200","width":350,"height":200,"srcset":"https:\/\/i0.wp.com\/larevistadigital.com.ar\/blog\/wp-content\/uploads\/Patrullero-La-Plata-Berisso-Policia.jpg?fit=882%2C492&ssl=1&resize=350%2C200 1x, https:\/\/i0.wp.com\/larevistadigital.com.ar\/blog\/wp-content\/uploads\/Patrullero-La-Plata-Berisso-Policia.jpg?fit=882%2C492&ssl=1&resize=525%2C300 1.5x, https:\/\/i0.wp.com\/larevistadigital.com.ar\/blog\/wp-content\/uploads\/Patrullero-La-Plata-Berisso-Policia.jpg?fit=882%2C492&ssl=1&resize=700%2C400 2x"},"classes":[]},{"id":3831,"url":"https:\/\/larevistadigital.com.ar\/blog\/chascomus-violento-choque-vuelco-incluido-yrigoyen-garay\/","url_meta":{"origin":37066,"position":1},"title":"CHASCOM\u00daS: VIOLENTO CHOQUE CON VUELCO INCLU\u00cdDO EN YRIGOYEN Y GARAY","author":"Alejandro Sosa Ruda","date":"14 noviembre, 2017","format":false,"excerpt":"En la esquina de las calles Garay e Hipolito Irigoyen, se produjo un violento choque entre dos autos, que culmin\u00f3 con el vuelco de uno de ellos. El siniestro fue protagonizado por un autom\u00f3vil marca Fiat Punto, en el que viajaban dos mujeres, y un Renault Sandero, que fue el\u2026","rel":"","context":"En \u00abDESTACADAS\u00bb","block_context":{"text":"DESTACADAS","link":"https:\/\/larevistadigital.com.ar\/blog\/category\/destacadas\/"},"img":{"alt_text":"","src":"https:\/\/i0.wp.com\/larevistadigital.com.ar\/blog\/wp-content\/uploads\/2017\/11\/Screenshot_1.jpg?fit=650%2C875&ssl=1&resize=350%2C200","width":350,"height":200,"srcset":"https:\/\/i0.wp.com\/larevistadigital.com.ar\/blog\/wp-content\/uploads\/2017\/11\/Screenshot_1.jpg?fit=650%2C875&ssl=1&resize=350%2C200 1x, https:\/\/i0.wp.com\/larevistadigital.com.ar\/blog\/wp-content\/uploads\/2017\/11\/Screenshot_1.jpg?fit=650%2C875&ssl=1&resize=525%2C300 1.5x"},"classes":[]},{"id":27974,"url":"https:\/\/larevistadigital.com.ar\/blog\/chascomus\/","url_meta":{"origin":37066,"position":2},"title":"CHASCOM\u00daS: DENUNCI\u00d3 UN ROBO Y LA POLIC\u00cdA PUDO DAR CON EL AUTOR Y RECUPERAR LO ROBADO","author":"Alejandro Sosa Ruda","date":"22 septiembre, 2022","format":false,"excerpt":"Le sustrajeron de su casa dos bicicletas, horas despu\u00e9s la Polic\u00eda Comunal, logr\u00f3 dar con el autor del hecho y recuperar lo robado. 22 de septiembre de 2022 CHASCOM\u00daS -\u00a0\u00a0Durante el d\u00eda de ayer, una mujer se present\u00f3 en la comisar\u00eda, haciendo la denuncia que le fueron sustra\u00eddas de su\u2026","rel":"","context":"En \u00abINTERES GENERAL\u00bb","block_context":{"text":"INTERES GENERAL","link":"https:\/\/larevistadigital.com.ar\/blog\/category\/interes-general\/"},"img":{"alt_text":"","src":"https:\/\/i0.wp.com\/larevistadigital.com.ar\/blog\/wp-content\/uploads\/2017\/08\/GEO_COMISARIA_1_CHASCOMUS-e1705762962297.jpg?fit=1200%2C548&ssl=1&resize=350%2C200","width":350,"height":200,"srcset":"https:\/\/i0.wp.com\/larevistadigital.com.ar\/blog\/wp-content\/uploads\/2017\/08\/GEO_COMISARIA_1_CHASCOMUS-e1705762962297.jpg?fit=1200%2C548&ssl=1&resize=350%2C200 1x, https:\/\/i0.wp.com\/larevistadigital.com.ar\/blog\/wp-content\/uploads\/2017\/08\/GEO_COMISARIA_1_CHASCOMUS-e1705762962297.jpg?fit=1200%2C548&ssl=1&resize=525%2C300 1.5x, https:\/\/i0.wp.com\/larevistadigital.com.ar\/blog\/wp-content\/uploads\/2017\/08\/GEO_COMISARIA_1_CHASCOMUS-e1705762962297.jpg?fit=1200%2C548&ssl=1&resize=700%2C400 2x, https:\/\/i0.wp.com\/larevistadigital.com.ar\/blog\/wp-content\/uploads\/2017\/08\/GEO_COMISARIA_1_CHASCOMUS-e1705762962297.jpg?fit=1200%2C548&ssl=1&resize=1050%2C600 3x"},"classes":[]},{"id":16421,"url":"https:\/\/larevistadigital.com.ar\/blog\/accidente-en-marin-esquina-yrigoyen-joven-con-traumatismo-de-craneo-fue-trasladado-a-la-plata\/","url_meta":{"origin":37066,"position":3},"title":"ACCIDENTE EN MAR\u00cdN ESQUINA YRIGOYEN: JOVEN CON TRAUMATISMO DE CR\u00c1NEO FUE TRASLADADO A LA PLATA","author":"Alejandro Sosa Ruda","date":"19 septiembre, 2020","format":false,"excerpt":"Inform\u00f3 la FM Por Siempre (97.3) que se produjo durante el d\u00eda de ayer un accidente en las intersecciones de calles Mar\u00edn e Hip\u00f3lito Yrigoyen de la ciudad de Chascom\u00fas, donde un motoveh\u00edculo XR 150 choc\u00f3 contra un Nissan Versa que era conducido por una\u00a0 mujer. La conductora del Nissan\u2026","rel":"","context":"En \u00abCHASCOM\u00daS\u00bb","block_context":{"text":"CHASCOM\u00daS","link":"https:\/\/larevistadigital.com.ar\/blog\/category\/chascomus\/"},"img":{"alt_text":"","src":"https:\/\/i0.wp.com\/larevistadigital.com.ar\/blog\/wp-content\/uploads\/119843195_4494553363919004_4636357988956739559_o.jpg?fit=960%2C720&ssl=1&resize=350%2C200","width":350,"height":200,"srcset":"https:\/\/i0.wp.com\/larevistadigital.com.ar\/blog\/wp-content\/uploads\/119843195_4494553363919004_4636357988956739559_o.jpg?fit=960%2C720&ssl=1&resize=350%2C200 1x, https:\/\/i0.wp.com\/larevistadigital.com.ar\/blog\/wp-content\/uploads\/119843195_4494553363919004_4636357988956739559_o.jpg?fit=960%2C720&ssl=1&resize=525%2C300 1.5x, https:\/\/i0.wp.com\/larevistadigital.com.ar\/blog\/wp-content\/uploads\/119843195_4494553363919004_4636357988956739559_o.jpg?fit=960%2C720&ssl=1&resize=700%2C400 2x"},"classes":[]},{"id":43934,"url":"https:\/\/larevistadigital.com.ar\/blog\/chascomus-corte-de-calles-durante-los-festejos-del-carnaval-infantil\/","url_meta":{"origin":37066,"position":4},"title":"Chascom\u00fas: Corte de calles durante los festejos del Carnaval Infantil","author":"Alejandro Sosa Ruda","date":"11 febrero, 2026","format":false,"excerpt":"Desde este viernes 13 hasta el lunes 16, las calles cercanas al cors\u00f3dromo de la Avenida Alfons\u00edn permanecer\u00e1n cortadas al tr\u00e1nsito a partir de las 18 y hasta que finalice la celebraci\u00f3n. 11 de febrero de 2026 CHASCOM\u00daS\u00a0 -\u00a0 \u00a0Con motivo de realizarse el desfile del carnaval infantil las calles\u2026","rel":"","context":"En \u00abCHASCOM\u00daS\u00bb","block_context":{"text":"CHASCOM\u00daS","link":"https:\/\/larevistadigital.com.ar\/blog\/category\/chascomus\/"},"img":{"alt_text":"","src":"https:\/\/i0.wp.com\/larevistadigital.com.ar\/blog\/wp-content\/uploads\/698cbc36af065.png?fit=668%2C445&ssl=1&resize=350%2C200","width":350,"height":200,"srcset":"https:\/\/i0.wp.com\/larevistadigital.com.ar\/blog\/wp-content\/uploads\/698cbc36af065.png?fit=668%2C445&ssl=1&resize=350%2C200 1x, https:\/\/i0.wp.com\/larevistadigital.com.ar\/blog\/wp-content\/uploads\/698cbc36af065.png?fit=668%2C445&ssl=1&resize=525%2C300 1.5x"},"classes":[]},{"id":11087,"url":"https:\/\/larevistadigital.com.ar\/blog\/choque-en-la-interseccion-entre-calles-rivadavia-e-yrigoyen\/","url_meta":{"origin":37066,"position":5},"title":"CHOQUE EN LA INTERSECCI\u00d3N ENTRE CALLES RIVADAVIA E YRIGOYEN","author":"Alejandro Sosa Ruda","date":"5 julio, 2019","format":false,"excerpt":"Inform\u00f3 la FM Por Siempre (97.3) acerca de un accidente entre dos vehiculos en la esquina de Rivadavia e Yrigoyen. Uno de los veh\u00edculos involucrados en el siniestro, es un Renaut Kangoo que tras presentar el seguro correspondiente se retir\u00f3 del lugar quedando solamente el autom\u00f3vil de marca Citro\u00ebn. \u00a0","rel":"","context":"En \u00abCHASCOM\u00daS\u00bb","block_context":{"text":"CHASCOM\u00daS","link":"https:\/\/larevistadigital.com.ar\/blog\/category\/chascomus\/"},"img":{"alt_text":"","src":"https:\/\/i0.wp.com\/larevistadigital.com.ar\/blog\/wp-content\/uploads\/66421299_2394487050571391_5299079226161364992_o.jpg?fit=1040%2C585&ssl=1&resize=350%2C200","width":350,"height":200,"srcset":"https:\/\/i0.wp.com\/larevistadigital.com.ar\/blog\/wp-content\/uploads\/66421299_2394487050571391_5299079226161364992_o.jpg?fit=1040%2C585&ssl=1&resize=350%2C200 1x, https:\/\/i0.wp.com\/larevistadigital.com.ar\/blog\/wp-content\/uploads\/66421299_2394487050571391_5299079226161364992_o.jpg?fit=1040%2C585&ssl=1&resize=525%2C300 1.5x, https:\/\/i0.wp.com\/larevistadigital.com.ar\/blog\/wp-content\/uploads\/66421299_2394487050571391_5299079226161364992_o.jpg?fit=1040%2C585&ssl=1&resize=700%2C400 2x"},"classes":[]}],"_links":{"self":[{"href":"https:\/\/larevistadigital.com.ar\/blog\/wp-json\/wp\/v2\/posts\/37066","targetHints":{"allow":["GET"]}}],"collection":[{"href":"https:\/\/larevistadigital.com.ar\/blog\/wp-json\/wp\/v2\/posts"}],"about":[{"href":"https:\/\/larevistadigital.com.ar\/blog\/wp-json\/wp\/v2\/types\/post"}],"author":[{"embeddable":true,"href":"https:\/\/larevistadigital.com.ar\/blog\/wp-json\/wp\/v2\/users\/3"}],"replies":[{"embeddable":true,"href":"https:\/\/larevistadigital.com.ar\/blog\/wp-json\/wp\/v2\/comments?post=37066"}],"version-history":[{"count":1,"href":"https:\/\/larevistadigital.com.ar\/blog\/wp-json\/wp\/v2\/posts\/37066\/revisions"}],"predecessor-version":[{"id":37070,"href":"https:\/\/larevistadigital.com.ar\/blog\/wp-json\/wp\/v2\/posts\/37066\/revisions\/37070"}],"wp:featuredmedia":[{"embeddable":true,"href":"https:\/\/larevistadigital.com.ar\/blog\/wp-json\/wp\/v2\/media\/37069"}],"wp:attachment":[{"href":"https:\/\/larevistadigital.com.ar\/blog\/wp-json\/wp\/v2\/media?parent=37066"}],"wp:term":[{"taxonomy":"category","embeddable":true,"href":"https:\/\/larevistadigital.com.ar\/blog\/wp-json\/wp\/v2\/categories?post=37066"},{"taxonomy":"post_tag","embeddable":true,"href":"https:\/\/larevistadigital.com.ar\/blog\/wp-json\/wp\/v2\/tags?post=37066"}],"curies":[{"name":"wp","href":"https:\/\/api.w.org\/{rel}","templated":true}]}}