{"id":37077,"date":"2024-08-28T21:38:15","date_gmt":"2024-08-29T00:38:15","guid":{"rendered":"https:\/\/larevistadigital.com.ar\/blog\/?p=37077"},"modified":"2024-08-28T21:38:15","modified_gmt":"2024-08-29T00:38:15","slug":"ruta-33-accidente-entre-dos-camiones","status":"publish","type":"post","link":"https:\/\/larevistadigital.com.ar\/blog\/ruta-33-accidente-entre-dos-camiones\/","title":{"rendered":"RUTA 33: ACCIDENTE ENTRE DOS CAMIONES"},"content":{"rendered":"<h2>Afortunadamente no hubo que lamentar v\u00edctimas.<\/h2>\n<p>28 de Agosto de 2024<\/p>\n<p><strong>GUAMINI\u00a0 &#8211;\u00a0<\/strong> \u00a0En el d\u00eda de ayer martes 27 de agosto cerca de la medianoche bomberos de Guamin\u00ed acudieron a un accidente entre dos camiones. Por lo que pudimos averiguar uno de los camiones que iba en sentido Guamini-Bah\u00eda Blanca freno de golpe y el que ven\u00eda por detr\u00e1s no alcanz\u00f3 a frenar, cruz\u00e1ndose a la mano contraria para no colisionar, y como ven\u00eda otro cami\u00f3n de frente se fue a la banquina con la mala suerte que empezaba el puente.<\/p>\n<p>Sin banquina choca contra guardarrail llev\u00e1ndolo hacia la ruta donde un segundo cami\u00f3n queda involucrado ya que impacta contra el guardarrail. Por suerte sin v\u00edctimas fatales, en el lugar trabajo policia, bomberos de Guamin\u00ed y piden circular con precauci\u00f3n, ya que solo una mano esta habilitada en la ruta hasta poder sacar los camiones de la misma.<\/p>\n","protected":false},"excerpt":{"rendered":"<div class=\"mh-excerpt\"><p>Afortunadamente no hubo que lamentar v\u00edctimas. 28 de Agosto de 2024 GUAMINI\u00a0 &#8211;\u00a0 \u00a0En el d\u00eda de ayer martes 27 de agosto cerca de la medianoche bomberos de Guamin\u00ed acudieron a un accidente entre dos <a class=\"mh-excerpt-more\" href=\"https:\/\/larevistadigital.com.ar\/blog\/ruta-33-accidente-entre-dos-camiones\/\" title=\"RUTA 33: ACCIDENTE ENTRE DOS CAMIONES\">[Leer M\u00e1s]<\/a><\/p>\n<\/div>","protected":false},"author":3,"featured_media":37078,"comment_status":"open","ping_status":"open","sticky":false,"template":"","format":"standard","meta":{"_jetpack_memberships_contains_paid_content":false,"footnotes":"","jetpack_publicize_message":"","jetpack_publicize_feature_enabled":true,"jetpack_social_post_already_shared":true,"jetpack_social_options":{"image_generator_settings":{"template":"highway","default_image_id":0,"font":"","enabled":false},"version":2}},"categories":[44,51],"tags":[],"class_list":{"0":"post-37077","1":"post","2":"type-post","3":"status-publish","4":"format-standard","5":"has-post-thumbnail","7":"category-policiales","8":"category-regionales"},"jetpack_publicize_connections":[],"jetpack_featured_media_url":"https:\/\/i0.wp.com\/larevistadigital.com.ar\/blog\/wp-content\/uploads\/guamini.jpg?fit=1000%2C808&ssl=1","jetpack_sharing_enabled":true,"jetpack_shortlink":"https:\/\/wp.me\/p8qtrQ-9E1","jetpack-related-posts":[{"id":22218,"url":"https:\/\/larevistadigital.com.ar\/blog\/fatal-accidente-por-choque-entre-camiones\/","url_meta":{"origin":37077,"position":0},"title":"FATAL ACCIDENTE POR CHOQUE ENTRE CAMIONES","author":"Alejandro Sosa Ruda","date":"1 octubre, 2021","format":false,"excerpt":"GRAL. ALVEAR\u00a0 -\u00a0 Un tr\u00e1gico accidente se produjo en Ruta Nacional 205 donde colisionaron dos camiones, uno con productos qu\u00edmicos y el otro con animales. El impactante choque ocurri\u00f3 en la tarde de este mi\u00e9rcoles 29 de setiembre en la Ruta Nacional 205, Km 245, entre General Alvear y Bolivar.\u2026","rel":"","context":"En \u00abPOLICIALES\u00bb","block_context":{"text":"POLICIALES","link":"https:\/\/larevistadigital.com.ar\/blog\/category\/policiales\/"},"img":{"alt_text":"","src":"https:\/\/i0.wp.com\/larevistadigital.com.ar\/blog\/wp-content\/uploads\/camion-incendiado.jpg?fit=720%2C456&ssl=1&resize=350%2C200","width":350,"height":200,"srcset":"https:\/\/i0.wp.com\/larevistadigital.com.ar\/blog\/wp-content\/uploads\/camion-incendiado.jpg?fit=720%2C456&ssl=1&resize=350%2C200 1x, https:\/\/i0.wp.com\/larevistadigital.com.ar\/blog\/wp-content\/uploads\/camion-incendiado.jpg?fit=720%2C456&ssl=1&resize=525%2C300 1.5x, https:\/\/i0.wp.com\/larevistadigital.com.ar\/blog\/wp-content\/uploads\/camion-incendiado.jpg?fit=720%2C456&ssl=1&resize=700%2C400 2x"},"classes":[]},{"id":33193,"url":"https:\/\/larevistadigital.com.ar\/blog\/ruta-51-dos-muertos-en-un-choque-frontal-de-camiones\/","url_meta":{"origin":37077,"position":1},"title":"RUTA 51: DOS MUERTOS EN UN CHOQUE FRONTAL DE CAMIONES","author":"Alejandro Sosa Ruda","date":"1 septiembre, 2023","format":false,"excerpt":"Las autoridades policiales informaron que el tr\u00e1gico suceso tuvo lugar en las cercan\u00edas de la planta de cemento L\u2019Amali. El impactante choque se produjo entre un cami\u00f3n Iveco y un rodado de gran envergadura de la marca Scania, generando un impacto devastador que result\u00f3 en la p\u00e9rdida de vida de\u2026","rel":"","context":"En \u00abPOLICIALES\u00bb","block_context":{"text":"POLICIALES","link":"https:\/\/larevistadigital.com.ar\/blog\/category\/policiales\/"},"img":{"alt_text":"","src":"https:\/\/i0.wp.com\/larevistadigital.com.ar\/blog\/wp-content\/uploads\/20230831170755_choque.jpg?fit=880%2C512&ssl=1&resize=350%2C200","width":350,"height":200,"srcset":"https:\/\/i0.wp.com\/larevistadigital.com.ar\/blog\/wp-content\/uploads\/20230831170755_choque.jpg?fit=880%2C512&ssl=1&resize=350%2C200 1x, https:\/\/i0.wp.com\/larevistadigital.com.ar\/blog\/wp-content\/uploads\/20230831170755_choque.jpg?fit=880%2C512&ssl=1&resize=525%2C300 1.5x, https:\/\/i0.wp.com\/larevistadigital.com.ar\/blog\/wp-content\/uploads\/20230831170755_choque.jpg?fit=880%2C512&ssl=1&resize=700%2C400 2x"},"classes":[]},{"id":11366,"url":"https:\/\/larevistadigital.com.ar\/blog\/la-niebla-provoco-choque-en-cadena-en-la-ruta-un-muerto\/","url_meta":{"origin":37077,"position":2},"title":"LA NIEBLA PROVOC\u00d3 CHOQUE EN CADENA EN LA RUTA. UN MUERTO","author":"Alejandro Sosa Ruda","date":"19 julio, 2019","format":false,"excerpt":"Un importante\u00a0choque en cadena a la altura del kil\u00f3metro 17.5 de la ruta nacional 226\u00a0dej\u00f3 el saldo de un muerto\u00a0y varias personas heridas. El hecho se registr\u00f3 este viernes minutos despu\u00e9s de las 7, momento en el que la visibilidad era pr\u00e1cticamente nula producto de la intensa niebla. Del siniestro\u2026","rel":"","context":"En \u00abDESTACADAS\u00bb","block_context":{"text":"DESTACADAS","link":"https:\/\/larevistadigital.com.ar\/blog\/category\/destacadas\/"},"img":{"alt_text":"","src":"https:\/\/i0.wp.com\/larevistadigital.com.ar\/blog\/wp-content\/uploads\/1563537867817.jpeg?fit=1200%2C731&ssl=1&resize=350%2C200","width":350,"height":200,"srcset":"https:\/\/i0.wp.com\/larevistadigital.com.ar\/blog\/wp-content\/uploads\/1563537867817.jpeg?fit=1200%2C731&ssl=1&resize=350%2C200 1x, https:\/\/i0.wp.com\/larevistadigital.com.ar\/blog\/wp-content\/uploads\/1563537867817.jpeg?fit=1200%2C731&ssl=1&resize=525%2C300 1.5x, https:\/\/i0.wp.com\/larevistadigital.com.ar\/blog\/wp-content\/uploads\/1563537867817.jpeg?fit=1200%2C731&ssl=1&resize=700%2C400 2x, https:\/\/i0.wp.com\/larevistadigital.com.ar\/blog\/wp-content\/uploads\/1563537867817.jpeg?fit=1200%2C731&ssl=1&resize=1050%2C600 3x"},"classes":[]},{"id":22935,"url":"https:\/\/larevistadigital.com.ar\/blog\/una-familia-completa-perdio-la-vida-en-un-accidente-automovilistico\/","url_meta":{"origin":37077,"position":3},"title":"UNA FAMILIA COMPLETA PERDI\u00d3 LA VIDA EN UN ACCIDENTE AUTOMOVIL\u00cdSTICO","author":"Alejandro Sosa Ruda","date":"14 diciembre, 2021","format":false,"excerpt":"Ocurri\u00f3 en Guamin\u00ed. En el cruce de las rutas 33 y 60. Las v\u00edctimas fatales fueron identificadas como Pablo Conrado Stellato, de 34 a\u00f1os de edad; Alicia Genoveva Cedro, de 34 a\u00f1os; Jer\u00f3nimo Adriel Stellato, de 11 a\u00f1os, y Valentina Anabella Stellato, de 13 a\u00f1os. Un impactante accidente entre un\u2026","rel":"","context":"En \u00abPOLICIALES\u00bb","block_context":{"text":"POLICIALES","link":"https:\/\/larevistadigital.com.ar\/blog\/category\/policiales\/"},"img":{"alt_text":"","src":"https:\/\/i0.wp.com\/larevistadigital.com.ar\/blog\/wp-content\/uploads\/20211214180910_cho.jpg?fit=880%2C512&ssl=1&resize=350%2C200","width":350,"height":200,"srcset":"https:\/\/i0.wp.com\/larevistadigital.com.ar\/blog\/wp-content\/uploads\/20211214180910_cho.jpg?fit=880%2C512&ssl=1&resize=350%2C200 1x, https:\/\/i0.wp.com\/larevistadigital.com.ar\/blog\/wp-content\/uploads\/20211214180910_cho.jpg?fit=880%2C512&ssl=1&resize=525%2C300 1.5x, https:\/\/i0.wp.com\/larevistadigital.com.ar\/blog\/wp-content\/uploads\/20211214180910_cho.jpg?fit=880%2C512&ssl=1&resize=700%2C400 2x"},"classes":[]},{"id":19119,"url":"https:\/\/larevistadigital.com.ar\/blog\/dos-camiones-embistieron-animales-sueltos-en-la-ruta-29\/","url_meta":{"origin":37077,"position":4},"title":"DOS CAMIONES EMBISTIERON ANIMALES SUELTOS EN LA RUTA 29","author":"Alejandro Sosa Ruda","date":"2 marzo, 2021","format":false,"excerpt":"Como consecuencia de la niebla intensa, esta ma\u00f1ana colisionaron con animales sueltos dos camiones que transportaban vacunos, en ruta 29 a 3 kil\u00f3metros del acceso a Udaquiola. Los choferes de ambos transportes resultaron ilesos. De acuerdo a lo que public\u00f3 en sus redes sociales nuestro colega Emilio Quintana, de FM95,\u2026","rel":"","context":"En \u00abREGIONALES\u00bb","block_context":{"text":"REGIONALES","link":"https:\/\/larevistadigital.com.ar\/blog\/category\/regionales\/"},"img":{"alt_text":"","src":"https:\/\/i0.wp.com\/larevistadigital.com.ar\/blog\/wp-content\/uploads\/animales-sueltos.jpg?fit=982%2C551&ssl=1&resize=350%2C200","width":350,"height":200,"srcset":"https:\/\/i0.wp.com\/larevistadigital.com.ar\/blog\/wp-content\/uploads\/animales-sueltos.jpg?fit=982%2C551&ssl=1&resize=350%2C200 1x, https:\/\/i0.wp.com\/larevistadigital.com.ar\/blog\/wp-content\/uploads\/animales-sueltos.jpg?fit=982%2C551&ssl=1&resize=525%2C300 1.5x, https:\/\/i0.wp.com\/larevistadigital.com.ar\/blog\/wp-content\/uploads\/animales-sueltos.jpg?fit=982%2C551&ssl=1&resize=700%2C400 2x"},"classes":[]},{"id":9339,"url":"https:\/\/larevistadigital.com.ar\/blog\/mueren-9-personas-en-tragico-accidente-en-el-cruce-de-rutas-51-y-7\/","url_meta":{"origin":37077,"position":5},"title":"MUEREN 9 PERSONAS EN TR\u00c1GICO ACCIDENTE EN EL CRUCE DE RUTAS 51 Y  7","author":"Alejandro Sosa Ruda","date":"25 marzo, 2019","format":false,"excerpt":"Un cami\u00f3n de gran porte choc\u00f3 contra una camioneta en la ruta provincial 51, a la altura de Carmen de Areco, y\u00a0nueve personas murieron por el impacto, cinco\u00a0de ellos menores de edad. El accidente se registr\u00f3 esta tarde en el cruce de la ruta provincial con la ruta nacional n\u00famero\u2026","rel":"","context":"En \u00abPOLICIALES\u00bb","block_context":{"text":"POLICIALES","link":"https:\/\/larevistadigital.com.ar\/blog\/category\/policiales\/"},"img":{"alt_text":"","src":"https:\/\/i0.wp.com\/larevistadigital.com.ar\/blog\/wp-content\/uploads\/2019\/03\/7G-Uihy9X_1256x620__2.jpg?fit=1200%2C592&ssl=1&resize=350%2C200","width":350,"height":200,"srcset":"https:\/\/i0.wp.com\/larevistadigital.com.ar\/blog\/wp-content\/uploads\/2019\/03\/7G-Uihy9X_1256x620__2.jpg?fit=1200%2C592&ssl=1&resize=350%2C200 1x, https:\/\/i0.wp.com\/larevistadigital.com.ar\/blog\/wp-content\/uploads\/2019\/03\/7G-Uihy9X_1256x620__2.jpg?fit=1200%2C592&ssl=1&resize=525%2C300 1.5x, https:\/\/i0.wp.com\/larevistadigital.com.ar\/blog\/wp-content\/uploads\/2019\/03\/7G-Uihy9X_1256x620__2.jpg?fit=1200%2C592&ssl=1&resize=700%2C400 2x, https:\/\/i0.wp.com\/larevistadigital.com.ar\/blog\/wp-content\/uploads\/2019\/03\/7G-Uihy9X_1256x620__2.jpg?fit=1200%2C592&ssl=1&resize=1050%2C600 3x"},"classes":[]}],"_links":{"self":[{"href":"https:\/\/larevistadigital.com.ar\/blog\/wp-json\/wp\/v2\/posts\/37077","targetHints":{"allow":["GET"]}}],"collection":[{"href":"https:\/\/larevistadigital.com.ar\/blog\/wp-json\/wp\/v2\/posts"}],"about":[{"href":"https:\/\/larevistadigital.com.ar\/blog\/wp-json\/wp\/v2\/types\/post"}],"author":[{"embeddable":true,"href":"https:\/\/larevistadigital.com.ar\/blog\/wp-json\/wp\/v2\/users\/3"}],"replies":[{"embeddable":true,"href":"https:\/\/larevistadigital.com.ar\/blog\/wp-json\/wp\/v2\/comments?post=37077"}],"version-history":[{"count":1,"href":"https:\/\/larevistadigital.com.ar\/blog\/wp-json\/wp\/v2\/posts\/37077\/revisions"}],"predecessor-version":[{"id":37079,"href":"https:\/\/larevistadigital.com.ar\/blog\/wp-json\/wp\/v2\/posts\/37077\/revisions\/37079"}],"wp:featuredmedia":[{"embeddable":true,"href":"https:\/\/larevistadigital.com.ar\/blog\/wp-json\/wp\/v2\/media\/37078"}],"wp:attachment":[{"href":"https:\/\/larevistadigital.com.ar\/blog\/wp-json\/wp\/v2\/media?parent=37077"}],"wp:term":[{"taxonomy":"category","embeddable":true,"href":"https:\/\/larevistadigital.com.ar\/blog\/wp-json\/wp\/v2\/categories?post=37077"},{"taxonomy":"post_tag","embeddable":true,"href":"https:\/\/larevistadigital.com.ar\/blog\/wp-json\/wp\/v2\/tags?post=37077"}],"curies":[{"name":"wp","href":"https:\/\/api.w.org\/{rel}","templated":true}]}}