{"id":37085,"date":"2024-08-28T22:51:40","date_gmt":"2024-08-29T01:51:40","guid":{"rendered":"https:\/\/larevistadigital.com.ar\/blog\/?p=37085"},"modified":"2024-08-28T22:51:40","modified_gmt":"2024-08-29T01:51:40","slug":"echaron-al-senador-paoltroni-del-bloque-de-la-libertad-avanza","status":"publish","type":"post","link":"https:\/\/larevistadigital.com.ar\/blog\/echaron-al-senador-paoltroni-del-bloque-de-la-libertad-avanza\/","title":{"rendered":"ECHARON AL SENADOR PAOLTRONI DEL BLOQUE DE LA LIBERTAD AVANZA"},"content":{"rendered":"<h2>La nota tiene cuatro de las seis firmas, aunque dos legisladores convalidaron el escrito por mail. Se presentar\u00e1 en las pr\u00f3ximas horas. El motivo de la expulsi\u00f3n es la pelea del formose\u00f1o con Santiago Caputo.<\/h2>\n<p>28 de Agosto de 2024<\/p>\n<p>El bloque libertario en el Senado, liderado por el juje\u00f1o <strong>Ezequiel Atauche<\/strong>, expuls\u00f3 de manera un\u00e1nime al formose\u00f1o <strong>Francisco Paoltroni<\/strong> tras una orden directa de la Casa Rosada. La decisi\u00f3n, que sorprendi\u00f3 a la vicepresidenta y titular de la C\u00e1mara alta, <strong>Victoria Villarruel<\/strong>, se tom\u00f3 debido a <strong>\u201cdiferencias irreconciliables\u201d<\/strong>, seg\u00fan asegur\u00f3 el portal Infobae.<\/p>\n<p>El comunicado oficial de La Libertad Avanza ser\u00e1 presentado en las pr\u00f3ximas horas en el Senado, contando con el respaldo no solo de <strong>Atauche<\/strong>, sino tambi\u00e9n de los senadores <strong>Juan Carlos Pagotto<\/strong>, <strong>Vilma Bedia<\/strong>, <strong>Bartolom\u00e9 Abdala<\/strong>, <strong>Ivanna Arrascaeta<\/strong> y <strong>Bruno Olivera<\/strong>, quienes confirmaron su apoyo incluso por correo electr\u00f3nico. Seg\u00fan una fuente del Poder Ejecutivo, <em><strong>\u00abNo estaba a la altura de lo que queremos que sea un senador de La Libertad Avanza\u00bb<\/strong><\/em>.<\/p>\n<p>La disputa de <strong>Paoltroni<\/strong> con <strong>Santiago Caputo<\/strong>, asesor presidencial, y su firme rechazo a la postulaci\u00f3n del juez federal <strong>Ariel Lijo<\/strong> para la Corte Suprema, desencadenaron su expulsi\u00f3n. Desde el oficialismo le sugirieron al formose\u00f1o que renunciara voluntariamente, pero \u00e9l pidi\u00f3 que se realizara formalmente su expulsi\u00f3n, lo que sus compa\u00f1eros de bloque validaron mientras \u00e9l estaba en un programa de televisi\u00f3n.<\/p>\n<p><strong>Paoltroni<\/strong> estuvo cerca de convertirse en presidente provisional del Senado en diciembre pasado, pero la intervenci\u00f3n del Frente de Todos, liderado por el formose\u00f1o <strong>Jos\u00e9 Mayans<\/strong>, frustr\u00f3 su nombramiento, otorgando el puesto a <strong>Bartolom\u00e9 Abdala<\/strong>. En una sesi\u00f3n anterior, <strong>Paoltroni<\/strong> hab\u00eda denunciado la pol\u00edtica de pobreza en Formosa, describi\u00e9ndola como un sistema autoritario. <em><strong>\u201cLa casta me ha dado la bienvenida\u00bb<\/strong><\/em>, declar\u00f3, enfatizando que seguir\u00e1 votando fiel a sus principios.<\/p>\n<blockquote>\n<h3>Con la salida de Paoltroni, el bloque de La Libertad Avanza se reduce a seis senadores de los 72 en la C\u00e1mara alta, complicando a\u00fan m\u00e1s su situaci\u00f3n. Cabe destacar que Paoltroni presid\u00eda la estrat\u00e9gica comisi\u00f3n de Relaciones Exteriores y era vocal en otras comisiones clave, como Seguridad Interior y Narcotr\u00e1fico, Agricultura y Ganader\u00eda, y Transporte.<\/h3>\n<\/blockquote>\n<p>A pesar de su salida, <strong>Paoltroni<\/strong> hab\u00eda participado en un evento reciente junto a la vicepresidenta <strong>Villarruel<\/strong>, donde ella anunci\u00f3 su intenci\u00f3n de reabrir las causas relacionadas con cr\u00edmenes cometidos por grupos armados civiles durante los a\u00f1os setenta. <strong>Villarruel<\/strong> fue contundente: <em><strong>\u00abLos Montoneros tienen que estar presos respondiendo por ensangrentar nuestra Naci\u00f3n\u00bb<\/strong><\/em>.<\/p>\n<p>fuente: infobae<\/p>\n","protected":false},"excerpt":{"rendered":"<div class=\"mh-excerpt\"><p>La nota tiene cuatro de las seis firmas, aunque dos legisladores convalidaron el escrito por mail. Se presentar\u00e1 en las pr\u00f3ximas horas. El motivo de la expulsi\u00f3n es la pelea del formose\u00f1o con Santiago Caputo. <a class=\"mh-excerpt-more\" href=\"https:\/\/larevistadigital.com.ar\/blog\/echaron-al-senador-paoltroni-del-bloque-de-la-libertad-avanza\/\" title=\"ECHARON AL SENADOR PAOLTRONI DEL BLOQUE DE LA LIBERTAD AVANZA\">[Leer M\u00e1s]<\/a><\/p>\n<\/div>","protected":false},"author":3,"featured_media":37086,"comment_status":"open","ping_status":"open","sticky":false,"template":"","format":"standard","meta":{"_jetpack_memberships_contains_paid_content":false,"footnotes":"","jetpack_publicize_message":"","jetpack_publicize_feature_enabled":true,"jetpack_social_post_already_shared":true,"jetpack_social_options":{"image_generator_settings":{"template":"highway","default_image_id":0,"font":"","enabled":false},"version":2}},"categories":[41,12],"tags":[],"class_list":{"0":"post-37085","1":"post","2":"type-post","3":"status-publish","4":"format-standard","5":"has-post-thumbnail","7":"category-destacadas","8":"category-politica"},"jetpack_publicize_connections":[],"jetpack_featured_media_url":"https:\/\/i0.wp.com\/larevistadigital.com.ar\/blog\/wp-content\/uploads\/Captura-de-pantalla-2024-08-28-225024.png?fit=815%2C484&ssl=1","jetpack_sharing_enabled":true,"jetpack_shortlink":"https:\/\/wp.me\/p8qtrQ-9E9","jetpack-related-posts":[{"id":35062,"url":"https:\/\/larevistadigital.com.ar\/blog\/conmocion-en-la-costa-encontraron-muerto-a-concejal-de-la-libertad-avanza\/","url_meta":{"origin":37085,"position":0},"title":"CONMOCI\u00d3N EN LA COSTA: ENCONTRARON MUERTO A CONCEJAL DE LA LIBERTAD AVANZA","author":"Alejandro Sosa Ruda","date":"21 enero, 2024","format":false,"excerpt":"Lo encontraron por la ma\u00f1ana de hoy, domingo 21\/1. Se habr\u00eda quitado la vida. 21 de enero de 2023 LA COSTA -\u00a0 \u00a0Seg\u00fan inform\u00f3 el sitio \"miradacentral.com\", hoy por la ma\u00f1ana fue encontrado muerto el concejal electo por la Libertad Avanza, Gonzalo Rojo.\u00a0La novedad conmocion\u00f3 a la pol\u00edtica costera ante\u2026","rel":"","context":"En \u00abPOLITICA\u00bb","block_context":{"text":"POLITICA","link":"https:\/\/larevistadigital.com.ar\/blog\/category\/politica\/"},"img":{"alt_text":"","src":"https:\/\/i0.wp.com\/larevistadigital.com.ar\/blog\/wp-content\/uploads\/Captura-de-pantalla-2024-01-21-154300.png?fit=747%2C444&ssl=1&resize=350%2C200","width":350,"height":200,"srcset":"https:\/\/i0.wp.com\/larevistadigital.com.ar\/blog\/wp-content\/uploads\/Captura-de-pantalla-2024-01-21-154300.png?fit=747%2C444&ssl=1&resize=350%2C200 1x, https:\/\/i0.wp.com\/larevistadigital.com.ar\/blog\/wp-content\/uploads\/Captura-de-pantalla-2024-01-21-154300.png?fit=747%2C444&ssl=1&resize=525%2C300 1.5x, https:\/\/i0.wp.com\/larevistadigital.com.ar\/blog\/wp-content\/uploads\/Captura-de-pantalla-2024-01-21-154300.png?fit=747%2C444&ssl=1&resize=700%2C400 2x"},"classes":[]},{"id":42871,"url":"https:\/\/larevistadigital.com.ar\/blog\/tension-empate-y-quiebre-politico-asi-quedo-conformado-el-nuevo-concejo-deliberante-de-la-costa\/","url_meta":{"origin":37085,"position":1},"title":"Tensi\u00f3n, empate y quiebre pol\u00edtico: as\u00ed qued\u00f3 conformado el nuevo Concejo Deliberante de La Costa","author":"Alejandro Sosa Ruda","date":"12 diciembre, 2025","format":false,"excerpt":"La sesi\u00f3n especial dej\u00f3 continuidad en la presidencia, una inesperada fractura en La Libertad Avanza y un mapa legislativo sin mayor\u00edas autom\u00e1ticas para el per\u00edodo que comienza. 12 de Diciembre de 2025 El Honorable Concejo Deliberante del Partido de La Costa vivi\u00f3 este jueves 11 de diciembre una jornada cargada\u2026","rel":"","context":"En \u00abPOLITICA PROVINCIAL\u00bb","block_context":{"text":"POLITICA PROVINCIAL","link":"https:\/\/larevistadigital.com.ar\/blog\/category\/politica\/politica-provincial\/"},"img":{"alt_text":"","src":"https:\/\/i0.wp.com\/larevistadigital.com.ar\/blog\/wp-content\/uploads\/e56748c2090c1dc18cb4299b44015630bfbb0c5d.jpeg?fit=1140%2C664&ssl=1&resize=350%2C200","width":350,"height":200,"srcset":"https:\/\/i0.wp.com\/larevistadigital.com.ar\/blog\/wp-content\/uploads\/e56748c2090c1dc18cb4299b44015630bfbb0c5d.jpeg?fit=1140%2C664&ssl=1&resize=350%2C200 1x, https:\/\/i0.wp.com\/larevistadigital.com.ar\/blog\/wp-content\/uploads\/e56748c2090c1dc18cb4299b44015630bfbb0c5d.jpeg?fit=1140%2C664&ssl=1&resize=525%2C300 1.5x, https:\/\/i0.wp.com\/larevistadigital.com.ar\/blog\/wp-content\/uploads\/e56748c2090c1dc18cb4299b44015630bfbb0c5d.jpeg?fit=1140%2C664&ssl=1&resize=700%2C400 2x, https:\/\/i0.wp.com\/larevistadigital.com.ar\/blog\/wp-content\/uploads\/e56748c2090c1dc18cb4299b44015630bfbb0c5d.jpeg?fit=1140%2C664&ssl=1&resize=1050%2C600 3x"},"classes":[]},{"id":42098,"url":"https:\/\/larevistadigital.com.ar\/blog\/campana-caliente-la-libertad-avanza-intimo-a-un-diputado-bullrichista-para-que-baje-su-lista\/","url_meta":{"origin":37085,"position":2},"title":"Campa\u00f1a caliente: La Libertad Avanza intim\u00f3 a un diputado bullrichista para que baje su lista","author":"Alejandro Sosa Ruda","date":"19 octubre, 2025","format":false,"excerpt":"A d\u00edas de las elecciones legislativas, apoderados libertarios denunciaron a Gabriel Chumpitaz por usar su imagen y colores en la campa\u00f1a. El legislador calific\u00f3 la medida como un \u201cintento de censura pol\u00edtica\u201d. 19 De Octubre de 2025 La Libertad Avanza (LLA) denunci\u00f3 al diputado\u00a0Gabriel Chumpitaz, ex PRO y hoy candidato\u2026","rel":"","context":"En \u00abINTERES GENERAL\u00bb","block_context":{"text":"INTERES GENERAL","link":"https:\/\/larevistadigital.com.ar\/blog\/category\/interes-general\/"},"img":{"alt_text":"","src":"https:\/\/i0.wp.com\/larevistadigital.com.ar\/blog\/wp-content\/uploads\/Captura-de-pantalla-2025-10-19-222454.jpg?fit=693%2C403&ssl=1&resize=350%2C200","width":350,"height":200,"srcset":"https:\/\/i0.wp.com\/larevistadigital.com.ar\/blog\/wp-content\/uploads\/Captura-de-pantalla-2025-10-19-222454.jpg?fit=693%2C403&ssl=1&resize=350%2C200 1x, https:\/\/i0.wp.com\/larevistadigital.com.ar\/blog\/wp-content\/uploads\/Captura-de-pantalla-2025-10-19-222454.jpg?fit=693%2C403&ssl=1&resize=525%2C300 1.5x"},"classes":[]},{"id":42247,"url":"https:\/\/larevistadigital.com.ar\/blog\/el-mapa-completo-de-los-ganadores-en-la-provincia-de-bs-as-distrito-por-distrito\/","url_meta":{"origin":37085,"position":3},"title":"El mapa completo de los ganadores en la provincia de Bs As, distrito por distrito","author":"Alejandro Sosa Ruda","date":"27 octubre, 2025","format":false,"excerpt":"Adolfo Alsina: 97,58% escrutado La Libertad Avanza: 44,12% Fuerza Patria: 28,37% Propuesta Federal Para el Cambio: 3,11% Adolfo Gonzales Chaves: 96,75% escrutado La Libertad Avanza: 42,68% Fuerza Patria: 38% Alianza Nuevos Aires: 7,50% Alberti: 100% escrutado La Libertad Avanza: 48,13% Fuerza Patria: 37,83% Alianza Provincias Unidas: 3,95% Almirante Brown: 92,91%\u2026","rel":"","context":"En \u00abDESTACADAS\u00bb","block_context":{"text":"DESTACADAS","link":"https:\/\/larevistadigital.com.ar\/blog\/category\/destacadas\/"},"img":{"alt_text":"","src":"https:\/\/i0.wp.com\/larevistadigital.com.ar\/blog\/wp-content\/uploads\/elecciones-26-de-octubre-cuando-se-conoceran-los-primeros-resultados-2124019.jpg?fit=987%2C555&ssl=1&resize=350%2C200","width":350,"height":200,"srcset":"https:\/\/i0.wp.com\/larevistadigital.com.ar\/blog\/wp-content\/uploads\/elecciones-26-de-octubre-cuando-se-conoceran-los-primeros-resultados-2124019.jpg?fit=987%2C555&ssl=1&resize=350%2C200 1x, https:\/\/i0.wp.com\/larevistadigital.com.ar\/blog\/wp-content\/uploads\/elecciones-26-de-octubre-cuando-se-conoceran-los-primeros-resultados-2124019.jpg?fit=987%2C555&ssl=1&resize=525%2C300 1.5x, https:\/\/i0.wp.com\/larevistadigital.com.ar\/blog\/wp-content\/uploads\/elecciones-26-de-octubre-cuando-se-conoceran-los-primeros-resultados-2124019.jpg?fit=987%2C555&ssl=1&resize=700%2C400 2x"},"classes":[]},{"id":40537,"url":"https:\/\/larevistadigital.com.ar\/blog\/chascomus-la-lista-completa-que-competira-de-la-libertad-avanza\/","url_meta":{"origin":37085,"position":4},"title":"Chascom\u00fas: La lista completa que competir\u00e1 de La Libertad Avanza","author":"Alejandro Sosa Ruda","date":"19 julio, 2025","format":false,"excerpt":"Desde La Libertad avanza, nos hicieron llegar un comunicado de prensa, donde informan la conformaci\u00f3n de la lista que competir\u00e1 en Chascom\u00fas, en las elecciones de Septiembre pr\u00f3ximo. A continuaci\u00f3n la reproducimos: COMUNICADO OFICIAL La Libertad Avanza Chascom\u00fas tiene el agrado de comunicar la lista que competir\u00e1 en las elecciones\u2026","rel":"","context":"En \u00abCHASCOM\u00daS\u00bb","block_context":{"text":"CHASCOM\u00daS","link":"https:\/\/larevistadigital.com.ar\/blog\/category\/chascomus\/"},"img":{"alt_text":"","src":"https:\/\/i0.wp.com\/larevistadigital.com.ar\/blog\/wp-content\/uploads\/LLA.jpg?fit=712%2C412&ssl=1&resize=350%2C200","width":350,"height":200,"srcset":"https:\/\/i0.wp.com\/larevistadigital.com.ar\/blog\/wp-content\/uploads\/LLA.jpg?fit=712%2C412&ssl=1&resize=350%2C200 1x, https:\/\/i0.wp.com\/larevistadigital.com.ar\/blog\/wp-content\/uploads\/LLA.jpg?fit=712%2C412&ssl=1&resize=525%2C300 1.5x, https:\/\/i0.wp.com\/larevistadigital.com.ar\/blog\/wp-content\/uploads\/LLA.jpg?fit=712%2C412&ssl=1&resize=700%2C400 2x"},"classes":[]},{"id":40426,"url":"https:\/\/larevistadigital.com.ar\/blog\/lito-fernandez-en-la-libertad-avanza-priorizamos-las-ideas-por-sobre-los-nombres\/","url_meta":{"origin":37085,"position":5},"title":"Lito Fern\u00e1ndez: \u201cEn La Libertad Avanza priorizamos las ideas por sobre los nombres\u201d","author":"Alejandro Sosa Ruda","date":"11 julio, 2025","format":false,"excerpt":"El referente de LLA en Chascom\u00fas se refiri\u00f3 a los movimientos internos del espacio, el acuerdo con el PRO y su visi\u00f3n sobre el escenario pol\u00edtico local de cara a las elecciones de septiembre. 11 de Julio de 2025 CHASCOM\u00daS -\u00a0 Antonio \u201cLito\u201d Fern\u00e1ndez, referente de La Libertad Avanza en\u2026","rel":"","context":"En \u00abATAQUE DE RADIO\u00bb","block_context":{"text":"ATAQUE DE RADIO","link":"https:\/\/larevistadigital.com.ar\/blog\/category\/ataque-de-radio\/"},"img":{"alt_text":"","src":"https:\/\/i0.wp.com\/larevistadigital.com.ar\/blog\/wp-content\/uploads\/NOTA-LITO-FERNANDEZ.jpg?fit=902%2C455&ssl=1&resize=350%2C200","width":350,"height":200,"srcset":"https:\/\/i0.wp.com\/larevistadigital.com.ar\/blog\/wp-content\/uploads\/NOTA-LITO-FERNANDEZ.jpg?fit=902%2C455&ssl=1&resize=350%2C200 1x, https:\/\/i0.wp.com\/larevistadigital.com.ar\/blog\/wp-content\/uploads\/NOTA-LITO-FERNANDEZ.jpg?fit=902%2C455&ssl=1&resize=525%2C300 1.5x, https:\/\/i0.wp.com\/larevistadigital.com.ar\/blog\/wp-content\/uploads\/NOTA-LITO-FERNANDEZ.jpg?fit=902%2C455&ssl=1&resize=700%2C400 2x"},"classes":[]}],"_links":{"self":[{"href":"https:\/\/larevistadigital.com.ar\/blog\/wp-json\/wp\/v2\/posts\/37085","targetHints":{"allow":["GET"]}}],"collection":[{"href":"https:\/\/larevistadigital.com.ar\/blog\/wp-json\/wp\/v2\/posts"}],"about":[{"href":"https:\/\/larevistadigital.com.ar\/blog\/wp-json\/wp\/v2\/types\/post"}],"author":[{"embeddable":true,"href":"https:\/\/larevistadigital.com.ar\/blog\/wp-json\/wp\/v2\/users\/3"}],"replies":[{"embeddable":true,"href":"https:\/\/larevistadigital.com.ar\/blog\/wp-json\/wp\/v2\/comments?post=37085"}],"version-history":[{"count":1,"href":"https:\/\/larevistadigital.com.ar\/blog\/wp-json\/wp\/v2\/posts\/37085\/revisions"}],"predecessor-version":[{"id":37087,"href":"https:\/\/larevistadigital.com.ar\/blog\/wp-json\/wp\/v2\/posts\/37085\/revisions\/37087"}],"wp:featuredmedia":[{"embeddable":true,"href":"https:\/\/larevistadigital.com.ar\/blog\/wp-json\/wp\/v2\/media\/37086"}],"wp:attachment":[{"href":"https:\/\/larevistadigital.com.ar\/blog\/wp-json\/wp\/v2\/media?parent=37085"}],"wp:term":[{"taxonomy":"category","embeddable":true,"href":"https:\/\/larevistadigital.com.ar\/blog\/wp-json\/wp\/v2\/categories?post=37085"},{"taxonomy":"post_tag","embeddable":true,"href":"https:\/\/larevistadigital.com.ar\/blog\/wp-json\/wp\/v2\/tags?post=37085"}],"curies":[{"name":"wp","href":"https:\/\/api.w.org\/{rel}","templated":true}]}}