{"id":37089,"date":"2024-08-28T23:16:33","date_gmt":"2024-08-29T02:16:33","guid":{"rendered":"https:\/\/larevistadigital.com.ar\/blog\/?p=37089"},"modified":"2024-08-28T23:16:33","modified_gmt":"2024-08-29T02:16:33","slug":"encontraron-y-detuvieron-en-corrientes-a-german-kiczka-el-diputado-acusado-de-pedofilia","status":"publish","type":"post","link":"https:\/\/larevistadigital.com.ar\/blog\/encontraron-y-detuvieron-en-corrientes-a-german-kiczka-el-diputado-acusado-de-pedofilia\/","title":{"rendered":"ENCONTRARON Y DETUVIERON EN CORRIENTES A GERM\u00c1N KICZKA, EL DIPUTADO ACUSADO DE PEDOFILIA"},"content":{"rendered":"<h2>Era intensamente buscado. Estaba pr\u00f3fugo por tenencia y distribuci\u00f3n de material ped\u00f3filo hallado en su computadora. Interpol hab\u00eda emitido una alerta roja sobre su persona.<\/h2>\n<p>28 de Agosto de 2024<\/p>\n<p><strong>CORRIENTES &#8211;\u00a0<\/strong> \u00a0El diputado<strong> Germ\u00e1n Kiczka<\/strong> fue arrestado este mi\u00e9rcoles en la localidad de Loreto, provincia de Corrientes, luego de ser intensamente buscado. Las autoridades est\u00e1n trabajando en su traslado hacia Misiones. <strong>Kiczka<\/strong> ten\u00eda una orden de captura internacional, ya que se cre\u00eda que podr\u00eda haber huido a Espa\u00f1a, Paraguay o Brasil.<\/p>\n<p>El arresto se produjo tras un allanamiento en la casa de su padre, donde los investigadores encontraron 600 archivos con material pornogr\u00e1fico que involucraba a ni\u00f1os, ni\u00f1as y adolescentes. Entre los dispositivos electr\u00f3nicos incautados, se hallaron im\u00e1genes de contenido ped\u00f3filo, zoofilia con menores de edad e incesto. Tambi\u00e9n fueron secuestradas revistas y juguetes sexuales que, seg\u00fan las autoridades, pertenecer\u00edan al hermano del legislador, quien tambi\u00e9n enfrenta cargos penales pero permanece pr\u00f3fugo.<\/p>\n<p>Luego de que <strong>Kiczka<\/strong> fuera desaforado, la polic\u00eda intent\u00f3 detenerlo, pero no pudo localizarlo, lo que motiv\u00f3 la emisi\u00f3n de una alerta roja internacional para dar con su paradero.<\/p>\n","protected":false},"excerpt":{"rendered":"<div class=\"mh-excerpt\"><p>Era intensamente buscado. Estaba pr\u00f3fugo por tenencia y distribuci\u00f3n de material ped\u00f3filo hallado en su computadora. Interpol hab\u00eda emitido una alerta roja sobre su persona. 28 de Agosto de 2024 CORRIENTES &#8211;\u00a0 \u00a0El diputado Germ\u00e1n <a class=\"mh-excerpt-more\" href=\"https:\/\/larevistadigital.com.ar\/blog\/encontraron-y-detuvieron-en-corrientes-a-german-kiczka-el-diputado-acusado-de-pedofilia\/\" title=\"ENCONTRARON Y DETUVIERON EN CORRIENTES A GERM\u00c1N KICZKA, EL DIPUTADO ACUSADO DE PEDOFILIA\">[Leer M\u00e1s]<\/a><\/p>\n<\/div>","protected":false},"author":3,"featured_media":37090,"comment_status":"open","ping_status":"open","sticky":false,"template":"","format":"standard","meta":{"_jetpack_memberships_contains_paid_content":false,"footnotes":"","jetpack_publicize_message":"","jetpack_publicize_feature_enabled":true,"jetpack_social_post_already_shared":true,"jetpack_social_options":{"image_generator_settings":{"template":"highway","default_image_id":0,"font":"","enabled":false},"version":2}},"categories":[50,44],"tags":[],"class_list":{"0":"post-37089","1":"post","2":"type-post","3":"status-publish","4":"format-standard","5":"has-post-thumbnail","7":"category-interes-general","8":"category-policiales"},"jetpack_publicize_connections":[],"jetpack_featured_media_url":"https:\/\/i0.wp.com\/larevistadigital.com.ar\/blog\/wp-content\/uploads\/Captura-de-pantalla-2024-08-28-231533.png?fit=737%2C419&ssl=1","jetpack_sharing_enabled":true,"jetpack_shortlink":"https:\/\/wp.me\/p8qtrQ-9Ed","jetpack-related-posts":[{"id":14034,"url":"https:\/\/larevistadigital.com.ar\/blog\/encontraron-a-ezequiel-sanso-el-adolescente-buscado-por-la-tragedia-de-la-plata\/","url_meta":{"origin":37089,"position":0},"title":"ENCONTRARON A EZEQUIEL SANSO, EL ADOLESCENTE BUSCADO POR LA TRAGEDIA DE LA PLATA","author":"Alejandro Sosa Ruda","date":"6 enero, 2020","format":false,"excerpt":"Lo encontraron en inmediaciones de la bah\u00eda de Samboromb\u00f3n. El joven de 17 a\u00f1os, se encontraba desaparecido desde el pasado 1 de enero, cuando ocurri\u00f3 el brutal triple homicidio en una casa de 523 entre 164 y 165. El adolescente era intensamente buscado por la Polic\u00eda y su testimonio podr\u00eda\u2026","rel":"","context":"En \u00abDESTACADAS\u00bb","block_context":{"text":"DESTACADAS","link":"https:\/\/larevistadigital.com.ar\/blog\/category\/destacadas\/"},"img":{"alt_text":"","src":"https:\/\/i0.wp.com\/larevistadigital.com.ar\/blog\/wp-content\/uploads\/1578347685476.jpg?fit=1200%2C894&ssl=1&resize=350%2C200","width":350,"height":200,"srcset":"https:\/\/i0.wp.com\/larevistadigital.com.ar\/blog\/wp-content\/uploads\/1578347685476.jpg?fit=1200%2C894&ssl=1&resize=350%2C200 1x, https:\/\/i0.wp.com\/larevistadigital.com.ar\/blog\/wp-content\/uploads\/1578347685476.jpg?fit=1200%2C894&ssl=1&resize=525%2C300 1.5x, https:\/\/i0.wp.com\/larevistadigital.com.ar\/blog\/wp-content\/uploads\/1578347685476.jpg?fit=1200%2C894&ssl=1&resize=700%2C400 2x, https:\/\/i0.wp.com\/larevistadigital.com.ar\/blog\/wp-content\/uploads\/1578347685476.jpg?fit=1200%2C894&ssl=1&resize=1050%2C600 3x"},"classes":[]},{"id":31550,"url":"https:\/\/larevistadigital.com.ar\/blog\/mar-del-plata-encontraron-un-cuerpo-e-investigan-si-se-trata-de-un-joven-estudiante-que-estaba-desaparecido\/","url_meta":{"origin":37089,"position":1},"title":"MAR DEL PLATA: ENCONTRARON UN CUERPO E INVESTIGAN SI SE TRATA DE UN JOVEN ESTUDIANTE QUE ESTABA DESAPARECIDO","author":"Alejandro Sosa Ruda","date":"15 mayo, 2023","format":false,"excerpt":"Se llevaba a cabo un intenso operativo de b\u00fasqueda y se hall\u00f3 un cuerpo en Los Acantilados. Se investiga si se trata del muchacho buscado. 15 de Mayo de 2023 MAR DEL PLATA -\u00a0 Se encontr\u00f3 un cuerpo en avanzado estado de descomposici\u00f3n en la zona de Los Acantilados, y\u2026","rel":"","context":"En \u00abPOLICIALES\u00bb","block_context":{"text":"POLICIALES","link":"https:\/\/larevistadigital.com.ar\/blog\/category\/policiales\/"},"img":{"alt_text":"","src":"https:\/\/i0.wp.com\/larevistadigital.com.ar\/blog\/wp-content\/uploads\/acantilados.png?fit=1111%2C456&ssl=1&resize=350%2C200","width":350,"height":200,"srcset":"https:\/\/i0.wp.com\/larevistadigital.com.ar\/blog\/wp-content\/uploads\/acantilados.png?fit=1111%2C456&ssl=1&resize=350%2C200 1x, https:\/\/i0.wp.com\/larevistadigital.com.ar\/blog\/wp-content\/uploads\/acantilados.png?fit=1111%2C456&ssl=1&resize=525%2C300 1.5x, https:\/\/i0.wp.com\/larevistadigital.com.ar\/blog\/wp-content\/uploads\/acantilados.png?fit=1111%2C456&ssl=1&resize=700%2C400 2x, https:\/\/i0.wp.com\/larevistadigital.com.ar\/blog\/wp-content\/uploads\/acantilados.png?fit=1111%2C456&ssl=1&resize=1050%2C600 3x"},"classes":[]},{"id":31428,"url":"https:\/\/larevistadigital.com.ar\/blog\/chascomus-la-policia-comunal-encontro-un-hombre-que-era-intensamente-buscado-por-su-familia-y-tenia-pendiente-una-averiguacion-de-paradero\/","url_meta":{"origin":37089,"position":2},"title":"CHASCOM\u00daS: LA POLIC\u00cdA COMUNAL ENCONTR\u00d3 UN HOMBRE QUE ERA INTENSAMENTE BUSCADO POR SU FAMILIA Y TEN\u00cdA PENDIENTE UNA \u00abAVERIGUACI\u00d3N DE PARADERO\u00bb","author":"Alejandro Sosa Ruda","date":"7 mayo, 2023","format":false,"excerpt":"CHASCOM\u00daS -\u00a0 \u00a0Durante la jornada de ayer, mientras la Polic\u00eda Comunal realizaba tareas de prevenci\u00f3n, descubre una persona de sexo masculino la que al ser identificada como Javier Omar Nu\u00f1ez, de 35 a\u00f1os de edad, y una vez cursada la consulta por sistema inform\u00e1tico, se logr\u00f3 constatar que pesaba sobre\u2026","rel":"","context":"En \u00abPOLICIALES\u00bb","block_context":{"text":"POLICIALES","link":"https:\/\/larevistadigital.com.ar\/blog\/category\/policiales\/"},"img":{"alt_text":"","src":"https:\/\/i0.wp.com\/larevistadigital.com.ar\/blog\/wp-content\/uploads\/2019\/01\/bbx_755050019_comisaria_chasco_01.jpg?fit=800%2C579&ssl=1&resize=350%2C200","width":350,"height":200,"srcset":"https:\/\/i0.wp.com\/larevistadigital.com.ar\/blog\/wp-content\/uploads\/2019\/01\/bbx_755050019_comisaria_chasco_01.jpg?fit=800%2C579&ssl=1&resize=350%2C200 1x, https:\/\/i0.wp.com\/larevistadigital.com.ar\/blog\/wp-content\/uploads\/2019\/01\/bbx_755050019_comisaria_chasco_01.jpg?fit=800%2C579&ssl=1&resize=525%2C300 1.5x, https:\/\/i0.wp.com\/larevistadigital.com.ar\/blog\/wp-content\/uploads\/2019\/01\/bbx_755050019_comisaria_chasco_01.jpg?fit=800%2C579&ssl=1&resize=700%2C400 2x"},"classes":[]},{"id":21743,"url":"https:\/\/larevistadigital.com.ar\/blog\/el-diputado-miguel-arias-que-fuera-baleado-en-un-acto-de-campana-se-encuentra-estable-luego-de-ser-operado\/","url_meta":{"origin":37089,"position":3},"title":"EL DIPUTADO MIGUEL ARIAS, QUE FUERA BALEADO EN UN ACTO DE CAMPA\u00d1A SE ENCUENTRA ESTABLE LUEGO DE SER OPERADO","author":"Alejandro Sosa Ruda","date":"27 agosto, 2021","format":false,"excerpt":"El legislador correntino fue atacado ayer a la noche con un arma de fuego calibre 22. Los m\u00e9dicos dijeron que la bala lesion\u00f3 varios \u00f3rganos y su situaci\u00f3n es \"grave\", pero aclararon que \"su evoluci\u00f3n es favorable\". El diputado correntino Miguel Arias, baleado ayer durante un acto de cierre de\u2026","rel":"","context":"En \u00abINTERES GENERAL\u00bb","block_context":{"text":"INTERES GENERAL","link":"https:\/\/larevistadigital.com.ar\/blog\/category\/interes-general\/"},"img":{"alt_text":"","src":"https:\/\/i0.wp.com\/larevistadigital.com.ar\/blog\/wp-content\/uploads\/Captura-de-pantalla-2021-08-27-093813.png?fit=1200%2C659&ssl=1&resize=350%2C200","width":350,"height":200,"srcset":"https:\/\/i0.wp.com\/larevistadigital.com.ar\/blog\/wp-content\/uploads\/Captura-de-pantalla-2021-08-27-093813.png?fit=1200%2C659&ssl=1&resize=350%2C200 1x, https:\/\/i0.wp.com\/larevistadigital.com.ar\/blog\/wp-content\/uploads\/Captura-de-pantalla-2021-08-27-093813.png?fit=1200%2C659&ssl=1&resize=525%2C300 1.5x, https:\/\/i0.wp.com\/larevistadigital.com.ar\/blog\/wp-content\/uploads\/Captura-de-pantalla-2021-08-27-093813.png?fit=1200%2C659&ssl=1&resize=700%2C400 2x, https:\/\/i0.wp.com\/larevistadigital.com.ar\/blog\/wp-content\/uploads\/Captura-de-pantalla-2021-08-27-093813.png?fit=1200%2C659&ssl=1&resize=1050%2C600 3x"},"classes":[]},{"id":32778,"url":"https:\/\/larevistadigital.com.ar\/blog\/la-policia-logro-atrapar-a-un-sujeto-con-frondosos-antecedentes-y-que-era-intensamente-buscado\/","url_meta":{"origin":37089,"position":4},"title":"LA POLIC\u00cdA LOGR\u00d3 ATRAPAR A UN SUJETO CON FRONDOSOS ANTECEDENTES Y QUE ERA INTENSAMENTE BUSCADO","author":"Alejandro Sosa Ruda","date":"5 agosto, 2023","format":false,"excerpt":"Con un excelente trabajo conjunto entre investigaciones, inteligencia y de campo, la polic\u00eda identific\u00f3 y captur\u00f3 a un individuo intensamente buscado. 4 de agosto de 2023 CHASCOM\u00daS -\u00a0 El mi\u00e9rcoles pasado, la polic\u00eda comunal\u00a0 realiz\u00f3 un allanamiento en una vivienda de calle M\u00e9xico, donde habita una persona de sexo masculino\u2026","rel":"","context":"En \u00abDESTACADAS\u00bb","block_context":{"text":"DESTACADAS","link":"https:\/\/larevistadigital.com.ar\/blog\/category\/destacadas\/"},"img":{"alt_text":"","src":"https:\/\/i0.wp.com\/larevistadigital.com.ar\/blog\/wp-content\/uploads\/Polic%C3%ADa-Bonaerense-Patrulleros-3.jpg?fit=772%2C434&ssl=1&resize=350%2C200","width":350,"height":200,"srcset":"https:\/\/i0.wp.com\/larevistadigital.com.ar\/blog\/wp-content\/uploads\/Polic%C3%ADa-Bonaerense-Patrulleros-3.jpg?fit=772%2C434&ssl=1&resize=350%2C200 1x, https:\/\/i0.wp.com\/larevistadigital.com.ar\/blog\/wp-content\/uploads\/Polic%C3%ADa-Bonaerense-Patrulleros-3.jpg?fit=772%2C434&ssl=1&resize=525%2C300 1.5x, https:\/\/i0.wp.com\/larevistadigital.com.ar\/blog\/wp-content\/uploads\/Polic%C3%ADa-Bonaerense-Patrulleros-3.jpg?fit=772%2C434&ssl=1&resize=700%2C400 2x"},"classes":[]},{"id":7677,"url":"https:\/\/larevistadigital.com.ar\/blog\/dolores-hallaron-al-hombre-que-era-intensamente-buscado\/","url_meta":{"origin":37089,"position":5},"title":"DOLORES: HALLARON AL HOMBRE QUE ERA INTENSAMENTE BUSCADO","author":"Alejandro Sosa Ruda","date":"8 enero, 2019","format":false,"excerpt":"Finalmente fue encontrado el vecino que era intensamente buscado por familiares y amigos, llamado H\u00e9ctor Duarte, desde que no concurri\u00f3 a una cena y hab\u00eda cortado todo contacto con sus allegados. Gracias al trabajo de la polic\u00eda, el vecino de Dolores fue hallado en perfecto estado de salud en la\u2026","rel":"","context":"En \u00abDOLORES\u00bb","block_context":{"text":"DOLORES","link":"https:\/\/larevistadigital.com.ar\/blog\/category\/dolores\/"},"img":{"alt_text":"","src":"https:\/\/i0.wp.com\/larevistadigital.com.ar\/blog\/wp-content\/uploads\/2019\/01\/hombre-desaparecido-en-dolores.png?fit=900%2C668&ssl=1&resize=350%2C200","width":350,"height":200,"srcset":"https:\/\/i0.wp.com\/larevistadigital.com.ar\/blog\/wp-content\/uploads\/2019\/01\/hombre-desaparecido-en-dolores.png?fit=900%2C668&ssl=1&resize=350%2C200 1x, https:\/\/i0.wp.com\/larevistadigital.com.ar\/blog\/wp-content\/uploads\/2019\/01\/hombre-desaparecido-en-dolores.png?fit=900%2C668&ssl=1&resize=525%2C300 1.5x, https:\/\/i0.wp.com\/larevistadigital.com.ar\/blog\/wp-content\/uploads\/2019\/01\/hombre-desaparecido-en-dolores.png?fit=900%2C668&ssl=1&resize=700%2C400 2x"},"classes":[]}],"_links":{"self":[{"href":"https:\/\/larevistadigital.com.ar\/blog\/wp-json\/wp\/v2\/posts\/37089","targetHints":{"allow":["GET"]}}],"collection":[{"href":"https:\/\/larevistadigital.com.ar\/blog\/wp-json\/wp\/v2\/posts"}],"about":[{"href":"https:\/\/larevistadigital.com.ar\/blog\/wp-json\/wp\/v2\/types\/post"}],"author":[{"embeddable":true,"href":"https:\/\/larevistadigital.com.ar\/blog\/wp-json\/wp\/v2\/users\/3"}],"replies":[{"embeddable":true,"href":"https:\/\/larevistadigital.com.ar\/blog\/wp-json\/wp\/v2\/comments?post=37089"}],"version-history":[{"count":1,"href":"https:\/\/larevistadigital.com.ar\/blog\/wp-json\/wp\/v2\/posts\/37089\/revisions"}],"predecessor-version":[{"id":37091,"href":"https:\/\/larevistadigital.com.ar\/blog\/wp-json\/wp\/v2\/posts\/37089\/revisions\/37091"}],"wp:featuredmedia":[{"embeddable":true,"href":"https:\/\/larevistadigital.com.ar\/blog\/wp-json\/wp\/v2\/media\/37090"}],"wp:attachment":[{"href":"https:\/\/larevistadigital.com.ar\/blog\/wp-json\/wp\/v2\/media?parent=37089"}],"wp:term":[{"taxonomy":"category","embeddable":true,"href":"https:\/\/larevistadigital.com.ar\/blog\/wp-json\/wp\/v2\/categories?post=37089"},{"taxonomy":"post_tag","embeddable":true,"href":"https:\/\/larevistadigital.com.ar\/blog\/wp-json\/wp\/v2\/tags?post=37089"}],"curies":[{"name":"wp","href":"https:\/\/api.w.org\/{rel}","templated":true}]}}