{"id":37092,"date":"2024-08-29T21:48:01","date_gmt":"2024-08-30T00:48:01","guid":{"rendered":"https:\/\/larevistadigital.com.ar\/blog\/?p=37092"},"modified":"2024-08-29T21:48:01","modified_gmt":"2024-08-30T00:48:01","slug":"chascomus-comenzo-el-asfaltado-en-calle-11-de-septiembre","status":"publish","type":"post","link":"https:\/\/larevistadigital.com.ar\/blog\/chascomus-comenzo-el-asfaltado-en-calle-11-de-septiembre\/","title":{"rendered":"CHASCOM\u00daS: COMENZ\u00d3 EL ASFALTADO EN CALLE 11 DE SEPTIEMBRE"},"content":{"rendered":"<h2 class=\"excerpt\">Los trabajos buscan mejorar la circulaci\u00f3n y la seguridad en el barrio Escribano, asegurando un acceso seguro y equitativo para todos los vecinos.<\/h2>\n<p>29 de Agosto de 2024<\/p>\n<div id=\"miDiv1\" class=\"text\">\n<p><strong>CHASCOM\u00daS &#8211;<\/strong>\u00a0 \u00a0Este jueves, se inici\u00f3 al asfaltado en la calle 11 de Septiembre, en el barrio Escribano, con la intervenci\u00f3n en las dos primeras cuadras, entre Chubut y Tierra del Fuego.<\/p>\n<blockquote>\n<h3>La obra se realiz\u00f3 con el sistema de asfaltado de mezcla en caliente producido en la recientemente habilitada planta de la empresa local GyC Construcciones, la primera en Chascom\u00fas que produce este material.<\/h3>\n<\/blockquote>\n<p>Esta t\u00e9cnica permite una r\u00e1pida consolidaci\u00f3n de la calzada lo que hace posible su habilitaci\u00f3n inmediata para el tr\u00e1nsito vehicular. Previamente, se llevaron a cabo trabajos de imprimaci\u00f3n y base de suelo de cal, con el fin de asegurar la durabilidad y estabilidad de la nueva cinta asf\u00e1ltica.<\/p>\n<blockquote>\n<h3>El intendente interino Leandro Bordalecou y el secretario de Obras, Servicios P\u00fablicos y Ambiente, Jorge Marino, supervisaron los avances y dialogaron con los vecinos y las vecinas quienes expresaron su agradecimiento por la realizaci\u00f3n de esta obra que cambiar\u00e1 notablemente su vida diaria y la circulaci\u00f3n en el barrio.<\/h3>\n<\/blockquote>\n<p><em><strong>\u201cHace m\u00e1s de 30 a\u00f1os que vivimos ac\u00e1 y este es un momento muy emocionante\u201d<\/strong><\/em>, expres\u00f3 uno de los frentistas al paso de las m\u00e1quinas que completaron la calzada que en pocas horas ya estuvo en condiciones de ser utilizada.<\/p>\n<blockquote>\n<h3>Las labores continuar\u00e1n la pr\u00f3xima semana, siempre y cuando las condiciones clim\u00e1ticas lo permitan, hasta completar la totalidad de la arteria.<\/h3>\n<\/blockquote>\n<p>La iniciativa forma parte de un plan integral que incluye la construcci\u00f3n de 6.700 metros lineales de cord\u00f3n cuneta y 22 sumideros en las calles internas del barrio, adem\u00e1s del asfaltado de la calle R\u00edo Negro, concluido en 2023.<\/p>\n<blockquote>\n<h3>Si bien el proyecto prev\u00e9 obras para todo el sector, debido a las pol\u00edticas del gobierno nacional, estas obras se ven demoradas y dificultadas, por lo que se prioriz\u00f3 cerrar un circuito de circulaci\u00f3n en el barrio junto con las calles R\u00edo Negro, Chubut y Bartolom\u00e9 Correa, que ya cuentan con asfaltado.<\/h3>\n<\/blockquote>\n<p>De esta manera, se mejorar\u00e1 la seguridad vial con calles de mano \u00fanica para la entrada y salida del sector y se asegurar\u00e1 que todos los vecinos tengan acceso a calles asfaltadas a poca distancia de sus viviendas.<\/p>\n<\/div>\n","protected":false},"excerpt":{"rendered":"<div class=\"mh-excerpt\"><p>Los trabajos buscan mejorar la circulaci\u00f3n y la seguridad en el barrio Escribano, asegurando un acceso seguro y equitativo para todos los vecinos. 29 de Agosto de 2024 CHASCOM\u00daS &#8211;\u00a0 \u00a0Este jueves, se inici\u00f3 al <a class=\"mh-excerpt-more\" href=\"https:\/\/larevistadigital.com.ar\/blog\/chascomus-comenzo-el-asfaltado-en-calle-11-de-septiembre\/\" title=\"CHASCOM\u00daS: COMENZ\u00d3 EL ASFALTADO EN CALLE 11 DE SEPTIEMBRE\">[Leer M\u00e1s]<\/a><\/p>\n<\/div>","protected":false},"author":3,"featured_media":37093,"comment_status":"open","ping_status":"open","sticky":false,"template":"","format":"standard","meta":{"_jetpack_memberships_contains_paid_content":false,"footnotes":"","jetpack_publicize_message":"","jetpack_publicize_feature_enabled":true,"jetpack_social_post_already_shared":true,"jetpack_social_options":{"image_generator_settings":{"template":"highway","default_image_id":0,"font":"","enabled":false},"version":2}},"categories":[6],"tags":[],"class_list":{"0":"post-37092","1":"post","2":"type-post","3":"status-publish","4":"format-standard","5":"has-post-thumbnail","7":"category-chascomus"},"jetpack_publicize_connections":[],"jetpack_featured_media_url":"https:\/\/i0.wp.com\/larevistadigital.com.ar\/blog\/wp-content\/uploads\/FOTO-NOTA-1.png?fit=668%2C445&ssl=1","jetpack_sharing_enabled":true,"jetpack_shortlink":"https:\/\/wp.me\/p8qtrQ-9Eg","jetpack-related-posts":[{"id":37224,"url":"https:\/\/larevistadigital.com.ar\/blog\/finalizo-el-asfaltado-de-la-calle-11-de-septiembre-en-el-barrio-escribano\/","url_meta":{"origin":37092,"position":0},"title":"Finaliz\u00f3 el asfaltado de la calle 11 de Septiembre en el barrio Escribano","author":"Alejandro Sosa Ruda","date":"13 septiembre, 2024","format":false,"excerpt":"Con esta obra, se mejora la circulaci\u00f3n y la seguridad en la zona. 13 de Septiembre de 2024 CHASCOM\u00daS -\u00a0 Este jueves se complet\u00f3 el asfaltado de la calle 11 de Septiembre en el barrio Escribano, en el tramo comprendido entre las calles Chubut y Ju\u00e1rez, cerrando as\u00ed el circuito\u2026","rel":"","context":"En \u00abCHASCOM\u00daS\u00bb","block_context":{"text":"CHASCOM\u00daS","link":"https:\/\/larevistadigital.com.ar\/blog\/category\/chascomus\/"},"img":{"alt_text":"","src":"https:\/\/i0.wp.com\/larevistadigital.com.ar\/blog\/wp-content\/uploads\/66e478faaedc8.png?fit=668%2C445&ssl=1&resize=350%2C200","width":350,"height":200,"srcset":"https:\/\/i0.wp.com\/larevistadigital.com.ar\/blog\/wp-content\/uploads\/66e478faaedc8.png?fit=668%2C445&ssl=1&resize=350%2C200 1x, https:\/\/i0.wp.com\/larevistadigital.com.ar\/blog\/wp-content\/uploads\/66e478faaedc8.png?fit=668%2C445&ssl=1&resize=525%2C300 1.5x"},"classes":[]},{"id":40044,"url":"https:\/\/larevistadigital.com.ar\/blog\/chascomus-son-cuatro-las-empresas-interesadas-en-la-obra-de-asfaltado-del-barrio-escribano\/","url_meta":{"origin":37092,"position":1},"title":"Chascom\u00fas: Son cuatro, las empresas interesadas en la obra de asfaltado del barrio Escribano","author":"Alejandro Sosa Ruda","date":"12 junio, 2025","format":false,"excerpt":"La obra consiste en la pavimentaci\u00f3n de 28 cuadras que incluyen Orzali, Tierra del Fuego, Santa Cruz, Dorrego, Ju\u00e1rez, Arenaza y 26 de Julio. 12 de Junio de 2025 CHASCOM\u00daS -\u00a0 \u00a0Este martes fueron abiertos los sobres correspondientes a la Licitaci\u00f3n P\u00fablica N\u00ba 02\/2025 para la obra \u201cAsfalto barrio Escribano\u201d.\u2026","rel":"","context":"En \u00abCHASCOM\u00daS\u00bb","block_context":{"text":"CHASCOM\u00daS","link":"https:\/\/larevistadigital.com.ar\/blog\/category\/chascomus\/"},"img":{"alt_text":"","src":"https:\/\/i0.wp.com\/larevistadigital.com.ar\/blog\/wp-content\/uploads\/6849b96279d8f.png?fit=668%2C445&ssl=1&resize=350%2C200","width":350,"height":200,"srcset":"https:\/\/i0.wp.com\/larevistadigital.com.ar\/blog\/wp-content\/uploads\/6849b96279d8f.png?fit=668%2C445&ssl=1&resize=350%2C200 1x, https:\/\/i0.wp.com\/larevistadigital.com.ar\/blog\/wp-content\/uploads\/6849b96279d8f.png?fit=668%2C445&ssl=1&resize=525%2C300 1.5x"},"classes":[]},{"id":36722,"url":"https:\/\/larevistadigital.com.ar\/blog\/chascomus-atencion-barrio-escribano-las-calles-rio-negro-y-chubut-seran-mano-unica\/","url_meta":{"origin":37092,"position":2},"title":"CHASCOM\u00daS: ATENCI\u00d3N BARRIO ESCRIBANO. LAS CALLES R\u00cdO NEGRO Y CHUBUT SER\u00c1N MANO \u00daNICA","author":"Alejandro Sosa Ruda","date":"17 julio, 2024","format":false,"excerpt":"Las dos v\u00edas que atraviesan de norte a sur el barrio Escribano cambiar\u00e1n el sentido de circulaci\u00f3n 17 de Julio de 2024 CHASCOM\u00daS -\u00a0 En el marco de lo dispuesto por la Ordenanza N\u00b05028 y a partir de los trabajos de pavimentaci\u00f3n ya finalizados, las calles R\u00edo Negro y Chubut\u2026","rel":"","context":"En \u00abCHASCOM\u00daS\u00bb","block_context":{"text":"CHASCOM\u00daS","link":"https:\/\/larevistadigital.com.ar\/blog\/category\/chascomus\/"},"img":{"alt_text":"","src":"https:\/\/i0.wp.com\/larevistadigital.com.ar\/blog\/wp-content\/uploads\/66980aae9535d.png?fit=668%2C445&ssl=1&resize=350%2C200","width":350,"height":200,"srcset":"https:\/\/i0.wp.com\/larevistadigital.com.ar\/blog\/wp-content\/uploads\/66980aae9535d.png?fit=668%2C445&ssl=1&resize=350%2C200 1x, https:\/\/i0.wp.com\/larevistadigital.com.ar\/blog\/wp-content\/uploads\/66980aae9535d.png?fit=668%2C445&ssl=1&resize=525%2C300 1.5x"},"classes":[]},{"id":39684,"url":"https:\/\/larevistadigital.com.ar\/blog\/se-licitara-la-pavimentacion-de-28-cuadras-en-el-barrio-escribano\/","url_meta":{"origin":37092,"position":3},"title":"Se licitar\u00e1 la pavimentaci\u00f3n de 28 cuadras en el barrio Escribano","author":"Alejandro Sosa Ruda","date":"6 mayo, 2025","format":false,"excerpt":"La Municipalidad anunci\u00f3 el inicio del proceso licitatorio y, previamente, financiar\u00e1 una obra pluvial necesaria para dar continuidad al proyecto. 06 de Mayo de 2025 CHASCOM\u00daS -\u00a0 El intendente Javier Gast\u00f3n encabez\u00f3 una reuni\u00f3n con vecinos y vecinas del barrio Escribano, a quienes anunci\u00f3 el pr\u00f3ximo llamado a licitaci\u00f3n para\u2026","rel":"","context":"En \u00abCHASCOM\u00daS\u00bb","block_context":{"text":"CHASCOM\u00daS","link":"https:\/\/larevistadigital.com.ar\/blog\/category\/chascomus\/"},"img":{"alt_text":"","src":"https:\/\/i0.wp.com\/larevistadigital.com.ar\/blog\/wp-content\/uploads\/681a450c79f64.png?fit=668%2C445&ssl=1&resize=350%2C200","width":350,"height":200,"srcset":"https:\/\/i0.wp.com\/larevistadigital.com.ar\/blog\/wp-content\/uploads\/681a450c79f64.png?fit=668%2C445&ssl=1&resize=350%2C200 1x, https:\/\/i0.wp.com\/larevistadigital.com.ar\/blog\/wp-content\/uploads\/681a450c79f64.png?fit=668%2C445&ssl=1&resize=525%2C300 1.5x"},"classes":[]},{"id":42405,"url":"https:\/\/larevistadigital.com.ar\/blog\/chascomus-allanamiento-en-el-barrio-escribano-tras-el-robo-de-dos-bicicletas\/","url_meta":{"origin":37092,"position":4},"title":"Chascom\u00fas: Allanamiento en el Barrio Escribano, tras el robo de dos bicicletas","author":"Alejandro Sosa Ruda","date":"5 noviembre, 2025","format":false,"excerpt":"La Polic\u00eda de Chascom\u00fas realiz\u00f3 un allanamiento en una vivienda de calle Estrada y notific\u00f3 al presunto autor del robo de dos bicicletas sustra\u00eddas del patio de una casa del barrio Escribano. 05 de Noviembre de 2025 CHASCOM\u00daS -\u00a0 \u00a0Autoridades policiales informaron que, a ra\u00edz de una denuncia radicada el\u2026","rel":"","context":"En \u00abINTERES GENERAL\u00bb","block_context":{"text":"INTERES GENERAL","link":"https:\/\/larevistadigital.com.ar\/blog\/category\/interes-general\/"},"img":{"alt_text":"","src":"https:\/\/i0.wp.com\/larevistadigital.com.ar\/blog\/wp-content\/uploads\/Patrullero-La-Plata-Berisso-Policia.jpg?fit=882%2C492&ssl=1&resize=350%2C200","width":350,"height":200,"srcset":"https:\/\/i0.wp.com\/larevistadigital.com.ar\/blog\/wp-content\/uploads\/Patrullero-La-Plata-Berisso-Policia.jpg?fit=882%2C492&ssl=1&resize=350%2C200 1x, https:\/\/i0.wp.com\/larevistadigital.com.ar\/blog\/wp-content\/uploads\/Patrullero-La-Plata-Berisso-Policia.jpg?fit=882%2C492&ssl=1&resize=525%2C300 1.5x, https:\/\/i0.wp.com\/larevistadigital.com.ar\/blog\/wp-content\/uploads\/Patrullero-La-Plata-Berisso-Policia.jpg?fit=882%2C492&ssl=1&resize=700%2C400 2x"},"classes":[]},{"id":8270,"url":"https:\/\/larevistadigital.com.ar\/blog\/castelli-continua-el-plan-de-asfaltado-en-barrio-manzanares\/","url_meta":{"origin":37092,"position":5},"title":"CASTELLI: CONTIN\u00daA EL PLAN DE ASFALTADO EN BARRIO MANZANARES","author":"Alejandro Sosa Ruda","date":"10 febrero, 2019","format":false,"excerpt":"Luego de culminar con el volcado de hormig\u00f3n en calle Pueyrred\u00f3n, la semana pasada se comenz\u00f3 a preparar otro tramo de esa zona de la ciudad para ser asfaltado. Se trata de calle Hussay, entre Pueyrred\u00f3n y Maip\u00fa. Son dos cuadras del barrio en donde se realizaron movimientos de tierra,\u2026","rel":"","context":"En \u00abCASTELLI\u00bb","block_context":{"text":"CASTELLI","link":"https:\/\/larevistadigital.com.ar\/blog\/category\/castelli\/"},"img":{"alt_text":"","src":"https:\/\/i0.wp.com\/larevistadigital.com.ar\/blog\/wp-content\/uploads\/2019\/02\/Asfalto1-1024x683.jpg?fit=1024%2C683&ssl=1&resize=350%2C200","width":350,"height":200,"srcset":"https:\/\/i0.wp.com\/larevistadigital.com.ar\/blog\/wp-content\/uploads\/2019\/02\/Asfalto1-1024x683.jpg?fit=1024%2C683&ssl=1&resize=350%2C200 1x, https:\/\/i0.wp.com\/larevistadigital.com.ar\/blog\/wp-content\/uploads\/2019\/02\/Asfalto1-1024x683.jpg?fit=1024%2C683&ssl=1&resize=525%2C300 1.5x, https:\/\/i0.wp.com\/larevistadigital.com.ar\/blog\/wp-content\/uploads\/2019\/02\/Asfalto1-1024x683.jpg?fit=1024%2C683&ssl=1&resize=700%2C400 2x"},"classes":[]}],"_links":{"self":[{"href":"https:\/\/larevistadigital.com.ar\/blog\/wp-json\/wp\/v2\/posts\/37092","targetHints":{"allow":["GET"]}}],"collection":[{"href":"https:\/\/larevistadigital.com.ar\/blog\/wp-json\/wp\/v2\/posts"}],"about":[{"href":"https:\/\/larevistadigital.com.ar\/blog\/wp-json\/wp\/v2\/types\/post"}],"author":[{"embeddable":true,"href":"https:\/\/larevistadigital.com.ar\/blog\/wp-json\/wp\/v2\/users\/3"}],"replies":[{"embeddable":true,"href":"https:\/\/larevistadigital.com.ar\/blog\/wp-json\/wp\/v2\/comments?post=37092"}],"version-history":[{"count":1,"href":"https:\/\/larevistadigital.com.ar\/blog\/wp-json\/wp\/v2\/posts\/37092\/revisions"}],"predecessor-version":[{"id":37094,"href":"https:\/\/larevistadigital.com.ar\/blog\/wp-json\/wp\/v2\/posts\/37092\/revisions\/37094"}],"wp:featuredmedia":[{"embeddable":true,"href":"https:\/\/larevistadigital.com.ar\/blog\/wp-json\/wp\/v2\/media\/37093"}],"wp:attachment":[{"href":"https:\/\/larevistadigital.com.ar\/blog\/wp-json\/wp\/v2\/media?parent=37092"}],"wp:term":[{"taxonomy":"category","embeddable":true,"href":"https:\/\/larevistadigital.com.ar\/blog\/wp-json\/wp\/v2\/categories?post=37092"},{"taxonomy":"post_tag","embeddable":true,"href":"https:\/\/larevistadigital.com.ar\/blog\/wp-json\/wp\/v2\/tags?post=37092"}],"curies":[{"name":"wp","href":"https:\/\/api.w.org\/{rel}","templated":true}]}}