{"id":37095,"date":"2024-08-29T22:29:45","date_gmt":"2024-08-30T01:29:45","guid":{"rendered":"https:\/\/larevistadigital.com.ar\/blog\/?p=37095"},"modified":"2024-08-29T22:34:21","modified_gmt":"2024-08-30T01:34:21","slug":"atencion-nuevas-modalidades-de-captacion-y-trata-de-personas","status":"publish","type":"post","link":"https:\/\/larevistadigital.com.ar\/blog\/atencion-nuevas-modalidades-de-captacion-y-trata-de-personas\/","title":{"rendered":"ATENCI\u00d3N: NUEVAS MODALIDADES DE CAPTACI\u00d3N Y TRATA DE PERSONAS"},"content":{"rendered":"<h2 class=\"excerpt\">En el marco del programa municipal Juventudes Cuidadas, especialistas del gobierno provincial ofrecieron una charla-taller para brindar informaci\u00f3n sobre esta tem\u00e1tica.<\/h2>\n<p>29 de Agosto de 2024<\/p>\n<div id=\"miDiv1\" class=\"text\">\n<p><strong>CHASCOM\u00daS &#8211;\u00a0<\/strong> La actividad se desarroll\u00f3 en el Centro Universitario Chascom\u00fas, ubicado en el barrio 30 de Mayo, ante un numeroso p\u00fablico, en el que se encontraban gran cantidad de docentes y personal educativo.<\/p>\n<p>La charla estuvo a cargo de la directora de Rescate y Acompa\u00f1amiento a V\u00edctimas Damnificadas por el Delito de Trata del Ministerio de Justicia de la provincia de Buenos Aires, licenciada Silvina Melia; junto a la psic\u00f3loga Carolina Piergentili, el abogado Pablo Peralta y la comisario Brenda Loreley Feller Miranda de la divisi\u00f3n Trata del Ministerio de Seguridad bonaerense.<\/p>\n<blockquote>\n<h3>Los disertantes brindaron informaci\u00f3n clara y precisa acerca de los diferentes m\u00e9todos de captaci\u00f3n que est\u00e1n siendo utilizados en redes sociales, profundizando en los peligros de las plataformas digitales y las t\u00e1cticas que emplean los tratantes para atraer a sus v\u00edctimas.<\/h3>\n<\/blockquote>\n<p>Participaron el intendente interino <strong>Leandro Bordalecou<\/strong>, y las secretarias de Desarrollo Social, <strong>Yanina Gazzaniga<\/strong>; Seguridad Ciudadana,<strong> Mariela Moscarella<\/strong>; y de Salud P\u00fablica, <strong>Marcela Arias<\/strong>, a quienes se sum\u00f3 el subsecretario de Infancias y Juventudes, <strong>Lucio Alfons\u00edn<\/strong>.<\/p>\n<\/div>\n","protected":false},"excerpt":{"rendered":"<div class=\"mh-excerpt\"><p>En el marco del programa municipal Juventudes Cuidadas, especialistas del gobierno provincial ofrecieron una charla-taller para brindar informaci\u00f3n sobre esta tem\u00e1tica. 29 de Agosto de 2024 CHASCOM\u00daS &#8211;\u00a0 La actividad se desarroll\u00f3 en el Centro <a class=\"mh-excerpt-more\" href=\"https:\/\/larevistadigital.com.ar\/blog\/atencion-nuevas-modalidades-de-captacion-y-trata-de-personas\/\" title=\"ATENCI\u00d3N: NUEVAS MODALIDADES DE CAPTACI\u00d3N Y TRATA DE PERSONAS\">[Leer M\u00e1s]<\/a><\/p>\n<\/div>","protected":false},"author":3,"featured_media":37096,"comment_status":"open","ping_status":"open","sticky":false,"template":"","format":"standard","meta":{"_jetpack_memberships_contains_paid_content":false,"footnotes":"","jetpack_publicize_message":"","jetpack_publicize_feature_enabled":true,"jetpack_social_post_already_shared":true,"jetpack_social_options":{"image_generator_settings":{"template":"highway","default_image_id":0,"font":"","enabled":false},"version":2}},"categories":[50],"tags":[],"class_list":{"0":"post-37095","1":"post","2":"type-post","3":"status-publish","4":"format-standard","5":"has-post-thumbnail","7":"category-interes-general"},"jetpack_publicize_connections":[],"jetpack_featured_media_url":"https:\/\/i0.wp.com\/larevistadigital.com.ar\/blog\/wp-content\/uploads\/FOTO-NOTA-2.png?fit=668%2C445&ssl=1","jetpack_sharing_enabled":true,"jetpack_shortlink":"https:\/\/wp.me\/p8qtrQ-9Ej","jetpack-related-posts":[{"id":42007,"url":"https:\/\/larevistadigital.com.ar\/blog\/chascomus-charla-la-observacion-de-aves-portal-hacia-la-naturaleza\/","url_meta":{"origin":37095,"position":0},"title":"Chascom\u00fas: Charla \u00abLa observaci\u00f3n de aves, portal hacia la naturaleza\u00bb","author":"Alejandro Sosa Ruda","date":"16 octubre, 2025","format":false,"excerpt":"La cita es este viernes, desde las 18 horas, en el Museo Pampeano. 16 de Octubre de 2025 CHASCOM\u00daS -\u00a0 \u00a0En la tardecita de este viernes 17 de octubre estamos todos invitados a participar de una charla que pone en el centro a las aves, en el marco de la\u2026","rel":"","context":"En \u00abCHASCOM\u00daS\u00bb","block_context":{"text":"CHASCOM\u00daS","link":"https:\/\/larevistadigital.com.ar\/blog\/category\/chascomus\/"},"img":{"alt_text":"","src":"https:\/\/i0.wp.com\/larevistadigital.com.ar\/blog\/wp-content\/uploads\/68f128bbdc20e.png?fit=668%2C445&ssl=1&resize=350%2C200","width":350,"height":200,"srcset":"https:\/\/i0.wp.com\/larevistadigital.com.ar\/blog\/wp-content\/uploads\/68f128bbdc20e.png?fit=668%2C445&ssl=1&resize=350%2C200 1x, https:\/\/i0.wp.com\/larevistadigital.com.ar\/blog\/wp-content\/uploads\/68f128bbdc20e.png?fit=668%2C445&ssl=1&resize=525%2C300 1.5x"},"classes":[]},{"id":39827,"url":"https:\/\/larevistadigital.com.ar\/blog\/chascomus-se-brindo-una-charla-sobre-sifilis-en-el-caps-san-luis\/","url_meta":{"origin":37095,"position":1},"title":"Chascom\u00fas; Se brind\u00f3 una charla sobre s\u00edfilis en el CAPS San Luis","author":"Alejandro Sosa Ruda","date":"21 mayo, 2025","format":false,"excerpt":"Destinada a fortalecer a los equipos del \u00e1rea de salud sobre el diagn\u00f3stico y tratamiento de esta enfermedad. 21 de Mayo de 2025 CHASCOM\u00daS -\u00a0 \u00a0Personal de Laboratorio, Servicio Social, Guardia, Pediatr\u00eda y Maternidad del Hospital San Vicente de Pa\u00fal y de los CAPS, junto a profesionales de Epidemiolog\u00eda de\u2026","rel":"","context":"En \u00abCHASCOM\u00daS\u00bb","block_context":{"text":"CHASCOM\u00daS","link":"https:\/\/larevistadigital.com.ar\/blog\/category\/chascomus\/"},"img":{"alt_text":"","src":"https:\/\/i0.wp.com\/larevistadigital.com.ar\/blog\/wp-content\/uploads\/682e0bbc23f07.png?fit=668%2C445&ssl=1&resize=350%2C200","width":350,"height":200,"srcset":"https:\/\/i0.wp.com\/larevistadigital.com.ar\/blog\/wp-content\/uploads\/682e0bbc23f07.png?fit=668%2C445&ssl=1&resize=350%2C200 1x, https:\/\/i0.wp.com\/larevistadigital.com.ar\/blog\/wp-content\/uploads\/682e0bbc23f07.png?fit=668%2C445&ssl=1&resize=525%2C300 1.5x"},"classes":[]},{"id":6725,"url":"https:\/\/larevistadigital.com.ar\/blog\/chascomus-el-procurador-general-de-la-provincia-visitara-la-ciudad\/","url_meta":{"origin":37095,"position":2},"title":"CHASCOM\u00daS: EL PROCURADOR GENERAL DE LA PROVINCIA VISITAR\u00c1 LA CIUDAD","author":"Alejandro Sosa Ruda","date":"3 octubre, 2018","format":false,"excerpt":"El Procurador General de la Provincia de Buenos Aires,\u00a0 Dr. Julio Conte Grand, visitar\u00e1 la ciudad de Chascom\u00fas, en donde mantendr\u00e1 una reuni\u00f3n con el intendente Javier Gast\u00f3n. Se brindar\u00e1 una charla abierta sobre el Ministerio P\u00fablico provincial en las instalaciones de la delegaci\u00f3n local del Consejo Profesional de Ciencias\u2026","rel":"","context":"En \u00abPOLITICA\u00bb","block_context":{"text":"POLITICA","link":"https:\/\/larevistadigital.com.ar\/blog\/category\/politica\/"},"img":{"alt_text":"","src":"https:\/\/i0.wp.com\/larevistadigital.com.ar\/blog\/wp-content\/uploads\/2018\/10\/IDE5XCTOMJFORGZC4CTJTWQ24M.jpg?fit=600%2C450&ssl=1&resize=350%2C200","width":350,"height":200,"srcset":"https:\/\/i0.wp.com\/larevistadigital.com.ar\/blog\/wp-content\/uploads\/2018\/10\/IDE5XCTOMJFORGZC4CTJTWQ24M.jpg?fit=600%2C450&ssl=1&resize=350%2C200 1x, https:\/\/i0.wp.com\/larevistadigital.com.ar\/blog\/wp-content\/uploads\/2018\/10\/IDE5XCTOMJFORGZC4CTJTWQ24M.jpg?fit=600%2C450&ssl=1&resize=525%2C300 1.5x"},"classes":[]},{"id":40279,"url":"https:\/\/larevistadigital.com.ar\/blog\/chascomus-se-realizo-la-charla-sobre-herramientas-y-habilidades-para-el-mundo-del-trabajo\/","url_meta":{"origin":37095,"position":3},"title":"Chascom\u00fas: Se realiz\u00f3 la charla sobre \u201cHerramientas y habilidades para el mundo del trabajo\u201d","author":"Alejandro Sosa Ruda","date":"2 julio, 2025","format":false,"excerpt":"El objetivo es brindar y fortalecer herramientas que las personas necesitan al momento de insertarse en el mundo laboral 02 de Julio de 2025 CHASCOM\u00daS-\u00a0 \u00a0La Municipalidad de Chascom\u00fas trabaja de manera articulada con el Centro de Formaci\u00f3n Laboral N\u00b0 401, y en este marco, el \u00faltimo martes desde las\u2026","rel":"","context":"En \u00abCHASCOM\u00daS\u00bb","block_context":{"text":"CHASCOM\u00daS","link":"https:\/\/larevistadigital.com.ar\/blog\/category\/chascomus\/"},"img":{"alt_text":"","src":"https:\/\/i0.wp.com\/larevistadigital.com.ar\/blog\/wp-content\/uploads\/686565ee1b9c2.png?fit=668%2C445&ssl=1&resize=350%2C200","width":350,"height":200,"srcset":"https:\/\/i0.wp.com\/larevistadigital.com.ar\/blog\/wp-content\/uploads\/686565ee1b9c2.png?fit=668%2C445&ssl=1&resize=350%2C200 1x, https:\/\/i0.wp.com\/larevistadigital.com.ar\/blog\/wp-content\/uploads\/686565ee1b9c2.png?fit=668%2C445&ssl=1&resize=525%2C300 1.5x"},"classes":[]},{"id":27725,"url":"https:\/\/larevistadigital.com.ar\/blog\/chascomus-se-brindara-una-interesante-charla-de-salud-organizada-por-la-la-ucr-en-la-bancaria\/","url_meta":{"origin":37095,"position":4},"title":"CHASCOM\u00daS: SE BRINDAR\u00c1 UNA INTERESANTE CHARLA DE SALUD, ORGANIZADA POR LA LA UCR EN LA BANCARIA","author":"Alejandro Sosa Ruda","date":"13 septiembre, 2022","format":false,"excerpt":"La charla estar\u00e1 a cargo de la doctora Viviana Bernabei, Secretaria de Salud de Gral. Pueyrred\u00f3n. Tambi\u00e9n los integrantes de la \"Mesa de Salud\" de la UCR. 13 de septiembre de 2022 CHASCOM\u00daS -\u00a0 Desde la \"Mesa de Salud\" de la UCR local, se invita a la poblaci\u00f3n a participar\u2026","rel":"","context":"En \u00abPOLITICA LOCAL\u00bb","block_context":{"text":"POLITICA LOCAL","link":"https:\/\/larevistadigital.com.ar\/blog\/category\/politica\/politica-local\/"},"img":{"alt_text":"","src":"https:\/\/i0.wp.com\/larevistadigital.com.ar\/blog\/wp-content\/uploads\/WhatsApp-Image-2022-09-13-at-10.26.27.jpeg?fit=1200%2C1200&ssl=1&resize=350%2C200","width":350,"height":200,"srcset":"https:\/\/i0.wp.com\/larevistadigital.com.ar\/blog\/wp-content\/uploads\/WhatsApp-Image-2022-09-13-at-10.26.27.jpeg?fit=1200%2C1200&ssl=1&resize=350%2C200 1x, https:\/\/i0.wp.com\/larevistadigital.com.ar\/blog\/wp-content\/uploads\/WhatsApp-Image-2022-09-13-at-10.26.27.jpeg?fit=1200%2C1200&ssl=1&resize=525%2C300 1.5x, https:\/\/i0.wp.com\/larevistadigital.com.ar\/blog\/wp-content\/uploads\/WhatsApp-Image-2022-09-13-at-10.26.27.jpeg?fit=1200%2C1200&ssl=1&resize=700%2C400 2x, https:\/\/i0.wp.com\/larevistadigital.com.ar\/blog\/wp-content\/uploads\/WhatsApp-Image-2022-09-13-at-10.26.27.jpeg?fit=1200%2C1200&ssl=1&resize=1050%2C600 3x"},"classes":[]},{"id":28523,"url":"https:\/\/larevistadigital.com.ar\/blog\/charla-para-jovenes-chascomunenses-aspirantes-a-ingresar-a-la-policia-bonaerense\/","url_meta":{"origin":37095,"position":5},"title":"CHARLA PARA J\u00d3VENES CHASCOMUNENSES ASPIRANTES A INGRESAR A LA POLIC\u00cdA BONAERENSE","author":"Alejandro Sosa Ruda","date":"19 octubre, 2022","format":false,"excerpt":"La reuni\u00f3n informativa fue organizada por la Secretar\u00eda de Seguridad Ciudadana y asistieron 33 j\u00f3venes interesados en ingresar a la fuerza p\u00fablica provincial. 19 de octubre de 2022 CHASCOM\u00daS -\u00a0 La actividad forma parte del Programa de Formaci\u00f3n Municipal implementado por la Subsecretar\u00eda de Formaci\u00f3n y Desarrollo Profesional del Ministerio\u2026","rel":"","context":"En \u00abCHASCOM\u00daS\u00bb","block_context":{"text":"CHASCOM\u00daS","link":"https:\/\/larevistadigital.com.ar\/blog\/category\/chascomus\/"},"img":{"alt_text":"","src":"https:\/\/i0.wp.com\/larevistadigital.com.ar\/blog\/wp-content\/uploads\/charla-policia.jpg?fit=900%2C585&ssl=1&resize=350%2C200","width":350,"height":200,"srcset":"https:\/\/i0.wp.com\/larevistadigital.com.ar\/blog\/wp-content\/uploads\/charla-policia.jpg?fit=900%2C585&ssl=1&resize=350%2C200 1x, https:\/\/i0.wp.com\/larevistadigital.com.ar\/blog\/wp-content\/uploads\/charla-policia.jpg?fit=900%2C585&ssl=1&resize=525%2C300 1.5x, https:\/\/i0.wp.com\/larevistadigital.com.ar\/blog\/wp-content\/uploads\/charla-policia.jpg?fit=900%2C585&ssl=1&resize=700%2C400 2x"},"classes":[]}],"_links":{"self":[{"href":"https:\/\/larevistadigital.com.ar\/blog\/wp-json\/wp\/v2\/posts\/37095","targetHints":{"allow":["GET"]}}],"collection":[{"href":"https:\/\/larevistadigital.com.ar\/blog\/wp-json\/wp\/v2\/posts"}],"about":[{"href":"https:\/\/larevistadigital.com.ar\/blog\/wp-json\/wp\/v2\/types\/post"}],"author":[{"embeddable":true,"href":"https:\/\/larevistadigital.com.ar\/blog\/wp-json\/wp\/v2\/users\/3"}],"replies":[{"embeddable":true,"href":"https:\/\/larevistadigital.com.ar\/blog\/wp-json\/wp\/v2\/comments?post=37095"}],"version-history":[{"count":2,"href":"https:\/\/larevistadigital.com.ar\/blog\/wp-json\/wp\/v2\/posts\/37095\/revisions"}],"predecessor-version":[{"id":37098,"href":"https:\/\/larevistadigital.com.ar\/blog\/wp-json\/wp\/v2\/posts\/37095\/revisions\/37098"}],"wp:featuredmedia":[{"embeddable":true,"href":"https:\/\/larevistadigital.com.ar\/blog\/wp-json\/wp\/v2\/media\/37096"}],"wp:attachment":[{"href":"https:\/\/larevistadigital.com.ar\/blog\/wp-json\/wp\/v2\/media?parent=37095"}],"wp:term":[{"taxonomy":"category","embeddable":true,"href":"https:\/\/larevistadigital.com.ar\/blog\/wp-json\/wp\/v2\/categories?post=37095"},{"taxonomy":"post_tag","embeddable":true,"href":"https:\/\/larevistadigital.com.ar\/blog\/wp-json\/wp\/v2\/tags?post=37095"}],"curies":[{"name":"wp","href":"https:\/\/api.w.org\/{rel}","templated":true}]}}