{"id":37214,"date":"2024-09-13T08:56:06","date_gmt":"2024-09-13T11:56:06","guid":{"rendered":"https:\/\/larevistadigital.com.ar\/blog\/?p=37214"},"modified":"2024-09-13T08:56:06","modified_gmt":"2024-09-13T11:56:06","slug":"chascomus-se-muda-el-juzgado-de-faltas","status":"publish","type":"post","link":"https:\/\/larevistadigital.com.ar\/blog\/chascomus-se-muda-el-juzgado-de-faltas\/","title":{"rendered":"Chascom\u00fas: Se muda el Juzgado de Faltas"},"content":{"rendered":"<h2 class=\"excerpt\">La dependencia municipal suspender\u00e1 su atenci\u00f3n hasta el pr\u00f3ximo martes para trasladarse a su nueva sede.<\/h2>\n<p>13 de Septiembre de 2024<\/p>\n<div id=\"miDiv1\" class=\"text\">\n<p><strong>CHASCOM\u00daS &#8211;\u00a0<\/strong> El Juzgado de Faltas de la Municipalidad inform\u00f3 que <strong>no atender\u00e1 al p\u00fablico los d\u00edas viernes 13 y lunes 16<\/strong> debido a tareas de mudanza.<\/p>\n<p>La dependencia reanudar\u00e1 su actividad normal el martes 17 de septiembre, en su nueva ubicaci\u00f3n, en la <strong>calle Soler 56.<\/strong><\/p>\n<\/div>\n","protected":false},"excerpt":{"rendered":"<div class=\"mh-excerpt\"><p>La dependencia municipal suspender\u00e1 su atenci\u00f3n hasta el pr\u00f3ximo martes para trasladarse a su nueva sede. 13 de Septiembre de 2024 CHASCOM\u00daS &#8211;\u00a0 El Juzgado de Faltas de la Municipalidad inform\u00f3 que no atender\u00e1 al <a class=\"mh-excerpt-more\" href=\"https:\/\/larevistadigital.com.ar\/blog\/chascomus-se-muda-el-juzgado-de-faltas\/\" title=\"Chascom\u00fas: Se muda el Juzgado de Faltas\">[Leer M\u00e1s]<\/a><\/p>\n<\/div>","protected":false},"author":3,"featured_media":37215,"comment_status":"open","ping_status":"open","sticky":false,"template":"","format":"standard","meta":{"_jetpack_memberships_contains_paid_content":false,"footnotes":"","jetpack_publicize_message":"","jetpack_publicize_feature_enabled":true,"jetpack_social_post_already_shared":true,"jetpack_social_options":{"image_generator_settings":{"template":"highway","default_image_id":0,"font":"","enabled":false},"version":2}},"categories":[1],"tags":[],"class_list":{"0":"post-37214","1":"post","2":"type-post","3":"status-publish","4":"format-standard","5":"has-post-thumbnail","7":"category-sin-categoria"},"jetpack_publicize_connections":[],"jetpack_featured_media_url":"https:\/\/i0.wp.com\/larevistadigital.com.ar\/blog\/wp-content\/uploads\/66e320711cd21.png?fit=668%2C445&ssl=1","jetpack_sharing_enabled":true,"jetpack_shortlink":"https:\/\/wp.me\/p8qtrQ-9Ge","jetpack-related-posts":[{"id":21041,"url":"https:\/\/larevistadigital.com.ar\/blog\/caza-ilegal-actuaciones-del-comando-de-prevencion-rural-chascomus\/","url_meta":{"origin":37214,"position":0},"title":"CAZA ILEGAL: ACTUACIONES DEL COMANDO DE PREVENCI\u00d3N RURAL CHASCOM\u00daS","author":"Alejandro Sosa Ruda","date":"6 julio, 2021","format":false,"excerpt":"CHASCOM\u00daS -\u00a0 Desde el Comando de Prevenci\u00f3n Rural Chascom\u00fas se inform\u00f3 que en recorridas de prevenci\u00f3n y disuasi\u00f3n de delitos y\/o faltas en general, se labraron actuaciones contravencionales en los procedimientos que a continuaci\u00f3n se detallan: El pasado jueves 24 de junio, en las inmediaciones de la Escuela N\u00b038, Cuartel\u2026","rel":"","context":"En \u00abCHASCOM\u00daS\u00bb","block_context":{"text":"CHASCOM\u00daS","link":"https:\/\/larevistadigital.com.ar\/blog\/category\/chascomus\/"},"img":{"alt_text":"","src":"https:\/\/i0.wp.com\/larevistadigital.com.ar\/blog\/wp-content\/uploads\/multimedia.normal.8c3cb5b0e07294b7.4350522d50617472756c6c65726f5f6e6f726d616c2e6a7067.jpg?fit=680%2C383&ssl=1&resize=350%2C200","width":350,"height":200,"srcset":"https:\/\/i0.wp.com\/larevistadigital.com.ar\/blog\/wp-content\/uploads\/multimedia.normal.8c3cb5b0e07294b7.4350522d50617472756c6c65726f5f6e6f726d616c2e6a7067.jpg?fit=680%2C383&ssl=1&resize=350%2C200 1x, https:\/\/i0.wp.com\/larevistadigital.com.ar\/blog\/wp-content\/uploads\/multimedia.normal.8c3cb5b0e07294b7.4350522d50617472756c6c65726f5f6e6f726d616c2e6a7067.jpg?fit=680%2C383&ssl=1&resize=525%2C300 1.5x"},"classes":[]},{"id":21774,"url":"https:\/\/larevistadigital.com.ar\/blog\/procedimiento-del-cpr-de-chascomus-por-portacion-ilegal-de-arma-de-fuego-de-uso-civil\/","url_meta":{"origin":37214,"position":1},"title":"PROCEDIMIENTO DEL CPR DE CHASCOM\u00daS POR PORTACI\u00d3N ILEGAL DE ARMA DE FUEGO DE USO CIVIL","author":"Alejandro Sosa Ruda","date":"30 agosto, 2021","format":false,"excerpt":"CHASCOM\u00daS - Personal del C.P.R. Chascom\u00fas, en el transcurso de la semana comprendida entre el Martes 17 y el lunes 18 de agosto, labr\u00f3 un procedimiento penal, esclarecido con 5 aprehendidos, caratulado \u201cPortaci\u00f3n ilegal de arma de fuego de uso civil\u201d y un total de 18 infracciones: 7 por infracci\u00f3n\u2026","rel":"","context":"En \u00abCHASCOM\u00daS\u00bb","block_context":{"text":"CHASCOM\u00daS","link":"https:\/\/larevistadigital.com.ar\/blog\/category\/chascomus\/"},"img":{"alt_text":"","src":"https:\/\/i0.wp.com\/larevistadigital.com.ar\/blog\/wp-content\/uploads\/WhatsApp-Image-2021-08-29-at-21.38.22.jpg?fit=900%2C443&ssl=1&resize=350%2C200","width":350,"height":200,"srcset":"https:\/\/i0.wp.com\/larevistadigital.com.ar\/blog\/wp-content\/uploads\/WhatsApp-Image-2021-08-29-at-21.38.22.jpg?fit=900%2C443&ssl=1&resize=350%2C200 1x, https:\/\/i0.wp.com\/larevistadigital.com.ar\/blog\/wp-content\/uploads\/WhatsApp-Image-2021-08-29-at-21.38.22.jpg?fit=900%2C443&ssl=1&resize=525%2C300 1.5x, https:\/\/i0.wp.com\/larevistadigital.com.ar\/blog\/wp-content\/uploads\/WhatsApp-Image-2021-08-29-at-21.38.22.jpg?fit=900%2C443&ssl=1&resize=700%2C400 2x"},"classes":[]},{"id":16987,"url":"https:\/\/larevistadigital.com.ar\/blog\/el-juzgado-de-faltas-no-atendera-al-publico-durante-los-proximos-dias\/","url_meta":{"origin":37214,"position":2},"title":"EL JUZGADO DE FALTAS NO ATENDER\u00c1 AL PUBLICO DURANTE LOS PR\u00d3XIMOS D\u00cdAS","author":"Alejandro Sosa Ruda","date":"14 octubre, 2020","format":false,"excerpt":"Public\u00f3 el diario El Cronista que las oficinas del Juzgado Municipal de Faltas, permanecer\u00e1n cerradas al p\u00fablico por esta semana debido a que parte del personal se encuentra en aislamiento preventivo. Para poder realizar consultas de infracciones locales, deber\u00e1n ingresar a la p\u00e1gina www.chascomus.gob.ar, secci\u00f3n municipio y en los accesos\u2026","rel":"","context":"En \u00abCHASCOM\u00daS\u00bb","block_context":{"text":"CHASCOM\u00daS","link":"https:\/\/larevistadigital.com.ar\/blog\/category\/chascomus\/"},"img":{"alt_text":"","src":"https:\/\/i0.wp.com\/larevistadigital.com.ar\/blog\/wp-content\/uploads\/121140195_4629930723714600_6825969921774382291_n.jpg?fit=600%2C486&ssl=1&resize=350%2C200","width":350,"height":200,"srcset":"https:\/\/i0.wp.com\/larevistadigital.com.ar\/blog\/wp-content\/uploads\/121140195_4629930723714600_6825969921774382291_n.jpg?fit=600%2C486&ssl=1&resize=350%2C200 1x, https:\/\/i0.wp.com\/larevistadigital.com.ar\/blog\/wp-content\/uploads\/121140195_4629930723714600_6825969921774382291_n.jpg?fit=600%2C486&ssl=1&resize=525%2C300 1.5x"},"classes":[]},{"id":6539,"url":"https:\/\/larevistadigital.com.ar\/blog\/chascomus-vecinos-enojados-en-el-juzgado-de-faltas\/","url_meta":{"origin":37214,"position":3},"title":"CHASCOM\u00daS: VECINOS ENOJADOS EN EL JUZGADO DE FALTAS","author":"Alejandro Sosa Ruda","date":"20 septiembre, 2018","format":false,"excerpt":"Una ins\u00f3lita situaci\u00f3n se vivi\u00f3 en la oficina del Juzgado de Faltas de Chascom\u00fas, en donde se juntaron varios vecinos que hab\u00edan recibido sendas infracciones por el estacionamiento medido, pero nunca tuvieron la posibilidad de pagar en tiempo y forma para recibir el descuento correspondiente. Los multados en cuesti\u00f3n, se\u2026","rel":"","context":"En \u00abDESTACADAS\u00bb","block_context":{"text":"DESTACADAS","link":"https:\/\/larevistadigital.com.ar\/blog\/category\/destacadas\/"},"img":{"alt_text":"","src":"https:\/\/i0.wp.com\/larevistadigital.com.ar\/blog\/wp-content\/uploads\/2018\/09\/nota-1443681-chascomus-estacionamiento-medido-ante-gobierno-solo-piensa-recaudar-780171.jpg?fit=1200%2C1200&ssl=1&resize=350%2C200","width":350,"height":200,"srcset":"https:\/\/i0.wp.com\/larevistadigital.com.ar\/blog\/wp-content\/uploads\/2018\/09\/nota-1443681-chascomus-estacionamiento-medido-ante-gobierno-solo-piensa-recaudar-780171.jpg?fit=1200%2C1200&ssl=1&resize=350%2C200 1x, https:\/\/i0.wp.com\/larevistadigital.com.ar\/blog\/wp-content\/uploads\/2018\/09\/nota-1443681-chascomus-estacionamiento-medido-ante-gobierno-solo-piensa-recaudar-780171.jpg?fit=1200%2C1200&ssl=1&resize=525%2C300 1.5x, https:\/\/i0.wp.com\/larevistadigital.com.ar\/blog\/wp-content\/uploads\/2018\/09\/nota-1443681-chascomus-estacionamiento-medido-ante-gobierno-solo-piensa-recaudar-780171.jpg?fit=1200%2C1200&ssl=1&resize=700%2C400 2x, https:\/\/i0.wp.com\/larevistadigital.com.ar\/blog\/wp-content\/uploads\/2018\/09\/nota-1443681-chascomus-estacionamiento-medido-ante-gobierno-solo-piensa-recaudar-780171.jpg?fit=1200%2C1200&ssl=1&resize=1050%2C600 3x"},"classes":[]},{"id":36899,"url":"https:\/\/larevistadigital.com.ar\/blog\/chascomus-la-patrulla-rural-con-apoyo-de-vial-chascomus-sorprendio-a-galgueros-provenientes-de-la-plata\/","url_meta":{"origin":37214,"position":4},"title":"CHASCOM\u00daS: LA PATRULLA RURAL CON APOYO DE VIAL CHASCOM\u00daS SORPRENDI\u00d3 A GALGUEROS PROVENIENTES DE LA PLATA","author":"Alejandro Sosa Ruda","date":"3 agosto, 2024","format":false,"excerpt":"Fueron atrapados infraganti cuando se dedicaban a la caza con 4 perros galgos. 03 de Agosto de 2024 CHASCOM\u00daS -\u00a0 Cuatro sujetos oriundos de la ciudad de La Plata fueron detectados por la Patrulla Rural con ayuda de la Vial Chascom\u00fas, cuando se encontraban cazando con ayuda de 4 perros\u2026","rel":"","context":"En \u00abDESTACADAS\u00bb","block_context":{"text":"DESTACADAS","link":"https:\/\/larevistadigital.com.ar\/blog\/category\/destacadas\/"},"img":{"alt_text":"GALGUEROS","src":"https:\/\/i0.wp.com\/larevistadigital.com.ar\/blog\/wp-content\/uploads\/WhatsApp-Image-2024-08-03-at-20.33.05-e1722737532565.jpeg?fit=1200%2C796&ssl=1&resize=350%2C200","width":350,"height":200,"srcset":"https:\/\/i0.wp.com\/larevistadigital.com.ar\/blog\/wp-content\/uploads\/WhatsApp-Image-2024-08-03-at-20.33.05-e1722737532565.jpeg?fit=1200%2C796&ssl=1&resize=350%2C200 1x, https:\/\/i0.wp.com\/larevistadigital.com.ar\/blog\/wp-content\/uploads\/WhatsApp-Image-2024-08-03-at-20.33.05-e1722737532565.jpeg?fit=1200%2C796&ssl=1&resize=525%2C300 1.5x, https:\/\/i0.wp.com\/larevistadigital.com.ar\/blog\/wp-content\/uploads\/WhatsApp-Image-2024-08-03-at-20.33.05-e1722737532565.jpeg?fit=1200%2C796&ssl=1&resize=700%2C400 2x, https:\/\/i0.wp.com\/larevistadigital.com.ar\/blog\/wp-content\/uploads\/WhatsApp-Image-2024-08-03-at-20.33.05-e1722737532565.jpeg?fit=1200%2C796&ssl=1&resize=1050%2C600 3x"},"classes":[]},{"id":32078,"url":"https:\/\/larevistadigital.com.ar\/blog\/chascomus-interceptan-e-infraccionan-galgueros\/","url_meta":{"origin":37214,"position":5},"title":"CHASCOM\u00daS: INTERCEPTAN E INFRACCIONAN \u00abGALGUEROS\u00bb","author":"Alejandro Sosa Ruda","date":"19 junio, 2023","format":false,"excerpt":"Se trataba de individuos con gran cantidad de perros galgos. 19 de junio de 2023 CHASCOM\u00daS -\u00a0 Durante la jornada de hoy, se recibi\u00f3 un llamado telef\u00f3nico al CPR ( Comando de Prevenci\u00f3n Rural), dando cuenta de la existencia de cazadores con perros galgos sobre ruta 2 altura km 96.\u2026","rel":"","context":"En \u00abINTERES GENERAL\u00bb","block_context":{"text":"INTERES GENERAL","link":"https:\/\/larevistadigital.com.ar\/blog\/category\/interes-general\/"},"img":{"alt_text":"","src":"https:\/\/i0.wp.com\/larevistadigital.com.ar\/blog\/wp-content\/uploads\/caniles-1.jpg?fit=1200%2C716&ssl=1&resize=350%2C200","width":350,"height":200,"srcset":"https:\/\/i0.wp.com\/larevistadigital.com.ar\/blog\/wp-content\/uploads\/caniles-1.jpg?fit=1200%2C716&ssl=1&resize=350%2C200 1x, https:\/\/i0.wp.com\/larevistadigital.com.ar\/blog\/wp-content\/uploads\/caniles-1.jpg?fit=1200%2C716&ssl=1&resize=525%2C300 1.5x, https:\/\/i0.wp.com\/larevistadigital.com.ar\/blog\/wp-content\/uploads\/caniles-1.jpg?fit=1200%2C716&ssl=1&resize=700%2C400 2x, https:\/\/i0.wp.com\/larevistadigital.com.ar\/blog\/wp-content\/uploads\/caniles-1.jpg?fit=1200%2C716&ssl=1&resize=1050%2C600 3x"},"classes":[]}],"_links":{"self":[{"href":"https:\/\/larevistadigital.com.ar\/blog\/wp-json\/wp\/v2\/posts\/37214","targetHints":{"allow":["GET"]}}],"collection":[{"href":"https:\/\/larevistadigital.com.ar\/blog\/wp-json\/wp\/v2\/posts"}],"about":[{"href":"https:\/\/larevistadigital.com.ar\/blog\/wp-json\/wp\/v2\/types\/post"}],"author":[{"embeddable":true,"href":"https:\/\/larevistadigital.com.ar\/blog\/wp-json\/wp\/v2\/users\/3"}],"replies":[{"embeddable":true,"href":"https:\/\/larevistadigital.com.ar\/blog\/wp-json\/wp\/v2\/comments?post=37214"}],"version-history":[{"count":1,"href":"https:\/\/larevistadigital.com.ar\/blog\/wp-json\/wp\/v2\/posts\/37214\/revisions"}],"predecessor-version":[{"id":37216,"href":"https:\/\/larevistadigital.com.ar\/blog\/wp-json\/wp\/v2\/posts\/37214\/revisions\/37216"}],"wp:featuredmedia":[{"embeddable":true,"href":"https:\/\/larevistadigital.com.ar\/blog\/wp-json\/wp\/v2\/media\/37215"}],"wp:attachment":[{"href":"https:\/\/larevistadigital.com.ar\/blog\/wp-json\/wp\/v2\/media?parent=37214"}],"wp:term":[{"taxonomy":"category","embeddable":true,"href":"https:\/\/larevistadigital.com.ar\/blog\/wp-json\/wp\/v2\/categories?post=37214"},{"taxonomy":"post_tag","embeddable":true,"href":"https:\/\/larevistadigital.com.ar\/blog\/wp-json\/wp\/v2\/tags?post=37214"}],"curies":[{"name":"wp","href":"https:\/\/api.w.org\/{rel}","templated":true}]}}