{"id":37217,"date":"2024-09-13T09:01:51","date_gmt":"2024-09-13T12:01:51","guid":{"rendered":"https:\/\/larevistadigital.com.ar\/blog\/?p=37217"},"modified":"2024-09-13T09:01:51","modified_gmt":"2024-09-13T12:01:51","slug":"chascomus-fin-de-semana-con-muchas-propuestas-y-actividades","status":"publish","type":"post","link":"https:\/\/larevistadigital.com.ar\/blog\/chascomus-fin-de-semana-con-muchas-propuestas-y-actividades\/","title":{"rendered":"Chascom\u00fas: Fin de semana con muchas propuestas y actividades"},"content":{"rendered":"<h2 class=\"excerpt\">Una nueva oportunidad para disfrutar Chascom\u00fas, todo el a\u00f1o.<\/h2>\n<p>13 de Septiembre de 2024<\/p>\n<div id=\"miDiv1\" class=\"text\">\n<p><strong>CHASCOM\u00daS &#8211;<\/strong>\u00a0 Los chascomunenses y quienes visiten la ciudad, tendr\u00e1n oportunidad de vivir un fin de semana, con variadas propuestas para entretenerse a lo grande.<\/p>\n<p>Los que gustan del arte, podr\u00e1n recorrer muestras en distintos espacios patrimoniales como la Vieja Estaci\u00f3n, la Casa de Casco y el Museo Pampeano. Tres citas imperdibles con el arte. Adem\u00e1s de las visitas guiadas que se ofrecen para descubrir nuestros tesoros patrimoniales.<\/p>\n<p><span style=\"color: #ff0000\"><strong>Viernes 13<\/strong><\/span><\/p>\n<p><strong>-MUESTRA TEXTIL \u201cLO MACRO Y LO MICRO, JUEGO DE ESCALAS\u201d DE MAR\u00cdA ELENA GONZ\u00c1LEZ.<\/strong> De 9 a 15 hs., en el Museo Pampeano (Lastra y Mu\u00f1iz). Acceso libre y gratuito.<\/p>\n<p><strong>-MUESTRA \u201cDIBUJ\u00c1 TUS JUGUETES\u201d Y DE JUGUETES DE DIFERENTES GENERACIONES<\/strong>. De 9 a 15 hs., en Casa de Casco. Acceso libre y gratuito.<\/p>\n<p><strong>-MUESTRA DE ARTES VISUALES \u201cTINTAS OSCURAS\u201d DE ROMINA C\u00d3RDOBA.<\/strong> De 9 a 15 hs. En el Centro Cultural Municipal \u201cVieja Estaci\u00f3n\u201d. Acceso libre y gratuito.<\/p>\n<p><strong>-VISITA GUIADA \u201cMUSEO FERROVIARIO\u201d.<\/strong> A las 11 horas. Actividad sin cargo. Previa inscripci\u00f3n, solicitando el link v\u00eda whatsApp al 2241-603414 o ingresando en el siguiente link: https:\/\/linktr.ee\/visitasguiadas.turismoch<\/p>\n<p><strong>-VISITA GUIADA \u201cECO GU\u00cdA DE LAS ENCADENADAS\u201d.<\/strong> A las 15 hs. Actividad sin cargo. Previa inscripci\u00f3n, solicitando el link v\u00eda whatsApp al 2241-603414 o ingresando en el siguiente link: https:\/\/linktr.ee\/visitasguiadas.turismoch<\/p>\n<p><strong>-BAILA MI RITMO.<\/strong> A las 18:30 hs., en el Teatro Municipal Brazzola.<\/p>\n<p><span style=\"color: #ff0000\"><strong>S\u00e1bado 14<\/strong><\/span><\/p>\n<p><strong>-MUESTRA TEXTIL \u201cLO MACRO Y LO MICRO, JUEGO DE ESCALAS\u201d DE MAR\u00cdA ELENA GONZ\u00c1LEZ.<\/strong> de 10 a 16 hs., en el Museo Pampeano (Lastra y Mu\u00f1iz). Acceso libre y gratuito.<\/p>\n<p><strong>-MUESTRA \u201cDIBUJ\u00c1 TUS JUGUETES\u201d Y DE JUGUETES DE DIFERENTES GENERACIONES.<\/strong> De 9 a 15 hs., en Casa de Casco. Acceso libre y gratuito.<\/p>\n<p><strong>-MUESTRA DE ARTES VISUALES \u201cTINTAS OSCURAS\u201d DE ROMINA C\u00d3RDOBA.<\/strong> De 10 a 16 hs. En el Centro Cultural Municipal \u201cVieja Estaci\u00f3n\u201d. Acceso libre y gratuito.<\/p>\n<p><strong>-VISITA GUIADA \u201cMUSEO PAMPEANO\u201d<\/strong>. A las 11 hs. Actividad sin cargo. Previa inscripci\u00f3n, solicitando el link v\u00eda whatsApp al 2241-603414 o ingresando en el siguiente link: https:\/\/linktr.ee\/visitasguiadas.turismoch<\/p>\n<p><strong>&#8211; VISITA \u201cCAMINO DE SANTIAGO\u201d.<\/strong> A las 15 hs. Actividad sin cargo. Previa inscripci\u00f3n, solicitando el link v\u00eda whatsApp al 2241-603414 o ingresando en el siguiente link: https:\/\/linktr.ee\/visitasguiadas.turismoch<\/p>\n<p><strong>-PASEO DE ARTESANOS Y EMPRENDEDORES<\/strong>. De 10 a 19 hs. Artesan\u00edas y productos locales. Pte. Per\u00f3n y Costanera Espa\u00f1a.<\/p>\n<p><strong>-ENCUENTRO CORAL.<\/strong> Coro \u00abArtesanos de la Humanidad\u00bb de la Orquesta-Escuela de Chascom\u00fas y el Coro de las Cooperativas de Abasto, Partido de La Plata. A las 18 horas. En el Centro Cultural Municipal Vieja Estaci\u00f3n. Acceso libre y gratuito.<\/p>\n<p><span style=\"color: #ff0000\"><strong>Domingo 15<\/strong><\/span><\/p>\n<p><strong>-MUESTRA \u201cDIBUJ\u00c1 TUS JUGUETES\u201d Y DE JUGUETES DE DIFERENTES GENERACIONES.<\/strong> De 9 a 15 hs., en Casa de Casco. Acceso libre y gratuito.<\/p>\n<p><strong>-MUESTRA TEXTIL \u201cLO MACRO Y LO MICRO, JUEGO DE ESCALAS\u201d DE MAR\u00cdA ELENA GONZ\u00c1LEZ.<\/strong> de 10 a 16 hs., en el Museo Pampeano (Lastra y Mu\u00f1iz). Acceso libre y gratuito.<\/p>\n<p><strong>-MUESTRA DE ARTES VISUALES \u201cTINTAS OSCURAS\u201d DE ROMINA C\u00d3RDOBA.<\/strong> De 10 a 16 hs. En el Centro Cultural Municipal \u201cVieja Estaci\u00f3n\u201d. Acceso libre y gratuito.<\/p>\n<p><strong>-VISITA GUIADA \u201cMUSEO FERROVIARIO\u201d<\/strong>. A las 11 horas. Actividad sin cargo. Previa inscripci\u00f3n, solicitando el link v\u00eda whatsApp al 2241-603414 o ingresando en el siguiente link: https:\/\/linktr.ee\/visitasguiadas.turismoch<\/p>\n<p><strong>-VISITA GUIADA \u201cCASCO HIST\u00d3RICO\u201d<\/strong>. A las 15 hs. Actividad sin cargo. Previa inscripci\u00f3n, solicitando el link v\u00eda whatsApp al 2241-603414 o ingresando en el siguiente link: https:\/\/linktr.ee\/visitasguiadas.turismoch<\/p>\n<p><strong>-PASEO DE ARTESANOS Y EMPRENDEDORES<\/strong>. De 10 a 19 hs. Artesan\u00edas y productos locales. Pte. Per\u00f3n y Costanera Espa\u00f1a.<\/p>\n<\/div>\n","protected":false},"excerpt":{"rendered":"<div class=\"mh-excerpt\"><p>Una nueva oportunidad para disfrutar Chascom\u00fas, todo el a\u00f1o. 13 de Septiembre de 2024 CHASCOM\u00daS &#8211;\u00a0 Los chascomunenses y quienes visiten la ciudad, tendr\u00e1n oportunidad de vivir un fin de semana, con variadas propuestas para <a class=\"mh-excerpt-more\" href=\"https:\/\/larevistadigital.com.ar\/blog\/chascomus-fin-de-semana-con-muchas-propuestas-y-actividades\/\" title=\"Chascom\u00fas: Fin de semana con muchas propuestas y actividades\">[Leer M\u00e1s]<\/a><\/p>\n<\/div>","protected":false},"author":3,"featured_media":37218,"comment_status":"open","ping_status":"open","sticky":false,"template":"","format":"standard","meta":{"_jetpack_memberships_contains_paid_content":false,"footnotes":"","jetpack_publicize_message":"","jetpack_publicize_feature_enabled":true,"jetpack_social_post_already_shared":true,"jetpack_social_options":{"image_generator_settings":{"template":"highway","default_image_id":0,"font":"","enabled":false},"version":2}},"categories":[50],"tags":[],"class_list":{"0":"post-37217","1":"post","2":"type-post","3":"status-publish","4":"format-standard","5":"has-post-thumbnail","7":"category-interes-general"},"jetpack_publicize_connections":[],"jetpack_featured_media_url":"https:\/\/i0.wp.com\/larevistadigital.com.ar\/blog\/wp-content\/uploads\/66e31f77a25c9.png?fit=668%2C445&ssl=1","jetpack_sharing_enabled":true,"jetpack_shortlink":"https:\/\/wp.me\/p8qtrQ-9Gh","jetpack-related-posts":[{"id":37269,"url":"https:\/\/larevistadigital.com.ar\/blog\/llega-la-primavera-en-un-finde-que-se-define-a-puro-campo-en-chascomus\/","url_meta":{"origin":37217,"position":0},"title":"Llega la primavera en un finde que se define a puro campo en Chascom\u00fas","author":"Alejandro Sosa Ruda","date":"20 septiembre, 2024","format":false,"excerpt":"Sin lugar a dudas llega la estaci\u00f3n m\u00e1s hermosa del a\u00f1o y, con ella, seguimos disfrutando de Chascom\u00fas y las actividades que propone el encuentro del Caballo y el Carruaje. 20 de septiembre de 2024 CHASCOM\u00daS -\u00a0 Este fin de semana en Chascom\u00fas estar\u00e1 signado por el 10\u00ba encuentro del\u2026","rel":"","context":"En \u00abINTERES GENERAL\u00bb","block_context":{"text":"INTERES GENERAL","link":"https:\/\/larevistadigital.com.ar\/blog\/category\/interes-general\/"},"img":{"alt_text":"","src":"https:\/\/i0.wp.com\/larevistadigital.com.ar\/blog\/wp-content\/uploads\/66ec57525fd86.png?fit=668%2C445&ssl=1&resize=350%2C200","width":350,"height":200,"srcset":"https:\/\/i0.wp.com\/larevistadigital.com.ar\/blog\/wp-content\/uploads\/66ec57525fd86.png?fit=668%2C445&ssl=1&resize=350%2C200 1x, https:\/\/i0.wp.com\/larevistadigital.com.ar\/blog\/wp-content\/uploads\/66ec57525fd86.png?fit=668%2C445&ssl=1&resize=525%2C300 1.5x"},"classes":[]},{"id":36132,"url":"https:\/\/larevistadigital.com.ar\/blog\/para-disfrutar-chascomus-todo-el-ano-se-viene-otro-finde-con-muchas-propuestas\/","url_meta":{"origin":37217,"position":1},"title":"PARA DISFRUTAR CHASCOM\u00daS TODO EL A\u00d1O, SE VIENE OTRO FINDE CON MUCHAS PROPUESTAS","author":"Alejandro Sosa Ruda","date":"24 mayo, 2024","format":false,"excerpt":"Los chascomunenses y quienes visiten la ciudad, tendr\u00e1n oportunidad de vivir un fin de semana matizado por los colores patrios, con variadas propuestas para entretenerse a lo grande. 24 de Mayo de 2024 CHASCOM\u00daS -\u00a0 Los que gustan del arte pict\u00f3rico, podr\u00e1n recorrer muestras en distintos espacios patrimoniales como la\u2026","rel":"","context":"En \u00abCHASCOM\u00daS\u00bb","block_context":{"text":"CHASCOM\u00daS","link":"https:\/\/larevistadigital.com.ar\/blog\/category\/chascomus\/"},"img":{"alt_text":"","src":"https:\/\/i0.wp.com\/larevistadigital.com.ar\/blog\/wp-content\/uploads\/2024_05_24_01_33_55_6258994.jpg?fit=600%2C400&ssl=1&resize=350%2C200","width":350,"height":200,"srcset":"https:\/\/i0.wp.com\/larevistadigital.com.ar\/blog\/wp-content\/uploads\/2024_05_24_01_33_55_6258994.jpg?fit=600%2C400&ssl=1&resize=350%2C200 1x, https:\/\/i0.wp.com\/larevistadigital.com.ar\/blog\/wp-content\/uploads\/2024_05_24_01_33_55_6258994.jpg?fit=600%2C400&ssl=1&resize=525%2C300 1.5x"},"classes":[]},{"id":36471,"url":"https:\/\/larevistadigital.com.ar\/blog\/mucho-arte-y-cultura-para-un-finde-que-se-anuncia-fresco-en-chascomus\/","url_meta":{"origin":37217,"position":2},"title":"MUCHO ARTE Y CULTURA PARA UN FINDE QUE SE ANUNCIA FRESCO EN CHASCOM\u00daS","author":"Alejandro Sosa Ruda","date":"28 junio, 2024","format":false,"excerpt":"Este finde podr\u00e1s disfrutar de distintas propuestas culturales y recreativas, en el marco de \u201cChascom\u00fas todo el a\u00f1o\u201d. 28 De Junio de 2024 CHASCOM\u00daS -\u00a0 El s\u00e1bado, particularmente, tendremos oportunidad de deleitarnos con Concierto de M\u00fasica de C\u00e1mara que brindar\u00e1n integrantes del Programa de Formaci\u00f3n Profesional, que se desarrolla en\u2026","rel":"","context":"En \u00abINTERES GENERAL\u00bb","block_context":{"text":"INTERES GENERAL","link":"https:\/\/larevistadigital.com.ar\/blog\/category\/interes-general\/"},"img":{"alt_text":"","src":"https:\/\/i0.wp.com\/larevistadigital.com.ar\/blog\/wp-content\/uploads\/2024_06_28_02_05_51_6859549.jpeg?fit=600%2C400&ssl=1&resize=350%2C200","width":350,"height":200,"srcset":"https:\/\/i0.wp.com\/larevistadigital.com.ar\/blog\/wp-content\/uploads\/2024_06_28_02_05_51_6859549.jpeg?fit=600%2C400&ssl=1&resize=350%2C200 1x, https:\/\/i0.wp.com\/larevistadigital.com.ar\/blog\/wp-content\/uploads\/2024_06_28_02_05_51_6859549.jpeg?fit=600%2C400&ssl=1&resize=525%2C300 1.5x"},"classes":[]},{"id":36261,"url":"https:\/\/larevistadigital.com.ar\/blog\/propuestas-para-disfrutar-el-finde-en-chascomus\/","url_meta":{"origin":37217,"position":3},"title":"PROPUESTAS PARA DISFRUTAR EL FINDE EN CHASCOM\u00daS","author":"Alejandro Sosa Ruda","date":"7 junio, 2024","format":false,"excerpt":"Este fin de semana suben al escenario del Teatro Municipal Brazzola, los afamados actores Pablo Echarri, Fern\u00e1n Miras y Martin Slipak, bajo la direcci\u00f3n de Ricardo Dar\u00edn y Germ\u00e1n Palacios, con la obra \u201cART\u201d, entre otras atractivas propuestas. Viernes 7 -EXPOSICI\u00d3N DE OBRAS GANADORAS Y CON MENCI\u00d3N ESPECIAL DEL CONCURSO\u2026","rel":"","context":"En \u00abINTERES GENERAL\u00bb","block_context":{"text":"INTERES GENERAL","link":"https:\/\/larevistadigital.com.ar\/blog\/category\/interes-general\/"},"img":{"alt_text":"","src":"https:\/\/i0.wp.com\/larevistadigital.com.ar\/blog\/wp-content\/uploads\/2024_06_07_01_26_06_6914177.jpg?fit=600%2C377&ssl=1&resize=350%2C200","width":350,"height":200,"srcset":"https:\/\/i0.wp.com\/larevistadigital.com.ar\/blog\/wp-content\/uploads\/2024_06_07_01_26_06_6914177.jpg?fit=600%2C377&ssl=1&resize=350%2C200 1x, https:\/\/i0.wp.com\/larevistadigital.com.ar\/blog\/wp-content\/uploads\/2024_06_07_01_26_06_6914177.jpg?fit=600%2C377&ssl=1&resize=525%2C300 1.5x"},"classes":[]},{"id":37685,"url":"https:\/\/larevistadigital.com.ar\/blog\/agenda-del-fin-de-semana-en-chascomus-teatro-y-mucho-mas\/","url_meta":{"origin":37217,"position":4},"title":"Agenda del fin de semana en Chascom\u00fas: Teatro y mucho m\u00e1s!","author":"Alejandro Sosa Ruda","date":"31 octubre, 2024","format":false,"excerpt":"Se anuncia un finde para disfrutar de muchas alternativas en Chascom\u00fas, pasando por la 10\u00b0 Marat\u00f3n de Teatro hasta las numerosas muestras fotogr\u00e1ficas y art\u00edsticas en los espacios patrimoniales. 31 de Octubre de 2024 CHASCOM\u00daS -\u00a0 \u00a0Se anuncian distintas actividades para vivir un fin de semana con mucha diversi\u00f3n, entretenimientos\u2026","rel":"","context":"En \u00abCHASCOM\u00daS\u00bb","block_context":{"text":"CHASCOM\u00daS","link":"https:\/\/larevistadigital.com.ar\/blog\/category\/chascomus\/"},"img":{"alt_text":"","src":"https:\/\/i0.wp.com\/larevistadigital.com.ar\/blog\/wp-content\/uploads\/6723be568ea68.png?fit=668%2C445&ssl=1&resize=350%2C200","width":350,"height":200,"srcset":"https:\/\/i0.wp.com\/larevistadigital.com.ar\/blog\/wp-content\/uploads\/6723be568ea68.png?fit=668%2C445&ssl=1&resize=350%2C200 1x, https:\/\/i0.wp.com\/larevistadigital.com.ar\/blog\/wp-content\/uploads\/6723be568ea68.png?fit=668%2C445&ssl=1&resize=525%2C300 1.5x"},"classes":[]},{"id":39600,"url":"https:\/\/larevistadigital.com.ar\/blog\/chascomus-un-finde-xxl-con-imperdibles-propuestas-para-disfrutar\/","url_meta":{"origin":37217,"position":5},"title":"Chascom\u00fas: Un finde XXL con imperdibles propuestas para disfrutar","author":"Alejandro Sosa Ruda","date":"1 mayo, 2025","format":false,"excerpt":"Chascom\u00fas se disfruta todo el a\u00f1o y este finde no es la excepci\u00f3n. En una amplia cartelera se ofrecen actividades para compartir con la familia, la pareja o amigos. 01 de Mayo de 2025 CHASCOM\u00daS -\u00a0 La ciudad espera a los turistas en este fin de semana largo, con una\u2026","rel":"","context":"En \u00abCHASCOM\u00daS\u00bb","block_context":{"text":"CHASCOM\u00daS","link":"https:\/\/larevistadigital.com.ar\/blog\/category\/chascomus\/"},"img":{"alt_text":"","src":"https:\/\/i0.wp.com\/larevistadigital.com.ar\/blog\/wp-content\/uploads\/681251f544e8e.png?fit=668%2C445&ssl=1&resize=350%2C200","width":350,"height":200,"srcset":"https:\/\/i0.wp.com\/larevistadigital.com.ar\/blog\/wp-content\/uploads\/681251f544e8e.png?fit=668%2C445&ssl=1&resize=350%2C200 1x, https:\/\/i0.wp.com\/larevistadigital.com.ar\/blog\/wp-content\/uploads\/681251f544e8e.png?fit=668%2C445&ssl=1&resize=525%2C300 1.5x"},"classes":[]}],"_links":{"self":[{"href":"https:\/\/larevistadigital.com.ar\/blog\/wp-json\/wp\/v2\/posts\/37217","targetHints":{"allow":["GET"]}}],"collection":[{"href":"https:\/\/larevistadigital.com.ar\/blog\/wp-json\/wp\/v2\/posts"}],"about":[{"href":"https:\/\/larevistadigital.com.ar\/blog\/wp-json\/wp\/v2\/types\/post"}],"author":[{"embeddable":true,"href":"https:\/\/larevistadigital.com.ar\/blog\/wp-json\/wp\/v2\/users\/3"}],"replies":[{"embeddable":true,"href":"https:\/\/larevistadigital.com.ar\/blog\/wp-json\/wp\/v2\/comments?post=37217"}],"version-history":[{"count":1,"href":"https:\/\/larevistadigital.com.ar\/blog\/wp-json\/wp\/v2\/posts\/37217\/revisions"}],"predecessor-version":[{"id":37219,"href":"https:\/\/larevistadigital.com.ar\/blog\/wp-json\/wp\/v2\/posts\/37217\/revisions\/37219"}],"wp:featuredmedia":[{"embeddable":true,"href":"https:\/\/larevistadigital.com.ar\/blog\/wp-json\/wp\/v2\/media\/37218"}],"wp:attachment":[{"href":"https:\/\/larevistadigital.com.ar\/blog\/wp-json\/wp\/v2\/media?parent=37217"}],"wp:term":[{"taxonomy":"category","embeddable":true,"href":"https:\/\/larevistadigital.com.ar\/blog\/wp-json\/wp\/v2\/categories?post=37217"},{"taxonomy":"post_tag","embeddable":true,"href":"https:\/\/larevistadigital.com.ar\/blog\/wp-json\/wp\/v2\/tags?post=37217"}],"curies":[{"name":"wp","href":"https:\/\/api.w.org\/{rel}","templated":true}]}}