{"id":37220,"date":"2024-09-13T09:06:06","date_gmt":"2024-09-13T12:06:06","guid":{"rendered":"https:\/\/larevistadigital.com.ar\/blog\/?p=37220"},"modified":"2024-09-13T09:06:06","modified_gmt":"2024-09-13T12:06:06","slug":"javier-gaston-continuaremos-acompanando-los-viajes-de-egresados-para-todas-las-escuelas-primarias","status":"publish","type":"post","link":"https:\/\/larevistadigital.com.ar\/blog\/javier-gaston-continuaremos-acompanando-los-viajes-de-egresados-para-todas-las-escuelas-primarias\/","title":{"rendered":"Javier Gast\u00f3n: \u201cContinuaremos acompa\u00f1ando los viajes de egresados para todas las escuelas primarias\u201d"},"content":{"rendered":"<h2 class=\"excerpt\">El intendente hizo el anuncio durante el acto por el D\u00eda del Maestro, destacando la importancia de esta experiencia para los estudiantes chascomunenses.<\/h2>\n<p>13 de Septiembre de 2024<\/p>\n<div id=\"miDiv1\" class=\"text\">\n<p><strong>CHASCOM\u00daS &#8211;\u00a0<\/strong> En el marco de la celebraci\u00f3n, que tuvo lugar este jueves en la plaza Domingo Faustino Sarmiento, el intendente <strong>Javier Gast\u00f3n<\/strong> anunci\u00f3 la continuidad del plan municipal de viajes de egresados para los alumnos del \u00faltimo a\u00f1o de las escuelas primarias del distrito.<\/p>\n<blockquote>\n<h3>El evento, organizado por el Consejo Escolar de la ciudad, cont\u00f3 con la participaci\u00f3n de consejeros escolares, autoridades educativas y municipales, adem\u00e1s de abanderados y escoltas de distintas instituciones locales.<\/h3>\n<\/blockquote>\n<p>En el transcurso de la ceremonia se llev\u00f3 a cabo el tradicional homenaje a los docentes, con la entrega de diplomas a quienes cumplieron 25 a\u00f1os de servicio y a aquellos que se jubilaron tras culminar su trabajo como educadores.<\/p>\n<blockquote>\n<h3>En ese marco, Javier Gast\u00f3n destac\u00f3 la labor incansable de los maestros y maestras de Chascom\u00fas, su compromiso, dedicaci\u00f3n y esfuerzo diario en la educaci\u00f3n de ni\u00f1os y ni\u00f1as.<\/h3>\n<\/blockquote>\n<p>Al dirigirse a los presentes, el intendente confirm\u00f3 que la Municipalidad seguir\u00e1 financiando los viajes de egresados que permiten a los estudiantes de sexto a\u00f1o de primaria disfrutar de un d\u00eda en la costa atl\u00e1ntica: \u201cVamos a seguir con esta pol\u00edtica porque es fundamental que chicos y chicas vivan esta experiencia. Queremos motivarlos y que vean la educaci\u00f3n como el camino a seguir, adem\u00e1s de generar un intercambio entre ellos\u201d, expres\u00f3.<\/p>\n<p>Este programa municipal, que se lleva a cabo desde 2019, busca garantizar que todos los alumnos de las escuelas primarias del partido tengan la oportunidad de compartir una jornada de recreaci\u00f3n y aprendizaje fuera del aula, fortaleciendo los lazos entre compa\u00f1eros y docentes.<\/p>\n<\/div>\n","protected":false},"excerpt":{"rendered":"<div class=\"mh-excerpt\"><p>El intendente hizo el anuncio durante el acto por el D\u00eda del Maestro, destacando la importancia de esta experiencia para los estudiantes chascomunenses. 13 de Septiembre de 2024 CHASCOM\u00daS &#8211;\u00a0 En el marco de la <a class=\"mh-excerpt-more\" href=\"https:\/\/larevistadigital.com.ar\/blog\/javier-gaston-continuaremos-acompanando-los-viajes-de-egresados-para-todas-las-escuelas-primarias\/\" title=\"Javier Gast\u00f3n: \u201cContinuaremos acompa\u00f1ando los viajes de egresados para todas las escuelas primarias\u201d\">[Leer M\u00e1s]<\/a><\/p>\n<\/div>","protected":false},"author":3,"featured_media":37221,"comment_status":"open","ping_status":"open","sticky":false,"template":"","format":"standard","meta":{"_jetpack_memberships_contains_paid_content":false,"footnotes":"","jetpack_publicize_message":"","jetpack_publicize_feature_enabled":true,"jetpack_social_post_already_shared":true,"jetpack_social_options":{"image_generator_settings":{"template":"highway","default_image_id":0,"font":"","enabled":false},"version":2}},"categories":[50],"tags":[],"class_list":{"0":"post-37220","1":"post","2":"type-post","3":"status-publish","4":"format-standard","5":"has-post-thumbnail","7":"category-interes-general"},"jetpack_publicize_connections":[],"jetpack_featured_media_url":"https:\/\/i0.wp.com\/larevistadigital.com.ar\/blog\/wp-content\/uploads\/66e321a750a5b.png?fit=668%2C445&ssl=1","jetpack_sharing_enabled":true,"jetpack_shortlink":"https:\/\/wp.me\/p8qtrQ-9Gk","jetpack-related-posts":[{"id":41941,"url":"https:\/\/larevistadigital.com.ar\/blog\/chascomus-javier-gaston-visito-la-escuela-primaria-no-20-y-entrego-un-subsidio-para-su-puesta-en-valor\/","url_meta":{"origin":37220,"position":0},"title":"Chascom\u00fas: Javier Gast\u00f3n visit\u00f3 la Escuela Primaria N\u00ba 20 y entreg\u00f3 un subsidio para su puesta en valor","author":"Alejandro Sosa Ruda","date":"13 octubre, 2025","format":false,"excerpt":"El intendente recorri\u00f3 el establecimiento rural de Don Cipriano y confirm\u00f3 el apoyo municipal para los viajes de fin de curso de los egresados. 13 de Octubre de 2025 Chascom\u00fas - El intendente Javier Gast\u00f3n visit\u00f3 el jueves pasado la Escuela Primaria N\u00ba 20 \u201cAng\u00e9lica Newton\u201d, ubicada en el paraje\u2026","rel":"","context":"En \u00abCHASCOM\u00daS\u00bb","block_context":{"text":"CHASCOM\u00daS","link":"https:\/\/larevistadigital.com.ar\/blog\/category\/chascomus\/"},"img":{"alt_text":"","src":"https:\/\/i0.wp.com\/larevistadigital.com.ar\/blog\/wp-content\/uploads\/68ed72e48acb0.png?fit=668%2C445&ssl=1&resize=350%2C200","width":350,"height":200,"srcset":"https:\/\/i0.wp.com\/larevistadigital.com.ar\/blog\/wp-content\/uploads\/68ed72e48acb0.png?fit=668%2C445&ssl=1&resize=350%2C200 1x, https:\/\/i0.wp.com\/larevistadigital.com.ar\/blog\/wp-content\/uploads\/68ed72e48acb0.png?fit=668%2C445&ssl=1&resize=525%2C300 1.5x"},"classes":[]},{"id":42856,"url":"https:\/\/larevistadigital.com.ar\/blog\/chascomus-egresados-de-la-escuela-secundaria-municipal-recibieron-sus-diplomas\/","url_meta":{"origin":37220,"position":1},"title":"Chascom\u00fas: Egresados de la Escuela Secundaria Municipal recibieron sus diplomas","author":"Alejandro Sosa Ruda","date":"12 diciembre, 2025","format":false,"excerpt":"El intendente Javier Gast\u00f3n acompa\u00f1\u00f3 el cierre del ciclo lectivo en el establecimiento educativo. 12 de Diciembre de 2025 CHASCOM\u00daS -\u00a0 \u00a0 En la Escuela Secundaria Municipal \u201cElo\u00edsa Gonz\u00e1lez de Soler\u201d, se realiz\u00f3 el acto de entrega de diplomas a los estudiantes que completaron sus estudios. La ceremonia cont\u00f3 con\u2026","rel":"","context":"En \u00abCHASCOM\u00daS\u00bb","block_context":{"text":"CHASCOM\u00daS","link":"https:\/\/larevistadigital.com.ar\/blog\/category\/chascomus\/"},"img":{"alt_text":"","src":"https:\/\/i0.wp.com\/larevistadigital.com.ar\/blog\/wp-content\/uploads\/693c56841a86a.png?fit=668%2C445&ssl=1&resize=350%2C200","width":350,"height":200,"srcset":"https:\/\/i0.wp.com\/larevistadigital.com.ar\/blog\/wp-content\/uploads\/693c56841a86a.png?fit=668%2C445&ssl=1&resize=350%2C200 1x, https:\/\/i0.wp.com\/larevistadigital.com.ar\/blog\/wp-content\/uploads\/693c56841a86a.png?fit=668%2C445&ssl=1&resize=525%2C300 1.5x"},"classes":[]},{"id":38209,"url":"https:\/\/larevistadigital.com.ar\/blog\/egresados-esta-manana-partio-el-ultimo-contingente-del-ano-hacia-la-costa\/","url_meta":{"origin":37220,"position":2},"title":"Egresados: esta ma\u00f1ana parti\u00f3 el \u00faltimo contingente del a\u00f1o hacia La Costa","author":"Alejandro Sosa Ruda","date":"11 diciembre, 2024","format":false,"excerpt":"170 chicos egresados de diferentes escuelas primarias disfrutan ya de su viaje educativo y recreativo, totalmente financiado por la Municipalidad de Chascom\u00fas. 11 de Diciembre de 2024 CHASCOM\u00daS\u00a0 -\u00a0 \u00a0En el marco del programa municipal que promueve la integraci\u00f3n de los estudiantes a trav\u00e9s de un viaje educativo y recreativo,\u2026","rel":"","context":"En \u00abINTERES GENERAL\u00bb","block_context":{"text":"INTERES GENERAL","link":"https:\/\/larevistadigital.com.ar\/blog\/category\/interes-general\/"},"img":{"alt_text":"","src":"https:\/\/i0.wp.com\/larevistadigital.com.ar\/blog\/wp-content\/uploads\/6759e5f889b74.png?fit=668%2C445&ssl=1&resize=350%2C200","width":350,"height":200,"srcset":"https:\/\/i0.wp.com\/larevistadigital.com.ar\/blog\/wp-content\/uploads\/6759e5f889b74.png?fit=668%2C445&ssl=1&resize=350%2C200 1x, https:\/\/i0.wp.com\/larevistadigital.com.ar\/blog\/wp-content\/uploads\/6759e5f889b74.png?fit=668%2C445&ssl=1&resize=525%2C300 1.5x"},"classes":[]},{"id":13817,"url":"https:\/\/larevistadigital.com.ar\/blog\/chascomus-el-intendente-javier-gaston-anuncio-un-aumento-para-los-trabajadores-municipales\/","url_meta":{"origin":37220,"position":3},"title":"CHASCOM\u00daS: EL INTENDENTE JAVIER GAST\u00d3N ANUNCI\u00d3 UN AUMENTO PARA LOS TRABAJADORES MUNICIPALES","author":"Alejandro Sosa Ruda","date":"26 diciembre, 2019","format":false,"excerpt":"Se inform\u00f3 desde la p\u00e1gina del municipio, que se acord\u00f3 un aumento para los trabajadores municipales que a continuaci\u00f3n reproducimos. La Nota: Tras la reuni\u00f3n con la mesa de negociaci\u00f3n salarial, el departamento ejecutivo y los representantes de los tres gremios municipales acordaron, esta tarde, un nuevo aumento del 12%\u2026","rel":"","context":"En \u00abCHASCOM\u00daS\u00bb","block_context":{"text":"CHASCOM\u00daS","link":"https:\/\/larevistadigital.com.ar\/blog\/category\/chascomus\/"},"img":{"alt_text":"","src":"","width":0,"height":0},"classes":[]},{"id":15773,"url":"https:\/\/larevistadigital.com.ar\/blog\/gaston-anuncio-que-chascomus-pasa-a-fase-5\/","url_meta":{"origin":37220,"position":4},"title":"GAST\u00d3N ANUNCI\u00d3 QUE CHASCOM\u00daS PASA A FASE 5","author":"Alejandro Sosa Ruda","date":"22 junio, 2020","format":false,"excerpt":"El intendente de Chascom\u00fas, Javier Gast\u00f3n inform\u00f3 que la Provincia de Buenos Aires autoriz\u00f3 a Chascom\u00fas a ingresar a la fase 5 de la cuarentena, lo que permitir\u00e1 ceder un poco en las restricciones de la cuarentena. Asimismo, dijo que estar\u00e1n enviando informaci\u00f3n acerca de los alcances de esta nueva\u2026","rel":"","context":"En \u00abDESTACADAS\u00bb","block_context":{"text":"DESTACADAS","link":"https:\/\/larevistadigital.com.ar\/blog\/category\/destacadas\/"},"img":{"alt_text":"","src":"https:\/\/i0.wp.com\/larevistadigital.com.ar\/blog\/wp-content\/uploads\/gaston_javier.jpg?fit=1200%2C665&ssl=1&resize=350%2C200","width":350,"height":200,"srcset":"https:\/\/i0.wp.com\/larevistadigital.com.ar\/blog\/wp-content\/uploads\/gaston_javier.jpg?fit=1200%2C665&ssl=1&resize=350%2C200 1x, https:\/\/i0.wp.com\/larevistadigital.com.ar\/blog\/wp-content\/uploads\/gaston_javier.jpg?fit=1200%2C665&ssl=1&resize=525%2C300 1.5x, https:\/\/i0.wp.com\/larevistadigital.com.ar\/blog\/wp-content\/uploads\/gaston_javier.jpg?fit=1200%2C665&ssl=1&resize=700%2C400 2x, https:\/\/i0.wp.com\/larevistadigital.com.ar\/blog\/wp-content\/uploads\/gaston_javier.jpg?fit=1200%2C665&ssl=1&resize=1050%2C600 3x"},"classes":[]},{"id":30323,"url":"https:\/\/larevistadigital.com.ar\/blog\/estudiantes-bonaerenses-se-abrio-la-inscripcion-para-el-viaje-de-egresados-gratuito\/","url_meta":{"origin":37220,"position":5},"title":"ESTUDIANTES BONAERENSES: SE ABRI\u00d3 LA INSCRIPCI\u00d3N PARA EL VIAJE DE EGRESADOS GRATUITO","author":"Alejandro Sosa Ruda","date":"2 marzo, 2023","format":false,"excerpt":"Hasta el 31 de marzo los egresados de escuelas p\u00fablicas y privadas de la Provincia podr\u00e1n anotarse para viajar cuatro d\u00edas de forma gratuita. Los viajes se realizar\u00e1n entre agosto y octubre y los estudiantes tendr\u00e1n la posibilidad de concurrir a destinos de playa, sierras, r\u00edos o lagunas, durante 4\u2026","rel":"","context":"En \u00abINTERES GENERAL\u00bb","block_context":{"text":"INTERES GENERAL","link":"https:\/\/larevistadigital.com.ar\/blog\/category\/interes-general\/"},"img":{"alt_text":"","src":"https:\/\/i0.wp.com\/larevistadigital.com.ar\/blog\/wp-content\/uploads\/20230301155713_viajes-fin-de-curso-28-02-23-scaled-1.jpg?fit=880%2C512&ssl=1&resize=350%2C200","width":350,"height":200,"srcset":"https:\/\/i0.wp.com\/larevistadigital.com.ar\/blog\/wp-content\/uploads\/20230301155713_viajes-fin-de-curso-28-02-23-scaled-1.jpg?fit=880%2C512&ssl=1&resize=350%2C200 1x, https:\/\/i0.wp.com\/larevistadigital.com.ar\/blog\/wp-content\/uploads\/20230301155713_viajes-fin-de-curso-28-02-23-scaled-1.jpg?fit=880%2C512&ssl=1&resize=525%2C300 1.5x, https:\/\/i0.wp.com\/larevistadigital.com.ar\/blog\/wp-content\/uploads\/20230301155713_viajes-fin-de-curso-28-02-23-scaled-1.jpg?fit=880%2C512&ssl=1&resize=700%2C400 2x"},"classes":[]}],"_links":{"self":[{"href":"https:\/\/larevistadigital.com.ar\/blog\/wp-json\/wp\/v2\/posts\/37220","targetHints":{"allow":["GET"]}}],"collection":[{"href":"https:\/\/larevistadigital.com.ar\/blog\/wp-json\/wp\/v2\/posts"}],"about":[{"href":"https:\/\/larevistadigital.com.ar\/blog\/wp-json\/wp\/v2\/types\/post"}],"author":[{"embeddable":true,"href":"https:\/\/larevistadigital.com.ar\/blog\/wp-json\/wp\/v2\/users\/3"}],"replies":[{"embeddable":true,"href":"https:\/\/larevistadigital.com.ar\/blog\/wp-json\/wp\/v2\/comments?post=37220"}],"version-history":[{"count":1,"href":"https:\/\/larevistadigital.com.ar\/blog\/wp-json\/wp\/v2\/posts\/37220\/revisions"}],"predecessor-version":[{"id":37222,"href":"https:\/\/larevistadigital.com.ar\/blog\/wp-json\/wp\/v2\/posts\/37220\/revisions\/37222"}],"wp:featuredmedia":[{"embeddable":true,"href":"https:\/\/larevistadigital.com.ar\/blog\/wp-json\/wp\/v2\/media\/37221"}],"wp:attachment":[{"href":"https:\/\/larevistadigital.com.ar\/blog\/wp-json\/wp\/v2\/media?parent=37220"}],"wp:term":[{"taxonomy":"category","embeddable":true,"href":"https:\/\/larevistadigital.com.ar\/blog\/wp-json\/wp\/v2\/categories?post=37220"},{"taxonomy":"post_tag","embeddable":true,"href":"https:\/\/larevistadigital.com.ar\/blog\/wp-json\/wp\/v2\/tags?post=37220"}],"curies":[{"name":"wp","href":"https:\/\/api.w.org\/{rel}","templated":true}]}}