{"id":37224,"date":"2024-09-13T19:39:08","date_gmt":"2024-09-13T22:39:08","guid":{"rendered":"https:\/\/larevistadigital.com.ar\/blog\/?p=37224"},"modified":"2024-09-13T19:39:08","modified_gmt":"2024-09-13T22:39:08","slug":"finalizo-el-asfaltado-de-la-calle-11-de-septiembre-en-el-barrio-escribano","status":"publish","type":"post","link":"https:\/\/larevistadigital.com.ar\/blog\/finalizo-el-asfaltado-de-la-calle-11-de-septiembre-en-el-barrio-escribano\/","title":{"rendered":"Finaliz\u00f3 el asfaltado de la calle 11 de Septiembre en el barrio Escribano"},"content":{"rendered":"<h2 class=\"excerpt\">Con esta obra, se mejora la circulaci\u00f3n y la seguridad en la zona.<\/h2>\n<p>13 de Septiembre de 2024<\/p>\n<div id=\"miDiv1\" class=\"text\">\n<p><strong>CHASCOM\u00daS &#8211;\u00a0<\/strong> Este jueves se complet\u00f3 el asfaltado de la calle 11 de Septiembre en el barrio Escribano, en el tramo comprendido entre las calles Chubut y Ju\u00e1rez, cerrando as\u00ed el circuito vial del barrio junto a las calles R\u00edo Negro, Chubut y Bartolom\u00e9 Correa, que ya cuentan con pavimentaci\u00f3n.<\/p>\n<blockquote>\n<h3>La obra, que se realiz\u00f3 con mezcla asf\u00e1ltica en caliente producida por la planta local de GyC Construcciones, tambi\u00e9n busca incrementar la seguridad vial al tiempo que facilita el acceso de los vecinos con mayor facilidad.<\/h3>\n<\/blockquote>\n<p>Adem\u00e1s de optimizar la circulaci\u00f3n, la t\u00e9cnica empleada permiti\u00f3 habilitar de inmediato la calle para el tr\u00e1nsito, tras la preparaci\u00f3n de la base con suelo cal.<\/p>\n<blockquote>\n<h3>Con la finalizaci\u00f3n de este tramo, se avanza en las obras integrales previstas para el barrio Escribano, permitiendo que los vecinos cuenten con calles asfaltadas a corta distancia de sus viviendas y contribuyendo a la equidad en el acceso a servicios urbanos.<\/h3>\n<\/blockquote>\n<p>Este avance es parte de un plan integral que incluye 6.700 metros de cord\u00f3n cuneta y la instalaci\u00f3n de sumideros, destinado a mejorar el tr\u00e1nsito y asegurar un entorno m\u00e1s seguro para los residentes del sector.<\/p>\n<blockquote>\n<h3>Tras la culminaci\u00f3n de esta etapa, la obra financiada por el gobierno provincial se encuentra suspendida debido a que, como consecuencia de la alta inflaci\u00f3n, se produjo un fuerte aumento en los precios de los materiales, lo que provoc\u00f3 que los fondos disponibles s\u00f3lo alcanzaran para realizar la parte ya finalizada.<\/h3>\n<\/blockquote>\n<p>Actualmente, desde el gobierno municipal se est\u00e1n llevando a cabo intensas gestiones para obtener los recursos necesarios que permitan continuar y finalizar la obra prevista.<\/p>\n<\/div>\n","protected":false},"excerpt":{"rendered":"<div class=\"mh-excerpt\"><p>Con esta obra, se mejora la circulaci\u00f3n y la seguridad en la zona. 13 de Septiembre de 2024 CHASCOM\u00daS &#8211;\u00a0 Este jueves se complet\u00f3 el asfaltado de la calle 11 de Septiembre en el barrio <a class=\"mh-excerpt-more\" href=\"https:\/\/larevistadigital.com.ar\/blog\/finalizo-el-asfaltado-de-la-calle-11-de-septiembre-en-el-barrio-escribano\/\" title=\"Finaliz\u00f3 el asfaltado de la calle 11 de Septiembre en el barrio Escribano\">[Leer M\u00e1s]<\/a><\/p>\n<\/div>","protected":false},"author":3,"featured_media":37226,"comment_status":"open","ping_status":"open","sticky":false,"template":"","format":"standard","meta":{"_jetpack_memberships_contains_paid_content":false,"footnotes":"","jetpack_publicize_message":"","jetpack_publicize_feature_enabled":true,"jetpack_social_post_already_shared":true,"jetpack_social_options":{"image_generator_settings":{"template":"highway","default_image_id":0,"font":"","enabled":false},"version":2}},"categories":[6],"tags":[],"class_list":{"0":"post-37224","1":"post","2":"type-post","3":"status-publish","4":"format-standard","5":"has-post-thumbnail","7":"category-chascomus"},"jetpack_publicize_connections":[],"jetpack_featured_media_url":"https:\/\/i0.wp.com\/larevistadigital.com.ar\/blog\/wp-content\/uploads\/66e478faaedc8.png?fit=668%2C445&ssl=1","jetpack_sharing_enabled":true,"jetpack_shortlink":"https:\/\/wp.me\/p8qtrQ-9Go","jetpack-related-posts":[{"id":37092,"url":"https:\/\/larevistadigital.com.ar\/blog\/chascomus-comenzo-el-asfaltado-en-calle-11-de-septiembre\/","url_meta":{"origin":37224,"position":0},"title":"CHASCOM\u00daS: COMENZ\u00d3 EL ASFALTADO EN CALLE 11 DE SEPTIEMBRE","author":"Alejandro Sosa Ruda","date":"29 agosto, 2024","format":false,"excerpt":"Los trabajos buscan mejorar la circulaci\u00f3n y la seguridad en el barrio Escribano, asegurando un acceso seguro y equitativo para todos los vecinos. 29 de Agosto de 2024 CHASCOM\u00daS -\u00a0 \u00a0Este jueves, se inici\u00f3 al asfaltado en la calle 11 de Septiembre, en el barrio Escribano, con la intervenci\u00f3n en\u2026","rel":"","context":"En \u00abCHASCOM\u00daS\u00bb","block_context":{"text":"CHASCOM\u00daS","link":"https:\/\/larevistadigital.com.ar\/blog\/category\/chascomus\/"},"img":{"alt_text":"","src":"https:\/\/i0.wp.com\/larevistadigital.com.ar\/blog\/wp-content\/uploads\/FOTO-NOTA-1.png?fit=668%2C445&ssl=1&resize=350%2C200","width":350,"height":200,"srcset":"https:\/\/i0.wp.com\/larevistadigital.com.ar\/blog\/wp-content\/uploads\/FOTO-NOTA-1.png?fit=668%2C445&ssl=1&resize=350%2C200 1x, https:\/\/i0.wp.com\/larevistadigital.com.ar\/blog\/wp-content\/uploads\/FOTO-NOTA-1.png?fit=668%2C445&ssl=1&resize=525%2C300 1.5x"},"classes":[]},{"id":36722,"url":"https:\/\/larevistadigital.com.ar\/blog\/chascomus-atencion-barrio-escribano-las-calles-rio-negro-y-chubut-seran-mano-unica\/","url_meta":{"origin":37224,"position":1},"title":"CHASCOM\u00daS: ATENCI\u00d3N BARRIO ESCRIBANO. LAS CALLES R\u00cdO NEGRO Y CHUBUT SER\u00c1N MANO \u00daNICA","author":"Alejandro Sosa Ruda","date":"17 julio, 2024","format":false,"excerpt":"Las dos v\u00edas que atraviesan de norte a sur el barrio Escribano cambiar\u00e1n el sentido de circulaci\u00f3n 17 de Julio de 2024 CHASCOM\u00daS -\u00a0 En el marco de lo dispuesto por la Ordenanza N\u00b05028 y a partir de los trabajos de pavimentaci\u00f3n ya finalizados, las calles R\u00edo Negro y Chubut\u2026","rel":"","context":"En \u00abCHASCOM\u00daS\u00bb","block_context":{"text":"CHASCOM\u00daS","link":"https:\/\/larevistadigital.com.ar\/blog\/category\/chascomus\/"},"img":{"alt_text":"","src":"https:\/\/i0.wp.com\/larevistadigital.com.ar\/blog\/wp-content\/uploads\/66980aae9535d.png?fit=668%2C445&ssl=1&resize=350%2C200","width":350,"height":200,"srcset":"https:\/\/i0.wp.com\/larevistadigital.com.ar\/blog\/wp-content\/uploads\/66980aae9535d.png?fit=668%2C445&ssl=1&resize=350%2C200 1x, https:\/\/i0.wp.com\/larevistadigital.com.ar\/blog\/wp-content\/uploads\/66980aae9535d.png?fit=668%2C445&ssl=1&resize=525%2C300 1.5x"},"classes":[]},{"id":40044,"url":"https:\/\/larevistadigital.com.ar\/blog\/chascomus-son-cuatro-las-empresas-interesadas-en-la-obra-de-asfaltado-del-barrio-escribano\/","url_meta":{"origin":37224,"position":2},"title":"Chascom\u00fas: Son cuatro, las empresas interesadas en la obra de asfaltado del barrio Escribano","author":"Alejandro Sosa Ruda","date":"12 junio, 2025","format":false,"excerpt":"La obra consiste en la pavimentaci\u00f3n de 28 cuadras que incluyen Orzali, Tierra del Fuego, Santa Cruz, Dorrego, Ju\u00e1rez, Arenaza y 26 de Julio. 12 de Junio de 2025 CHASCOM\u00daS -\u00a0 \u00a0Este martes fueron abiertos los sobres correspondientes a la Licitaci\u00f3n P\u00fablica N\u00ba 02\/2025 para la obra \u201cAsfalto barrio Escribano\u201d.\u2026","rel":"","context":"En \u00abCHASCOM\u00daS\u00bb","block_context":{"text":"CHASCOM\u00daS","link":"https:\/\/larevistadigital.com.ar\/blog\/category\/chascomus\/"},"img":{"alt_text":"","src":"https:\/\/i0.wp.com\/larevistadigital.com.ar\/blog\/wp-content\/uploads\/6849b96279d8f.png?fit=668%2C445&ssl=1&resize=350%2C200","width":350,"height":200,"srcset":"https:\/\/i0.wp.com\/larevistadigital.com.ar\/blog\/wp-content\/uploads\/6849b96279d8f.png?fit=668%2C445&ssl=1&resize=350%2C200 1x, https:\/\/i0.wp.com\/larevistadigital.com.ar\/blog\/wp-content\/uploads\/6849b96279d8f.png?fit=668%2C445&ssl=1&resize=525%2C300 1.5x"},"classes":[]},{"id":39684,"url":"https:\/\/larevistadigital.com.ar\/blog\/se-licitara-la-pavimentacion-de-28-cuadras-en-el-barrio-escribano\/","url_meta":{"origin":37224,"position":3},"title":"Se licitar\u00e1 la pavimentaci\u00f3n de 28 cuadras en el barrio Escribano","author":"Alejandro Sosa Ruda","date":"6 mayo, 2025","format":false,"excerpt":"La Municipalidad anunci\u00f3 el inicio del proceso licitatorio y, previamente, financiar\u00e1 una obra pluvial necesaria para dar continuidad al proyecto. 06 de Mayo de 2025 CHASCOM\u00daS -\u00a0 El intendente Javier Gast\u00f3n encabez\u00f3 una reuni\u00f3n con vecinos y vecinas del barrio Escribano, a quienes anunci\u00f3 el pr\u00f3ximo llamado a licitaci\u00f3n para\u2026","rel":"","context":"En \u00abCHASCOM\u00daS\u00bb","block_context":{"text":"CHASCOM\u00daS","link":"https:\/\/larevistadigital.com.ar\/blog\/category\/chascomus\/"},"img":{"alt_text":"","src":"https:\/\/i0.wp.com\/larevistadigital.com.ar\/blog\/wp-content\/uploads\/681a450c79f64.png?fit=668%2C445&ssl=1&resize=350%2C200","width":350,"height":200,"srcset":"https:\/\/i0.wp.com\/larevistadigital.com.ar\/blog\/wp-content\/uploads\/681a450c79f64.png?fit=668%2C445&ssl=1&resize=350%2C200 1x, https:\/\/i0.wp.com\/larevistadigital.com.ar\/blog\/wp-content\/uploads\/681a450c79f64.png?fit=668%2C445&ssl=1&resize=525%2C300 1.5x"},"classes":[]},{"id":35957,"url":"https:\/\/larevistadigital.com.ar\/blog\/reunion-del-ejecutivo-con-vecinos-del-barrio-escribano-sobre-la-situacion-de-obra\/","url_meta":{"origin":37224,"position":4},"title":"REUNI\u00d3N DEL EJECUTIVO CON VECINOS DEL BARRIO ESCRIBANO SOBRE LA SITUACI\u00d3N DE OBRA","author":"Alejandro Sosa Ruda","date":"28 abril, 2024","format":false,"excerpt":"En el marco del proyecto integral de mejoras en el barrio Escribano, por pedido de los vecinos a trav\u00e9s de la Sociedad de Fomento, se realiz\u00f3 una reuni\u00f3n para responder a sus inquietudes y comentarles sobre su ejecuci\u00f3n. 28 de abril de 2024 CHASCOM\u00daS -\u00a0 El pasado viernes, en el\u2026","rel":"","context":"En \u00abPOLITICA LOCAL\u00bb","block_context":{"text":"POLITICA LOCAL","link":"https:\/\/larevistadigital.com.ar\/blog\/category\/politica\/politica-local\/"},"img":{"alt_text":"","src":"https:\/\/i0.wp.com\/larevistadigital.com.ar\/blog\/wp-content\/uploads\/2024_04_26_01_56_37_7781708.jpg?fit=600%2C401&ssl=1&resize=350%2C200","width":350,"height":200,"srcset":"https:\/\/i0.wp.com\/larevistadigital.com.ar\/blog\/wp-content\/uploads\/2024_04_26_01_56_37_7781708.jpg?fit=600%2C401&ssl=1&resize=350%2C200 1x, https:\/\/i0.wp.com\/larevistadigital.com.ar\/blog\/wp-content\/uploads\/2024_04_26_01_56_37_7781708.jpg?fit=600%2C401&ssl=1&resize=525%2C300 1.5x"},"classes":[]},{"id":8270,"url":"https:\/\/larevistadigital.com.ar\/blog\/castelli-continua-el-plan-de-asfaltado-en-barrio-manzanares\/","url_meta":{"origin":37224,"position":5},"title":"CASTELLI: CONTIN\u00daA EL PLAN DE ASFALTADO EN BARRIO MANZANARES","author":"Alejandro Sosa Ruda","date":"10 febrero, 2019","format":false,"excerpt":"Luego de culminar con el volcado de hormig\u00f3n en calle Pueyrred\u00f3n, la semana pasada se comenz\u00f3 a preparar otro tramo de esa zona de la ciudad para ser asfaltado. Se trata de calle Hussay, entre Pueyrred\u00f3n y Maip\u00fa. Son dos cuadras del barrio en donde se realizaron movimientos de tierra,\u2026","rel":"","context":"En \u00abCASTELLI\u00bb","block_context":{"text":"CASTELLI","link":"https:\/\/larevistadigital.com.ar\/blog\/category\/castelli\/"},"img":{"alt_text":"","src":"https:\/\/i0.wp.com\/larevistadigital.com.ar\/blog\/wp-content\/uploads\/2019\/02\/Asfalto1-1024x683.jpg?fit=1024%2C683&ssl=1&resize=350%2C200","width":350,"height":200,"srcset":"https:\/\/i0.wp.com\/larevistadigital.com.ar\/blog\/wp-content\/uploads\/2019\/02\/Asfalto1-1024x683.jpg?fit=1024%2C683&ssl=1&resize=350%2C200 1x, https:\/\/i0.wp.com\/larevistadigital.com.ar\/blog\/wp-content\/uploads\/2019\/02\/Asfalto1-1024x683.jpg?fit=1024%2C683&ssl=1&resize=525%2C300 1.5x, https:\/\/i0.wp.com\/larevistadigital.com.ar\/blog\/wp-content\/uploads\/2019\/02\/Asfalto1-1024x683.jpg?fit=1024%2C683&ssl=1&resize=700%2C400 2x"},"classes":[]}],"_links":{"self":[{"href":"https:\/\/larevistadigital.com.ar\/blog\/wp-json\/wp\/v2\/posts\/37224","targetHints":{"allow":["GET"]}}],"collection":[{"href":"https:\/\/larevistadigital.com.ar\/blog\/wp-json\/wp\/v2\/posts"}],"about":[{"href":"https:\/\/larevistadigital.com.ar\/blog\/wp-json\/wp\/v2\/types\/post"}],"author":[{"embeddable":true,"href":"https:\/\/larevistadigital.com.ar\/blog\/wp-json\/wp\/v2\/users\/3"}],"replies":[{"embeddable":true,"href":"https:\/\/larevistadigital.com.ar\/blog\/wp-json\/wp\/v2\/comments?post=37224"}],"version-history":[{"count":1,"href":"https:\/\/larevistadigital.com.ar\/blog\/wp-json\/wp\/v2\/posts\/37224\/revisions"}],"predecessor-version":[{"id":37227,"href":"https:\/\/larevistadigital.com.ar\/blog\/wp-json\/wp\/v2\/posts\/37224\/revisions\/37227"}],"wp:featuredmedia":[{"embeddable":true,"href":"https:\/\/larevistadigital.com.ar\/blog\/wp-json\/wp\/v2\/media\/37226"}],"wp:attachment":[{"href":"https:\/\/larevistadigital.com.ar\/blog\/wp-json\/wp\/v2\/media?parent=37224"}],"wp:term":[{"taxonomy":"category","embeddable":true,"href":"https:\/\/larevistadigital.com.ar\/blog\/wp-json\/wp\/v2\/categories?post=37224"},{"taxonomy":"post_tag","embeddable":true,"href":"https:\/\/larevistadigital.com.ar\/blog\/wp-json\/wp\/v2\/tags?post=37224"}],"curies":[{"name":"wp","href":"https:\/\/api.w.org\/{rel}","templated":true}]}}