{"id":37228,"date":"2024-09-13T19:42:18","date_gmt":"2024-09-13T22:42:18","guid":{"rendered":"https:\/\/larevistadigital.com.ar\/blog\/?p=37228"},"modified":"2024-09-13T19:42:18","modified_gmt":"2024-09-13T22:42:18","slug":"colaboracion-de-la-secretaria-de-seguridad-ciudadana-con-una-investigacion-policial","status":"publish","type":"post","link":"https:\/\/larevistadigital.com.ar\/blog\/colaboracion-de-la-secretaria-de-seguridad-ciudadana-con-una-investigacion-policial\/","title":{"rendered":"Colaboraci\u00f3n de la Secretar\u00eda de Seguridad Ciudadana con una investigaci\u00f3n policial"},"content":{"rendered":"<h2 class=\"excerpt\">Un efectivo de la Estaci\u00f3n de Polic\u00eda Comunal fue aprehendido tras revelarse su presunta connivencia con los reclusos de la dependencia policial.<\/h2>\n<p>13 de Septiembre de 2024<\/p>\n<div id=\"miDiv1\" class=\"text\">\n<p><strong>CHASCOM\u00daS &#8211;<\/strong>\u00a0 El efectivo fue detenido este viernes por la ma\u00f1ana bajo la acusaci\u00f3n de proporcionar estupefacientes a los detenidos alojados en los calabozos de la dependencia.<\/p>\n<p>La detenci\u00f3n se produjo luego de una investigaci\u00f3n encabezada por el subcomisario Gerardo Ferreyra, titular de la EPC de Chascom\u00fas, en la que las c\u00e1maras de seguridad instaladas en la estaci\u00f3n revelaron movimientos sospechosos entre el efectivo y los detenidos.<\/p>\n<blockquote>\n<h3>El involucrado, quien es oriundo de General Guido y prestaba servicios en la comisar\u00eda local como imaginaria en los calabozos, fue acusado de \u00abSuministro de estupefacientes a t\u00edtulo oneroso agravado por su condici\u00f3n de funcionario p\u00fablico\u00bb.<\/h3>\n<\/blockquote>\n<p>La investigaci\u00f3n fue acompa\u00f1ada desde el inicio por la Secretar\u00eda de Seguridad Ciudadana, encabezada por Mariela Moscarella, desde donde adem\u00e1s se colabor\u00f3 con la instalaci\u00f3n de c\u00e1maras de vigilancia que permitieron documentar las irregularidades investigadas.<\/p>\n<blockquote>\n<h3>En las acciones realizadas tom\u00f3 intervenci\u00f3n el Dr. Jorge Larrarte, quien solicit\u00f3 al Juzgado de Garant\u00edas N\u00b0 5 de Chascom\u00fas las medidas que llevaron a la aprehensi\u00f3n del sospechoso.<\/h3>\n<\/blockquote>\n<p>El personal de la delegaci\u00f3n de la Polic\u00eda Federal Argentina, a cargo del comisario Claudio Mart\u00edn Leyes, llev\u00f3 a cabo la requisa del sospechoso, en el despacho del titular de la estaci\u00f3n policial donde se comprob\u00f3 la tenencia de marihuana, pastillas y otros elementos y adem\u00e1s realiz\u00f3 un allanamiento en su domicilio.<\/p>\n<p>El procedimiento culmin\u00f3 con su desafectaci\u00f3n inmediata del servicio por disposici\u00f3n judicial.<\/p>\n<\/div>\n","protected":false},"excerpt":{"rendered":"<div class=\"mh-excerpt\"><p>Un efectivo de la Estaci\u00f3n de Polic\u00eda Comunal fue aprehendido tras revelarse su presunta connivencia con los reclusos de la dependencia policial. 13 de Septiembre de 2024 CHASCOM\u00daS &#8211;\u00a0 El efectivo fue detenido este viernes <a class=\"mh-excerpt-more\" href=\"https:\/\/larevistadigital.com.ar\/blog\/colaboracion-de-la-secretaria-de-seguridad-ciudadana-con-una-investigacion-policial\/\" title=\"Colaboraci\u00f3n de la Secretar\u00eda de Seguridad Ciudadana con una investigaci\u00f3n policial\">[Leer M\u00e1s]<\/a><\/p>\n<\/div>","protected":false},"author":3,"featured_media":37229,"comment_status":"open","ping_status":"open","sticky":false,"template":"","format":"standard","meta":{"_jetpack_memberships_contains_paid_content":false,"footnotes":"","jetpack_publicize_message":"","jetpack_publicize_feature_enabled":true,"jetpack_social_post_already_shared":true,"jetpack_social_options":{"image_generator_settings":{"template":"highway","default_image_id":0,"font":"","enabled":false},"version":2}},"categories":[1],"tags":[],"class_list":{"0":"post-37228","1":"post","2":"type-post","3":"status-publish","4":"format-standard","5":"has-post-thumbnail","7":"category-sin-categoria"},"jetpack_publicize_connections":[],"jetpack_featured_media_url":"https:\/\/i0.wp.com\/larevistadigital.com.ar\/blog\/wp-content\/uploads\/66e477413419f.png?fit=668%2C445&ssl=1","jetpack_sharing_enabled":true,"jetpack_shortlink":"https:\/\/wp.me\/p8qtrQ-9Gs","jetpack-related-posts":[{"id":37234,"url":"https:\/\/larevistadigital.com.ar\/blog\/chascomus-luego-de-una-investigacion-interna-promovida-por-el-mismo-sub-comisario-ferreyra-allanan-la-comisaria-y-aprehenden-a-un-sargento-por-delitos-graves\/","url_meta":{"origin":37228,"position":0},"title":"Chascom\u00fas: Luego de una investigaci\u00f3n interna promovida por el mismo Sub Comisario Ferreyra, allanan la comisar\u00eda y aprehenden a un sargento por delitos graves","author":"Alejandro Sosa Ruda","date":"14 septiembre, 2024","format":false,"excerpt":"La polic\u00eda federal allan\u00f3 la Estaci\u00f3n de Polic\u00eda Comunal, y tras arrojar resultados positivos, aprehendi\u00f3 a un sargento que estaba siendo investigado 13 de Septiembre de 2024 CHASCOM\u00daS -\u00a0 Hace meses a la fecha se tomo conocimiento de movimientos irregulares de un efectivo policial de E.P.C. Chascomus en el sector\u2026","rel":"","context":"En \u00abDESTACADAS\u00bb","block_context":{"text":"DESTACADAS","link":"https:\/\/larevistadigital.com.ar\/blog\/category\/destacadas\/"},"img":{"alt_text":"","src":"https:\/\/i0.wp.com\/larevistadigital.com.ar\/blog\/wp-content\/uploads\/2018\/10\/COMISARIA-de-CHASCOMUS_02-05-2015.jpg?fit=800%2C600&ssl=1&resize=350%2C200","width":350,"height":200,"srcset":"https:\/\/i0.wp.com\/larevistadigital.com.ar\/blog\/wp-content\/uploads\/2018\/10\/COMISARIA-de-CHASCOMUS_02-05-2015.jpg?fit=800%2C600&ssl=1&resize=350%2C200 1x, https:\/\/i0.wp.com\/larevistadigital.com.ar\/blog\/wp-content\/uploads\/2018\/10\/COMISARIA-de-CHASCOMUS_02-05-2015.jpg?fit=800%2C600&ssl=1&resize=525%2C300 1.5x, https:\/\/i0.wp.com\/larevistadigital.com.ar\/blog\/wp-content\/uploads\/2018\/10\/COMISARIA-de-CHASCOMUS_02-05-2015.jpg?fit=800%2C600&ssl=1&resize=700%2C400 2x"},"classes":[]},{"id":40405,"url":"https:\/\/larevistadigital.com.ar\/blog\/golpe-al-narcomenudeo-en-chascomus-dos-detenidos-por-venta-y-distribucion-de-drogas\/","url_meta":{"origin":37228,"position":1},"title":"Golpe al narcomenudeo en Chascom\u00fas: dos detenidos por venta y distribuci\u00f3n de drogas","author":"Alejandro Sosa Ruda","date":"10 julio, 2025","format":false,"excerpt":"Tras una intensa investigaci\u00f3n policial y con apoyo del Centro de Monitoreo local, se desbarat\u00f3 un punto de venta de estupefacientes en la ciudad. Hubo allanamientos simult\u00e1neos, secuestro de drogas y elementos clave para la causa. 10 de Julio de 2025 CHASCOM\u00daS -\u00a0 \u00a0Una investigaci\u00f3n judicial por comercializaci\u00f3n de estupefacientes\u2026","rel":"","context":"En \u00abDESTACADAS\u00bb","block_context":{"text":"DESTACADAS","link":"https:\/\/larevistadigital.com.ar\/blog\/category\/destacadas\/"},"img":{"alt_text":"","src":"https:\/\/i0.wp.com\/larevistadigital.com.ar\/blog\/wp-content\/uploads\/WhatsApp-Image-2025-07-10-at-16.16.07.jpeg?fit=1200%2C675&ssl=1&resize=350%2C200","width":350,"height":200,"srcset":"https:\/\/i0.wp.com\/larevistadigital.com.ar\/blog\/wp-content\/uploads\/WhatsApp-Image-2025-07-10-at-16.16.07.jpeg?fit=1200%2C675&ssl=1&resize=350%2C200 1x, https:\/\/i0.wp.com\/larevistadigital.com.ar\/blog\/wp-content\/uploads\/WhatsApp-Image-2025-07-10-at-16.16.07.jpeg?fit=1200%2C675&ssl=1&resize=525%2C300 1.5x, https:\/\/i0.wp.com\/larevistadigital.com.ar\/blog\/wp-content\/uploads\/WhatsApp-Image-2025-07-10-at-16.16.07.jpeg?fit=1200%2C675&ssl=1&resize=700%2C400 2x, https:\/\/i0.wp.com\/larevistadigital.com.ar\/blog\/wp-content\/uploads\/WhatsApp-Image-2025-07-10-at-16.16.07.jpeg?fit=1200%2C675&ssl=1&resize=1050%2C600 3x"},"classes":[]},{"id":42303,"url":"https:\/\/larevistadigital.com.ar\/blog\/chascomus-el-parte-policial-sobre-los-graves-incidentes-en-el-barrio-30-de-mayo\/","url_meta":{"origin":37228,"position":2},"title":"Chascom\u00fas: El parte policial sobre los graves incidentes en el barrio 30 de Mayo","author":"Alejandro Sosa Ruda","date":"31 octubre, 2025","format":false,"excerpt":"Luego de una noche con un allanamiento, disparos, piedras, balas de goma, drogas y detenidos, la polic\u00eda hizo llegar el p\u00e1rte policial, que describe las actuaciones en una noche que agit\u00f3 la tranquilidad de Chascom\u00fas. PARTE DE PRENSA Autoridades policiales informaron que \u00e9ste Jueves 30, en horas de la tarde-noche,\u2026","rel":"","context":"En \u00abDESTACADAS\u00bb","block_context":{"text":"DESTACADAS","link":"https:\/\/larevistadigital.com.ar\/blog\/category\/destacadas\/"},"img":{"alt_text":"","src":"https:\/\/i0.wp.com\/larevistadigital.com.ar\/blog\/wp-content\/uploads\/Captura-de-pantalla-2025-10-31-105055.jpg?fit=800%2C774&ssl=1&resize=350%2C200","width":350,"height":200,"srcset":"https:\/\/i0.wp.com\/larevistadigital.com.ar\/blog\/wp-content\/uploads\/Captura-de-pantalla-2025-10-31-105055.jpg?fit=800%2C774&ssl=1&resize=350%2C200 1x, https:\/\/i0.wp.com\/larevistadigital.com.ar\/blog\/wp-content\/uploads\/Captura-de-pantalla-2025-10-31-105055.jpg?fit=800%2C774&ssl=1&resize=525%2C300 1.5x, https:\/\/i0.wp.com\/larevistadigital.com.ar\/blog\/wp-content\/uploads\/Captura-de-pantalla-2025-10-31-105055.jpg?fit=800%2C774&ssl=1&resize=700%2C400 2x"},"classes":[]},{"id":30772,"url":"https:\/\/larevistadigital.com.ar\/blog\/chascomus-gritos-y-reclamos-de-detenidos-pidiendo-mas-horas-de-telefono-y-visitas-no-contempladas-en-la-estacion-de-policia-comunal\/","url_meta":{"origin":37228,"position":3},"title":"CHASCOM\u00daS: GRITOS Y RECLAMOS DE DETENIDOS PIDIENDO M\u00c1S HORAS DE TEL\u00c9FONO Y VISITAS NO CONTEMPLADAS EN LA ESTACI\u00d3N DE POLIC\u00cdA COMUNAL","author":"Alejandro Sosa Ruda","date":"29 marzo, 2023","format":false,"excerpt":"Ocurri\u00f3 por la tarde y noche de ayer, porque ten\u00edan distintas exigencias como m\u00e1s horas de charlas por tel\u00e9fono, entre otras cosas. 29 de marzo de 2023 CHASCOM\u00daS - Durante la tarde-noche de ayer, comenzaron a escucharse ruidos y gritos provenientes de la Estaci\u00f3n de Polic\u00eda Comunal, lo que provoc\u00f3\u2026","rel":"","context":"En \u00abDESTACADAS\u00bb","block_context":{"text":"DESTACADAS","link":"https:\/\/larevistadigital.com.ar\/blog\/category\/destacadas\/"},"img":{"alt_text":"","src":"https:\/\/i0.wp.com\/larevistadigital.com.ar\/blog\/wp-content\/uploads\/2018\/10\/COMISARIA-de-CHASCOMUS_02-05-2015.jpg?fit=800%2C600&ssl=1&resize=350%2C200","width":350,"height":200,"srcset":"https:\/\/i0.wp.com\/larevistadigital.com.ar\/blog\/wp-content\/uploads\/2018\/10\/COMISARIA-de-CHASCOMUS_02-05-2015.jpg?fit=800%2C600&ssl=1&resize=350%2C200 1x, https:\/\/i0.wp.com\/larevistadigital.com.ar\/blog\/wp-content\/uploads\/2018\/10\/COMISARIA-de-CHASCOMUS_02-05-2015.jpg?fit=800%2C600&ssl=1&resize=525%2C300 1.5x, https:\/\/i0.wp.com\/larevistadigital.com.ar\/blog\/wp-content\/uploads\/2018\/10\/COMISARIA-de-CHASCOMUS_02-05-2015.jpg?fit=800%2C600&ssl=1&resize=700%2C400 2x"},"classes":[]},{"id":32820,"url":"https:\/\/larevistadigital.com.ar\/blog\/chascomus-aprehenden-a-una-mujer-por-comercializacion-de-estupefacientes-y-a-un-hombre-con-pedido-de-captura\/","url_meta":{"origin":37228,"position":4},"title":"CHASCOM\u00daS: APREHENDEN A UNA MUJER POR COMERCIALIZACI\u00d3N DE ESTUPEFACIENTES, Y A UN HOMBRE CON PEDIDO DE CAPTURA","author":"Alejandro Sosa Ruda","date":"10 agosto, 2023","format":false,"excerpt":"Todo comienza con sospechas de la delegaci\u00f3n de Drogas il\u00edcitas y se confirma luego de investigaciones que derivaron en un allanamiento con resultado positivo. 10 de agosto CHASCOM\u00daS -\u00a0 Drogas il\u00edcitas de Chascom\u00fas, tom\u00f3 conocimiento que una persona del sexo femenino se estar\u00eda dedicando a la comercializaci\u00f3n de sustancias estupefacientes\u2026","rel":"","context":"En \u00abDESTACADAS\u00bb","block_context":{"text":"DESTACADAS","link":"https:\/\/larevistadigital.com.ar\/blog\/category\/destacadas\/"},"img":{"alt_text":"","src":"https:\/\/i0.wp.com\/larevistadigital.com.ar\/blog\/wp-content\/uploads\/WhatsApp-Image-2023-08-10-at-03.36.32.jpeg?fit=1200%2C1144&ssl=1&resize=350%2C200","width":350,"height":200,"srcset":"https:\/\/i0.wp.com\/larevistadigital.com.ar\/blog\/wp-content\/uploads\/WhatsApp-Image-2023-08-10-at-03.36.32.jpeg?fit=1200%2C1144&ssl=1&resize=350%2C200 1x, https:\/\/i0.wp.com\/larevistadigital.com.ar\/blog\/wp-content\/uploads\/WhatsApp-Image-2023-08-10-at-03.36.32.jpeg?fit=1200%2C1144&ssl=1&resize=525%2C300 1.5x, https:\/\/i0.wp.com\/larevistadigital.com.ar\/blog\/wp-content\/uploads\/WhatsApp-Image-2023-08-10-at-03.36.32.jpeg?fit=1200%2C1144&ssl=1&resize=700%2C400 2x, https:\/\/i0.wp.com\/larevistadigital.com.ar\/blog\/wp-content\/uploads\/WhatsApp-Image-2023-08-10-at-03.36.32.jpeg?fit=1200%2C1144&ssl=1&resize=1050%2C600 3x"},"classes":[]},{"id":28639,"url":"https:\/\/larevistadigital.com.ar\/blog\/chascomus-tras-ocho-meses-de-investigacion-se-desbarato-una-cueva-donde-se-comercializaban-estupefacientes-secuestraron-elementos-y-se-aprehendio-a-un-hombre\/","url_meta":{"origin":37228,"position":5},"title":"CHASCOM\u00daS: TRAS OCHO MESES DE INVESTIGACI\u00d3N, SE DESBARAT\u00d3 UNA \u00abCUEVA\u00bb DONDE SE COMERCIALIZABAN ESTUPEFACIENTES. SECUESTRARON ELEMENTOS Y SE APREHENDI\u00d3 A UN HOMBRE.","author":"Alejandro Sosa Ruda","date":"27 octubre, 2022","format":false,"excerpt":"Se investig\u00f3 durante ocho meses y se obtuvieron resultados que permitieron allanar y secuestrar drogas, aprehendiendo al morador de la vivienda. 27 de Octubre de 2022 CHASCOM\u00daS -\u00a0\u00a0A ra\u00edz de investigaciones llevadas a cabo, la subdelegaci\u00f3n de Investigaciones del tr\u00e1fico de drogas il\u00edcitas tom\u00f3 conocimiento de la presunta comercializaci\u00f3n de\u2026","rel":"","context":"En \u00abDESTACADAS\u00bb","block_context":{"text":"DESTACADAS","link":"https:\/\/larevistadigital.com.ar\/blog\/category\/destacadas\/"},"img":{"alt_text":"","src":"https:\/\/i0.wp.com\/larevistadigital.com.ar\/blog\/wp-content\/uploads\/WhatsApp-Image-2022-10-27-at-06.41.33.jpeg?fit=1200%2C900&ssl=1&resize=350%2C200","width":350,"height":200,"srcset":"https:\/\/i0.wp.com\/larevistadigital.com.ar\/blog\/wp-content\/uploads\/WhatsApp-Image-2022-10-27-at-06.41.33.jpeg?fit=1200%2C900&ssl=1&resize=350%2C200 1x, https:\/\/i0.wp.com\/larevistadigital.com.ar\/blog\/wp-content\/uploads\/WhatsApp-Image-2022-10-27-at-06.41.33.jpeg?fit=1200%2C900&ssl=1&resize=525%2C300 1.5x, https:\/\/i0.wp.com\/larevistadigital.com.ar\/blog\/wp-content\/uploads\/WhatsApp-Image-2022-10-27-at-06.41.33.jpeg?fit=1200%2C900&ssl=1&resize=700%2C400 2x, https:\/\/i0.wp.com\/larevistadigital.com.ar\/blog\/wp-content\/uploads\/WhatsApp-Image-2022-10-27-at-06.41.33.jpeg?fit=1200%2C900&ssl=1&resize=1050%2C600 3x"},"classes":[]}],"_links":{"self":[{"href":"https:\/\/larevistadigital.com.ar\/blog\/wp-json\/wp\/v2\/posts\/37228","targetHints":{"allow":["GET"]}}],"collection":[{"href":"https:\/\/larevistadigital.com.ar\/blog\/wp-json\/wp\/v2\/posts"}],"about":[{"href":"https:\/\/larevistadigital.com.ar\/blog\/wp-json\/wp\/v2\/types\/post"}],"author":[{"embeddable":true,"href":"https:\/\/larevistadigital.com.ar\/blog\/wp-json\/wp\/v2\/users\/3"}],"replies":[{"embeddable":true,"href":"https:\/\/larevistadigital.com.ar\/blog\/wp-json\/wp\/v2\/comments?post=37228"}],"version-history":[{"count":1,"href":"https:\/\/larevistadigital.com.ar\/blog\/wp-json\/wp\/v2\/posts\/37228\/revisions"}],"predecessor-version":[{"id":37230,"href":"https:\/\/larevistadigital.com.ar\/blog\/wp-json\/wp\/v2\/posts\/37228\/revisions\/37230"}],"wp:featuredmedia":[{"embeddable":true,"href":"https:\/\/larevistadigital.com.ar\/blog\/wp-json\/wp\/v2\/media\/37229"}],"wp:attachment":[{"href":"https:\/\/larevistadigital.com.ar\/blog\/wp-json\/wp\/v2\/media?parent=37228"}],"wp:term":[{"taxonomy":"category","embeddable":true,"href":"https:\/\/larevistadigital.com.ar\/blog\/wp-json\/wp\/v2\/categories?post=37228"},{"taxonomy":"post_tag","embeddable":true,"href":"https:\/\/larevistadigital.com.ar\/blog\/wp-json\/wp\/v2\/tags?post=37228"}],"curies":[{"name":"wp","href":"https:\/\/api.w.org\/{rel}","templated":true}]}}