{"id":37231,"date":"2024-09-13T19:49:02","date_gmt":"2024-09-13T22:49:02","guid":{"rendered":"https:\/\/larevistadigital.com.ar\/blog\/?p=37231"},"modified":"2024-09-13T19:49:02","modified_gmt":"2024-09-13T22:49:02","slug":"chascomus-mantenimiento-constante-de-las-camaras-de-seguridad","status":"publish","type":"post","link":"https:\/\/larevistadigital.com.ar\/blog\/chascomus-mantenimiento-constante-de-las-camaras-de-seguridad\/","title":{"rendered":"Chascom\u00fas: Mantenimiento constante de las c\u00e1maras de seguridad"},"content":{"rendered":"<h2 class=\"excerpt\">Personal municipal lleva adelante tareas de mantenimiento para asegurar el correcto funcionamiento de las c\u00e1maras que cubren tanto el \u00e1rea urbana como la rural.<\/h2>\n<p>13 de Septiembre de 2024<\/p>\n<div id=\"miDiv1\" class=\"text\">\n<p><strong>CHASCOM\u00daS &#8211;<\/strong>\u00a0 La Municipalidad de Chascom\u00fas realiza un trabajo diario de mantenimiento en las c\u00e1maras de seguridad instaladas en distintos puntos de la ciudad.<\/p>\n<p>En los \u00faltimos d\u00edas, el personal trabaj\u00f3 a la limpieza y acondicionamiento de lentes de las c\u00e1maras fijas y domos.<\/p>\n<blockquote>\n<h3>Estas tareas est\u00e1n destinadas a evitar obstrucciones en la visualizaci\u00f3n y, al mismo tiempo, supervisar el estado de los dispositivos, asegurando su buen funcionamiento y contribuyendo a la seguridad local.<\/h3>\n<\/blockquote>\n<p>Actualmente, el Centro de Monitoreo cuenta con 185 c\u00e1maras distribuidas en zonas urbanas y rurales. Adem\u00e1s de mejorar la operatividad, estas labores prolongan la vida \u00fatil de los equipos y reducen los costos asociados a la adquisici\u00f3n de\u00a0nuevas\u00a0c\u00e1maras.<\/p>\n<\/div>\n","protected":false},"excerpt":{"rendered":"<div class=\"mh-excerpt\"><p>Personal municipal lleva adelante tareas de mantenimiento para asegurar el correcto funcionamiento de las c\u00e1maras que cubren tanto el \u00e1rea urbana como la rural. 13 de Septiembre de 2024 CHASCOM\u00daS &#8211;\u00a0 La Municipalidad de Chascom\u00fas <a class=\"mh-excerpt-more\" href=\"https:\/\/larevistadigital.com.ar\/blog\/chascomus-mantenimiento-constante-de-las-camaras-de-seguridad\/\" title=\"Chascom\u00fas: Mantenimiento constante de las c\u00e1maras de seguridad\">[Leer M\u00e1s]<\/a><\/p>\n<\/div>","protected":false},"author":3,"featured_media":37232,"comment_status":"open","ping_status":"open","sticky":false,"template":"","format":"standard","meta":{"_jetpack_memberships_contains_paid_content":false,"footnotes":"","jetpack_publicize_message":"","jetpack_publicize_feature_enabled":true,"jetpack_social_post_already_shared":true,"jetpack_social_options":{"image_generator_settings":{"template":"highway","default_image_id":0,"font":"","enabled":false},"version":2}},"categories":[6],"tags":[],"class_list":{"0":"post-37231","1":"post","2":"type-post","3":"status-publish","4":"format-standard","5":"has-post-thumbnail","7":"category-chascomus"},"jetpack_publicize_connections":[],"jetpack_featured_media_url":"https:\/\/i0.wp.com\/larevistadigital.com.ar\/blog\/wp-content\/uploads\/66e47c74e1850.png?fit=668%2C445&ssl=1","jetpack_sharing_enabled":true,"jetpack_shortlink":"https:\/\/wp.me\/p8qtrQ-9Gv","jetpack-related-posts":[{"id":3657,"url":"https:\/\/larevistadigital.com.ar\/blog\/chascomus-se-incorporaron-dos-nuevas-camaras-seguridad\/","url_meta":{"origin":37231,"position":0},"title":"CHASCOM\u00daS: SE INCORPORARON DOS NUEVAS C\u00c1MARAS DE SEGURIDAD","author":"Alejandro Sosa Ruda","date":"31 octubre, 2017","format":false,"excerpt":"Dos nuevas c\u00e1maras fijas desde el Centro de Monitoreo Municipal comenzaron a funcionar desde este s\u00e1bado. Estas \u00faltimas incorporaciones contemplan la cobertura del ingreso y egreso correspondiente al acceso a la ciudad por la zona del barrio La Liberata. Se trata de las c\u00e1maras N\u00ba 112 y 113, estas se\u2026","rel":"","context":"En \u00abCHASCOM\u00daS\u00bb","block_context":{"text":"CHASCOM\u00daS","link":"https:\/\/larevistadigital.com.ar\/blog\/category\/chascomus\/"},"img":{"alt_text":"","src":"https:\/\/i0.wp.com\/larevistadigital.com.ar\/blog\/wp-content\/uploads\/2017\/10\/22853214_1671475906206621_2068473438404028405_n.jpg?fit=742%2C513&ssl=1&resize=350%2C200","width":350,"height":200,"srcset":"https:\/\/i0.wp.com\/larevistadigital.com.ar\/blog\/wp-content\/uploads\/2017\/10\/22853214_1671475906206621_2068473438404028405_n.jpg?fit=742%2C513&ssl=1&resize=350%2C200 1x, https:\/\/i0.wp.com\/larevistadigital.com.ar\/blog\/wp-content\/uploads\/2017\/10\/22853214_1671475906206621_2068473438404028405_n.jpg?fit=742%2C513&ssl=1&resize=525%2C300 1.5x, https:\/\/i0.wp.com\/larevistadigital.com.ar\/blog\/wp-content\/uploads\/2017\/10\/22853214_1671475906206621_2068473438404028405_n.jpg?fit=742%2C513&ssl=1&resize=700%2C400 2x"},"classes":[]},{"id":428,"url":"https:\/\/larevistadigital.com.ar\/blog\/se-incorporaran-35-nuevas-camaras-seguridad\/","url_meta":{"origin":37231,"position":1},"title":"Se incorporar\u00e1n 35 nuevas c\u00e1maras de seguridad","author":"editor","date":"28 febrero, 2017","format":false,"excerpt":"Se inform\u00f3 desde la Comuna que en el despacho del Intendente Municipal, se realiz\u00f3 la apertura de sobres de la licitaci\u00f3n privada que permitir\u00e1 realizar la tercera etapa de la ampliaci\u00f3n del sistema de monitoreo. La misma contempla una adquisici\u00f3n de 35 nuevas c\u00e1maras de seguridad, diferenciadas en 15 fijas\u2026","rel":"","context":"En \u00abCHASCOM\u00daS\u00bb","block_context":{"text":"CHASCOM\u00daS","link":"https:\/\/larevistadigital.com.ar\/blog\/category\/chascomus\/"},"img":{"alt_text":"","src":"https:\/\/i0.wp.com\/larevistadigital.com.ar\/blog\/wp-content\/uploads\/2017\/02\/camaras_20defebrerode2017_elfuerte.jpg?fit=868%2C574&ssl=1&resize=350%2C200","width":350,"height":200,"srcset":"https:\/\/i0.wp.com\/larevistadigital.com.ar\/blog\/wp-content\/uploads\/2017\/02\/camaras_20defebrerode2017_elfuerte.jpg?fit=868%2C574&ssl=1&resize=350%2C200 1x, https:\/\/i0.wp.com\/larevistadigital.com.ar\/blog\/wp-content\/uploads\/2017\/02\/camaras_20defebrerode2017_elfuerte.jpg?fit=868%2C574&ssl=1&resize=525%2C300 1.5x, https:\/\/i0.wp.com\/larevistadigital.com.ar\/blog\/wp-content\/uploads\/2017\/02\/camaras_20defebrerode2017_elfuerte.jpg?fit=868%2C574&ssl=1&resize=700%2C400 2x"},"classes":[]},{"id":9892,"url":"https:\/\/larevistadigital.com.ar\/blog\/chascomus-robo-y-desaparicion-de-mascotas-vecinos-piden-al-intendente-ver-las-camaras-de-seguridad\/","url_meta":{"origin":37231,"position":2},"title":"CHASCOM\u00daS: \u00bfROBO Y DESAPARICI\u00d3N DE MASCOTAS? VECINOS PIDEN AL INTENDENTE VER LAS C\u00c1MARAS DE SEGURIDAD","author":"Alejandro Sosa Ruda","date":"29 abril, 2019","format":false,"excerpt":"Esta es una yv Un grupo de vecinos, solicita por nota al intendente municipal, Javier Gast\u00f3n, que se orquesten los medios para poder observar, o hacer observar las c\u00e1maras del municipio ya que seg\u00fan aseguran, las mascotas de distintas familias (particularmente los gatos) en los \u00faltimos tiempos han ido desapareciendo\u2026","rel":"","context":"En \u00abDESTACADAS\u00bb","block_context":{"text":"DESTACADAS","link":"https:\/\/larevistadigital.com.ar\/blog\/category\/destacadas\/"},"img":{"alt_text":"","src":"https:\/\/i0.wp.com\/larevistadigital.com.ar\/blog\/wp-content\/uploads\/2019\/04\/Screenshot_2-17.jpg?fit=809%2C804&ssl=1&resize=350%2C200","width":350,"height":200,"srcset":"https:\/\/i0.wp.com\/larevistadigital.com.ar\/blog\/wp-content\/uploads\/2019\/04\/Screenshot_2-17.jpg?fit=809%2C804&ssl=1&resize=350%2C200 1x, https:\/\/i0.wp.com\/larevistadigital.com.ar\/blog\/wp-content\/uploads\/2019\/04\/Screenshot_2-17.jpg?fit=809%2C804&ssl=1&resize=525%2C300 1.5x, https:\/\/i0.wp.com\/larevistadigital.com.ar\/blog\/wp-content\/uploads\/2019\/04\/Screenshot_2-17.jpg?fit=809%2C804&ssl=1&resize=700%2C400 2x"},"classes":[]},{"id":18816,"url":"https:\/\/larevistadigital.com.ar\/blog\/inseguridad-en-chascomus-un-problema-sin-solucion-a-la-vista\/","url_meta":{"origin":37231,"position":3},"title":"INSEGURIDAD EN CHASCOM\u00daS: UN PROBLEMA SIN SOLUCI\u00d3N A LA VISTA&#8230;","author":"Alejandro Sosa Ruda","date":"10 febrero, 2021","format":false,"excerpt":"A\u00fan recordamos como si fuera hoy, aquel reportaje realizado en Diciembre del 2015, en la por entonces \u201cLa Radio 101.5\u201d al intendente electo, y a d\u00edas de asumir Javier Gast\u00f3n. En ese reportaje le pregunt\u00e1bamos quien iba a estar a cargo de la Seguridad, quien se encargar\u00eda de tratar con\u2026","rel":"","context":"En \u00abDESTACADAS\u00bb","block_context":{"text":"DESTACADAS","link":"https:\/\/larevistadigital.com.ar\/blog\/category\/destacadas\/"},"img":{"alt_text":"","src":"https:\/\/i0.wp.com\/larevistadigital.com.ar\/blog\/wp-content\/uploads\/INSEGURIDAD-IMAGEN.jpg?fit=700%2C506&ssl=1&resize=350%2C200","width":350,"height":200,"srcset":"https:\/\/i0.wp.com\/larevistadigital.com.ar\/blog\/wp-content\/uploads\/INSEGURIDAD-IMAGEN.jpg?fit=700%2C506&ssl=1&resize=350%2C200 1x, https:\/\/i0.wp.com\/larevistadigital.com.ar\/blog\/wp-content\/uploads\/INSEGURIDAD-IMAGEN.jpg?fit=700%2C506&ssl=1&resize=525%2C300 1.5x, https:\/\/i0.wp.com\/larevistadigital.com.ar\/blog\/wp-content\/uploads\/INSEGURIDAD-IMAGEN.jpg?fit=700%2C506&ssl=1&resize=700%2C400 2x"},"classes":[]},{"id":41967,"url":"https:\/\/larevistadigital.com.ar\/blog\/chascomus-la-patrulla-de-prevencion-municipal-recupero-una-moto-de-alta-gama-sustraida-a-un-vecino\/","url_meta":{"origin":37231,"position":4},"title":"Chascom\u00fas: La Patrulla de Prevenci\u00f3n Municipal recuper\u00f3 una moto de alta gama sustra\u00edda a un vecino","author":"Alejandro Sosa Ruda","date":"14 octubre, 2025","format":false,"excerpt":"Las tareas preventivas que se realizan de manera continua permitieron la r\u00e1pida recuperaci\u00f3n de varios motoveh\u00edculos en los \u00faltimos meses. 14 de Octubre de 2025 CHASCOM\u00daS -\u00a0 \u00a0Gracias al trabajo de los equipos de la Secretar\u00eda de Seguridad Ciudadana, una acci\u00f3n conjunta entre la Patrulla de Prevenci\u00f3n Municipal y el\u2026","rel":"","context":"En \u00abINTERES GENERAL\u00bb","block_context":{"text":"INTERES GENERAL","link":"https:\/\/larevistadigital.com.ar\/blog\/category\/interes-general\/"},"img":{"alt_text":"","src":"https:\/\/i0.wp.com\/larevistadigital.com.ar\/blog\/wp-content\/uploads\/68ee8572861ed.png?fit=668%2C445&ssl=1&resize=350%2C200","width":350,"height":200,"srcset":"https:\/\/i0.wp.com\/larevistadigital.com.ar\/blog\/wp-content\/uploads\/68ee8572861ed.png?fit=668%2C445&ssl=1&resize=350%2C200 1x, https:\/\/i0.wp.com\/larevistadigital.com.ar\/blog\/wp-content\/uploads\/68ee8572861ed.png?fit=668%2C445&ssl=1&resize=525%2C300 1.5x"},"classes":[]},{"id":41993,"url":"https:\/\/larevistadigital.com.ar\/blog\/chascomus-reacondicionan-el-destacamento-policial-de-gandara\/","url_meta":{"origin":37231,"position":5},"title":"Chascom\u00fas: Reacondicionan el destacamento policial de G\u00e1ndara","author":"Alejandro Sosa Ruda","date":"15 octubre, 2025","format":false,"excerpt":"La Municipalidad ejecuta obras de mantenimiento en el Comando de Prevenci\u00f3n Rural como parte de un plan de mejora de la seguridad en zonas rurales. 15 de Octubre de 2025 CHASCOM\u00daS -\u00a0 La Municipalidad de Chascom\u00fas lleva adelante trabajos de reacondicionamiento en el destacamento del Comando de Prevenci\u00f3n Rural (CPR)\u2026","rel":"","context":"En \u00abINTERES GENERAL\u00bb","block_context":{"text":"INTERES GENERAL","link":"https:\/\/larevistadigital.com.ar\/blog\/category\/interes-general\/"},"img":{"alt_text":"","src":"https:\/\/i0.wp.com\/larevistadigital.com.ar\/blog\/wp-content\/uploads\/68efe1a9d595e.png?fit=668%2C445&ssl=1&resize=350%2C200","width":350,"height":200,"srcset":"https:\/\/i0.wp.com\/larevistadigital.com.ar\/blog\/wp-content\/uploads\/68efe1a9d595e.png?fit=668%2C445&ssl=1&resize=350%2C200 1x, https:\/\/i0.wp.com\/larevistadigital.com.ar\/blog\/wp-content\/uploads\/68efe1a9d595e.png?fit=668%2C445&ssl=1&resize=525%2C300 1.5x"},"classes":[]}],"_links":{"self":[{"href":"https:\/\/larevistadigital.com.ar\/blog\/wp-json\/wp\/v2\/posts\/37231","targetHints":{"allow":["GET"]}}],"collection":[{"href":"https:\/\/larevistadigital.com.ar\/blog\/wp-json\/wp\/v2\/posts"}],"about":[{"href":"https:\/\/larevistadigital.com.ar\/blog\/wp-json\/wp\/v2\/types\/post"}],"author":[{"embeddable":true,"href":"https:\/\/larevistadigital.com.ar\/blog\/wp-json\/wp\/v2\/users\/3"}],"replies":[{"embeddable":true,"href":"https:\/\/larevistadigital.com.ar\/blog\/wp-json\/wp\/v2\/comments?post=37231"}],"version-history":[{"count":1,"href":"https:\/\/larevistadigital.com.ar\/blog\/wp-json\/wp\/v2\/posts\/37231\/revisions"}],"predecessor-version":[{"id":37233,"href":"https:\/\/larevistadigital.com.ar\/blog\/wp-json\/wp\/v2\/posts\/37231\/revisions\/37233"}],"wp:featuredmedia":[{"embeddable":true,"href":"https:\/\/larevistadigital.com.ar\/blog\/wp-json\/wp\/v2\/media\/37232"}],"wp:attachment":[{"href":"https:\/\/larevistadigital.com.ar\/blog\/wp-json\/wp\/v2\/media?parent=37231"}],"wp:term":[{"taxonomy":"category","embeddable":true,"href":"https:\/\/larevistadigital.com.ar\/blog\/wp-json\/wp\/v2\/categories?post=37231"},{"taxonomy":"post_tag","embeddable":true,"href":"https:\/\/larevistadigital.com.ar\/blog\/wp-json\/wp\/v2\/tags?post=37231"}],"curies":[{"name":"wp","href":"https:\/\/api.w.org\/{rel}","templated":true}]}}