{"id":37234,"date":"2024-09-14T13:00:11","date_gmt":"2024-09-14T16:00:11","guid":{"rendered":"https:\/\/larevistadigital.com.ar\/blog\/?p=37234"},"modified":"2024-09-14T13:01:04","modified_gmt":"2024-09-14T16:01:04","slug":"chascomus-luego-de-una-investigacion-interna-promovida-por-el-mismo-sub-comisario-ferreyra-allanan-la-comisaria-y-aprehenden-a-un-sargento-por-delitos-graves","status":"publish","type":"post","link":"https:\/\/larevistadigital.com.ar\/blog\/chascomus-luego-de-una-investigacion-interna-promovida-por-el-mismo-sub-comisario-ferreyra-allanan-la-comisaria-y-aprehenden-a-un-sargento-por-delitos-graves\/","title":{"rendered":"Chascom\u00fas: Luego de una investigaci\u00f3n interna promovida por el mismo Sub Comisario Ferreyra, allanan la comisar\u00eda y aprehenden a un sargento por delitos graves"},"content":{"rendered":"<h2>La polic\u00eda federal allan\u00f3 la Estaci\u00f3n de Polic\u00eda Comunal, y tras arrojar resultados positivos, aprehendi\u00f3 a un sargento que estaba siendo investigado<\/h2>\n<p>13 de Septiembre de 2024<\/p>\n<p><strong>CHASCOM\u00daS &#8211;\u00a0<\/strong> Hace meses a la fecha se tomo conocimiento de movimientos irregulares de un efectivo policial de E.P.C. Chascomus en el sector de calabozos, motivos suficientes para que el titular de E.P.C. Chascomus, <strong>Gerardo Ferreyra<\/strong> con el aval de la Seretaria de Seguridad <strong>Mariela Moscarella<\/strong> iniciara una investigacion con intervencion a la Ayudantia Fiscal de Estupefacientes de Chascomus a cargo del <strong>Dr. Jorge Larrarte<\/strong> y de la Auditoria General de Asuntos Internos, el cual autorizo al titular de la misma dependencia policial la investigacion.<\/p>\n<blockquote>\n<h3>Efectuadas distintas tareas de investigacion durante tiempo prudencial, se logro establecer la connivencia de un Sargento de E.P.C. Chascomus con detenidos alojados en el sector de calabozos con movimientos compatibles con el suministro de estupefacientes.<\/h3>\n<\/blockquote>\n<p>Elevadas las tareas desarrolladas, el <strong>Dr. Jorge Larrarte<\/strong> solicito al Juzgado de Garantias 5 de Chascomus orden de requisa personal y orden de allanamiento para el domicilio del involucrado, medidas otorgadas y realizadas en la fecha por personal de la Delegacion de Chascomus de Policia Federal Argentina. La orden de requisa se llevo a cabo en Despacho del titular de la dependencia al momento del ingreso al servicio del involucrado, la cual arrojo resultado POSITIVO por poseer marihuana. El resultado del allanamiento en domicilio NEGATIVO. Dr. Jorge Larrarte ordeno la inmediata aprehension de un Sargento de la Policia Bonaerense, la cual se llevo a cabo siendo trasladado en este momento al asiento de la Policia Federal Argentina con asiento en Chascomus. Por otra parte el auditor Dr. Mariano Santana de A.G.A.I. dispuso inmediata desafectaci\u00f3n del servicio del involucrado con retencion de elementos provistos.<\/p>\n","protected":false},"excerpt":{"rendered":"<div class=\"mh-excerpt\"><p>La polic\u00eda federal allan\u00f3 la Estaci\u00f3n de Polic\u00eda Comunal, y tras arrojar resultados positivos, aprehendi\u00f3 a un sargento que estaba siendo investigado 13 de Septiembre de 2024 CHASCOM\u00daS &#8211;\u00a0 Hace meses a la fecha se <a class=\"mh-excerpt-more\" href=\"https:\/\/larevistadigital.com.ar\/blog\/chascomus-luego-de-una-investigacion-interna-promovida-por-el-mismo-sub-comisario-ferreyra-allanan-la-comisaria-y-aprehenden-a-un-sargento-por-delitos-graves\/\" title=\"Chascom\u00fas: Luego de una investigaci\u00f3n interna promovida por el mismo Sub Comisario Ferreyra, allanan la comisar\u00eda y aprehenden a un sargento por delitos graves\">[Leer M\u00e1s]<\/a><\/p>\n<\/div>","protected":false},"author":3,"featured_media":6708,"comment_status":"open","ping_status":"open","sticky":false,"template":"","format":"standard","meta":{"_jetpack_memberships_contains_paid_content":false,"footnotes":"","jetpack_publicize_message":"","jetpack_publicize_feature_enabled":true,"jetpack_social_post_already_shared":true,"jetpack_social_options":{"image_generator_settings":{"template":"highway","default_image_id":0,"font":"","enabled":false},"version":2}},"categories":[41,44,1],"tags":[],"class_list":{"0":"post-37234","1":"post","2":"type-post","3":"status-publish","4":"format-standard","5":"has-post-thumbnail","7":"category-destacadas","8":"category-policiales","9":"category-sin-categoria"},"jetpack_publicize_connections":[],"jetpack_featured_media_url":"https:\/\/i0.wp.com\/larevistadigital.com.ar\/blog\/wp-content\/uploads\/2018\/10\/COMISARIA-de-CHASCOMUS_02-05-2015.jpg?fit=800%2C600&ssl=1","jetpack_sharing_enabled":true,"jetpack_shortlink":"https:\/\/wp.me\/p8qtrQ-9Gy","jetpack-related-posts":[{"id":34537,"url":"https:\/\/larevistadigital.com.ar\/blog\/chascomus-la-policia-comunal-recupero-una-moto-robada-en-calle-peru\/","url_meta":{"origin":37234,"position":0},"title":"CHASCOM\u00daS: LA POLIC\u00cdA COMUNAL RECUPER\u00d3 UNA MOTO ROBADA EN CALLE PER\u00da","author":"Alejandro Sosa Ruda","date":"14 noviembre, 2023","format":false,"excerpt":"La investigaci\u00f3n policial logr\u00f3 con rapidez obtener resultado positivo. 14 de Noviembre de 2023 CHASCOM\u00daS -\u00a0 En el d\u00eda de ayer y en horas de la noche, se tom\u00f3 conocimiento de la sustracci\u00f3n de una motocicleta de la calle Peru. Iniciada la Investigaci\u00f3n personal policial de E.P.C. Chascomus 1Ra. realizando\u2026","rel":"","context":"En \u00abSin categor\u00eda\u00bb","block_context":{"text":"Sin categor\u00eda","link":"https:\/\/larevistadigital.com.ar\/blog\/category\/sin-categoria\/"},"img":{"alt_text":"","src":"https:\/\/i0.wp.com\/larevistadigital.com.ar\/blog\/wp-content\/uploads\/2017\/03\/policia-nino-mata.jpg?fit=745%2C574&ssl=1&resize=350%2C200","width":350,"height":200,"srcset":"https:\/\/i0.wp.com\/larevistadigital.com.ar\/blog\/wp-content\/uploads\/2017\/03\/policia-nino-mata.jpg?fit=745%2C574&ssl=1&resize=350%2C200 1x, https:\/\/i0.wp.com\/larevistadigital.com.ar\/blog\/wp-content\/uploads\/2017\/03\/policia-nino-mata.jpg?fit=745%2C574&ssl=1&resize=525%2C300 1.5x, https:\/\/i0.wp.com\/larevistadigital.com.ar\/blog\/wp-content\/uploads\/2017\/03\/policia-nino-mata.jpg?fit=745%2C574&ssl=1&resize=700%2C400 2x"},"classes":[]},{"id":37243,"url":"https:\/\/larevistadigital.com.ar\/blog\/chascomus-detienen-a-un-sujeto-por-violencia-de-genero\/","url_meta":{"origin":37234,"position":1},"title":"CHASCOM\u00daS: DETIENEN A UN SUJETO POR VIOLENCIA DE G\u00c9NERO","author":"Alejandro Sosa Ruda","date":"16 septiembre, 2024","format":false,"excerpt":"La mujer pidi\u00f3 ayuda de manera disimulada a un transe\u00fante, que a su vez inform\u00f3 a la polic\u00eda que aprehendi\u00f3 al sujeto. 16 de Septiembre de 2024 CHASCOM\u00daS\u00a0 -\u00a0 \u00a0En horas del mediodia del dia sabado, personal policial de E.P.C. Chascomus 1ra. se traslado al barrio la noria ya que\u2026","rel":"","context":"En \u00abINTERES GENERAL\u00bb","block_context":{"text":"INTERES GENERAL","link":"https:\/\/larevistadigital.com.ar\/blog\/category\/interes-general\/"},"img":{"alt_text":"","src":"https:\/\/i0.wp.com\/larevistadigital.com.ar\/blog\/wp-content\/uploads\/detenido-esposado.jpg?fit=1024%2C683&ssl=1&resize=350%2C200","width":350,"height":200,"srcset":"https:\/\/i0.wp.com\/larevistadigital.com.ar\/blog\/wp-content\/uploads\/detenido-esposado.jpg?fit=1024%2C683&ssl=1&resize=350%2C200 1x, https:\/\/i0.wp.com\/larevistadigital.com.ar\/blog\/wp-content\/uploads\/detenido-esposado.jpg?fit=1024%2C683&ssl=1&resize=525%2C300 1.5x, https:\/\/i0.wp.com\/larevistadigital.com.ar\/blog\/wp-content\/uploads\/detenido-esposado.jpg?fit=1024%2C683&ssl=1&resize=700%2C400 2x"},"classes":[]},{"id":35120,"url":"https:\/\/larevistadigital.com.ar\/blog\/chascomus-allanamiento-y-detencion\/","url_meta":{"origin":37234,"position":2},"title":"CHASCOM\u00daS: ALLANAMIENTO Y DETENCI\u00d3N.","author":"Alejandro Sosa Ruda","date":"26 enero, 2024","format":false,"excerpt":"Era en relaci\u00f3n a un delito de \"robo calificado\" 26 de enero de 2023 CHASCOM\u00daS -\u00a0 En el d\u00eda de ayer en horas de la tarde personal policial de E.P.C Chascomus 1ra. Procedi\u00f3 a dar cumplimiento a una orden de Allanamiento y detenci\u00f3n en el barrio el algarrobo, luego de\u2026","rel":"","context":"En \u00abSin categor\u00eda\u00bb","block_context":{"text":"Sin categor\u00eda","link":"https:\/\/larevistadigital.com.ar\/blog\/category\/sin-categoria\/"},"img":{"alt_text":"","src":"https:\/\/i0.wp.com\/larevistadigital.com.ar\/blog\/wp-content\/uploads\/1620734310362-1.jpg?fit=1200%2C594&ssl=1&resize=350%2C200","width":350,"height":200,"srcset":"https:\/\/i0.wp.com\/larevistadigital.com.ar\/blog\/wp-content\/uploads\/1620734310362-1.jpg?fit=1200%2C594&ssl=1&resize=350%2C200 1x, https:\/\/i0.wp.com\/larevistadigital.com.ar\/blog\/wp-content\/uploads\/1620734310362-1.jpg?fit=1200%2C594&ssl=1&resize=525%2C300 1.5x, https:\/\/i0.wp.com\/larevistadigital.com.ar\/blog\/wp-content\/uploads\/1620734310362-1.jpg?fit=1200%2C594&ssl=1&resize=700%2C400 2x, https:\/\/i0.wp.com\/larevistadigital.com.ar\/blog\/wp-content\/uploads\/1620734310362-1.jpg?fit=1200%2C594&ssl=1&resize=1050%2C600 3x"},"classes":[]},{"id":37228,"url":"https:\/\/larevistadigital.com.ar\/blog\/colaboracion-de-la-secretaria-de-seguridad-ciudadana-con-una-investigacion-policial\/","url_meta":{"origin":37234,"position":3},"title":"Colaboraci\u00f3n de la Secretar\u00eda de Seguridad Ciudadana con una investigaci\u00f3n policial","author":"Alejandro Sosa Ruda","date":"13 septiembre, 2024","format":false,"excerpt":"Un efectivo de la Estaci\u00f3n de Polic\u00eda Comunal fue aprehendido tras revelarse su presunta connivencia con los reclusos de la dependencia policial. 13 de Septiembre de 2024 CHASCOM\u00daS -\u00a0 El efectivo fue detenido este viernes por la ma\u00f1ana bajo la acusaci\u00f3n de proporcionar estupefacientes a los detenidos alojados en los\u2026","rel":"","context":"En \u00abSin categor\u00eda\u00bb","block_context":{"text":"Sin categor\u00eda","link":"https:\/\/larevistadigital.com.ar\/blog\/category\/sin-categoria\/"},"img":{"alt_text":"","src":"https:\/\/i0.wp.com\/larevistadigital.com.ar\/blog\/wp-content\/uploads\/66e477413419f.png?fit=668%2C445&ssl=1&resize=350%2C200","width":350,"height":200,"srcset":"https:\/\/i0.wp.com\/larevistadigital.com.ar\/blog\/wp-content\/uploads\/66e477413419f.png?fit=668%2C445&ssl=1&resize=350%2C200 1x, https:\/\/i0.wp.com\/larevistadigital.com.ar\/blog\/wp-content\/uploads\/66e477413419f.png?fit=668%2C445&ssl=1&resize=525%2C300 1.5x"},"classes":[]},{"id":35256,"url":"https:\/\/larevistadigital.com.ar\/blog\/chascomus-la-policia-comunal-aprehendio-a-un-sujeto-que-intentaba-robar-un-auto\/","url_meta":{"origin":37234,"position":4},"title":"CHASCOM\u00daS: LA POLIC\u00cdA COMUNAL APREHENDI\u00d3 A UN SUJETO QUE INTENTABA ROBAR UN AUTO","author":"Alejandro Sosa Ruda","date":"14 febrero, 2024","format":false,"excerpt":"La aprehensi\u00f3n se transform\u00f3 en detenci\u00f3n y el sujeto est\u00e1 alojado en la comisar\u00eda primera. CHASCOM\u00daS -\u00a0 En el dia de ayer en horas de la ma\u00f1ana, personal policial de E.P.C. Chascomus 1ra. procedi\u00f3 a aprehender a una persona mayor de esta localidad, en momentos en que el mismo intentaba\u2026","rel":"","context":"En \u00abDESTACADAS\u00bb","block_context":{"text":"DESTACADAS","link":"https:\/\/larevistadigital.com.ar\/blog\/category\/destacadas\/"},"img":{"alt_text":"","src":"https:\/\/i0.wp.com\/larevistadigital.com.ar\/blog\/wp-content\/uploads\/WhatsApp-Image-2024-02-14-at-20.12.05-e1707953058506.jpeg?fit=874%2C512&ssl=1&resize=350%2C200","width":350,"height":200,"srcset":"https:\/\/i0.wp.com\/larevistadigital.com.ar\/blog\/wp-content\/uploads\/WhatsApp-Image-2024-02-14-at-20.12.05-e1707953058506.jpeg?fit=874%2C512&ssl=1&resize=350%2C200 1x, https:\/\/i0.wp.com\/larevistadigital.com.ar\/blog\/wp-content\/uploads\/WhatsApp-Image-2024-02-14-at-20.12.05-e1707953058506.jpeg?fit=874%2C512&ssl=1&resize=525%2C300 1.5x, https:\/\/i0.wp.com\/larevistadigital.com.ar\/blog\/wp-content\/uploads\/WhatsApp-Image-2024-02-14-at-20.12.05-e1707953058506.jpeg?fit=874%2C512&ssl=1&resize=700%2C400 2x"},"classes":[]},{"id":35437,"url":"https:\/\/larevistadigital.com.ar\/blog\/chascomus-robo-en-un-corralon-y-fue-detenido-por-la-policia\/","url_meta":{"origin":37234,"position":5},"title":"CHASCOM\u00daS: ROB\u00d3 EN UN CORRAL\u00d3N Y FUE DETENIDO POR LA POLIC\u00cdA","author":"Alejandro Sosa Ruda","date":"9 marzo, 2024","format":false,"excerpt":"El sujeto oriundo de Dolores, intent\u00f3 escapar, pero fue aprehendido a pocas cuadras del lugar, con todos los elementos robados. 9 de marzo de 2024 CHASCOM\u00daS -\u00a0 Durante las primeras horas de la madrugada del dia de la fecha, personal policial de E.P.C. Chascomus 1ra., procedi\u00f3 a la aprehensi\u00f3n de\u2026","rel":"","context":"En \u00abCHASCOM\u00daS\u00bb","block_context":{"text":"CHASCOM\u00daS","link":"https:\/\/larevistadigital.com.ar\/blog\/category\/chascomus\/"},"img":{"alt_text":"","src":"https:\/\/i0.wp.com\/larevistadigital.com.ar\/blog\/wp-content\/uploads\/1620734311775.jpg?fit=1200%2C777&ssl=1&resize=350%2C200","width":350,"height":200,"srcset":"https:\/\/i0.wp.com\/larevistadigital.com.ar\/blog\/wp-content\/uploads\/1620734311775.jpg?fit=1200%2C777&ssl=1&resize=350%2C200 1x, https:\/\/i0.wp.com\/larevistadigital.com.ar\/blog\/wp-content\/uploads\/1620734311775.jpg?fit=1200%2C777&ssl=1&resize=525%2C300 1.5x, https:\/\/i0.wp.com\/larevistadigital.com.ar\/blog\/wp-content\/uploads\/1620734311775.jpg?fit=1200%2C777&ssl=1&resize=700%2C400 2x, https:\/\/i0.wp.com\/larevistadigital.com.ar\/blog\/wp-content\/uploads\/1620734311775.jpg?fit=1200%2C777&ssl=1&resize=1050%2C600 3x"},"classes":[]}],"_links":{"self":[{"href":"https:\/\/larevistadigital.com.ar\/blog\/wp-json\/wp\/v2\/posts\/37234","targetHints":{"allow":["GET"]}}],"collection":[{"href":"https:\/\/larevistadigital.com.ar\/blog\/wp-json\/wp\/v2\/posts"}],"about":[{"href":"https:\/\/larevistadigital.com.ar\/blog\/wp-json\/wp\/v2\/types\/post"}],"author":[{"embeddable":true,"href":"https:\/\/larevistadigital.com.ar\/blog\/wp-json\/wp\/v2\/users\/3"}],"replies":[{"embeddable":true,"href":"https:\/\/larevistadigital.com.ar\/blog\/wp-json\/wp\/v2\/comments?post=37234"}],"version-history":[{"count":2,"href":"https:\/\/larevistadigital.com.ar\/blog\/wp-json\/wp\/v2\/posts\/37234\/revisions"}],"predecessor-version":[{"id":37237,"href":"https:\/\/larevistadigital.com.ar\/blog\/wp-json\/wp\/v2\/posts\/37234\/revisions\/37237"}],"wp:featuredmedia":[{"embeddable":true,"href":"https:\/\/larevistadigital.com.ar\/blog\/wp-json\/wp\/v2\/media\/6708"}],"wp:attachment":[{"href":"https:\/\/larevistadigital.com.ar\/blog\/wp-json\/wp\/v2\/media?parent=37234"}],"wp:term":[{"taxonomy":"category","embeddable":true,"href":"https:\/\/larevistadigital.com.ar\/blog\/wp-json\/wp\/v2\/categories?post=37234"},{"taxonomy":"post_tag","embeddable":true,"href":"https:\/\/larevistadigital.com.ar\/blog\/wp-json\/wp\/v2\/tags?post=37234"}],"curies":[{"name":"wp","href":"https:\/\/api.w.org\/{rel}","templated":true}]}}