{"id":37239,"date":"2024-09-14T21:09:16","date_gmt":"2024-09-15T00:09:16","guid":{"rendered":"https:\/\/larevistadigital.com.ar\/blog\/?p=37239"},"modified":"2024-09-14T21:09:16","modified_gmt":"2024-09-15T00:09:16","slug":"chascomus-vecina-de-22-anos-protagonizo-un-despiste-seguido-de-vuelco-en-la-ruta-2","status":"publish","type":"post","link":"https:\/\/larevistadigital.com.ar\/blog\/chascomus-vecina-de-22-anos-protagonizo-un-despiste-seguido-de-vuelco-en-la-ruta-2\/","title":{"rendered":"Chascom\u00fas: Vecina de 22 a\u00f1os, protagoniz\u00f3 un despiste seguido de vuelco en la ruta 2"},"content":{"rendered":"<h2>Afortunadamente no hubo que lamentar v\u00edctimas. Habr\u00eda ocurrido una falla mec\u00e1nica.<\/h2>\n<p>14 de Septirmbre de 2024<\/p>\n<p><strong>CHASCOM\u00daS &#8211;\u00a0\u00a0<\/strong>Aproximadamente a las 17:15 hs. del d\u00eda de hoy, a la altura del km. 97,500 de la ruta 2, se produjo un despiste seguido de vuelco.<\/p>\n<blockquote>\n<h3>El siniestro, fue protagonizado por una chica de 22 a\u00f1os, oriunda de Chascom\u00fas, a bordo de un vehiculo Renault modelo Sandero, color negro, dominio IGB-800.<\/h3>\n<\/blockquote>\n<p>La conductora perdi\u00f3 el control del veh\u00edculo, y termin\u00f3 volcando sobre su mano derecha en el pasto. La chica fue atendida en el lugar por una ambulancia de AUBASA.<\/p>\n<p>M\u00e1s tarde, personal de AUBASA procedi\u00f3 al levantamiento del rodado (Grua) trasladando el mismo al plato del ac\u00e1 YPF km 90. Se estableci\u00f3 que aparentemente el accidente fue provocado por una falla mec\u00e1nica.<\/p>\n","protected":false},"excerpt":{"rendered":"<div class=\"mh-excerpt\"><p>Afortunadamente no hubo que lamentar v\u00edctimas. Habr\u00eda ocurrido una falla mec\u00e1nica. 14 de Septirmbre de 2024 CHASCOM\u00daS &#8211;\u00a0\u00a0Aproximadamente a las 17:15 hs. del d\u00eda de hoy, a la altura del km. 97,500 de la ruta <a class=\"mh-excerpt-more\" href=\"https:\/\/larevistadigital.com.ar\/blog\/chascomus-vecina-de-22-anos-protagonizo-un-despiste-seguido-de-vuelco-en-la-ruta-2\/\" title=\"Chascom\u00fas: Vecina de 22 a\u00f1os, protagoniz\u00f3 un despiste seguido de vuelco en la ruta 2\">[Leer M\u00e1s]<\/a><\/p>\n<\/div>","protected":false},"author":3,"featured_media":37240,"comment_status":"open","ping_status":"open","sticky":false,"template":"","format":"standard","meta":{"_jetpack_memberships_contains_paid_content":false,"footnotes":"","jetpack_publicize_message":"","jetpack_publicize_feature_enabled":true,"jetpack_social_post_already_shared":true,"jetpack_social_options":{"image_generator_settings":{"template":"highway","default_image_id":0,"font":"","enabled":false},"version":2}},"categories":[41,44],"tags":[],"class_list":{"0":"post-37239","1":"post","2":"type-post","3":"status-publish","4":"format-standard","5":"has-post-thumbnail","7":"category-destacadas","8":"category-policiales"},"jetpack_publicize_connections":[],"jetpack_featured_media_url":"https:\/\/i0.wp.com\/larevistadigital.com.ar\/blog\/wp-content\/uploads\/WhatsApp-Image-2024-09-14-at-18.26.23.jpeg?fit=1280%2C961&ssl=1","jetpack_sharing_enabled":true,"jetpack_shortlink":"https:\/\/wp.me\/p8qtrQ-9GD","jetpack-related-posts":[{"id":35990,"url":"https:\/\/larevistadigital.com.ar\/blog\/chascomus-vuelvo-y-despiste-en-la-autovia-2\/","url_meta":{"origin":37239,"position":0},"title":"CHASCOM\u00daS: VUELVO Y DESPISTE EN LA AUTOV\u00cdA 2","author":"Alejandro Sosa Ruda","date":"5 mayo, 2024","format":false,"excerpt":"El accidente ocurri\u00f3 cerca de las 20:10 hs. aprocimadamente. 5 de mayo de 2024 CHASCOM\u00daS -\u00a0 \u00a0Por circunstancias que se tratan de establecer, un veh\u00edculo que est\u00e1ba circulando en sentido Sur-Norte, despist\u00f3 y vuelc\u00f3, sobre la Ruta 2 km 137 desc. quedando sobre lateral a escasos metros de la V\u00eda.\u2026","rel":"","context":"En \u00abDESTACADAS\u00bb","block_context":{"text":"DESTACADAS","link":"https:\/\/larevistadigital.com.ar\/blog\/category\/destacadas\/"},"img":{"alt_text":"","src":"https:\/\/i0.wp.com\/larevistadigital.com.ar\/blog\/wp-content\/uploads\/WhatsApp-Image-2024-05-05-at-22.41.37.jpeg?fit=1200%2C900&ssl=1&resize=350%2C200","width":350,"height":200,"srcset":"https:\/\/i0.wp.com\/larevistadigital.com.ar\/blog\/wp-content\/uploads\/WhatsApp-Image-2024-05-05-at-22.41.37.jpeg?fit=1200%2C900&ssl=1&resize=350%2C200 1x, https:\/\/i0.wp.com\/larevistadigital.com.ar\/blog\/wp-content\/uploads\/WhatsApp-Image-2024-05-05-at-22.41.37.jpeg?fit=1200%2C900&ssl=1&resize=525%2C300 1.5x, https:\/\/i0.wp.com\/larevistadigital.com.ar\/blog\/wp-content\/uploads\/WhatsApp-Image-2024-05-05-at-22.41.37.jpeg?fit=1200%2C900&ssl=1&resize=700%2C400 2x, https:\/\/i0.wp.com\/larevistadigital.com.ar\/blog\/wp-content\/uploads\/WhatsApp-Image-2024-05-05-at-22.41.37.jpeg?fit=1200%2C900&ssl=1&resize=1050%2C600 3x"},"classes":[]},{"id":34972,"url":"https:\/\/larevistadigital.com.ar\/blog\/ruta-2-despiste-y-vuelco-de-un-camion-cerca-de-chascomus\/","url_meta":{"origin":37239,"position":1},"title":"RUTA 2: DESPISTE Y VUELCO DE UN CAMI\u00d3N CERCA DE CHASCOM\u00daS","author":"Alejandro Sosa Ruda","date":"3 enero, 2024","format":false,"excerpt":"A\u00fan se desconocen las razones por las cuales perdi\u00f3 el control de su enorme veh\u00edculo en plena Ruta 2, a la altura de Chascom\u00fas. 03 de diciembre de 2023 CHASCOM\u00daS -\u00a0 \u00a0Un tremendo accidente de tr\u00e1nsito se produjo durante las \u00faltimas horas en la Ruta 2 a la altura de\u2026","rel":"","context":"En \u00abPOLICIALES\u00bb","block_context":{"text":"POLICIALES","link":"https:\/\/larevistadigital.com.ar\/blog\/category\/policiales\/"},"img":{"alt_text":"","src":"https:\/\/i0.wp.com\/larevistadigital.com.ar\/blog\/wp-content\/uploads\/Captura-de-pantalla-2024-01-03-122301.png?fit=888%2C440&ssl=1&resize=350%2C200","width":350,"height":200,"srcset":"https:\/\/i0.wp.com\/larevistadigital.com.ar\/blog\/wp-content\/uploads\/Captura-de-pantalla-2024-01-03-122301.png?fit=888%2C440&ssl=1&resize=350%2C200 1x, https:\/\/i0.wp.com\/larevistadigital.com.ar\/blog\/wp-content\/uploads\/Captura-de-pantalla-2024-01-03-122301.png?fit=888%2C440&ssl=1&resize=525%2C300 1.5x, https:\/\/i0.wp.com\/larevistadigital.com.ar\/blog\/wp-content\/uploads\/Captura-de-pantalla-2024-01-03-122301.png?fit=888%2C440&ssl=1&resize=700%2C400 2x"},"classes":[]},{"id":35974,"url":"https:\/\/larevistadigital.com.ar\/blog\/ruta-2-un-choque-y-otro-despiste-y-vuelco-de-un-automovil-a-la-altura-del-km-108-mano-descendente\/","url_meta":{"origin":37239,"position":2},"title":"RUTA 2: UN CHOQUE Y OTRO DESPISTE Y VUELCO DE UN AUTOM\u00d3VIL A LA ALTURA DEL KM 108 (MANO DESCENDENTE)","author":"Alejandro Sosa Ruda","date":"2 mayo, 2024","format":false,"excerpt":"Ocurri\u00f3 ayer aproximadamente a las 19:50 hs. 02 de mayo de 2024 CHASCOM\u00daS - Tras el aviso de un siniestro ocurrido en la ruta 2 aproximadamente a la altura del km 108, personal policial se hizo presente en el lugar, constatando que el automovil siniestrado era un Honda FIt, conducido\u2026","rel":"","context":"En \u00abDESTACADAS\u00bb","block_context":{"text":"DESTACADAS","link":"https:\/\/larevistadigital.com.ar\/blog\/category\/destacadas\/"},"img":{"alt_text":"","src":"https:\/\/i0.wp.com\/larevistadigital.com.ar\/blog\/wp-content\/uploads\/WhatsApp-Image-2024-05-01-at-20.50.13.jpeg?fit=1200%2C675&ssl=1&resize=350%2C200","width":350,"height":200,"srcset":"https:\/\/i0.wp.com\/larevistadigital.com.ar\/blog\/wp-content\/uploads\/WhatsApp-Image-2024-05-01-at-20.50.13.jpeg?fit=1200%2C675&ssl=1&resize=350%2C200 1x, https:\/\/i0.wp.com\/larevistadigital.com.ar\/blog\/wp-content\/uploads\/WhatsApp-Image-2024-05-01-at-20.50.13.jpeg?fit=1200%2C675&ssl=1&resize=525%2C300 1.5x, https:\/\/i0.wp.com\/larevistadigital.com.ar\/blog\/wp-content\/uploads\/WhatsApp-Image-2024-05-01-at-20.50.13.jpeg?fit=1200%2C675&ssl=1&resize=700%2C400 2x, https:\/\/i0.wp.com\/larevistadigital.com.ar\/blog\/wp-content\/uploads\/WhatsApp-Image-2024-05-01-at-20.50.13.jpeg?fit=1200%2C675&ssl=1&resize=1050%2C600 3x"},"classes":[]},{"id":25636,"url":"https:\/\/larevistadigital.com.ar\/blog\/dolores-despiste-y-vuelco-en-la-ruta-2\/","url_meta":{"origin":37239,"position":3},"title":"DOLORES: DESPISTE Y VUELCO EN LA RUTA 2","author":"Alejandro Sosa Ruda","date":"6 junio, 2022","format":false,"excerpt":"Afortunadamente no hubo que lamentar v\u00edctimas fatales. Durante la ma\u00f1ana de ayer, se produjo un fuerte accidente de tr\u00e1nsito sobre la Ruta 2, cerca del acceso a la ciudad de Dolores. Seg\u00fan se supo quien conduc\u00eda, habr\u00eda confundido el ingreso a Dolores y, al advertirlo, realiz\u00f3 una maniobra que gener\u00f3\u2026","rel":"","context":"En \u00abDOLORES\u00bb","block_context":{"text":"DOLORES","link":"https:\/\/larevistadigital.com.ar\/blog\/category\/dolores\/"},"img":{"alt_text":"","src":"https:\/\/i0.wp.com\/larevistadigital.com.ar\/blog\/wp-content\/uploads\/fff4c55b16c01be3bf5f60becedb21de763d0694.jpg?fit=1140%2C640&ssl=1&resize=350%2C200","width":350,"height":200,"srcset":"https:\/\/i0.wp.com\/larevistadigital.com.ar\/blog\/wp-content\/uploads\/fff4c55b16c01be3bf5f60becedb21de763d0694.jpg?fit=1140%2C640&ssl=1&resize=350%2C200 1x, https:\/\/i0.wp.com\/larevistadigital.com.ar\/blog\/wp-content\/uploads\/fff4c55b16c01be3bf5f60becedb21de763d0694.jpg?fit=1140%2C640&ssl=1&resize=525%2C300 1.5x, https:\/\/i0.wp.com\/larevistadigital.com.ar\/blog\/wp-content\/uploads\/fff4c55b16c01be3bf5f60becedb21de763d0694.jpg?fit=1140%2C640&ssl=1&resize=700%2C400 2x, https:\/\/i0.wp.com\/larevistadigital.com.ar\/blog\/wp-content\/uploads\/fff4c55b16c01be3bf5f60becedb21de763d0694.jpg?fit=1140%2C640&ssl=1&resize=1050%2C600 3x"},"classes":[]},{"id":31141,"url":"https:\/\/larevistadigital.com.ar\/blog\/ruta-2-despiste-vuelco-y-milagro-un-hombre-en-grave-estado-quedo-internado\/","url_meta":{"origin":37239,"position":4},"title":"RUTA 2: DESPISTE, VUELCO Y MILAGRO. UN HOMBRE EN GRAVE ESTADO QUED\u00d3 INTERNADO","author":"Alejandro Sosa Ruda","date":"20 abril, 2023","format":false,"excerpt":"El conductor de una camioneta perdi\u00f3 el control y sufri\u00f3 un grav\u00edsimo vuelco en la banquina de la autov\u00eda. Fue internado y se encuentra en estado cr\u00edtico. 20 de abril de 2023 LEZAMA -\u00a0 Un brutal accidente de tr\u00e1nsito estuvo a punto de terminar en tragedia en las primeras horas\u2026","rel":"","context":"En \u00abINTERES GENERAL\u00bb","block_context":{"text":"INTERES GENERAL","link":"https:\/\/larevistadigital.com.ar\/blog\/category\/interes-general\/"},"img":{"alt_text":"","src":"https:\/\/i0.wp.com\/larevistadigital.com.ar\/blog\/wp-content\/uploads\/1681997589303.jpeg?fit=1200%2C594&ssl=1&resize=350%2C200","width":350,"height":200,"srcset":"https:\/\/i0.wp.com\/larevistadigital.com.ar\/blog\/wp-content\/uploads\/1681997589303.jpeg?fit=1200%2C594&ssl=1&resize=350%2C200 1x, https:\/\/i0.wp.com\/larevistadigital.com.ar\/blog\/wp-content\/uploads\/1681997589303.jpeg?fit=1200%2C594&ssl=1&resize=525%2C300 1.5x, https:\/\/i0.wp.com\/larevistadigital.com.ar\/blog\/wp-content\/uploads\/1681997589303.jpeg?fit=1200%2C594&ssl=1&resize=700%2C400 2x, https:\/\/i0.wp.com\/larevistadigital.com.ar\/blog\/wp-content\/uploads\/1681997589303.jpeg?fit=1200%2C594&ssl=1&resize=1050%2C600 3x"},"classes":[]},{"id":33121,"url":"https:\/\/larevistadigital.com.ar\/blog\/ruta-11-despiste-y-vuelco-con-4-personas-que-resultaron-ilesas\/","url_meta":{"origin":37239,"position":5},"title":"RUTA 11: DESPISTE Y VUELCO CON 4 PERSONAS QUE RESULTARON ILESAS","author":"Alejandro Sosa Ruda","date":"29 agosto, 2023","format":false,"excerpt":"Despistaron en cercan\u00edas de Mar de Cobo despist\u00f3 y volc\u00f3. Ninguno result\u00f3 herido. 29 de agosto de 2023 MAR DE COBO -\u00a0 \u00a0Un incidente vial, afortunadamente sin consecuencias de gravedad, tuvo lugar en la ruta 11, cerca de la localidad de Mar de Cobo, perteneciente al partido de Mar Chiquita.\u2026","rel":"","context":"En \u00abSin categor\u00eda\u00bb","block_context":{"text":"Sin categor\u00eda","link":"https:\/\/larevistadigital.com.ar\/blog\/category\/sin-categoria\/"},"img":{"alt_text":"","src":"https:\/\/i0.wp.com\/larevistadigital.com.ar\/blog\/wp-content\/uploads\/Captura-de-pantalla-2023-08-29-151313.jpg?fit=682%2C371&ssl=1&resize=350%2C200","width":350,"height":200,"srcset":"https:\/\/i0.wp.com\/larevistadigital.com.ar\/blog\/wp-content\/uploads\/Captura-de-pantalla-2023-08-29-151313.jpg?fit=682%2C371&ssl=1&resize=350%2C200 1x, https:\/\/i0.wp.com\/larevistadigital.com.ar\/blog\/wp-content\/uploads\/Captura-de-pantalla-2023-08-29-151313.jpg?fit=682%2C371&ssl=1&resize=525%2C300 1.5x"},"classes":[]}],"_links":{"self":[{"href":"https:\/\/larevistadigital.com.ar\/blog\/wp-json\/wp\/v2\/posts\/37239","targetHints":{"allow":["GET"]}}],"collection":[{"href":"https:\/\/larevistadigital.com.ar\/blog\/wp-json\/wp\/v2\/posts"}],"about":[{"href":"https:\/\/larevistadigital.com.ar\/blog\/wp-json\/wp\/v2\/types\/post"}],"author":[{"embeddable":true,"href":"https:\/\/larevistadigital.com.ar\/blog\/wp-json\/wp\/v2\/users\/3"}],"replies":[{"embeddable":true,"href":"https:\/\/larevistadigital.com.ar\/blog\/wp-json\/wp\/v2\/comments?post=37239"}],"version-history":[{"count":1,"href":"https:\/\/larevistadigital.com.ar\/blog\/wp-json\/wp\/v2\/posts\/37239\/revisions"}],"predecessor-version":[{"id":37241,"href":"https:\/\/larevistadigital.com.ar\/blog\/wp-json\/wp\/v2\/posts\/37239\/revisions\/37241"}],"wp:featuredmedia":[{"embeddable":true,"href":"https:\/\/larevistadigital.com.ar\/blog\/wp-json\/wp\/v2\/media\/37240"}],"wp:attachment":[{"href":"https:\/\/larevistadigital.com.ar\/blog\/wp-json\/wp\/v2\/media?parent=37239"}],"wp:term":[{"taxonomy":"category","embeddable":true,"href":"https:\/\/larevistadigital.com.ar\/blog\/wp-json\/wp\/v2\/categories?post=37239"},{"taxonomy":"post_tag","embeddable":true,"href":"https:\/\/larevistadigital.com.ar\/blog\/wp-json\/wp\/v2\/tags?post=37239"}],"curies":[{"name":"wp","href":"https:\/\/api.w.org\/{rel}","templated":true}]}}