{"id":37243,"date":"2024-09-16T09:11:37","date_gmt":"2024-09-16T12:11:37","guid":{"rendered":"https:\/\/larevistadigital.com.ar\/blog\/?p=37243"},"modified":"2024-09-16T09:11:37","modified_gmt":"2024-09-16T12:11:37","slug":"chascomus-detienen-a-un-sujeto-por-violencia-de-genero","status":"publish","type":"post","link":"https:\/\/larevistadigital.com.ar\/blog\/chascomus-detienen-a-un-sujeto-por-violencia-de-genero\/","title":{"rendered":"CHASCOM\u00daS: DETIENEN A UN SUJETO POR VIOLENCIA DE G\u00c9NERO"},"content":{"rendered":"<h2>La mujer pidi\u00f3 ayuda de manera disimulada a un transe\u00fante, que a su vez inform\u00f3 a la polic\u00eda que aprehendi\u00f3 al sujeto.<\/h2>\n<p>16 de Septiembre de 2024<\/p>\n<p><strong>CHASCOM\u00daS\u00a0 &#8211;\u00a0<\/strong> \u00a0En horas del mediodia del dia sabado, personal policial de E.P.C. Chascomus 1ra. se traslado al barrio la noria ya que una mujer de manera disimulada solicito auxilio policial cuando pidio agua a un transe\u00fante mientras caminaba con una persona masculina al lado.<\/p>\n<blockquote>\n<h3>Una vez ubicada la pareja el personal policial aparto a la femenina del masculino, siendo en ese momento cuando les hizo que habia sido golpeada y se encontraba amenazada por esa persona, inmediatamente la mujer fue trasladada al hospital donde se constato que predentaba lesiones leves.<\/h3>\n<\/blockquote>\n<p>Respecto del masculino se traslado a E.P.C. Chascomus 1ra. donde se informo por menores a la <strong>Dra. Daniela Bertoletti<\/strong> titular de UFID N 9, ordenando la misma la Aprehension del sujeto.<\/p>\n<p>Una vez presentadas las actuaciones judiciales a UFID N 9, su titular solicito la conversion en detencion la aprehension del masculino al Juzgado de Garantias 5 a cargo del <strong>Juez Christian Gasquet<\/strong>, la cual fue otorgada el dia Domingo por el delito de <strong>\u00abAMENAZAS &#8211; DA\u00d1O &#8211; LESIONES LEVES AGRAVADAS POR SER COMETIDAS POR UN HOMBRE A UNA MUJER MEDIANDO VIOLENCIA DE GENERO\u00bb<\/strong>.<\/p>\n<p>El detenido en el dia de la fecha sera trasladado a la E.P.C. de Maipu donde permanecera alojado hasta nueva disposici\u00f3n.<\/p>\n","protected":false},"excerpt":{"rendered":"<div class=\"mh-excerpt\"><p>La mujer pidi\u00f3 ayuda de manera disimulada a un transe\u00fante, que a su vez inform\u00f3 a la polic\u00eda que aprehendi\u00f3 al sujeto. 16 de Septiembre de 2024 CHASCOM\u00daS\u00a0 &#8211;\u00a0 \u00a0En horas del mediodia del dia <a class=\"mh-excerpt-more\" href=\"https:\/\/larevistadigital.com.ar\/blog\/chascomus-detienen-a-un-sujeto-por-violencia-de-genero\/\" title=\"CHASCOM\u00daS: DETIENEN A UN SUJETO POR VIOLENCIA DE G\u00c9NERO\">[Leer M\u00e1s]<\/a><\/p>\n<\/div>","protected":false},"author":3,"featured_media":12077,"comment_status":"open","ping_status":"open","sticky":false,"template":"","format":"standard","meta":{"_jetpack_memberships_contains_paid_content":false,"footnotes":"","jetpack_publicize_message":"","jetpack_publicize_feature_enabled":true,"jetpack_social_post_already_shared":true,"jetpack_social_options":{"image_generator_settings":{"template":"highway","default_image_id":0,"font":"","enabled":false},"version":2}},"categories":[50,44],"tags":[],"class_list":{"0":"post-37243","1":"post","2":"type-post","3":"status-publish","4":"format-standard","5":"has-post-thumbnail","7":"category-interes-general","8":"category-policiales"},"jetpack_publicize_connections":[],"jetpack_featured_media_url":"https:\/\/i0.wp.com\/larevistadigital.com.ar\/blog\/wp-content\/uploads\/detenido-esposado.jpg?fit=1024%2C683&ssl=1","jetpack_sharing_enabled":true,"jetpack_shortlink":"https:\/\/wp.me\/p8qtrQ-9GH","jetpack-related-posts":[{"id":38451,"url":"https:\/\/larevistadigital.com.ar\/blog\/chascomus-discutio-con-su-madre-y-le-arrojo-una-olla-con-agua-hirviendo-fue-aprehendido\/","url_meta":{"origin":37243,"position":0},"title":"Chascom\u00fas: Discuti\u00f3 con su madre y le arroj\u00f3 una olla con agua hirviendo. Fue aprehendido","author":"Alejandro Sosa Ruda","date":"8 enero, 2025","format":false,"excerpt":"El sujeto fue acusado de lesiones agravadas por el v\u00ednculo. 08 de Enero de 2025 CHASCOM\u00daS -\u00a0 El dia Lunes del corriente personal policial de E.P.C. Chascomus 1ra. se traslado hasta un domicilio de calle Ecuador ya que en el lugar una persona masculina mayor de edad se encontraba violenta\u2026","rel":"","context":"En \u00abCHASCOM\u00daS\u00bb","block_context":{"text":"CHASCOM\u00daS","link":"https:\/\/larevistadigital.com.ar\/blog\/category\/chascomus\/"},"img":{"alt_text":"","src":"https:\/\/i0.wp.com\/larevistadigital.com.ar\/blog\/wp-content\/uploads\/2019\/01\/bbx_755050019_comisaria_chasco_01.jpg?fit=800%2C579&ssl=1&resize=350%2C200","width":350,"height":200,"srcset":"https:\/\/i0.wp.com\/larevistadigital.com.ar\/blog\/wp-content\/uploads\/2019\/01\/bbx_755050019_comisaria_chasco_01.jpg?fit=800%2C579&ssl=1&resize=350%2C200 1x, https:\/\/i0.wp.com\/larevistadigital.com.ar\/blog\/wp-content\/uploads\/2019\/01\/bbx_755050019_comisaria_chasco_01.jpg?fit=800%2C579&ssl=1&resize=525%2C300 1.5x, https:\/\/i0.wp.com\/larevistadigital.com.ar\/blog\/wp-content\/uploads\/2019\/01\/bbx_755050019_comisaria_chasco_01.jpg?fit=800%2C579&ssl=1&resize=700%2C400 2x"},"classes":[]},{"id":35752,"url":"https:\/\/larevistadigital.com.ar\/blog\/chascomus-la-policia-detuvo-a-un-violento-sujeto-que-golpeo-a-su-pareja-y-luego-destruyo-el-movil-policial\/","url_meta":{"origin":37243,"position":1},"title":"CHASCOM\u00daS: LA POLIC\u00cdA DETUVO A UN VIOLENTO SUJETO QUE GOLPE\u00d3 A SU PAREJA Y LUEGO DESTRUY\u00d3 EL M\u00d3VIL POLICIAL","author":"Alejandro Sosa Ruda","date":"3 abril, 2024","format":false,"excerpt":"Luego de trenzarse en lucha con los oficiales, el violento result\u00f3 detenido y la emprendi\u00f3 contra el m\u00f3vil policial, logrando destru\u00edr los vidrios. 3 de abril de 2024 CHASCOM\u00daS -\u00a0 Pasado el mediod\u00eda de hoy, personal policial se traslado hasta un domicilio de calle Brasil ya que en el lugar\u2026","rel":"","context":"En \u00abDESTACADAS\u00bb","block_context":{"text":"DESTACADAS","link":"https:\/\/larevistadigital.com.ar\/blog\/category\/destacadas\/"},"img":{"alt_text":"","src":"https:\/\/i0.wp.com\/larevistadigital.com.ar\/blog\/wp-content\/uploads\/Patrullero-La-Plata-Berisso-Policia.jpg?fit=882%2C492&ssl=1&resize=350%2C200","width":350,"height":200,"srcset":"https:\/\/i0.wp.com\/larevistadigital.com.ar\/blog\/wp-content\/uploads\/Patrullero-La-Plata-Berisso-Policia.jpg?fit=882%2C492&ssl=1&resize=350%2C200 1x, https:\/\/i0.wp.com\/larevistadigital.com.ar\/blog\/wp-content\/uploads\/Patrullero-La-Plata-Berisso-Policia.jpg?fit=882%2C492&ssl=1&resize=525%2C300 1.5x, https:\/\/i0.wp.com\/larevistadigital.com.ar\/blog\/wp-content\/uploads\/Patrullero-La-Plata-Berisso-Policia.jpg?fit=882%2C492&ssl=1&resize=700%2C400 2x"},"classes":[]},{"id":35996,"url":"https:\/\/larevistadigital.com.ar\/blog\/chascomus-la-policia-aprehendio-a-un-sujeto-que-intentaba-ingresar-a-un-galpon-de-la-rural-con-fines-de-robo\/","url_meta":{"origin":37243,"position":2},"title":"CHASCOM\u00daS: LA POLIC\u00cdA APREHENDI\u00d3 A UN SUJETO QUE INTENTABA INGRESAR A UN GALP\u00d3N DE LA RURAL CON FINES DE ROBO","author":"Alejandro Sosa Ruda","date":"5 mayo, 2024","format":false,"excerpt":"El sujeto fue detenido cuando intent\u00f3 ingresar a un galp\u00f3n. 5 de mayo de 2024 CHASCOM\u00daS\u00a0 -\u00a0 En horas de la madrugada de ayer, personal policial de E.P.C. Chascom\u00fas 1ra. procedi\u00f3 en conjunto con personal de seguridad privada a aprehender a una persona mayor de edad de esta localidad con\u2026","rel":"","context":"En \u00abINTERES GENERAL\u00bb","block_context":{"text":"INTERES GENERAL","link":"https:\/\/larevistadigital.com.ar\/blog\/category\/interes-general\/"},"img":{"alt_text":"","src":"https:\/\/i0.wp.com\/larevistadigital.com.ar\/blog\/wp-content\/uploads\/WhatsApp-Image-2024-05-04-at-20.36.15.jpeg?fit=980%2C1200&ssl=1&resize=350%2C200","width":350,"height":200,"srcset":"https:\/\/i0.wp.com\/larevistadigital.com.ar\/blog\/wp-content\/uploads\/WhatsApp-Image-2024-05-04-at-20.36.15.jpeg?fit=980%2C1200&ssl=1&resize=350%2C200 1x, https:\/\/i0.wp.com\/larevistadigital.com.ar\/blog\/wp-content\/uploads\/WhatsApp-Image-2024-05-04-at-20.36.15.jpeg?fit=980%2C1200&ssl=1&resize=525%2C300 1.5x, https:\/\/i0.wp.com\/larevistadigital.com.ar\/blog\/wp-content\/uploads\/WhatsApp-Image-2024-05-04-at-20.36.15.jpeg?fit=980%2C1200&ssl=1&resize=700%2C400 2x"},"classes":[]},{"id":37314,"url":"https:\/\/larevistadigital.com.ar\/blog\/chascomus-detienen-a-un-joven-cuando-intentaba-robar-una-moto\/","url_meta":{"origin":37243,"position":3},"title":"CHASCOM\u00daS: Detienen a un joven cuando intentaba robar una moto","author":"Alejandro Sosa Ruda","date":"25 septiembre, 2024","format":false,"excerpt":"El detenido tiene 18 a\u00f1os de edad y qued\u00f3 alojado en la Comisar\u00eda 1ra. 25 de Septiembre de 2024 CHASCOM\u00daS -\u00a0 En horas del mediodia del dia Domingo, personal policial de E.P.C. Chascomus 1ra. procedio a aprehender a un muchacho de 18 a\u00f1os, en momentos en que el mismo intentaba\u2026","rel":"","context":"En \u00abINTERES GENERAL\u00bb","block_context":{"text":"INTERES GENERAL","link":"https:\/\/larevistadigital.com.ar\/blog\/category\/interes-general\/"},"img":{"alt_text":"","src":"https:\/\/i0.wp.com\/larevistadigital.com.ar\/blog\/wp-content\/uploads\/20220821171121_auto-policial-bernal.jpg?fit=880%2C512&ssl=1&resize=350%2C200","width":350,"height":200,"srcset":"https:\/\/i0.wp.com\/larevistadigital.com.ar\/blog\/wp-content\/uploads\/20220821171121_auto-policial-bernal.jpg?fit=880%2C512&ssl=1&resize=350%2C200 1x, https:\/\/i0.wp.com\/larevistadigital.com.ar\/blog\/wp-content\/uploads\/20220821171121_auto-policial-bernal.jpg?fit=880%2C512&ssl=1&resize=525%2C300 1.5x, https:\/\/i0.wp.com\/larevistadigital.com.ar\/blog\/wp-content\/uploads\/20220821171121_auto-policial-bernal.jpg?fit=880%2C512&ssl=1&resize=700%2C400 2x"},"classes":[]},{"id":36333,"url":"https:\/\/larevistadigital.com.ar\/blog\/chascomus-detienen-a-un-sujeto-que-robaba-placas-antiguas-con-nombres-de-calles\/","url_meta":{"origin":37243,"position":4},"title":"CHASCOM\u00daS: DETIENEN A UN SUJETO QUE ROBABA PLACAS ANTIGUAS CON NOMBRES DE CALLES","author":"Alejandro Sosa Ruda","date":"15 junio, 2024","format":false,"excerpt":"El individuo arrancaba los carteles enlozados por su valor como antig\u00fcedad, seguramente para ser vendidos. 15 de Junio de 2024 CHASCOM\u00daS -\u00a0 En horas de la tarde del d\u00eda martes pasado, personal policial de E.P.C. Chascom\u00fas 1ra. y tras la convocatoria de 911, lograron aprehemder en calle Maip\u00fa y Alvear\u2026","rel":"","context":"En \u00abINTERES GENERAL\u00bb","block_context":{"text":"INTERES GENERAL","link":"https:\/\/larevistadigital.com.ar\/blog\/category\/interes-general\/"},"img":{"alt_text":"","src":"https:\/\/i0.wp.com\/larevistadigital.com.ar\/blog\/wp-content\/uploads\/2019\/01\/bbx_755050019_comisaria_chasco_01.jpg?fit=800%2C579&ssl=1&resize=350%2C200","width":350,"height":200,"srcset":"https:\/\/i0.wp.com\/larevistadigital.com.ar\/blog\/wp-content\/uploads\/2019\/01\/bbx_755050019_comisaria_chasco_01.jpg?fit=800%2C579&ssl=1&resize=350%2C200 1x, https:\/\/i0.wp.com\/larevistadigital.com.ar\/blog\/wp-content\/uploads\/2019\/01\/bbx_755050019_comisaria_chasco_01.jpg?fit=800%2C579&ssl=1&resize=525%2C300 1.5x, https:\/\/i0.wp.com\/larevistadigital.com.ar\/blog\/wp-content\/uploads\/2019\/01\/bbx_755050019_comisaria_chasco_01.jpg?fit=800%2C579&ssl=1&resize=700%2C400 2x"},"classes":[]},{"id":35437,"url":"https:\/\/larevistadigital.com.ar\/blog\/chascomus-robo-en-un-corralon-y-fue-detenido-por-la-policia\/","url_meta":{"origin":37243,"position":5},"title":"CHASCOM\u00daS: ROB\u00d3 EN UN CORRAL\u00d3N Y FUE DETENIDO POR LA POLIC\u00cdA","author":"Alejandro Sosa Ruda","date":"9 marzo, 2024","format":false,"excerpt":"El sujeto oriundo de Dolores, intent\u00f3 escapar, pero fue aprehendido a pocas cuadras del lugar, con todos los elementos robados. 9 de marzo de 2024 CHASCOM\u00daS -\u00a0 Durante las primeras horas de la madrugada del dia de la fecha, personal policial de E.P.C. Chascomus 1ra., procedi\u00f3 a la aprehensi\u00f3n de\u2026","rel":"","context":"En \u00abCHASCOM\u00daS\u00bb","block_context":{"text":"CHASCOM\u00daS","link":"https:\/\/larevistadigital.com.ar\/blog\/category\/chascomus\/"},"img":{"alt_text":"","src":"https:\/\/i0.wp.com\/larevistadigital.com.ar\/blog\/wp-content\/uploads\/1620734311775.jpg?fit=1200%2C777&ssl=1&resize=350%2C200","width":350,"height":200,"srcset":"https:\/\/i0.wp.com\/larevistadigital.com.ar\/blog\/wp-content\/uploads\/1620734311775.jpg?fit=1200%2C777&ssl=1&resize=350%2C200 1x, https:\/\/i0.wp.com\/larevistadigital.com.ar\/blog\/wp-content\/uploads\/1620734311775.jpg?fit=1200%2C777&ssl=1&resize=525%2C300 1.5x, https:\/\/i0.wp.com\/larevistadigital.com.ar\/blog\/wp-content\/uploads\/1620734311775.jpg?fit=1200%2C777&ssl=1&resize=700%2C400 2x, https:\/\/i0.wp.com\/larevistadigital.com.ar\/blog\/wp-content\/uploads\/1620734311775.jpg?fit=1200%2C777&ssl=1&resize=1050%2C600 3x"},"classes":[]}],"_links":{"self":[{"href":"https:\/\/larevistadigital.com.ar\/blog\/wp-json\/wp\/v2\/posts\/37243","targetHints":{"allow":["GET"]}}],"collection":[{"href":"https:\/\/larevistadigital.com.ar\/blog\/wp-json\/wp\/v2\/posts"}],"about":[{"href":"https:\/\/larevistadigital.com.ar\/blog\/wp-json\/wp\/v2\/types\/post"}],"author":[{"embeddable":true,"href":"https:\/\/larevistadigital.com.ar\/blog\/wp-json\/wp\/v2\/users\/3"}],"replies":[{"embeddable":true,"href":"https:\/\/larevistadigital.com.ar\/blog\/wp-json\/wp\/v2\/comments?post=37243"}],"version-history":[{"count":1,"href":"https:\/\/larevistadigital.com.ar\/blog\/wp-json\/wp\/v2\/posts\/37243\/revisions"}],"predecessor-version":[{"id":37244,"href":"https:\/\/larevistadigital.com.ar\/blog\/wp-json\/wp\/v2\/posts\/37243\/revisions\/37244"}],"wp:featuredmedia":[{"embeddable":true,"href":"https:\/\/larevistadigital.com.ar\/blog\/wp-json\/wp\/v2\/media\/12077"}],"wp:attachment":[{"href":"https:\/\/larevistadigital.com.ar\/blog\/wp-json\/wp\/v2\/media?parent=37243"}],"wp:term":[{"taxonomy":"category","embeddable":true,"href":"https:\/\/larevistadigital.com.ar\/blog\/wp-json\/wp\/v2\/categories?post=37243"},{"taxonomy":"post_tag","embeddable":true,"href":"https:\/\/larevistadigital.com.ar\/blog\/wp-json\/wp\/v2\/tags?post=37243"}],"curies":[{"name":"wp","href":"https:\/\/api.w.org\/{rel}","templated":true}]}}