{"id":37250,"date":"2024-09-19T08:58:57","date_gmt":"2024-09-19T11:58:57","guid":{"rendered":"https:\/\/larevistadigital.com.ar\/blog\/?p=37250"},"modified":"2024-09-19T08:58:57","modified_gmt":"2024-09-19T11:58:57","slug":"chascomus-de-la-mano-del-gobernador-kicillof-la-municipalidad-incorpora-nuevo-equipamiento-vial-y-de-salud","status":"publish","type":"post","link":"https:\/\/larevistadigital.com.ar\/blog\/chascomus-de-la-mano-del-gobernador-kicillof-la-municipalidad-incorpora-nuevo-equipamiento-vial-y-de-salud\/","title":{"rendered":"CHASCOM\u00daS: DE LA MANO DEL GOBERNADOR KICILLOF, LA MUNICIPALIDAD INCORPORA NUEVO EQUIPAMIENTO VIAL Y DE SALUD"},"content":{"rendered":"<h2 class=\"excerpt\">A trav\u00e9s del sistema de leasing con el Banco Provincia, se sumar\u00e1n tractores para vialidad y equipos de alta complejidad para el hospital.<\/h2>\n<p>19 De Septiembre de 2024<\/p>\n<div id=\"miDiv1\" class=\"text\">\n<p><strong>CHASCOM\u00daS &#8211;<\/strong>\u00a0 La Municipalidad de Chascom\u00fas firm\u00f3 un convenio con el Banco Provincia, en el marco del programa \u201cProvincia Leasing\u201d, que permitir\u00e1 la incorporaci\u00f3n de dos tractores John Deere 8030 y de una mesa de anestesia avanzada para el Hospital San Vicente de Paul.<\/p>\n<blockquote>\n<h3>El acuerdo fue formalizado por el intendente Javier Gast\u00f3n y el gobernador Axel Kicillof, junto al presidente del Banco Provincia, Juan Cuattromo, durante un acto realizado el martes en el Sal\u00f3n Dorado de la Casa de Gobierno provincial.<\/h3>\n<\/blockquote>\n<p>El convenio forma parte de la \u201cL\u00ednea Municipios 2024\u201d del Banco Provincia, que busca financiar la adquisici\u00f3n de equipamiento esencial en distintas \u00e1reas como salud, obra p\u00fablica y seguridad.<\/p>\n<p>Los tractores ser\u00e1n utilizados en el mantenimiento de caminos rurales, trabajando en conjunto con dos rabastos y dos rastras de disco previamente adquiridos para optimizar los tiempos de respuesta y mejorar la calidad de las tareas en las \u00e1reas rurales del partido.<\/p>\n<blockquote>\n<h3>Esto permitir\u00e1 complementar a los actuales, que ya tienen m\u00e1s de de 17 a\u00f1os de antig\u00fcedad, en las tareas m\u00e1s pesadas y, al mismo tiempo, realizar varios trabajos en paralelo y as\u00ed dar una respuesta m\u00e1s r\u00e1pida al mantenimiento de los caminos.<\/h3>\n<\/blockquote>\n<p>Por otro lado, la mesa de anestesia, valuada en m\u00e1s de 23 mil d\u00f3lares, incluye tecnolog\u00eda de alta complejidad (brazo porta monitor, vaporizador de anestesia, monitor multiparam\u00e9trico con ECG, SpO2, monitoreo de temperatura, respiraci\u00f3n, PNI, Pi y capnograf\u00eda de flujo lateral) que mejorar\u00e1 la capacidad del hospital local en procedimientos quir\u00fargicos.<\/p>\n<p>Durante el acto de firma, <strong>Kicillof<\/strong> destac\u00f3 la importancia de estas inversiones en un contexto econ\u00f3mico adverso, remarcando el compromiso de la provincia de Buenos Aires en colaborar con los municipios para enfrentar las dificultades econ\u00f3micas actuales.<\/p>\n<blockquote>\n<h3><em>\u00abEs en estos momentos tan dif\u00edciles en los que se observa el valor de la banca p\u00fablica: vamos a seguir acompa\u00f1ando con todas las herramientas que est\u00e9n a nuestro alcance para facilitar la gesti\u00f3n y dar respuesta a las demandas en los 135 distritos\u00bb<\/em>, expres\u00f3.<\/h3>\n<\/blockquote>\n<p>Es importante resaltar que la Municipalidad tiene actualmente vigentes cuatro contratos de leasing: una ambulancia, el m\u00f3dulo del CAPS en el barrio San Luis, un cami\u00f3n IVECO y una montoniveladora Caterpillar.<\/p>\n<p>Estos elementos significan, actualmente, una cuota mensual total de alrededor de 3 millones de pesos y se espera que todos sean cancelados en su totalidad entre el mes de noviembre de este a\u00f1o y enero de 2025.<\/p>\n<\/div>\n","protected":false},"excerpt":{"rendered":"<div class=\"mh-excerpt\"><p>A trav\u00e9s del sistema de leasing con el Banco Provincia, se sumar\u00e1n tractores para vialidad y equipos de alta complejidad para el hospital. 19 De Septiembre de 2024 CHASCOM\u00daS &#8211;\u00a0 La Municipalidad de Chascom\u00fas firm\u00f3 <a class=\"mh-excerpt-more\" href=\"https:\/\/larevistadigital.com.ar\/blog\/chascomus-de-la-mano-del-gobernador-kicillof-la-municipalidad-incorpora-nuevo-equipamiento-vial-y-de-salud\/\" title=\"CHASCOM\u00daS: DE LA MANO DEL GOBERNADOR KICILLOF, LA MUNICIPALIDAD INCORPORA NUEVO EQUIPAMIENTO VIAL Y DE SALUD\">[Leer M\u00e1s]<\/a><\/p>\n<\/div>","protected":false},"author":3,"featured_media":37251,"comment_status":"open","ping_status":"open","sticky":false,"template":"","format":"standard","meta":{"_jetpack_memberships_contains_paid_content":false,"footnotes":"","jetpack_publicize_message":"","jetpack_publicize_feature_enabled":true,"jetpack_social_post_already_shared":true,"jetpack_social_options":{"image_generator_settings":{"template":"highway","default_image_id":0,"font":"","enabled":false},"version":2}},"categories":[41,24],"tags":[],"class_list":{"0":"post-37250","1":"post","2":"type-post","3":"status-publish","4":"format-standard","5":"has-post-thumbnail","7":"category-destacadas","8":"category-politica-provincial"},"jetpack_publicize_connections":[],"jetpack_featured_media_url":"https:\/\/i0.wp.com\/larevistadigital.com.ar\/blog\/wp-content\/uploads\/66eb0376ac4ac.png?fit=668%2C445&ssl=1","jetpack_sharing_enabled":true,"jetpack_shortlink":"https:\/\/wp.me\/p8qtrQ-9GO","jetpack-related-posts":[{"id":33180,"url":"https:\/\/larevistadigital.com.ar\/blog\/ips-y-la-fundacion-banco-provincia-entregaron-anteojos-a-jubilados-y-pensionados-con-haberes-minimos\/","url_meta":{"origin":37250,"position":0},"title":"IPS Y LA FUNDACI\u00d3N BANCO PROVINCIA ENTREGARON ANTEOJOS A JUBILADOS Y PENSIONADOS CON HABERES M\u00cdNIMOS","author":"Alejandro Sosa Ruda","date":"1 septiembre, 2023","format":false,"excerpt":"1 de septiembre de 2023 El pasado mi\u00e9rcoles 30 de agosto, IPS y Fundaci\u00f3n Banco Provincia llevaron a cabo la jornada \u201cVer para seguir aprendiendo\u201d, en la localidad de Mor\u00f3n. Se trata de un programa que tiene como objetivo proveer anteojos oftalmol\u00f3gicos a las personas jubiladas y pensionadas con haberes\u2026","rel":"","context":"En \u00abPOLITICA PROVINCIAL\u00bb","block_context":{"text":"POLITICA PROVINCIAL","link":"https:\/\/larevistadigital.com.ar\/blog\/category\/politica\/politica-provincial\/"},"img":{"alt_text":"","src":"https:\/\/i0.wp.com\/larevistadigital.com.ar\/blog\/wp-content\/uploads\/1moronanteojos.jpg?fit=900%2C600&ssl=1&resize=350%2C200","width":350,"height":200,"srcset":"https:\/\/i0.wp.com\/larevistadigital.com.ar\/blog\/wp-content\/uploads\/1moronanteojos.jpg?fit=900%2C600&ssl=1&resize=350%2C200 1x, https:\/\/i0.wp.com\/larevistadigital.com.ar\/blog\/wp-content\/uploads\/1moronanteojos.jpg?fit=900%2C600&ssl=1&resize=525%2C300 1.5x, https:\/\/i0.wp.com\/larevistadigital.com.ar\/blog\/wp-content\/uploads\/1moronanteojos.jpg?fit=900%2C600&ssl=1&resize=700%2C400 2x"},"classes":[]},{"id":39949,"url":"https:\/\/larevistadigital.com.ar\/blog\/kicillof-y-cuattromo-firmaron-convenios-de-leasing-con-municipios-para-la-compra-de-bienes-de-capital\/","url_meta":{"origin":37250,"position":1},"title":"Kicillof y Cuattromo firmaron convenios de leasing con municipios para la compra de bienes de capital","author":"Alejandro Sosa Ruda","date":"5 junio, 2025","format":false,"excerpt":"Adem\u00e1s, a trav\u00e9s de Provincia Microcr\u00e9ditos se otorg\u00f3 financiamiento a emprendedores y emprendedoras locales. 05 de Junio de 2025 BUENOS AIRES -\u00a0 El gobernador de la provincia de Buenos Aires, Axel Kicillof, encabez\u00f3 este jueves junto al presidente del Banco Provincia, Juan Cuattromo, una reuni\u00f3n con intendentes bonaerenses que suscribieron\u2026","rel":"","context":"En \u00abDESTACADAS\u00bb","block_context":{"text":"DESTACADAS","link":"https:\/\/larevistadigital.com.ar\/blog\/category\/destacadas\/"},"img":{"alt_text":"","src":"https:\/\/i0.wp.com\/larevistadigital.com.ar\/blog\/wp-content\/uploads\/leasing.jpg?fit=743%2C530&ssl=1&resize=350%2C200","width":350,"height":200,"srcset":"https:\/\/i0.wp.com\/larevistadigital.com.ar\/blog\/wp-content\/uploads\/leasing.jpg?fit=743%2C530&ssl=1&resize=350%2C200 1x, https:\/\/i0.wp.com\/larevistadigital.com.ar\/blog\/wp-content\/uploads\/leasing.jpg?fit=743%2C530&ssl=1&resize=525%2C300 1.5x, https:\/\/i0.wp.com\/larevistadigital.com.ar\/blog\/wp-content\/uploads\/leasing.jpg?fit=743%2C530&ssl=1&resize=700%2C400 2x"},"classes":[]},{"id":41814,"url":"https:\/\/larevistadigital.com.ar\/blog\/el-gobernador-kicillof-encabezara-en-chascomus-la-asamblea-del-consejo-provincial-de-turismo\/","url_meta":{"origin":37250,"position":2},"title":"El gobernador Kicillof encabezar\u00e1 en Chascom\u00fas la asamblea del Consejo Provincial de Turismo","author":"Alejandro Sosa Ruda","date":"8 octubre, 2025","format":false,"excerpt":"Representantes del sector se reunir\u00e1n para debatir pol\u00edticas y estrategias de desarrollo tur\u00edstico en la provincia. 08 de Octubre de 2025 CHASCOM\u00daS -\u00a0 \u00a0El pr\u00f3ximo lunes 13, el gobernador Axel Kicillof visitar\u00e1 Chascom\u00fas para encabezar una nueva asamblea del Consejo Provincial de Turismo (CoProTur), un espacio de intercambio que re\u00fane\u2026","rel":"","context":"En \u00abREGIONALES\u00bb","block_context":{"text":"REGIONALES","link":"https:\/\/larevistadigital.com.ar\/blog\/category\/regionales\/"},"img":{"alt_text":"","src":"https:\/\/i0.wp.com\/larevistadigital.com.ar\/blog\/wp-content\/uploads\/68e6a1127f601.png?fit=668%2C445&ssl=1&resize=350%2C200","width":350,"height":200,"srcset":"https:\/\/i0.wp.com\/larevistadigital.com.ar\/blog\/wp-content\/uploads\/68e6a1127f601.png?fit=668%2C445&ssl=1&resize=350%2C200 1x, https:\/\/i0.wp.com\/larevistadigital.com.ar\/blog\/wp-content\/uploads\/68e6a1127f601.png?fit=668%2C445&ssl=1&resize=525%2C300 1.5x"},"classes":[]},{"id":31011,"url":"https:\/\/larevistadigital.com.ar\/blog\/chascomus-adhirio-al-programa-provincial-municipios-a-la-obra\/","url_meta":{"origin":37250,"position":3},"title":"CHASCOM\u00daS ADHIRI\u00d3 AL PROGRAMA PROVINCIAL MUNICIPIOS A LA OBRA","author":"Alejandro Sosa Ruda","date":"13 abril, 2023","format":false,"excerpt":"Javier Gast\u00f3n firm\u00f3 el convenio que destina fondos a infraestructura b\u00e1sica en toda la provincia; en Chascom\u00fas para desag\u00fces y mejoras en calles urbanas. 13 de abril de 2023 El acto encabezado por el gobernador Axel Kicillof y el ministro de Infraestructura y Servicios P\u00fablicos, Leonardo Nardini, se llev\u00f3 a\u2026","rel":"","context":"En \u00abCHASCOM\u00daS\u00bb","block_context":{"text":"CHASCOM\u00daS","link":"https:\/\/larevistadigital.com.ar\/blog\/category\/chascomus\/"},"img":{"alt_text":"","src":"https:\/\/i0.wp.com\/larevistadigital.com.ar\/blog\/wp-content\/uploads\/2023_04_12_01_09_11_4931366.jpeg?fit=600%2C400&ssl=1&resize=350%2C200","width":350,"height":200,"srcset":"https:\/\/i0.wp.com\/larevistadigital.com.ar\/blog\/wp-content\/uploads\/2023_04_12_01_09_11_4931366.jpeg?fit=600%2C400&ssl=1&resize=350%2C200 1x, https:\/\/i0.wp.com\/larevistadigital.com.ar\/blog\/wp-content\/uploads\/2023_04_12_01_09_11_4931366.jpeg?fit=600%2C400&ssl=1&resize=525%2C300 1.5x"},"classes":[]},{"id":33524,"url":"https:\/\/larevistadigital.com.ar\/blog\/cuenta-dni-es-la-primera-billetera-digital-que-reintegre-el-iva\/","url_meta":{"origin":37250,"position":4},"title":"CUENTA DNI ES LA PRIMERA \u00abBILLETERA DIGITAL\u00bb QUE REINTEGRE EL IVA","author":"Alejandro Sosa Ruda","date":"20 septiembre, 2023","format":false,"excerpt":"El gobernador de la Provincia de Buenos Aires se mostr\u00f3 junto al presidente del Banco Provincia y se\u00f1al\u00f3 que \u201cno hay que volver a las \u00e9pocas en el que era un instrumento para la especulaci\u00f3n financiera\u201d. 20 de Septiembre de 2023 Axel Kicillof, gobernador de la\u00a0Provincia de Buenos Aires, encabez\u00f3\u2026","rel":"","context":"En \u00abINTERES GENERAL\u00bb","block_context":{"text":"INTERES GENERAL","link":"https:\/\/larevistadigital.com.ar\/blog\/category\/interes-general\/"},"img":{"alt_text":"","src":"https:\/\/i0.wp.com\/larevistadigital.com.ar\/blog\/wp-content\/uploads\/kicillof.png?fit=800%2C454&ssl=1&resize=350%2C200","width":350,"height":200,"srcset":"https:\/\/i0.wp.com\/larevistadigital.com.ar\/blog\/wp-content\/uploads\/kicillof.png?fit=800%2C454&ssl=1&resize=350%2C200 1x, https:\/\/i0.wp.com\/larevistadigital.com.ar\/blog\/wp-content\/uploads\/kicillof.png?fit=800%2C454&ssl=1&resize=525%2C300 1.5x, https:\/\/i0.wp.com\/larevistadigital.com.ar\/blog\/wp-content\/uploads\/kicillof.png?fit=800%2C454&ssl=1&resize=700%2C400 2x"},"classes":[]},{"id":43487,"url":"https:\/\/larevistadigital.com.ar\/blog\/kicillof-visito-chascomus-presento-creditos-productivos-y-volvio-a-diferenciarse-del-modelo-economico-nacional\/","url_meta":{"origin":37250,"position":5},"title":"Kicillof visit\u00f3 Chascom\u00fas, present\u00f3 cr\u00e9ditos productivos y volvi\u00f3 a diferenciarse del modelo econ\u00f3mico nacional","author":"Alejandro Sosa Ruda","date":"20 enero, 2026","format":false,"excerpt":"El gobernador bonaerense mantuvo un encuentro con empresarios y comerciantes locales, recorri\u00f3 la Escuela de Verano y critic\u00f3 con dureza al gobierno de Javier Milei. Evit\u00f3 referirse a la interna del peronismo. 20 de Enero de 2025 CHASCOM\u00daS -\u00a0 \u00a0 El gobernador de la provincia de Buenos Aires, Axel Kicillof,\u2026","rel":"","context":"En \u00abDESTACADAS\u00bb","block_context":{"text":"DESTACADAS","link":"https:\/\/larevistadigital.com.ar\/blog\/category\/destacadas\/"},"img":{"alt_text":"","src":"https:\/\/i0.wp.com\/larevistadigital.com.ar\/blog\/wp-content\/uploads\/AXEL.webp?fit=668%2C445&ssl=1&resize=350%2C200","width":350,"height":200,"srcset":"https:\/\/i0.wp.com\/larevistadigital.com.ar\/blog\/wp-content\/uploads\/AXEL.webp?fit=668%2C445&ssl=1&resize=350%2C200 1x, https:\/\/i0.wp.com\/larevistadigital.com.ar\/blog\/wp-content\/uploads\/AXEL.webp?fit=668%2C445&ssl=1&resize=525%2C300 1.5x"},"classes":[]}],"_links":{"self":[{"href":"https:\/\/larevistadigital.com.ar\/blog\/wp-json\/wp\/v2\/posts\/37250","targetHints":{"allow":["GET"]}}],"collection":[{"href":"https:\/\/larevistadigital.com.ar\/blog\/wp-json\/wp\/v2\/posts"}],"about":[{"href":"https:\/\/larevistadigital.com.ar\/blog\/wp-json\/wp\/v2\/types\/post"}],"author":[{"embeddable":true,"href":"https:\/\/larevistadigital.com.ar\/blog\/wp-json\/wp\/v2\/users\/3"}],"replies":[{"embeddable":true,"href":"https:\/\/larevistadigital.com.ar\/blog\/wp-json\/wp\/v2\/comments?post=37250"}],"version-history":[{"count":1,"href":"https:\/\/larevistadigital.com.ar\/blog\/wp-json\/wp\/v2\/posts\/37250\/revisions"}],"predecessor-version":[{"id":37252,"href":"https:\/\/larevistadigital.com.ar\/blog\/wp-json\/wp\/v2\/posts\/37250\/revisions\/37252"}],"wp:featuredmedia":[{"embeddable":true,"href":"https:\/\/larevistadigital.com.ar\/blog\/wp-json\/wp\/v2\/media\/37251"}],"wp:attachment":[{"href":"https:\/\/larevistadigital.com.ar\/blog\/wp-json\/wp\/v2\/media?parent=37250"}],"wp:term":[{"taxonomy":"category","embeddable":true,"href":"https:\/\/larevistadigital.com.ar\/blog\/wp-json\/wp\/v2\/categories?post=37250"},{"taxonomy":"post_tag","embeddable":true,"href":"https:\/\/larevistadigital.com.ar\/blog\/wp-json\/wp\/v2\/tags?post=37250"}],"curies":[{"name":"wp","href":"https:\/\/api.w.org\/{rel}","templated":true}]}}