{"id":37253,"date":"2024-09-19T09:02:33","date_gmt":"2024-09-19T12:02:33","guid":{"rendered":"https:\/\/larevistadigital.com.ar\/blog\/?p=37253"},"modified":"2024-09-19T09:02:33","modified_gmt":"2024-09-19T12:02:33","slug":"chascomus-en-el-coprotur","status":"publish","type":"post","link":"https:\/\/larevistadigital.com.ar\/blog\/chascomus-en-el-coprotur\/","title":{"rendered":"Chascom\u00fas en el CoProTur"},"content":{"rendered":"<h2 class=\"excerpt\">Se realiz\u00f3 en Villa Gesell la tercera Asamblea del a\u00f1o organizada por el Ministerio de Producci\u00f3n, Ciencia e Innovaci\u00f3n Tecnol\u00f3gica de la Provincia de Buenos Aires<\/h2>\n<div id=\"miDiv1\" class=\"text\">\n<p><strong>19 de Septiembre de 2024<\/strong><\/p>\n<p>Con la presencia de la subsecretaria de Desarrollo Tur\u00edstico y Productivo, Jimena Arano, y de los siete polos tur\u00edsticos de la Provincia de Buenos Aires, c\u00e1maras empresarias, sectores universitarios y representantes tur\u00edsticos de los distintos distritos, se desarroll\u00f3 ayer el encuentro encabezado por el ministro Augusto Costa.<\/p>\n<p>El Consejo Provincial de Turismo (CoProTur) es un espacio de debate e intercambio que convoca a los distintos actores bonaerenses del sector. En el marco de esta tercera asamblea se presentaron nuevas normativas para la regulaci\u00f3n de alojamientos tur\u00edsticos temporarios, nuevos programas de promoci\u00f3n entre municipios y la presentaci\u00f3n del stand de la provincia en la pr\u00f3xima Feria Internacional de Turismo.<\/p>\n<p>Asimismo, se avanz\u00f3 en la categorizaci\u00f3n de alojamientos, a partir de la Resoluci\u00f3n impulsada por el gobernador, que exige que los inmuebles publicados en plataformas digitales para alquiler tur\u00edstico temporario est\u00e9n inclu\u00eddos en el Registro Provincial.<\/p>\n<\/div>\n","protected":false},"excerpt":{"rendered":"<div class=\"mh-excerpt\"><p>Se realiz\u00f3 en Villa Gesell la tercera Asamblea del a\u00f1o organizada por el Ministerio de Producci\u00f3n, Ciencia e Innovaci\u00f3n Tecnol\u00f3gica de la Provincia de Buenos Aires 19 de Septiembre de 2024 Con la presencia de <a class=\"mh-excerpt-more\" href=\"https:\/\/larevistadigital.com.ar\/blog\/chascomus-en-el-coprotur\/\" title=\"Chascom\u00fas en el CoProTur\">[Leer M\u00e1s]<\/a><\/p>\n<\/div>","protected":false},"author":3,"featured_media":37254,"comment_status":"open","ping_status":"open","sticky":false,"template":"","format":"standard","meta":{"_jetpack_memberships_contains_paid_content":false,"footnotes":"","jetpack_publicize_message":"","jetpack_publicize_feature_enabled":true,"jetpack_social_post_already_shared":true,"jetpack_social_options":{"image_generator_settings":{"template":"highway","default_image_id":0,"font":"","enabled":false},"version":2}},"categories":[1],"tags":[],"class_list":{"0":"post-37253","1":"post","2":"type-post","3":"status-publish","4":"format-standard","5":"has-post-thumbnail","7":"category-sin-categoria"},"jetpack_publicize_connections":[],"jetpack_featured_media_url":"https:\/\/i0.wp.com\/larevistadigital.com.ar\/blog\/wp-content\/uploads\/66eb0bedc6050.png?fit=668%2C445&ssl=1","jetpack_sharing_enabled":true,"jetpack_shortlink":"https:\/\/wp.me\/p8qtrQ-9GR","jetpack-related-posts":[{"id":41814,"url":"https:\/\/larevistadigital.com.ar\/blog\/el-gobernador-kicillof-encabezara-en-chascomus-la-asamblea-del-consejo-provincial-de-turismo\/","url_meta":{"origin":37253,"position":0},"title":"El gobernador Kicillof encabezar\u00e1 en Chascom\u00fas la asamblea del Consejo Provincial de Turismo","author":"Alejandro Sosa Ruda","date":"8 octubre, 2025","format":false,"excerpt":"Representantes del sector se reunir\u00e1n para debatir pol\u00edticas y estrategias de desarrollo tur\u00edstico en la provincia. 08 de Octubre de 2025 CHASCOM\u00daS -\u00a0 \u00a0El pr\u00f3ximo lunes 13, el gobernador Axel Kicillof visitar\u00e1 Chascom\u00fas para encabezar una nueva asamblea del Consejo Provincial de Turismo (CoProTur), un espacio de intercambio que re\u00fane\u2026","rel":"","context":"En \u00abREGIONALES\u00bb","block_context":{"text":"REGIONALES","link":"https:\/\/larevistadigital.com.ar\/blog\/category\/regionales\/"},"img":{"alt_text":"","src":"https:\/\/i0.wp.com\/larevistadigital.com.ar\/blog\/wp-content\/uploads\/68e6a1127f601.png?fit=668%2C445&ssl=1&resize=350%2C200","width":350,"height":200,"srcset":"https:\/\/i0.wp.com\/larevistadigital.com.ar\/blog\/wp-content\/uploads\/68e6a1127f601.png?fit=668%2C445&ssl=1&resize=350%2C200 1x, https:\/\/i0.wp.com\/larevistadigital.com.ar\/blog\/wp-content\/uploads\/68e6a1127f601.png?fit=668%2C445&ssl=1&resize=525%2C300 1.5x"},"classes":[]},{"id":41728,"url":"https:\/\/larevistadigital.com.ar\/blog\/el-gobernador-axel-kicillof-visitara-chascomus-en-el-marco-de-una-nueva-reunion-del-consejo-provincial-de-turismo\/","url_meta":{"origin":37253,"position":1},"title":"El gobernador Axel Kicillof visitar\u00e1 Chascom\u00fas en el marco de una nueva reuni\u00f3n del Consejo Provincial de Turismo","author":"Alejandro Sosa Ruda","date":"3 octubre, 2025","format":false,"excerpt":"El encuentro reunir\u00e1 a representantes de los 135 municipios bonaerenses y contar\u00e1 con la presencia de ministros y autoridades provinciales. 03 de octubre de 2025 BUENOS AIRES -\u00a0 \u00a0El gobernador de la provincia de Buenos Aires, Axel Kicillof, visitar\u00e1 la ciudad de Chascom\u00fas el pr\u00f3ximo lunes 13 de octubre, en\u2026","rel":"","context":"En \u00abPOLITICA\u00bb","block_context":{"text":"POLITICA","link":"https:\/\/larevistadigital.com.ar\/blog\/category\/politica\/"},"img":{"alt_text":"","src":"https:\/\/i0.wp.com\/larevistadigital.com.ar\/blog\/wp-content\/uploads\/Captura-de-pantalla-2025-10-03-144909.jpg?fit=714%2C458&ssl=1&resize=350%2C200","width":350,"height":200,"srcset":"https:\/\/i0.wp.com\/larevistadigital.com.ar\/blog\/wp-content\/uploads\/Captura-de-pantalla-2025-10-03-144909.jpg?fit=714%2C458&ssl=1&resize=350%2C200 1x, https:\/\/i0.wp.com\/larevistadigital.com.ar\/blog\/wp-content\/uploads\/Captura-de-pantalla-2025-10-03-144909.jpg?fit=714%2C458&ssl=1&resize=525%2C300 1.5x, https:\/\/i0.wp.com\/larevistadigital.com.ar\/blog\/wp-content\/uploads\/Captura-de-pantalla-2025-10-03-144909.jpg?fit=714%2C458&ssl=1&resize=700%2C400 2x"},"classes":[]},{"id":35721,"url":"https:\/\/larevistadigital.com.ar\/blog\/chascomus-participo-de-la-asamblea-del-consejo-provincial-de-turismo\/","url_meta":{"origin":37253,"position":2},"title":"CHASCOM\u00daS PARTICIP\u00d3 DE LA ASAMBLEA DEL CONSEJO PROVINCIAL DE TURISMO","author":"Alejandro Sosa Ruda","date":"27 marzo, 2024","format":false,"excerpt":"El secretario de Desarrollo Tur\u00edstico, Productivo y Cultural, Pablo N\u00e1poli, y la directora de Turismo, Soledad Marconi tomaron parte de la 26\u00b0 asamblea ordinaria del CoProTur. 27 de marzo de 2024 CHASCOM\u00daS -\u00a0 El ministro de Producci\u00f3n, Ciencia e Innovaci\u00f3n Tecnol\u00f3gica de la provincia de Buenos Aires, Augusto Costa, encabez\u00f3\u2026","rel":"","context":"En \u00abCHASCOM\u00daS\u00bb","block_context":{"text":"CHASCOM\u00daS","link":"https:\/\/larevistadigital.com.ar\/blog\/category\/chascomus\/"},"img":{"alt_text":"","src":"https:\/\/i0.wp.com\/larevistadigital.com.ar\/blog\/wp-content\/uploads\/2024_03_27_01_42_21_9616916.jpeg?fit=600%2C800&ssl=1&resize=350%2C200","width":350,"height":200,"srcset":"https:\/\/i0.wp.com\/larevistadigital.com.ar\/blog\/wp-content\/uploads\/2024_03_27_01_42_21_9616916.jpeg?fit=600%2C800&ssl=1&resize=350%2C200 1x, https:\/\/i0.wp.com\/larevistadigital.com.ar\/blog\/wp-content\/uploads\/2024_03_27_01_42_21_9616916.jpeg?fit=600%2C800&ssl=1&resize=525%2C300 1.5x"},"classes":[]},{"id":32728,"url":"https:\/\/larevistadigital.com.ar\/blog\/185-000-estudiantes-viajaran-por-la-provincia-gratis-en-los-viajes-de-fin-de-curso\/","url_meta":{"origin":37253,"position":3},"title":"185.000 ESTUDIANTES VIAJAR\u00c1N POR LA PROVINCIA GRATIS EN LOS \u00abVIAJES DE FIN DE CURSO\u00bb","author":"Alejandro Sosa Ruda","date":"3 agosto, 2023","format":false,"excerpt":"Este martes 1\u00ba de agosto salieron los primeros contingentes de estudiantes que viajar\u00e1n gratis a distintos destinos bonaerenses, como parte del programa provincial para igualar oportunidades y respaldar el turismo en temporada baja. 2 de agosto de 2023 BUENOS AIRES -\u00a0 El Ministerio de Producci\u00f3n, Ciencia e Innovaci\u00f3n Tecnol\u00f3gica de\u2026","rel":"","context":"En \u00abINTERES GENERAL\u00bb","block_context":{"text":"INTERES GENERAL","link":"https:\/\/larevistadigital.com.ar\/blog\/category\/interes-general\/"},"img":{"alt_text":"","src":"https:\/\/i0.wp.com\/larevistadigital.com.ar\/blog\/wp-content\/uploads\/20230802163051_viaje1.jpg?fit=880%2C512&ssl=1&resize=350%2C200","width":350,"height":200,"srcset":"https:\/\/i0.wp.com\/larevistadigital.com.ar\/blog\/wp-content\/uploads\/20230802163051_viaje1.jpg?fit=880%2C512&ssl=1&resize=350%2C200 1x, https:\/\/i0.wp.com\/larevistadigital.com.ar\/blog\/wp-content\/uploads\/20230802163051_viaje1.jpg?fit=880%2C512&ssl=1&resize=525%2C300 1.5x, https:\/\/i0.wp.com\/larevistadigital.com.ar\/blog\/wp-content\/uploads\/20230802163051_viaje1.jpg?fit=880%2C512&ssl=1&resize=700%2C400 2x"},"classes":[]},{"id":3732,"url":"https:\/\/larevistadigital.com.ar\/blog\/aumentaran-los-peajes-la-provincia-buenos-aires\/","url_meta":{"origin":37253,"position":4},"title":"AUMENTARAN LOS PEAJES EN LA PROVINCIA DE BUENOS AIRES","author":"Alejandro Sosa Ruda","date":"7 noviembre, 2017","format":false,"excerpt":"El gobierno de Mar\u00eda Eugenia Vidal tom\u00f3 la decisi\u00f3n que a partir de diciembre pr\u00f3ximo, el peaje aumentar\u00e1 un 70% en la provincia, lo que significa que en la autov\u00eda 2, en los peajes de Samborobon, Maipu y Conesa se pasar\u00e1 de abonar 35 a casi 60 pesos aproximadamente. El\u2026","rel":"","context":"En \u00abPOLITICA\u00bb","block_context":{"text":"POLITICA","link":"https:\/\/larevistadigital.com.ar\/blog\/category\/politica\/"},"img":{"alt_text":"","src":"https:\/\/i0.wp.com\/larevistadigital.com.ar\/blog\/wp-content\/uploads\/2017\/11\/o_1435965093-1.jpg?fit=800%2C450&ssl=1&resize=350%2C200","width":350,"height":200,"srcset":"https:\/\/i0.wp.com\/larevistadigital.com.ar\/blog\/wp-content\/uploads\/2017\/11\/o_1435965093-1.jpg?fit=800%2C450&ssl=1&resize=350%2C200 1x, https:\/\/i0.wp.com\/larevistadigital.com.ar\/blog\/wp-content\/uploads\/2017\/11\/o_1435965093-1.jpg?fit=800%2C450&ssl=1&resize=525%2C300 1.5x, https:\/\/i0.wp.com\/larevistadigital.com.ar\/blog\/wp-content\/uploads\/2017\/11\/o_1435965093-1.jpg?fit=800%2C450&ssl=1&resize=700%2C400 2x"},"classes":[]},{"id":41928,"url":"https:\/\/larevistadigital.com.ar\/blog\/chascomus-fue-sede-de-la-31-asamblea-del-consejo-provincial-de-turismo\/","url_meta":{"origin":37253,"position":5},"title":"Chascom\u00fas fue sede de la 31\u00b0 Asamblea del Consejo Provincial de Turismo","author":"Alejandro Sosa Ruda","date":"13 octubre, 2025","format":false,"excerpt":"El encuentro se realiz\u00f3 en el Club de Regatas y cont\u00f3 con la participaci\u00f3n del intendente Javier Gast\u00f3n, funcionarios provinciales y representantes del sector. 13 de Octubre de 2025 Chascom\u00fas .- BUENOS AIRES\u00a0 -\u00a0 \u00a0 El gobernador Axel Kicillof encabez\u00f3 este viernes en Chascom\u00fas la 31\u00b0 Asamblea Ordinaria del Consejo\u2026","rel":"","context":"En \u00abDESTACADAS\u00bb","block_context":{"text":"DESTACADAS","link":"https:\/\/larevistadigital.com.ar\/blog\/category\/destacadas\/"},"img":{"alt_text":"","src":"https:\/\/i0.wp.com\/larevistadigital.com.ar\/blog\/wp-content\/uploads\/68ed7bfddb9d1.png?fit=668%2C445&ssl=1&resize=350%2C200","width":350,"height":200,"srcset":"https:\/\/i0.wp.com\/larevistadigital.com.ar\/blog\/wp-content\/uploads\/68ed7bfddb9d1.png?fit=668%2C445&ssl=1&resize=350%2C200 1x, https:\/\/i0.wp.com\/larevistadigital.com.ar\/blog\/wp-content\/uploads\/68ed7bfddb9d1.png?fit=668%2C445&ssl=1&resize=525%2C300 1.5x"},"classes":[]}],"_links":{"self":[{"href":"https:\/\/larevistadigital.com.ar\/blog\/wp-json\/wp\/v2\/posts\/37253","targetHints":{"allow":["GET"]}}],"collection":[{"href":"https:\/\/larevistadigital.com.ar\/blog\/wp-json\/wp\/v2\/posts"}],"about":[{"href":"https:\/\/larevistadigital.com.ar\/blog\/wp-json\/wp\/v2\/types\/post"}],"author":[{"embeddable":true,"href":"https:\/\/larevistadigital.com.ar\/blog\/wp-json\/wp\/v2\/users\/3"}],"replies":[{"embeddable":true,"href":"https:\/\/larevistadigital.com.ar\/blog\/wp-json\/wp\/v2\/comments?post=37253"}],"version-history":[{"count":1,"href":"https:\/\/larevistadigital.com.ar\/blog\/wp-json\/wp\/v2\/posts\/37253\/revisions"}],"predecessor-version":[{"id":37255,"href":"https:\/\/larevistadigital.com.ar\/blog\/wp-json\/wp\/v2\/posts\/37253\/revisions\/37255"}],"wp:featuredmedia":[{"embeddable":true,"href":"https:\/\/larevistadigital.com.ar\/blog\/wp-json\/wp\/v2\/media\/37254"}],"wp:attachment":[{"href":"https:\/\/larevistadigital.com.ar\/blog\/wp-json\/wp\/v2\/media?parent=37253"}],"wp:term":[{"taxonomy":"category","embeddable":true,"href":"https:\/\/larevistadigital.com.ar\/blog\/wp-json\/wp\/v2\/categories?post=37253"},{"taxonomy":"post_tag","embeddable":true,"href":"https:\/\/larevistadigital.com.ar\/blog\/wp-json\/wp\/v2\/tags?post=37253"}],"curies":[{"name":"wp","href":"https:\/\/api.w.org\/{rel}","templated":true}]}}