{"id":37256,"date":"2024-09-19T09:10:07","date_gmt":"2024-09-19T12:10:07","guid":{"rendered":"https:\/\/larevistadigital.com.ar\/blog\/?p=37256"},"modified":"2024-09-19T09:10:07","modified_gmt":"2024-09-19T12:10:07","slug":"chascomus-campeonato-infanto-provincial-de-ciclismo","status":"publish","type":"post","link":"https:\/\/larevistadigital.com.ar\/blog\/chascomus-campeonato-infanto-provincial-de-ciclismo\/","title":{"rendered":"CHASCOM\u00daS: Campeonato Infanto Provincial de Ciclismo"},"content":{"rendered":"<h2 class=\"excerpt\">El circuito Juan Carlos Haedo se prepara para recibir la sexta fecha de la competencia<\/h2>\n<p>19 de Septiembre de 2024<\/p>\n<div id=\"miDiv1\" class=\"text\">\n<p><strong>CHASCOM\u00daS &#8211;\u00a0<\/strong> La cita es el pr\u00f3ximo domingo 22 a partir de las 10.30 hs cuando el circuito local se convierta en el escenario de la sexta fecha del Campeonato Infanto Provincial de Ciclismo.<\/p>\n<blockquote>\n<h3>La organizaci\u00f3n y la fiscalizaci\u00f3n del evento est\u00e1n a cargo de la Federaci\u00f3n Argentina de Ciclismo de Pista y Ruta, con apoyo de la Municipalidad de Chascom\u00fas.<\/h3>\n<\/blockquote>\n<p>La competencia convoca a ciclistas de las categor\u00edas 2020 hasta 2006, quienes suman puntos en una cantidad de vueltas que var\u00eda de acuerdo a la categor\u00eda correspondiente, con el objetivo de definir un ganador.<\/p>\n<p>Los interesados podr\u00e1n inscribirse, con licencia o sin licencia abonando el SEGDEL, y un arancel de $4500, el d\u00eda en el mismo lugar previo a la carrera.<\/p>\n<\/div>\n","protected":false},"excerpt":{"rendered":"<div class=\"mh-excerpt\"><p>El circuito Juan Carlos Haedo se prepara para recibir la sexta fecha de la competencia 19 de Septiembre de 2024 CHASCOM\u00daS &#8211;\u00a0 La cita es el pr\u00f3ximo domingo 22 a partir de las 10.30 hs <a class=\"mh-excerpt-more\" href=\"https:\/\/larevistadigital.com.ar\/blog\/chascomus-campeonato-infanto-provincial-de-ciclismo\/\" title=\"CHASCOM\u00daS: Campeonato Infanto Provincial de Ciclismo\">[Leer M\u00e1s]<\/a><\/p>\n<\/div>","protected":false},"author":3,"featured_media":37257,"comment_status":"open","ping_status":"open","sticky":false,"template":"","format":"standard","meta":{"_jetpack_memberships_contains_paid_content":false,"footnotes":"","jetpack_publicize_message":"","jetpack_publicize_feature_enabled":true,"jetpack_social_post_already_shared":true,"jetpack_social_options":{"image_generator_settings":{"template":"highway","default_image_id":0,"font":"","enabled":false},"version":2}},"categories":[8,51],"tags":[],"class_list":{"0":"post-37256","1":"post","2":"type-post","3":"status-publish","4":"format-standard","5":"has-post-thumbnail","7":"category-deportes","8":"category-regionales"},"jetpack_publicize_connections":[],"jetpack_featured_media_url":"https:\/\/i0.wp.com\/larevistadigital.com.ar\/blog\/wp-content\/uploads\/66eb0f8bd350d.png?fit=668%2C445&ssl=1","jetpack_sharing_enabled":true,"jetpack_shortlink":"https:\/\/wp.me\/p8qtrQ-9GU","jetpack-related-posts":[{"id":43898,"url":"https:\/\/larevistadigital.com.ar\/blog\/importante-convocatoria-en-una-nueva-edicion-del-triatlon-olimpico-chascomus\/","url_meta":{"origin":37256,"position":0},"title":"Importante convocatoria en una nueva edici\u00f3n del Triatl\u00f3n Ol\u00edmpico Chascom\u00fas","author":"Alejandro Sosa Ruda","date":"9 febrero, 2026","format":false,"excerpt":"Cerca de 300 deportistas participaron del evento deportivo realizado el \u00faltimo fin de semana. 09 de febrero de 2026 CHASCOM\u00daS -\u00a0 \u00a0El domingo se llev\u00f3 a cabo una nueva edici\u00f3n del Triatl\u00f3n Ol\u00edmpico Chascom\u00fas 2026, una de las pruebas deportivas m\u00e1s convocantes de la regi\u00f3n, que reuni\u00f3 a cerca de\u2026","rel":"","context":"En \u00abCHASCOM\u00daS\u00bb","block_context":{"text":"CHASCOM\u00daS","link":"https:\/\/larevistadigital.com.ar\/blog\/category\/chascomus\/"},"img":{"alt_text":"","src":"https:\/\/i0.wp.com\/larevistadigital.com.ar\/blog\/wp-content\/uploads\/698a182ec95dd.png?fit=668%2C445&ssl=1&resize=350%2C200","width":350,"height":200,"srcset":"https:\/\/i0.wp.com\/larevistadigital.com.ar\/blog\/wp-content\/uploads\/698a182ec95dd.png?fit=668%2C445&ssl=1&resize=350%2C200 1x, https:\/\/i0.wp.com\/larevistadigital.com.ar\/blog\/wp-content\/uploads\/698a182ec95dd.png?fit=668%2C445&ssl=1&resize=525%2C300 1.5x"},"classes":[]},{"id":43142,"url":"https:\/\/larevistadigital.com.ar\/blog\/chascomus-nueva-fecha-del-circuito-de-aguas-abiertas\/","url_meta":{"origin":37256,"position":1},"title":"Chascom\u00fas: Nueva fecha del Circuito de Aguas Abiertas","author":"Alejandro Sosa Ruda","date":"5 enero, 2026","format":false,"excerpt":"Este martes 6 de enero cierra la inscripci\u00f3n para la segunda fecha de este evento deportivo tan valorado y que ya es un cl\u00e1sico de nuestra ciudad, que tiene a nuestra laguna como escenario. 05 de Enero de 2026 CHASCOM\u00daS -\u00a0 \u00a0Hasta ma\u00f1ana a las 13 horas, los interesados en\u2026","rel":"","context":"En \u00abCHASCOM\u00daS\u00bb","block_context":{"text":"CHASCOM\u00daS","link":"https:\/\/larevistadigital.com.ar\/blog\/category\/chascomus\/"},"img":{"alt_text":"","src":"https:\/\/i0.wp.com\/larevistadigital.com.ar\/blog\/wp-content\/uploads\/695bf0fee76fa.png?fit=668%2C445&ssl=1&resize=350%2C200","width":350,"height":200,"srcset":"https:\/\/i0.wp.com\/larevistadigital.com.ar\/blog\/wp-content\/uploads\/695bf0fee76fa.png?fit=668%2C445&ssl=1&resize=350%2C200 1x, https:\/\/i0.wp.com\/larevistadigital.com.ar\/blog\/wp-content\/uploads\/695bf0fee76fa.png?fit=668%2C445&ssl=1&resize=525%2C300 1.5x"},"classes":[]},{"id":42992,"url":"https:\/\/larevistadigital.com.ar\/blog\/exitosa-primera-fecha-del-circuito-de-aguas-abiertas-en-chascomus\/","url_meta":{"origin":37256,"position":2},"title":"Exitosa primera fecha del circuito de Aguas Abiertas en Chascom\u00fas","author":"Alejandro Sosa Ruda","date":"22 diciembre, 2025","format":false,"excerpt":"A pesar del clima volvi\u00f3 una de las competencias m\u00e1s convocantes del calendario deportivo de la Municipalidad de Chascom\u00fas. 22 de diciembre de 2025 CHASCOM\u00daS -\u00a0 \u00a0El s\u00e1bado 20 se llev\u00f3 adelante en Chascom\u00fas la primera fecha del calendario de Aguas Abiertas, con una destacada participaci\u00f3n de nadadores de la\u2026","rel":"","context":"En \u00abCHASCOM\u00daS\u00bb","block_context":{"text":"CHASCOM\u00daS","link":"https:\/\/larevistadigital.com.ar\/blog\/category\/chascomus\/"},"img":{"alt_text":"","src":"https:\/\/i0.wp.com\/larevistadigital.com.ar\/blog\/wp-content\/uploads\/694970e83d9b3.png?fit=668%2C445&ssl=1&resize=350%2C200","width":350,"height":200,"srcset":"https:\/\/i0.wp.com\/larevistadigital.com.ar\/blog\/wp-content\/uploads\/694970e83d9b3.png?fit=668%2C445&ssl=1&resize=350%2C200 1x, https:\/\/i0.wp.com\/larevistadigital.com.ar\/blog\/wp-content\/uploads\/694970e83d9b3.png?fit=668%2C445&ssl=1&resize=525%2C300 1.5x"},"classes":[]},{"id":42175,"url":"https:\/\/larevistadigital.com.ar\/blog\/chascomus-vuelve-el-circuito-de-aguas-abiertas\/","url_meta":{"origin":37256,"position":3},"title":"Chascom\u00fas: Vuelve el circuito de \u00abAguas Abiertas\u00bb","author":"Alejandro Sosa Ruda","date":"23 octubre, 2025","format":false,"excerpt":"Tras dos a\u00f1os de espera vuelve uno de los grandes eventos deportivos de la ciudad. 23 de Octubre de 2025 CHASCOM\u00daS -\u00a0 \u00a0Ya tiene fecha la edici\u00f3n 2025\/2026 del circuito de Aguas Abiertas que organiza la Municipalidad de Chascom\u00fas, a trav\u00e9s del \u00e1rea de Deportes. Las fechas previstas son el\u2026","rel":"","context":"En \u00abCHASCOM\u00daS\u00bb","block_context":{"text":"CHASCOM\u00daS","link":"https:\/\/larevistadigital.com.ar\/blog\/category\/chascomus\/"},"img":{"alt_text":"","src":"https:\/\/i0.wp.com\/larevistadigital.com.ar\/blog\/wp-content\/uploads\/68fa84cf34910.png?fit=668%2C445&ssl=1&resize=350%2C200","width":350,"height":200,"srcset":"https:\/\/i0.wp.com\/larevistadigital.com.ar\/blog\/wp-content\/uploads\/68fa84cf34910.png?fit=668%2C445&ssl=1&resize=350%2C200 1x, https:\/\/i0.wp.com\/larevistadigital.com.ar\/blog\/wp-content\/uploads\/68fa84cf34910.png?fit=668%2C445&ssl=1&resize=525%2C300 1.5x"},"classes":[]},{"id":43931,"url":"https:\/\/larevistadigital.com.ar\/blog\/chascomus-con-450-inscriptos-se-disputara-la-ultima-fecha-de-la-competencia-de-aguas-abiertas\/","url_meta":{"origin":37256,"position":4},"title":"Chascom\u00fas: Con 450 inscriptos se disputar\u00e1 la \u00faltima fecha de la competencia de Aguas Abiertas","author":"Alejandro Sosa Ruda","date":"11 febrero, 2026","format":false,"excerpt":"La laguna \u201cChascom\u00fas\u201d oficiar\u00e1 de escenario de esta ic\u00f3nica competencia que combina el deporte, el verano, la naturaleza y la vida saludable, adem\u00e1s de potenciar el turismo Organizada por la Municipalidad de Chascom\u00fas, a trav\u00e9s del \u00e1rea de Deportes, este s\u00e1bado llega a su fin la tradicional competencia de Aguas\u2026","rel":"","context":"En \u00abCHASCOM\u00daS\u00bb","block_context":{"text":"CHASCOM\u00daS","link":"https:\/\/larevistadigital.com.ar\/blog\/category\/chascomus\/"},"img":{"alt_text":"","src":"https:\/\/i0.wp.com\/larevistadigital.com.ar\/blog\/wp-content\/uploads\/698cbc739b767.png?fit=668%2C445&ssl=1&resize=350%2C200","width":350,"height":200,"srcset":"https:\/\/i0.wp.com\/larevistadigital.com.ar\/blog\/wp-content\/uploads\/698cbc739b767.png?fit=668%2C445&ssl=1&resize=350%2C200 1x, https:\/\/i0.wp.com\/larevistadigital.com.ar\/blog\/wp-content\/uploads\/698cbc739b767.png?fit=668%2C445&ssl=1&resize=525%2C300 1.5x"},"classes":[]},{"id":40231,"url":"https:\/\/larevistadigital.com.ar\/blog\/chascomus-sera-sede-del-circuito-buenos-aires-aventura\/","url_meta":{"origin":37256,"position":5},"title":"Chascom\u00fas ser\u00e1 sede del Circuito Buenos Aires Aventura","author":"Alejandro Sosa Ruda","date":"30 junio, 2025","format":false,"excerpt":"Avanzan las gestiones con Deportes PBA para incorporar este evento a la agenda local y lograr la iluminaci\u00f3n del Estadio Municipal. 30 de Junio de 2025 CHASCOM\u00daS -\u00a0 El secretario de Cultura, Deportes y Relaciones Institucionales, Pablo N\u00e1poli; junto al subsecretario de Deportes municipal, Pablo Francese; particip\u00f3 de una reuni\u00f3n\u2026","rel":"","context":"En \u00abCHASCOM\u00daS\u00bb","block_context":{"text":"CHASCOM\u00daS","link":"https:\/\/larevistadigital.com.ar\/blog\/category\/chascomus\/"},"img":{"alt_text":"","src":"https:\/\/i0.wp.com\/larevistadigital.com.ar\/blog\/wp-content\/uploads\/6862c8d6b8bb7.png?fit=668%2C445&ssl=1&resize=350%2C200","width":350,"height":200,"srcset":"https:\/\/i0.wp.com\/larevistadigital.com.ar\/blog\/wp-content\/uploads\/6862c8d6b8bb7.png?fit=668%2C445&ssl=1&resize=350%2C200 1x, https:\/\/i0.wp.com\/larevistadigital.com.ar\/blog\/wp-content\/uploads\/6862c8d6b8bb7.png?fit=668%2C445&ssl=1&resize=525%2C300 1.5x"},"classes":[]}],"_links":{"self":[{"href":"https:\/\/larevistadigital.com.ar\/blog\/wp-json\/wp\/v2\/posts\/37256","targetHints":{"allow":["GET"]}}],"collection":[{"href":"https:\/\/larevistadigital.com.ar\/blog\/wp-json\/wp\/v2\/posts"}],"about":[{"href":"https:\/\/larevistadigital.com.ar\/blog\/wp-json\/wp\/v2\/types\/post"}],"author":[{"embeddable":true,"href":"https:\/\/larevistadigital.com.ar\/blog\/wp-json\/wp\/v2\/users\/3"}],"replies":[{"embeddable":true,"href":"https:\/\/larevistadigital.com.ar\/blog\/wp-json\/wp\/v2\/comments?post=37256"}],"version-history":[{"count":1,"href":"https:\/\/larevistadigital.com.ar\/blog\/wp-json\/wp\/v2\/posts\/37256\/revisions"}],"predecessor-version":[{"id":37258,"href":"https:\/\/larevistadigital.com.ar\/blog\/wp-json\/wp\/v2\/posts\/37256\/revisions\/37258"}],"wp:featuredmedia":[{"embeddable":true,"href":"https:\/\/larevistadigital.com.ar\/blog\/wp-json\/wp\/v2\/media\/37257"}],"wp:attachment":[{"href":"https:\/\/larevistadigital.com.ar\/blog\/wp-json\/wp\/v2\/media?parent=37256"}],"wp:term":[{"taxonomy":"category","embeddable":true,"href":"https:\/\/larevistadigital.com.ar\/blog\/wp-json\/wp\/v2\/categories?post=37256"},{"taxonomy":"post_tag","embeddable":true,"href":"https:\/\/larevistadigital.com.ar\/blog\/wp-json\/wp\/v2\/tags?post=37256"}],"curies":[{"name":"wp","href":"https:\/\/api.w.org\/{rel}","templated":true}]}}