{"id":37259,"date":"2024-09-19T09:12:30","date_gmt":"2024-09-19T12:12:30","guid":{"rendered":"https:\/\/larevistadigital.com.ar\/blog\/?p=37259"},"modified":"2024-09-19T09:12:30","modified_gmt":"2024-09-19T12:12:30","slug":"chascomus-reorganizacion-del-estacionamiento-frente-al-hospital","status":"publish","type":"post","link":"https:\/\/larevistadigital.com.ar\/blog\/chascomus-reorganizacion-del-estacionamiento-frente-al-hospital\/","title":{"rendered":"CHASCOM\u00daS: Reorganizaci\u00f3n del estacionamiento frente al hospital"},"content":{"rendered":"<h2 class=\"excerpt\">En la calle Machado entre Rivadavia y avenida Presidente Alfons\u00edn, s\u00f3lo se podr\u00e1 estacionar en la mano este.<\/h2>\n<p>19 de Septiembre de 2024<\/p>\n<div id=\"miDiv1\" class=\"text\">\n<p><strong>CHASCOM\u00daS &#8211;\u00a0<\/strong> Esta modificaci\u00f3n tiene como objetivo ordenar el tr\u00e1nsito en un sector altamente transitado para permitir un acceso m\u00e1s fluido y seguro al centro asistencial.<\/p>\n<blockquote>\n<h3>Para reforzar la nueva disposici\u00f3n, se colocaron carteles informativos y se pintaron los cordones en la zona afectada.<\/h3>\n<\/blockquote>\n<p>Adem\u00e1s, durante los \u00faltimos meses, se llev\u00f3 a cabo un extenso trabajo de concientizaci\u00f3n informando a los vecinos y conductores sobre esta medida.<\/p>\n<p>Tras las acciones de concientizaci\u00f3n realizadas, se aplicar\u00e1n sanciones a los veh\u00edculos que estacionen sobre el sector no autorizado.<\/p>\n<\/div>\n","protected":false},"excerpt":{"rendered":"<div class=\"mh-excerpt\"><p>En la calle Machado entre Rivadavia y avenida Presidente Alfons\u00edn, s\u00f3lo se podr\u00e1 estacionar en la mano este. 19 de Septiembre de 2024 CHASCOM\u00daS &#8211;\u00a0 Esta modificaci\u00f3n tiene como objetivo ordenar el tr\u00e1nsito en un <a class=\"mh-excerpt-more\" href=\"https:\/\/larevistadigital.com.ar\/blog\/chascomus-reorganizacion-del-estacionamiento-frente-al-hospital\/\" title=\"CHASCOM\u00daS: Reorganizaci\u00f3n del estacionamiento frente al hospital\">[Leer M\u00e1s]<\/a><\/p>\n<\/div>","protected":false},"author":3,"featured_media":37260,"comment_status":"open","ping_status":"open","sticky":false,"template":"","format":"standard","meta":{"_jetpack_memberships_contains_paid_content":false,"footnotes":"","jetpack_publicize_message":"","jetpack_publicize_feature_enabled":true,"jetpack_social_post_already_shared":true,"jetpack_social_options":{"image_generator_settings":{"template":"highway","default_image_id":0,"font":"","enabled":false},"version":2}},"categories":[1],"tags":[],"class_list":{"0":"post-37259","1":"post","2":"type-post","3":"status-publish","4":"format-standard","5":"has-post-thumbnail","7":"category-sin-categoria"},"jetpack_publicize_connections":[],"jetpack_featured_media_url":"https:\/\/i0.wp.com\/larevistadigital.com.ar\/blog\/wp-content\/uploads\/66eb0a714cff6.png?fit=668%2C445&ssl=1","jetpack_sharing_enabled":true,"jetpack_shortlink":"https:\/\/wp.me\/p8qtrQ-9GX","jetpack-related-posts":[{"id":28114,"url":"https:\/\/larevistadigital.com.ar\/blog\/chascomus-operativo-de-concientizacion-y-seguridad-para-ciclistas\/","url_meta":{"origin":37259,"position":0},"title":"CHASCOM\u00daS: OPERATIVO DE CONCIENTIZACI\u00d3N Y SEGURIDAD PARA CICLISTAS","author":"Alejandro Sosa Ruda","date":"28 septiembre, 2022","format":false,"excerpt":"En el marco del Plan Estrat\u00e9gico de Seguridad Vial que lleva adelante la Municipalidad de Chascom\u00fas, por intermedio de la Secretar\u00eda de Seguridad Ciudadana, se realiz\u00f3 una campa\u00f1a educativa y se entregaron kits gratuitos de seguridad. 28 de septiembre de 2022 CHASCOM\u00daS -\u00a0 Durante el control, que realiz\u00f3 personal de\u2026","rel":"","context":"En \u00abINTERES GENERAL\u00bb","block_context":{"text":"INTERES GENERAL","link":"https:\/\/larevistadigital.com.ar\/blog\/category\/interes-general\/"},"img":{"alt_text":"","src":"https:\/\/i0.wp.com\/larevistadigital.com.ar\/blog\/wp-content\/uploads\/2022_09_27_01_38_46_9559730.jpg?fit=600%2C402&ssl=1&resize=350%2C200","width":350,"height":200,"srcset":"https:\/\/i0.wp.com\/larevistadigital.com.ar\/blog\/wp-content\/uploads\/2022_09_27_01_38_46_9559730.jpg?fit=600%2C402&ssl=1&resize=350%2C200 1x, https:\/\/i0.wp.com\/larevistadigital.com.ar\/blog\/wp-content\/uploads\/2022_09_27_01_38_46_9559730.jpg?fit=600%2C402&ssl=1&resize=525%2C300 1.5x"},"classes":[]},{"id":40028,"url":"https:\/\/larevistadigital.com.ar\/blog\/chascomus-se-llevo-a-cabo-la-bicicleteada-ambiental\/","url_meta":{"origin":37259,"position":1},"title":"Chascom\u00fas: Se llev\u00f3 a cabo la \u00abBicicleteada ambiental\u00bb","author":"Alejandro Sosa Ruda","date":"9 junio, 2025","format":false,"excerpt":"Gran convocatoria en el evento de cierre de la semana del Ambiente en Chascom\u00fas 09 de Junio de 2025 CHASCOM\u00daS -\u00a0 \u00a0Con buena concurrencia de participantes se realiz\u00f3 la bicicleteada ambiental para concluir una semana de concientizaci\u00f3n en el marco del D\u00eda Mundial del Medio Ambiente, celebrado los 5 de\u2026","rel":"","context":"En \u00abCHASCOM\u00daS\u00bb","block_context":{"text":"CHASCOM\u00daS","link":"https:\/\/larevistadigital.com.ar\/blog\/category\/chascomus\/"},"img":{"alt_text":"","src":"https:\/\/i0.wp.com\/larevistadigital.com.ar\/blog\/wp-content\/uploads\/6847165661c05.png?fit=668%2C445&ssl=1&resize=350%2C200","width":350,"height":200,"srcset":"https:\/\/i0.wp.com\/larevistadigital.com.ar\/blog\/wp-content\/uploads\/6847165661c05.png?fit=668%2C445&ssl=1&resize=350%2C200 1x, https:\/\/i0.wp.com\/larevistadigital.com.ar\/blog\/wp-content\/uploads\/6847165661c05.png?fit=668%2C445&ssl=1&resize=525%2C300 1.5x"},"classes":[]},{"id":42402,"url":"https:\/\/larevistadigital.com.ar\/blog\/la-campana-de-concientizacion-sobre-el-cancer-de-mama-se-extiende-hasta-el-28-de-noviembre\/","url_meta":{"origin":37259,"position":2},"title":"La campa\u00f1a de concientizaci\u00f3n sobre el c\u00e1ncer de mama se extiende hasta el 28 de noviembre","author":"Alejandro Sosa Ruda","date":"5 noviembre, 2025","format":false,"excerpt":"Contin\u00faa el horario extendido para la realizaci\u00f3n de controles y mamograf\u00edas gratuitas en el Hospital Municipal. El programa de detecci\u00f3n temprana del c\u00e1ncer de mama \u201cOctubre Rosa\u201d se extender\u00e1 hasta el 28 de noviembre e invita a mujeres de 40 a 70 a\u00f1os a realizarse el estudio sin costo en\u2026","rel":"","context":"En \u00abCHASCOM\u00daS\u00bb","block_context":{"text":"CHASCOM\u00daS","link":"https:\/\/larevistadigital.com.ar\/blog\/category\/chascomus\/"},"img":{"alt_text":"","src":"https:\/\/i0.wp.com\/larevistadigital.com.ar\/blog\/wp-content\/uploads\/690b82ec3cb76.png?fit=668%2C445&ssl=1&resize=350%2C200","width":350,"height":200,"srcset":"https:\/\/i0.wp.com\/larevistadigital.com.ar\/blog\/wp-content\/uploads\/690b82ec3cb76.png?fit=668%2C445&ssl=1&resize=350%2C200 1x, https:\/\/i0.wp.com\/larevistadigital.com.ar\/blog\/wp-content\/uploads\/690b82ec3cb76.png?fit=668%2C445&ssl=1&resize=525%2C300 1.5x"},"classes":[]},{"id":41868,"url":"https:\/\/larevistadigital.com.ar\/blog\/chascomus-actividades-por-el-dia-de-la-soberania-alimentaria\/","url_meta":{"origin":37259,"position":3},"title":"Chascom\u00fas: Actividades por el D\u00eda de la Soberan\u00eda Alimentaria","author":"Alejandro Sosa Ruda","date":"9 octubre, 2025","format":false,"excerpt":"Destinadas a los beneficiarios del programa CAM tendr\u00e1n lugar los d\u00edas 15 y 16 de octubre 09 de Octubre de 2025 CHASCOM\u00daS\u00a0 -\u00a0 \u00a0 Como todos los a\u00f1os el 16 de octubre se celebra el D\u00eda de la Soberan\u00eda Alimentaria, impulsado por el Movimiento Internacional V\u00eda Campesina que agrupa organizaciones\u2026","rel":"","context":"En \u00abCHASCOM\u00daS\u00bb","block_context":{"text":"CHASCOM\u00daS","link":"https:\/\/larevistadigital.com.ar\/blog\/category\/chascomus\/"},"img":{"alt_text":"","src":"https:\/\/i0.wp.com\/larevistadigital.com.ar\/blog\/wp-content\/uploads\/68e7de10c8984.png?fit=668%2C445&ssl=1&resize=350%2C200","width":350,"height":200,"srcset":"https:\/\/i0.wp.com\/larevistadigital.com.ar\/blog\/wp-content\/uploads\/68e7de10c8984.png?fit=668%2C445&ssl=1&resize=350%2C200 1x, https:\/\/i0.wp.com\/larevistadigital.com.ar\/blog\/wp-content\/uploads\/68e7de10c8984.png?fit=668%2C445&ssl=1&resize=525%2C300 1.5x"},"classes":[]},{"id":7610,"url":"https:\/\/larevistadigital.com.ar\/blog\/chascomus-desde-el-lunes-comienza-a-funcionar-la-pista-de-conduccion-segura\/","url_meta":{"origin":37259,"position":4},"title":"CHASCOM\u00daS: DESDE EL LUNES COMIENZA A FUNCIONAR LA PISTA DE \u00abCONDUCCI\u00d3N SEGURA\u00bb","author":"Alejandro Sosa Ruda","date":"5 enero, 2019","format":false,"excerpt":"Inform\u00f3 el portal Municipal Chascom\u00fas.gob.ar que a trav\u00e9s del Plan Maestro de Seguridad Vial impulsado por el gobierno municipal, se promueve de manera permanente el cumplimiento de las normativas vigentes y la buena convivencia en la v\u00eda p\u00fablica mediante distintas acciones. Entre ellas, desde este lunes 7 de enero se\u2026","rel":"","context":"En \u00abCHASCOM\u00daS\u00bb","block_context":{"text":"CHASCOM\u00daS","link":"https:\/\/larevistadigital.com.ar\/blog\/category\/chascomus\/"},"img":{"alt_text":"","src":"https:\/\/i0.wp.com\/larevistadigital.com.ar\/blog\/wp-content\/uploads\/2019\/01\/2019_01_04_16_17_38_1931458.jpg?fit=600%2C338&ssl=1&resize=350%2C200","width":350,"height":200,"srcset":"https:\/\/i0.wp.com\/larevistadigital.com.ar\/blog\/wp-content\/uploads\/2019\/01\/2019_01_04_16_17_38_1931458.jpg?fit=600%2C338&ssl=1&resize=350%2C200 1x, https:\/\/i0.wp.com\/larevistadigital.com.ar\/blog\/wp-content\/uploads\/2019\/01\/2019_01_04_16_17_38_1931458.jpg?fit=600%2C338&ssl=1&resize=525%2C300 1.5x"},"classes":[]},{"id":42060,"url":"https:\/\/larevistadigital.com.ar\/blog\/chascomus-avanza-la-construccion-del-mariposario\/","url_meta":{"origin":37259,"position":5},"title":"Chascom\u00fas: Avanza la construcci\u00f3n del mariposario","author":"Alejandro Sosa Ruda","date":"17 octubre, 2025","format":false,"excerpt":"Se colocaron 100 plantas nativas en un cantero con doble prop\u00f3sito: embellecer y concientizar. 17 de Octubre de 2025 CHASCOM\u00daS -\u00a0 Avanza la construcci\u00f3n del mariposario que ser\u00e1 inaugurado en los pr\u00f3ximos d\u00edas en la renovada plaza Sarmiento. En el d\u00eda de ayer, el intendente Javier Gast\u00f3n junto al Dr.\u2026","rel":"","context":"En \u00abCHASCOM\u00daS\u00bb","block_context":{"text":"CHASCOM\u00daS","link":"https:\/\/larevistadigital.com.ar\/blog\/category\/chascomus\/"},"img":{"alt_text":"","src":"https:\/\/i0.wp.com\/larevistadigital.com.ar\/blog\/wp-content\/uploads\/68f273d8807ec.png?fit=668%2C445&ssl=1&resize=350%2C200","width":350,"height":200,"srcset":"https:\/\/i0.wp.com\/larevistadigital.com.ar\/blog\/wp-content\/uploads\/68f273d8807ec.png?fit=668%2C445&ssl=1&resize=350%2C200 1x, https:\/\/i0.wp.com\/larevistadigital.com.ar\/blog\/wp-content\/uploads\/68f273d8807ec.png?fit=668%2C445&ssl=1&resize=525%2C300 1.5x"},"classes":[]}],"_links":{"self":[{"href":"https:\/\/larevistadigital.com.ar\/blog\/wp-json\/wp\/v2\/posts\/37259","targetHints":{"allow":["GET"]}}],"collection":[{"href":"https:\/\/larevistadigital.com.ar\/blog\/wp-json\/wp\/v2\/posts"}],"about":[{"href":"https:\/\/larevistadigital.com.ar\/blog\/wp-json\/wp\/v2\/types\/post"}],"author":[{"embeddable":true,"href":"https:\/\/larevistadigital.com.ar\/blog\/wp-json\/wp\/v2\/users\/3"}],"replies":[{"embeddable":true,"href":"https:\/\/larevistadigital.com.ar\/blog\/wp-json\/wp\/v2\/comments?post=37259"}],"version-history":[{"count":1,"href":"https:\/\/larevistadigital.com.ar\/blog\/wp-json\/wp\/v2\/posts\/37259\/revisions"}],"predecessor-version":[{"id":37261,"href":"https:\/\/larevistadigital.com.ar\/blog\/wp-json\/wp\/v2\/posts\/37259\/revisions\/37261"}],"wp:featuredmedia":[{"embeddable":true,"href":"https:\/\/larevistadigital.com.ar\/blog\/wp-json\/wp\/v2\/media\/37260"}],"wp:attachment":[{"href":"https:\/\/larevistadigital.com.ar\/blog\/wp-json\/wp\/v2\/media?parent=37259"}],"wp:term":[{"taxonomy":"category","embeddable":true,"href":"https:\/\/larevistadigital.com.ar\/blog\/wp-json\/wp\/v2\/categories?post=37259"},{"taxonomy":"post_tag","embeddable":true,"href":"https:\/\/larevistadigital.com.ar\/blog\/wp-json\/wp\/v2\/tags?post=37259"}],"curies":[{"name":"wp","href":"https:\/\/api.w.org\/{rel}","templated":true}]}}