{"id":37263,"date":"2024-09-20T08:59:44","date_gmt":"2024-09-20T11:59:44","guid":{"rendered":"https:\/\/larevistadigital.com.ar\/blog\/?p=37263"},"modified":"2024-09-20T08:59:44","modified_gmt":"2024-09-20T11:59:44","slug":"chascomus-se-prepara-para-promocionar-su-propuesta-en-la-feria-internacional-de-turismo","status":"publish","type":"post","link":"https:\/\/larevistadigital.com.ar\/blog\/chascomus-se-prepara-para-promocionar-su-propuesta-en-la-feria-internacional-de-turismo\/","title":{"rendered":"Chascom\u00fas se prepara para promocionar su propuesta en la Feria Internacional de Turismo"},"content":{"rendered":"<h2 class=\"excerpt\">La ciudad participar\u00e1 del stand institucional de la Provincia de Buenos Aires en el mayor encuentro tur\u00edstico de Am\u00e9rica Latina.<\/h2>\n<p>20 de Septirmbre de 2024<\/p>\n<div id=\"miDiv1\" class=\"text\">\n<blockquote>\n<h3><strong>CHASCOM\u00daS &#8211;\u00a0<\/strong> Chascom\u00fas volver\u00e1 a ser parte de la Feria Internacional de Turismo (FIT), el evento m\u00e1s importante del sector en Am\u00e9rica Latina en el que participar\u00e1n 45 pa\u00edses y m\u00e1s de 125.000 visitantes.<\/h3>\n<h3>Desde el 28 de septiembre hasta el 1 de octubre, la ciudad estar\u00e1 presente en el stand de la provincia de Buenos Aires, junto al Ministerio de Producci\u00f3n, Ciencia e Innovaci\u00f3n Tecnol\u00f3gica dando a conocer sus atractivos tur\u00edsticos.<\/h3>\n<\/blockquote>\n<p>En este evento, que se desarrollar\u00e1 en el Predio Ferial de la Rural de Palermo, Chascom\u00fas buscar\u00e1 captar la atenci\u00f3n del p\u00fablico en general y de profesionales del turismo, adem\u00e1s de establecer contactos y encuentros estrat\u00e9gicos.<\/p>\n<blockquote>\n<h3>La FIT abrir\u00e1 sus puertas al p\u00fablico el 28 y 29 de septiembre, de 14 a 21 horas, y luego, los d\u00edas 30 de septiembre y 1 de octubre, ser\u00e1 exclusiva para profesionales del sector.<\/h3>\n<\/blockquote>\n<p>La delegaci\u00f3n de Chascom\u00fas, encabezada por la Secretar\u00eda de Desarrollo Tur\u00edstico, Productivo y Cultural, llevar\u00e1 adelante la promoci\u00f3n de sus principales atractivos, que incluyen su patrimonio natural, cultural y actividades recreativas.<\/p>\n<p><em><strong>\u201cChascom\u00fas va a estar promocion\u00e1ndose como destino tur\u00edstico de cercan\u00eda que ofrece, no solamente la naturaleza privilegiada que tenemos, como los atardeceres, los parques y los espacios p\u00fablicos, sino tambi\u00e9n nuestra historia, nuestra identidad y nuestra cultura. La participaci\u00f3n en este espacio es una gran apuesta que hace la Municipalidad, con los equipos t\u00e9cnicos de turismo que estar\u00e1n ah\u00ed todo el tiempo que dure la feria contando nuestra propuesta, y tambi\u00e9n llevando a nuestros emprendedores y nuestros comercios para que los turistas puedan conocer todo lo que brindamos\u201d,<\/strong><\/em> explic\u00f3 la subsecretaria de Desarrollo Tur\u00edstico y Productivo, Jimena Arano.<\/p>\n<\/div>\n","protected":false},"excerpt":{"rendered":"<div class=\"mh-excerpt\"><p>La ciudad participar\u00e1 del stand institucional de la Provincia de Buenos Aires en el mayor encuentro tur\u00edstico de Am\u00e9rica Latina. 20 de Septirmbre de 2024 CHASCOM\u00daS &#8211;\u00a0 Chascom\u00fas volver\u00e1 a ser parte de la Feria <a class=\"mh-excerpt-more\" href=\"https:\/\/larevistadigital.com.ar\/blog\/chascomus-se-prepara-para-promocionar-su-propuesta-en-la-feria-internacional-de-turismo\/\" title=\"Chascom\u00fas se prepara para promocionar su propuesta en la Feria Internacional de Turismo\">[Leer M\u00e1s]<\/a><\/p>\n<\/div>","protected":false},"author":3,"featured_media":37264,"comment_status":"open","ping_status":"open","sticky":false,"template":"","format":"standard","meta":{"_jetpack_memberships_contains_paid_content":false,"footnotes":"","jetpack_publicize_message":"","jetpack_publicize_feature_enabled":true,"jetpack_social_post_already_shared":true,"jetpack_social_options":{"image_generator_settings":{"template":"highway","default_image_id":0,"font":"","enabled":false},"version":2}},"categories":[50,30],"tags":[],"class_list":{"0":"post-37263","1":"post","2":"type-post","3":"status-publish","4":"format-standard","5":"has-post-thumbnail","7":"category-interes-general","8":"category-turismo"},"jetpack_publicize_connections":[],"jetpack_featured_media_url":"https:\/\/i0.wp.com\/larevistadigital.com.ar\/blog\/wp-content\/uploads\/66ec59b167292.png?fit=668%2C445&ssl=1","jetpack_sharing_enabled":true,"jetpack_shortlink":"https:\/\/wp.me\/p8qtrQ-9H1","jetpack-related-posts":[{"id":33805,"url":"https:\/\/larevistadigital.com.ar\/blog\/chascomus-participo-de-la-feria-internacional-de-turismo\/","url_meta":{"origin":37263,"position":0},"title":"CHASCOM\u00daS PARTICIP\u00d3 DE LA FERIA INTERNACIONAL DE TURISMO","author":"Alejandro Sosa Ruda","date":"4 octubre, 2023","format":false,"excerpt":"Desde el viernes 30 de septiembre hasta el martes 3 de octubre se llev\u00f3 a cabo en el Predio Ferial de La Rural de la Ciudad Aut\u00f3noma de Buenos Aires la Feria Internacional de Turismo que este a\u00f1o tuvo un rec\u00f3rd de p\u00fablico, superando los 125 mil visitantes (87.986 de\u2026","rel":"","context":"En \u00abCHASCOM\u00daS\u00bb","block_context":{"text":"CHASCOM\u00daS","link":"https:\/\/larevistadigital.com.ar\/blog\/category\/chascomus\/"},"img":{"alt_text":"","src":"https:\/\/i0.wp.com\/larevistadigital.com.ar\/blog\/wp-content\/uploads\/fit-1500x610-1.jpg?fit=1200%2C488&ssl=1&resize=350%2C200","width":350,"height":200,"srcset":"https:\/\/i0.wp.com\/larevistadigital.com.ar\/blog\/wp-content\/uploads\/fit-1500x610-1.jpg?fit=1200%2C488&ssl=1&resize=350%2C200 1x, https:\/\/i0.wp.com\/larevistadigital.com.ar\/blog\/wp-content\/uploads\/fit-1500x610-1.jpg?fit=1200%2C488&ssl=1&resize=525%2C300 1.5x, https:\/\/i0.wp.com\/larevistadigital.com.ar\/blog\/wp-content\/uploads\/fit-1500x610-1.jpg?fit=1200%2C488&ssl=1&resize=700%2C400 2x, https:\/\/i0.wp.com\/larevistadigital.com.ar\/blog\/wp-content\/uploads\/fit-1500x610-1.jpg?fit=1200%2C488&ssl=1&resize=1050%2C600 3x"},"classes":[]},{"id":36588,"url":"https:\/\/larevistadigital.com.ar\/blog\/caminos-y-sabores-chascomus-estara-presente-en-la-feria-gastronomica-mas-grande-del-pais\/","url_meta":{"origin":37263,"position":1},"title":"CAMINOS Y SABORES: CHASCOM\u00daS ESTAR\u00c1 PRESENTE EN LA FERIA GASTRON\u00d3MICA M\u00c1S GRANDE DEL PA\u00cdS","author":"Alejandro Sosa Ruda","date":"4 julio, 2024","format":false,"excerpt":"Desde el stand del municipio se promocionar\u00e1 producci\u00f3n gastron\u00f3mica local y la marca ciudad. 04 de Julio de 2024 CHASCOM\u00daS -\u00a0 \u00a0Del 6 al 9 de julio en el Predio Ferial La Rural de Palermo, Chascom\u00fas participar\u00e1 de la 18\u00b0 edici\u00f3n de Caminos y Sabores 2024. Este evento es reconocido\u2026","rel":"","context":"En \u00abCHASCOM\u00daS\u00bb","block_context":{"text":"CHASCOM\u00daS","link":"https:\/\/larevistadigital.com.ar\/blog\/category\/chascomus\/"},"img":{"alt_text":"","src":"https:\/\/i0.wp.com\/larevistadigital.com.ar\/blog\/wp-content\/uploads\/2024_07_05_01_07_08_6788641.jpg?fit=600%2C300&ssl=1&resize=350%2C200","width":350,"height":200,"srcset":"https:\/\/i0.wp.com\/larevistadigital.com.ar\/blog\/wp-content\/uploads\/2024_07_05_01_07_08_6788641.jpg?fit=600%2C300&ssl=1&resize=350%2C200 1x, https:\/\/i0.wp.com\/larevistadigital.com.ar\/blog\/wp-content\/uploads\/2024_07_05_01_07_08_6788641.jpg?fit=600%2C300&ssl=1&resize=525%2C300 1.5x"},"classes":[]},{"id":9822,"url":"https:\/\/larevistadigital.com.ar\/blog\/buena-iniciativa-de-la-secretaria-de-turismo-de-chascomus\/","url_meta":{"origin":37263,"position":2},"title":"BUENA INICIATIVA DE LA SECRETAR\u00cdA DE TURISMO DE CHASCOM\u00daS","author":"Alejandro Sosa Ruda","date":"24 abril, 2019","format":false,"excerpt":"El Secretario de Planificaci\u00f3n y Turismo, Leandro Otondo habl\u00f3 en distintos medios, donde se\u00f1al\u00f3 que desde este jueves se estar\u00e1n presentando en Costa Salguero en la Expoeventos, donde se trabaja en turismo de reuniones. Dijo que nuestra ciudad tendr\u00e1 un sector asignado en esta exposici\u00f3n internacional de organizaci\u00f3n de eventos\u2026","rel":"","context":"En \u00abCHASCOM\u00daS\u00bb","block_context":{"text":"CHASCOM\u00daS","link":"https:\/\/larevistadigital.com.ar\/blog\/category\/chascomus\/"},"img":{"alt_text":"","src":"https:\/\/i0.wp.com\/larevistadigital.com.ar\/blog\/wp-content\/uploads\/2019\/04\/expoevento_24deabrilde2019_elfuerte.jpg?fit=737%2C415&ssl=1&resize=350%2C200","width":350,"height":200,"srcset":"https:\/\/i0.wp.com\/larevistadigital.com.ar\/blog\/wp-content\/uploads\/2019\/04\/expoevento_24deabrilde2019_elfuerte.jpg?fit=737%2C415&ssl=1&resize=350%2C200 1x, https:\/\/i0.wp.com\/larevistadigital.com.ar\/blog\/wp-content\/uploads\/2019\/04\/expoevento_24deabrilde2019_elfuerte.jpg?fit=737%2C415&ssl=1&resize=525%2C300 1.5x, https:\/\/i0.wp.com\/larevistadigital.com.ar\/blog\/wp-content\/uploads\/2019\/04\/expoevento_24deabrilde2019_elfuerte.jpg?fit=737%2C415&ssl=1&resize=700%2C400 2x"},"classes":[]},{"id":37253,"url":"https:\/\/larevistadigital.com.ar\/blog\/chascomus-en-el-coprotur\/","url_meta":{"origin":37263,"position":3},"title":"Chascom\u00fas en el CoProTur","author":"Alejandro Sosa Ruda","date":"19 septiembre, 2024","format":false,"excerpt":"Se realiz\u00f3 en Villa Gesell la tercera Asamblea del a\u00f1o organizada por el Ministerio de Producci\u00f3n, Ciencia e Innovaci\u00f3n Tecnol\u00f3gica de la Provincia de Buenos Aires 19 de Septiembre de 2024 Con la presencia de la subsecretaria de Desarrollo Tur\u00edstico y Productivo, Jimena Arano, y de los siete polos tur\u00edsticos\u2026","rel":"","context":"En \u00abSin categor\u00eda\u00bb","block_context":{"text":"Sin categor\u00eda","link":"https:\/\/larevistadigital.com.ar\/blog\/category\/sin-categoria\/"},"img":{"alt_text":"","src":"https:\/\/i0.wp.com\/larevistadigital.com.ar\/blog\/wp-content\/uploads\/66eb0bedc6050.png?fit=668%2C445&ssl=1&resize=350%2C200","width":350,"height":200,"srcset":"https:\/\/i0.wp.com\/larevistadigital.com.ar\/blog\/wp-content\/uploads\/66eb0bedc6050.png?fit=668%2C445&ssl=1&resize=350%2C200 1x, https:\/\/i0.wp.com\/larevistadigital.com.ar\/blog\/wp-content\/uploads\/66eb0bedc6050.png?fit=668%2C445&ssl=1&resize=525%2C300 1.5x"},"classes":[]},{"id":33427,"url":"https:\/\/larevistadigital.com.ar\/blog\/chascomus-el-ministerio-de-desarrollo-agrario-organiza-el-proximo-sabado-la-feria-de-sabores-bonaerenses\/","url_meta":{"origin":37263,"position":4},"title":"CHASCOM\u00daS: EL MINISTERIO DE DESARROLLO AGRARIO ORGANIZA EL PR\u00d3XIMO S\u00c1BADO LA FERIA DE SABORES BONAERENSES.","author":"Alejandro Sosa Ruda","date":"11 septiembre, 2023","format":false,"excerpt":"El evento, que se llevar\u00e1 a cabo el s\u00e1bado 16 de septiembre de 11 a 19 horas en la Estaci\u00f3n Hidrobiol\u00f3gica de Chascom\u00fas, ofrece la oportunidad de disfrutar y adquirir productos aut\u00e9nticos de la regi\u00f3n. 11 De Septiembre de 2023 CHASCOM\u00daS -\u00a0 El gobierno de la Provincia de Buenos aires,\u2026","rel":"","context":"En \u00abINTERES GENERAL\u00bb","block_context":{"text":"INTERES GENERAL","link":"https:\/\/larevistadigital.com.ar\/blog\/category\/interes-general\/"},"img":{"alt_text":"","src":"https:\/\/i0.wp.com\/larevistadigital.com.ar\/blog\/wp-content\/uploads\/03528deb90b1a477092d1b20a096cb5e9a9a43ce.jpeg?fit=1140%2C642&ssl=1&resize=350%2C200","width":350,"height":200,"srcset":"https:\/\/i0.wp.com\/larevistadigital.com.ar\/blog\/wp-content\/uploads\/03528deb90b1a477092d1b20a096cb5e9a9a43ce.jpeg?fit=1140%2C642&ssl=1&resize=350%2C200 1x, https:\/\/i0.wp.com\/larevistadigital.com.ar\/blog\/wp-content\/uploads\/03528deb90b1a477092d1b20a096cb5e9a9a43ce.jpeg?fit=1140%2C642&ssl=1&resize=525%2C300 1.5x, https:\/\/i0.wp.com\/larevistadigital.com.ar\/blog\/wp-content\/uploads\/03528deb90b1a477092d1b20a096cb5e9a9a43ce.jpeg?fit=1140%2C642&ssl=1&resize=700%2C400 2x, https:\/\/i0.wp.com\/larevistadigital.com.ar\/blog\/wp-content\/uploads\/03528deb90b1a477092d1b20a096cb5e9a9a43ce.jpeg?fit=1140%2C642&ssl=1&resize=1050%2C600 3x"},"classes":[]},{"id":40794,"url":"https:\/\/larevistadigital.com.ar\/blog\/chascomus-promueve-el-turismo-de-reuniones\/","url_meta":{"origin":37263,"position":5},"title":"Chascom\u00fas promueve el turismo de reuniones","author":"Alejandro Sosa Ruda","date":"6 agosto, 2025","format":false,"excerpt":"Participa del evento Meet Up, que en esta edici\u00f3n pone el foco en la sostenibilidad, la innovaci\u00f3n y el crecimiento federal. 06 de Agosto de 2025 CHASCOM\u00daS\u00a0 -\u00a0 La Municipalidad de Chascom\u00fas, a trav\u00e9s del \u00e1rea de Turismo, se encuentra participando del gran evento \u201cMeet Up Argentina 2025\u201d, en el\u2026","rel":"","context":"En \u00abCHASCOM\u00daS\u00bb","block_context":{"text":"CHASCOM\u00daS","link":"https:\/\/larevistadigital.com.ar\/blog\/category\/chascomus\/"},"img":{"alt_text":"","src":"https:\/\/i0.wp.com\/larevistadigital.com.ar\/blog\/wp-content\/uploads\/689382a80cf3b.png?fit=668%2C445&ssl=1&resize=350%2C200","width":350,"height":200,"srcset":"https:\/\/i0.wp.com\/larevistadigital.com.ar\/blog\/wp-content\/uploads\/689382a80cf3b.png?fit=668%2C445&ssl=1&resize=350%2C200 1x, https:\/\/i0.wp.com\/larevistadigital.com.ar\/blog\/wp-content\/uploads\/689382a80cf3b.png?fit=668%2C445&ssl=1&resize=525%2C300 1.5x"},"classes":[]}],"_links":{"self":[{"href":"https:\/\/larevistadigital.com.ar\/blog\/wp-json\/wp\/v2\/posts\/37263","targetHints":{"allow":["GET"]}}],"collection":[{"href":"https:\/\/larevistadigital.com.ar\/blog\/wp-json\/wp\/v2\/posts"}],"about":[{"href":"https:\/\/larevistadigital.com.ar\/blog\/wp-json\/wp\/v2\/types\/post"}],"author":[{"embeddable":true,"href":"https:\/\/larevistadigital.com.ar\/blog\/wp-json\/wp\/v2\/users\/3"}],"replies":[{"embeddable":true,"href":"https:\/\/larevistadigital.com.ar\/blog\/wp-json\/wp\/v2\/comments?post=37263"}],"version-history":[{"count":1,"href":"https:\/\/larevistadigital.com.ar\/blog\/wp-json\/wp\/v2\/posts\/37263\/revisions"}],"predecessor-version":[{"id":37265,"href":"https:\/\/larevistadigital.com.ar\/blog\/wp-json\/wp\/v2\/posts\/37263\/revisions\/37265"}],"wp:featuredmedia":[{"embeddable":true,"href":"https:\/\/larevistadigital.com.ar\/blog\/wp-json\/wp\/v2\/media\/37264"}],"wp:attachment":[{"href":"https:\/\/larevistadigital.com.ar\/blog\/wp-json\/wp\/v2\/media?parent=37263"}],"wp:term":[{"taxonomy":"category","embeddable":true,"href":"https:\/\/larevistadigital.com.ar\/blog\/wp-json\/wp\/v2\/categories?post=37263"},{"taxonomy":"post_tag","embeddable":true,"href":"https:\/\/larevistadigital.com.ar\/blog\/wp-json\/wp\/v2\/tags?post=37263"}],"curies":[{"name":"wp","href":"https:\/\/api.w.org\/{rel}","templated":true}]}}