{"id":37266,"date":"2024-09-20T09:11:38","date_gmt":"2024-09-20T12:11:38","guid":{"rendered":"https:\/\/larevistadigital.com.ar\/blog\/?p=37266"},"modified":"2024-09-20T09:11:38","modified_gmt":"2024-09-20T12:11:38","slug":"se-llevara-a-cabo-en-el-concejo-deliberante-la-asamblea-decision-ninez","status":"publish","type":"post","link":"https:\/\/larevistadigital.com.ar\/blog\/se-llevara-a-cabo-en-el-concejo-deliberante-la-asamblea-decision-ninez\/","title":{"rendered":"Se llevar\u00e1 a cabo en el Concejo Deliberante la Asamblea Decisi\u00f3n Ni\u00f1ez"},"content":{"rendered":"<h2 class=\"excerpt\">Ser\u00e1 el pr\u00f3ximo mi\u00e9rcoles en el Honorable Concejo Deliberante<\/h2>\n<p>20 de Septiembre de 2024<\/p>\n<div id=\"miDiv1\" class=\"text\">\n<p><strong>CHASCOM\u00daS &#8211;\u00a0<\/strong> Los chicos del Centro Vespertino del Barrio San Cayetano presentan a la comunidad un proyecto dise\u00f1ado por ellos mismos en el marco del programa provincial \u201cDecisi\u00f3n Ni\u00f1ez\u201d. Este programa se compone de cuatro instancias: la primera de inscripci\u00f3n y dise\u00f1o de proyectos; la segunda de asambleas locales; la tercera de asambleas regionales; y la cuarta de ejecuci\u00f3n de proyectos.<\/p>\n<p>En esta oportunidad, realizar\u00e1n una exposici\u00f3n sobre el proyecto ante autoridades municipales, concejales, vecinos y vecinas. All\u00ed contar\u00e1n sobre la tem\u00e1tica, objetivos, aportes a la comunidad, proceso de implementaci\u00f3n, recursos necesarios, etc. Una vez finalizada la presentaci\u00f3n, se procede a la votaci\u00f3n del pase del proyecto a la Asamblea Regional que tendr\u00e1 lugar en la ciudad de Dolores a mediados de octubre o noviembre de este a\u00f1o.<\/p>\n<blockquote>\n<h3>En caso de no resultar elegido, el proyecto se guardar\u00e1 en una base de datos digital y p\u00fablica para que cualquier persona pueda acceder, y pueda ser desarrollado en un futuro por el mismo estado provincial, municipal, o bien, asociaciones civiles, empresas o cualquier otra entidad que quiera colaborar.<\/h3>\n<\/blockquote>\n<p>M\u00e1s all\u00e1 del resultado, lo m\u00e1s importante de este proceso es que los chicos se involucraron y organizaron para pensar y dise\u00f1ar este proyecto que puede convertirse en pol\u00edtica p\u00fablica. La Asamblea ser\u00e1 el d\u00eda mi\u00e9rcoles 25 de septiembre a las 17hs en el Concejo Deliberante de nuestra comunidad y toda la comunidad est\u00e1 invitada a participar.<\/p>\n<\/div>\n","protected":false},"excerpt":{"rendered":"<div class=\"mh-excerpt\"><p>Ser\u00e1 el pr\u00f3ximo mi\u00e9rcoles en el Honorable Concejo Deliberante 20 de Septiembre de 2024 CHASCOM\u00daS &#8211;\u00a0 Los chicos del Centro Vespertino del Barrio San Cayetano presentan a la comunidad un proyecto dise\u00f1ado por ellos mismos <a class=\"mh-excerpt-more\" href=\"https:\/\/larevistadigital.com.ar\/blog\/se-llevara-a-cabo-en-el-concejo-deliberante-la-asamblea-decision-ninez\/\" title=\"Se llevar\u00e1 a cabo en el Concejo Deliberante la Asamblea Decisi\u00f3n Ni\u00f1ez\">[Leer M\u00e1s]<\/a><\/p>\n<\/div>","protected":false},"author":3,"featured_media":37267,"comment_status":"open","ping_status":"open","sticky":false,"template":"","format":"standard","meta":{"_jetpack_memberships_contains_paid_content":false,"footnotes":"","jetpack_publicize_message":"","jetpack_publicize_feature_enabled":true,"jetpack_social_post_already_shared":true,"jetpack_social_options":{"image_generator_settings":{"template":"highway","default_image_id":0,"font":"","enabled":false},"version":2}},"categories":[6],"tags":[],"class_list":{"0":"post-37266","1":"post","2":"type-post","3":"status-publish","4":"format-standard","5":"has-post-thumbnail","7":"category-chascomus"},"jetpack_publicize_connections":[],"jetpack_featured_media_url":"https:\/\/i0.wp.com\/larevistadigital.com.ar\/blog\/wp-content\/uploads\/66ec58d11a744.png?fit=668%2C445&ssl=1","jetpack_sharing_enabled":true,"jetpack_shortlink":"https:\/\/wp.me\/p8qtrQ-9H4","jetpack-related-posts":[{"id":37323,"url":"https:\/\/larevistadigital.com.ar\/blog\/chascomus-decision-ninez-en-el-honorable-concejo-deliberante\/","url_meta":{"origin":37266,"position":0},"title":"Chascom\u00fas: Decisi\u00f3n Ni\u00f1ez en el Honorable Concejo Deliberante","author":"Alejandro Sosa Ruda","date":"26 septiembre, 2024","format":false,"excerpt":"Chicos y chicas de \u201cEl Sanca en Movimiento\u201d presentaron su proyecto ante la comunidad y autoridades municipales. 26 de Septiembre de 2024 CHASCOM\u00daS -\u00a0 Ayer por la tarde los chicos y chicas que participan del programa Decisi\u00f3n Ni\u00f1ez, presentaron el proyecto ante el Honorable Concejo Deliberante, autoridades municipales y la\u2026","rel":"","context":"En \u00abINTERES GENERAL\u00bb","block_context":{"text":"INTERES GENERAL","link":"https:\/\/larevistadigital.com.ar\/blog\/category\/interes-general\/"},"img":{"alt_text":"","src":"https:\/\/i0.wp.com\/larevistadigital.com.ar\/blog\/wp-content\/uploads\/66f59a2fac88d.png?fit=668%2C445&ssl=1&resize=350%2C200","width":350,"height":200,"srcset":"https:\/\/i0.wp.com\/larevistadigital.com.ar\/blog\/wp-content\/uploads\/66f59a2fac88d.png?fit=668%2C445&ssl=1&resize=350%2C200 1x, https:\/\/i0.wp.com\/larevistadigital.com.ar\/blog\/wp-content\/uploads\/66f59a2fac88d.png?fit=668%2C445&ssl=1&resize=525%2C300 1.5x"},"classes":[]},{"id":40102,"url":"https:\/\/larevistadigital.com.ar\/blog\/chascomus-ninos-ninas-y-adolescentes-presentaron-tres-proyectos-comunitarios-en-la-asamblea-local-de-decision-ninez\/","url_meta":{"origin":37266,"position":1},"title":"Chascom\u00fas: Ni\u00f1os, ni\u00f1as y adolescentes presentaron tres proyectos comunitarios en la asamblea local de Decisi\u00f3n Ni\u00f1ez","author":"Alejandro Sosa Ruda","date":"14 junio, 2025","format":false,"excerpt":"Las propuestas fueron seleccionadas para representar a Chascom\u00fas en la instancia regional del programa provincial que promueve la participaci\u00f3n infantil y adolescente. 14 de Junio de 2025 CHASCOM\u00daS -\u00a0 \u00a0En el CIC del barrio 30 de Mayo se realiz\u00f3 el jueves por la tarde la asamblea local del programa Decisi\u00f3n\u2026","rel":"","context":"En \u00abCHASCOM\u00daS\u00bb","block_context":{"text":"CHASCOM\u00daS","link":"https:\/\/larevistadigital.com.ar\/blog\/category\/chascomus\/"},"img":{"alt_text":"","src":"https:\/\/i0.wp.com\/larevistadigital.com.ar\/blog\/wp-content\/uploads\/684c5e83874ea.png?fit=668%2C445&ssl=1&resize=350%2C200","width":350,"height":200,"srcset":"https:\/\/i0.wp.com\/larevistadigital.com.ar\/blog\/wp-content\/uploads\/684c5e83874ea.png?fit=668%2C445&ssl=1&resize=350%2C200 1x, https:\/\/i0.wp.com\/larevistadigital.com.ar\/blog\/wp-content\/uploads\/684c5e83874ea.png?fit=668%2C445&ssl=1&resize=525%2C300 1.5x"},"classes":[]},{"id":43038,"url":"https:\/\/larevistadigital.com.ar\/blog\/chascomus-el-concejo-deliberante-aprobo-el-presupuesto-2026\/","url_meta":{"origin":37266,"position":2},"title":"Chascom\u00fas: El Concejo Deliberante aprob\u00f3 el Presupuesto 2026","author":"Alejandro Sosa Ruda","date":"24 diciembre, 2025","format":false,"excerpt":"En una sesi\u00f3n extraordinaria realizada en la ma\u00f1ana de este martes, el deliberativo aprob\u00f3 en general el proyecto enviado por el Departamento Ejecutivo municipal. 24 de diciembre de 2025 CHASCOM\u00daS -\u00a0 \u00a0 El Presupuesto de Gastos y C\u00e1lculo de Recursos 2026 fue estimado en $59.405.821.072,92 y est\u00e1 marcado por la\u2026","rel":"","context":"En \u00abDESTACADAS\u00bb","block_context":{"text":"DESTACADAS","link":"https:\/\/larevistadigital.com.ar\/blog\/category\/destacadas\/"},"img":{"alt_text":"","src":"https:\/\/i0.wp.com\/larevistadigital.com.ar\/blog\/wp-content\/uploads\/2017\/11\/concejo-chascomus.jpg?fit=1024%2C768&ssl=1&resize=350%2C200","width":350,"height":200,"srcset":"https:\/\/i0.wp.com\/larevistadigital.com.ar\/blog\/wp-content\/uploads\/2017\/11\/concejo-chascomus.jpg?fit=1024%2C768&ssl=1&resize=350%2C200 1x, https:\/\/i0.wp.com\/larevistadigital.com.ar\/blog\/wp-content\/uploads\/2017\/11\/concejo-chascomus.jpg?fit=1024%2C768&ssl=1&resize=525%2C300 1.5x, https:\/\/i0.wp.com\/larevistadigital.com.ar\/blog\/wp-content\/uploads\/2017\/11\/concejo-chascomus.jpg?fit=1024%2C768&ssl=1&resize=700%2C400 2x"},"classes":[]},{"id":17323,"url":"https:\/\/larevistadigital.com.ar\/blog\/video-ganaron-los-vecinos-de-chascomus-finalmente-el-concejo-deliberante-decidio-el-pase-a-comision-del-proyecto-del-ejecutivo\/","url_meta":{"origin":37266,"position":3},"title":"[VIDEO] GANARON LOS VECINOS DE CHASCOM\u00daS: FINALMENTE EL CONCEJO DELIBERANTE DECIDI\u00d3 EL PASE A COMISI\u00d3N DEL PROYECTO DEL EJECUTIVO","author":"Alejandro Sosa Ruda","date":"29 octubre, 2020","format":false,"excerpt":"Finalmente, el clamor del pueblo logr\u00f3 que el Concejo Deliberante haga lo correcto, y pase a debate del tema del basurero regional a comisi\u00f3n. Lo mismo ocurri\u00f3 con el proyecto de Consulta popular. Y se aprob\u00f3 el de pedido de informes sobre el \"polo ambiental\" presentado por el radicalismo. Luego\u2026","rel":"","context":"En \u00abDESTACADAS\u00bb","block_context":{"text":"DESTACADAS","link":"https:\/\/larevistadigital.com.ar\/blog\/category\/destacadas\/"},"img":{"alt_text":"","src":"https:\/\/i0.wp.com\/larevistadigital.com.ar\/blog\/wp-content\/uploads\/Screenshot_1-165.jpg?fit=1200%2C554&ssl=1&resize=350%2C200","width":350,"height":200,"srcset":"https:\/\/i0.wp.com\/larevistadigital.com.ar\/blog\/wp-content\/uploads\/Screenshot_1-165.jpg?fit=1200%2C554&ssl=1&resize=350%2C200 1x, https:\/\/i0.wp.com\/larevistadigital.com.ar\/blog\/wp-content\/uploads\/Screenshot_1-165.jpg?fit=1200%2C554&ssl=1&resize=525%2C300 1.5x, https:\/\/i0.wp.com\/larevistadigital.com.ar\/blog\/wp-content\/uploads\/Screenshot_1-165.jpg?fit=1200%2C554&ssl=1&resize=700%2C400 2x, https:\/\/i0.wp.com\/larevistadigital.com.ar\/blog\/wp-content\/uploads\/Screenshot_1-165.jpg?fit=1200%2C554&ssl=1&resize=1050%2C600 3x"},"classes":[]},{"id":23450,"url":"https:\/\/larevistadigital.com.ar\/blog\/ochoa-y-juntos-por-chascomus-presentaron-un-importante-y-necesario-proyecto-ante-el-concejo-deliberante\/","url_meta":{"origin":37266,"position":4},"title":"OCHOA Y JUNTOS POR CHASCOM\u00daS PRESENTARON UN IMPORTANTE Y NECESARIO PROYECTO ANTE EL CONCEJO DELIBERANTE","author":"Alejandro Sosa Ruda","date":"19 enero, 2022","format":false,"excerpt":"CHASCOM\u00daS -\u00a0 El abogado y presidente del partido \"Juntos por Chascom\u00fas\", Jos\u00e9 Ochoa, present\u00f3 ante el Concejo Deliberante una propuesta de Proyecto de Ordenanza para crear lo que llam\u00f3 el \"Programa Municipal de Acceso e Inclusi\u00f3n en el Partido de Chascom\u00fas\". El proyecto de Juntos por Chascom\u00fas, est\u00e1 en concordancia\u2026","rel":"","context":"En \u00abDESTACADAS\u00bb","block_context":{"text":"DESTACADAS","link":"https:\/\/larevistadigital.com.ar\/blog\/category\/destacadas\/"},"img":{"alt_text":"","src":"https:\/\/i0.wp.com\/larevistadigital.com.ar\/blog\/wp-content\/uploads\/193355275_3809979062446400_2905131294935808135_n-1.jpg?fit=1080%2C669&ssl=1&resize=350%2C200","width":350,"height":200,"srcset":"https:\/\/i0.wp.com\/larevistadigital.com.ar\/blog\/wp-content\/uploads\/193355275_3809979062446400_2905131294935808135_n-1.jpg?fit=1080%2C669&ssl=1&resize=350%2C200 1x, https:\/\/i0.wp.com\/larevistadigital.com.ar\/blog\/wp-content\/uploads\/193355275_3809979062446400_2905131294935808135_n-1.jpg?fit=1080%2C669&ssl=1&resize=525%2C300 1.5x, https:\/\/i0.wp.com\/larevistadigital.com.ar\/blog\/wp-content\/uploads\/193355275_3809979062446400_2905131294935808135_n-1.jpg?fit=1080%2C669&ssl=1&resize=700%2C400 2x, https:\/\/i0.wp.com\/larevistadigital.com.ar\/blog\/wp-content\/uploads\/193355275_3809979062446400_2905131294935808135_n-1.jpg?fit=1080%2C669&ssl=1&resize=1050%2C600 3x"},"classes":[]},{"id":39977,"url":"https:\/\/larevistadigital.com.ar\/blog\/chascomus-decision-ninez-2025\/","url_meta":{"origin":37266,"position":5},"title":"Chascom\u00fas: Decisi\u00f3n Ni\u00f1ez 2025","author":"Alejandro Sosa Ruda","date":"6 junio, 2025","format":false,"excerpt":"Chicos del barrio San Cayetano presentar\u00e1n sus proyectos en la Asamblea Local. 06 de Junio de 2025 CHASCOM\u00daS -\u00a0 El pr\u00f3ximo jueves 12 a las 14.30 hs. en las instalaciones del CIC 30 de Mayo, se llevar\u00e1 a cabo la Asamblea Local, abierta al p\u00fablico, donde ni\u00f1os y adolescentes pertenecientes\u2026","rel":"","context":"En \u00abCHASCOM\u00daS\u00bb","block_context":{"text":"CHASCOM\u00daS","link":"https:\/\/larevistadigital.com.ar\/blog\/category\/chascomus\/"},"img":{"alt_text":"","src":"https:\/\/i0.wp.com\/larevistadigital.com.ar\/blog\/wp-content\/uploads\/6841d78714aa2.png?fit=668%2C445&ssl=1&resize=350%2C200","width":350,"height":200,"srcset":"https:\/\/i0.wp.com\/larevistadigital.com.ar\/blog\/wp-content\/uploads\/6841d78714aa2.png?fit=668%2C445&ssl=1&resize=350%2C200 1x, https:\/\/i0.wp.com\/larevistadigital.com.ar\/blog\/wp-content\/uploads\/6841d78714aa2.png?fit=668%2C445&ssl=1&resize=525%2C300 1.5x"},"classes":[]}],"_links":{"self":[{"href":"https:\/\/larevistadigital.com.ar\/blog\/wp-json\/wp\/v2\/posts\/37266","targetHints":{"allow":["GET"]}}],"collection":[{"href":"https:\/\/larevistadigital.com.ar\/blog\/wp-json\/wp\/v2\/posts"}],"about":[{"href":"https:\/\/larevistadigital.com.ar\/blog\/wp-json\/wp\/v2\/types\/post"}],"author":[{"embeddable":true,"href":"https:\/\/larevistadigital.com.ar\/blog\/wp-json\/wp\/v2\/users\/3"}],"replies":[{"embeddable":true,"href":"https:\/\/larevistadigital.com.ar\/blog\/wp-json\/wp\/v2\/comments?post=37266"}],"version-history":[{"count":1,"href":"https:\/\/larevistadigital.com.ar\/blog\/wp-json\/wp\/v2\/posts\/37266\/revisions"}],"predecessor-version":[{"id":37268,"href":"https:\/\/larevistadigital.com.ar\/blog\/wp-json\/wp\/v2\/posts\/37266\/revisions\/37268"}],"wp:featuredmedia":[{"embeddable":true,"href":"https:\/\/larevistadigital.com.ar\/blog\/wp-json\/wp\/v2\/media\/37267"}],"wp:attachment":[{"href":"https:\/\/larevistadigital.com.ar\/blog\/wp-json\/wp\/v2\/media?parent=37266"}],"wp:term":[{"taxonomy":"category","embeddable":true,"href":"https:\/\/larevistadigital.com.ar\/blog\/wp-json\/wp\/v2\/categories?post=37266"},{"taxonomy":"post_tag","embeddable":true,"href":"https:\/\/larevistadigital.com.ar\/blog\/wp-json\/wp\/v2\/tags?post=37266"}],"curies":[{"name":"wp","href":"https:\/\/api.w.org\/{rel}","templated":true}]}}