{"id":37269,"date":"2024-09-20T09:15:19","date_gmt":"2024-09-20T12:15:19","guid":{"rendered":"https:\/\/larevistadigital.com.ar\/blog\/?p=37269"},"modified":"2024-09-20T09:15:42","modified_gmt":"2024-09-20T12:15:42","slug":"llega-la-primavera-en-un-finde-que-se-define-a-puro-campo-en-chascomus","status":"publish","type":"post","link":"https:\/\/larevistadigital.com.ar\/blog\/llega-la-primavera-en-un-finde-que-se-define-a-puro-campo-en-chascomus\/","title":{"rendered":"Llega la primavera en un finde que se define a puro campo en Chascom\u00fas"},"content":{"rendered":"<h2 class=\"excerpt\">Sin lugar a dudas llega la estaci\u00f3n m\u00e1s hermosa del a\u00f1o y, con ella, seguimos disfrutando de Chascom\u00fas y las actividades que propone el encuentro del Caballo y el Carruaje.<\/h2>\n<p>20 de septiembre de 2024<\/p>\n<div id=\"miDiv1\" class=\"text\">\n<p><strong>CHASCOM\u00daS &#8211;\u00a0<\/strong> Este fin de semana en Chascom\u00fas estar\u00e1 signado por el 10\u00ba encuentro del Caballo y el Carruaje, una actividad que re\u00fane a los cultores del tradicionalismo del todo el pa\u00eds, una gran oportunidad para gustar de las prendas gauchas y la, movilidad utilizada en el campo argentino a trav\u00e9s del tiempo.<\/p>\n<p>Los que gustan del arte, podr\u00e1n recorrer muestras en distintos espacios patrimoniales como la Vieja Estaci\u00f3n, la Casa de Casco y el Museo Pampeano. Tres citas imperdibles con el arte. Adem\u00e1s de las visitas guiadas que se ofrecen para descubrir nuestros tesoros patrimoniales.<\/p>\n<h3>Viernes 20<\/h3>\n<p>-MUESTRA TEXTIL \u201cLO MACRO Y LO MICRO, JUEGO DE ESCALAS\u201d DE MAR\u00cdA ELENA GONZ\u00c1LEZ. De 9 a 15 hs., en el Museo Pampeano (Lastra y Mu\u00f1iz). Acceso libre y gratuito.<\/p>\n<p>-MUESTRA \u201cDIBUJ\u00c1 TUS JUGUETES\u201d Y DE JUGUETES DE DIFERENTES GENERACIONES. De 9 a 15 hs., en Casa de Casco. Acceso libre y gratuito.<\/p>\n<p>-MUESTRA DE ARTES VISUALES \u201cTINTAS OSCURAS\u201d DE ROMINA C\u00d3RDOBA. De 9 a 15 hs. En el Centro Cultural Municipal \u201cVieja Estaci\u00f3n\u201d. Acceso libre y gratuito.<\/p>\n<p>-VISITA GUIADA \u201cMUSEO PAMPEANO\u201d. A las 11 horas. Actividad sin cargo. Previa inscripci\u00f3n, solicitando el link v\u00eda whatsApp al 2241-603414 o ingresando en el siguiente link: https:\/\/linktr.ee\/visitasguiadas.turismoch<\/p>\n<p>-VISITA GUIADA \u201cCAMINO DE SANTIAGO\u201d. A las 15 hs. Actividad sin cargo. Previa inscripci\u00f3n, solicitando el link v\u00eda whatsApp al 2241-603414 o ingresando en el siguiente link: https:\/\/linktr.ee\/visitasguiadas.turismoch<\/p>\n<p>-TALLER DE CANTO CON LA MULTIFAC\u00c9TICA ARTISTA ALICIA ALVAREZ. A las 16, en Casa de Casco.<\/p>\n<h3>S\u00e1bado 21<\/h3>\n<p>-MUESTRA TEXTIL \u201cLO MACRO Y LO MICRO, JUEGO DE ESCALAS\u201d DE MAR\u00cdA ELENA GONZ\u00c1LEZ. de 10 a 16 hs., en el Museo Pampeano (Lastra y Mu\u00f1iz). Acceso libre y gratuito.<\/p>\n<p>-MUESTRA \u201cDIBUJ\u00c1 TUS JUGUETES\u201d Y DE JUGUETES DE DIFERENTES GENERACIONES. De 9 a 15 hs., en Casa de Casco. Acceso libre y gratuito.<\/p>\n<p>-PASEO DE ARTESANOS Y EMPRENDEDORES. De 10 a 19 hs. Artesan\u00edas y productos locales. Pte. Per\u00f3n y Costanera Espa\u00f1a.<\/p>\n<p>-MUESTRA DE ARTES VISUALES \u201cTINTAS OSCURAS\u201d DE ROMINA C\u00d3RDOBA. De 10 a 16 hs. En el Centro Cultural Municipal \u201cVieja Estaci\u00f3n\u201d. Acceso libre y gratuito.<\/p>\n<p>-VISITA GUIADA \u201cCASCO HIST\u00d3RICO\u201d. A las 11 hs. Actividad sin cargo. Previa inscripci\u00f3n, solicitando el link v\u00eda whatsApp al 2241-603414 o ingresando en el siguiente link: https:\/\/linktr.ee\/visitasguiadas.turismoch<\/p>\n<p>-10\u00ba ENCUENTRO DEL CABALLO Y EL CARRUAJE<\/p>\n<p>11 hs. Recepci\u00f3n Sociedad Rural de Chascom\u00fas.<\/p>\n<p>15 hs. Paseo por casco hist\u00f3rico.<\/p>\n<p>16:30 hs. Presentaci\u00f3n de carruajes en el Parque de los Libres del Sur.<\/p>\n<p>18 hs. Regreso a la Sociedad Rural.<\/p>\n<p>21 hs. Velada en el Museo Pampeano con participaci\u00f3n de folkloristas locales.<\/p>\n<p>&#8211; VISITA \u201cECO GUIA DE LAS ENCADENADAS\u201d. A las 15 hs. Actividad sin cargo. Previa inscripci\u00f3n, solicitando el link v\u00eda whatsApp al 2241-603414 o ingresando en el siguiente link: https:\/\/linktr.ee\/visitasguiadas.turismoch<\/p>\n<p>-ESPECTACULO \u201cPALO ZANCO\u201d. A las 15 hs, en el Paseo de los Artesanos y Emprendedores. A la gorra.<\/p>\n<p>-ESPECTACULO \u201cVIVIR SO\u00d1ANDO\u201d. A las 15,15 hs, en el Paseo de los Artesanos y Emprendedores. A la gorra.<\/p>\n<p>-COVERS ROCK. A las 16 hs, en el Paseo de los Artesanos y Emprendedores. Acceso Libre y gratuito.<\/p>\n<p>-VOLTAGE. A las 17 hs, en el Paseo de los Artesanos y Emprendedores. Acceso Libre y gratuito.<\/p>\n<p>-GENTE DE BARRIO. A las 18 hs, en el Paseo de los Artesanos y Emprendedores. Acceso Libre y gratuito.<\/p>\n<h3>Domingo 22<\/h3>\n<p>-MUESTRA \u201cDIBUJ\u00c1 TUS JUGUETES\u201d Y DE JUGUETES DE DIFERENTES GENERACIONES. De 9 a 15 hs., en Casa de Casco. Acceso libre y gratuito.<\/p>\n<p>-MUESTRA TEXTIL \u201cLO MACRO Y LO MICRO, JUEGO DE ESCALAS\u201d DE MAR\u00cdA ELENA GONZ\u00c1LEZ. de 10 a 16 hs., en el Museo Pampeano (Lastra y Mu\u00f1iz). Acceso libre y gratuito.<\/p>\n<p>-PASEO DE ARTESANOS Y EMPRENDEDORES. De 10 a 19 hs. Artesan\u00edas y productos locales. Pte. Per\u00f3n y Costanera Espa\u00f1a.<\/p>\n<p>-ACTO RECONOCIMIENTO A DEFENSA CIVIL. A las 10,30 horas, en Plaza Libertad (calle arenales esq. Juli\u00e1n Quintana).<\/p>\n<p>-MUESTRA DE ARTES VISUALES \u201cTINTAS OSCURAS\u201d DE ROMINA C\u00d3RDOBA. De 10 a 16 hs. En el Centro Cultural Municipal \u201cVieja Estaci\u00f3n\u201d. Acceso libre y gratuito.<\/p>\n<p>-10\u00ba ENCUENTRO DEL CABALLO Y EL CARRUAJE<\/p>\n<p>10 hs. Partida desde la Sociedad Rural hacia Costanera Espa\u00f1a, direcci\u00f3n Sur.<\/p>\n<p>12 hs. Arribo a Estancia La Alameda.<\/p>\n<p>13 hs. Almuerzo y entrega de Premios.<\/p>\n<p>15 hs. Continuaci\u00f3n del paseo de Circunvalaci\u00f3n, direcci\u00f3n Norte.<\/p>\n<p>18 hs. Arribo a la Sociedad Rural.<\/p>\n<p>-VISITA GUIADA \u201cMUSEO FERROVIARIO\u201d. A las 11 horas. Actividad sin cargo. Previa inscripci\u00f3n, solicitando el link v\u00eda whatsApp al 2241-603414 o ingresando en el siguiente link: https:\/\/linktr.ee\/visitasguiadas.turismoch<\/p>\n<p>-VISITA GUIADA \u201cCAMINO DE SANTIAGO\u201d. A las 15 hs. Actividad sin cargo. Previa inscripci\u00f3n, solicitando el link v\u00eda whatsApp al 2241-603414 o ingresando en el siguiente link: https:\/\/linktr.ee\/visitasguiadas.turismoch<\/p>\n<p>-GASTON OBREG\u00d3N. A las 16 hs, en el Paseo de los Artesanos y Emprendedores. Acceso Libre y gratuito.<\/p>\n<p>-OBRA TEATRAL VENECIA. A las 20,30, en el Teatro Municipal Brazzola. Entradas a la venta en la boleter\u00eda del teatro.<\/p>\n<\/div>\n","protected":false},"excerpt":{"rendered":"<div class=\"mh-excerpt\"><p>Sin lugar a dudas llega la estaci\u00f3n m\u00e1s hermosa del a\u00f1o y, con ella, seguimos disfrutando de Chascom\u00fas y las actividades que propone el encuentro del Caballo y el Carruaje. 20 de septiembre de 2024 <a class=\"mh-excerpt-more\" href=\"https:\/\/larevistadigital.com.ar\/blog\/llega-la-primavera-en-un-finde-que-se-define-a-puro-campo-en-chascomus\/\" title=\"Llega la primavera en un finde que se define a puro campo en Chascom\u00fas\">[Leer M\u00e1s]<\/a><\/p>\n<\/div>","protected":false},"author":3,"featured_media":37270,"comment_status":"open","ping_status":"open","sticky":false,"template":"","format":"standard","meta":{"_jetpack_memberships_contains_paid_content":false,"footnotes":"","jetpack_publicize_message":"","jetpack_publicize_feature_enabled":true,"jetpack_social_post_already_shared":true,"jetpack_social_options":{"image_generator_settings":{"template":"highway","default_image_id":0,"font":"","enabled":false},"version":2}},"categories":[50],"tags":[],"class_list":{"0":"post-37269","1":"post","2":"type-post","3":"status-publish","4":"format-standard","5":"has-post-thumbnail","7":"category-interes-general"},"jetpack_publicize_connections":[],"jetpack_featured_media_url":"https:\/\/i0.wp.com\/larevistadigital.com.ar\/blog\/wp-content\/uploads\/66ec57525fd86.png?fit=668%2C445&ssl=1","jetpack_sharing_enabled":true,"jetpack_shortlink":"https:\/\/wp.me\/p8qtrQ-9H7","jetpack-related-posts":[{"id":41451,"url":"https:\/\/larevistadigital.com.ar\/blog\/chascomus-con-gran-marco-de-publico-celebro-el-11-encuentro-del-caballo-y-el-carruaje\/","url_meta":{"origin":37269,"position":0},"title":"Chascom\u00fas: Con gran marco de p\u00fablico celebr\u00f3 el 11\u00b0 Encuentro del Caballo y el Carruaje","author":"Alejandro Sosa Ruda","date":"15 septiembre, 2025","format":false,"excerpt":"Veh\u00edculos de colecci\u00f3n desfilaron por el Parque de los Libres del Sur. 15 de septiembre de 2025 CHASCOM\u00daS -\u00a0 \u00a0Coleccionistas y seguidores de la vida rural disfrutaron durante el pasado fin de semana, del 11\u00b0 Encuentro del Caballo y el Carruaje. La propuesta, que cont\u00f3 con el acompa\u00f1amiento de la\u2026","rel":"","context":"En \u00abCHASCOM\u00daS\u00bb","block_context":{"text":"CHASCOM\u00daS","link":"https:\/\/larevistadigital.com.ar\/blog\/category\/chascomus\/"},"img":{"alt_text":"","src":"https:\/\/i0.wp.com\/larevistadigital.com.ar\/blog\/wp-content\/uploads\/68c84574efa3d.png?fit=668%2C445&ssl=1&resize=350%2C200","width":350,"height":200,"srcset":"https:\/\/i0.wp.com\/larevistadigital.com.ar\/blog\/wp-content\/uploads\/68c84574efa3d.png?fit=668%2C445&ssl=1&resize=350%2C200 1x, https:\/\/i0.wp.com\/larevistadigital.com.ar\/blog\/wp-content\/uploads\/68c84574efa3d.png?fit=668%2C445&ssl=1&resize=525%2C300 1.5x"},"classes":[]},{"id":40756,"url":"https:\/\/larevistadigital.com.ar\/blog\/en-septiembre-chascomus-respirara-tradicion-con-el-encuentro-del-caballo-y-el-carruaje\/","url_meta":{"origin":37269,"position":1},"title":"En septiembre Chascom\u00fas respirar\u00e1 tradici\u00f3n con el Encuentro del Caballo y el Carruaje","author":"Alejandro Sosa Ruda","date":"5 agosto, 2025","format":false,"excerpt":"Una gran fiesta que convoca a apasionados y curiosos de la Provincia de Buenos Aires y de todo el pa\u00eds durante el fin de semana anticipando la llegada de la primavera. 06 de Agosto de 2025 CHASCOM\u00daS -\u00a0 \u00a0Llenando de colorido nuestras calles, el 13 y 14 de septiembre, viviremos\u2026","rel":"","context":"En \u00abREGIONALES\u00bb","block_context":{"text":"REGIONALES","link":"https:\/\/larevistadigital.com.ar\/blog\/category\/regionales\/"},"img":{"alt_text":"","src":"https:\/\/i0.wp.com\/larevistadigital.com.ar\/blog\/wp-content\/uploads\/6892356429d13.png?fit=668%2C445&ssl=1&resize=350%2C200","width":350,"height":200,"srcset":"https:\/\/i0.wp.com\/larevistadigital.com.ar\/blog\/wp-content\/uploads\/6892356429d13.png?fit=668%2C445&ssl=1&resize=350%2C200 1x, https:\/\/i0.wp.com\/larevistadigital.com.ar\/blog\/wp-content\/uploads\/6892356429d13.png?fit=668%2C445&ssl=1&resize=525%2C300 1.5x"},"classes":[]},{"id":41334,"url":"https:\/\/larevistadigital.com.ar\/blog\/chascomus-el-proximo-fin-de-semana-se-realizara-el-11-encuentro-del-caballo-y-el-carruaje\/","url_meta":{"origin":37269,"position":2},"title":"Chascom\u00fas: El pr\u00f3ximo fin de semana se realizar\u00e1 el 11\u00b0 Encuentro del Caballo y el Carruaje","author":"Alejandro Sosa Ruda","date":"8 septiembre, 2025","format":false,"excerpt":"La fiesta convoca a cultores y coleccionistas de todo el pa\u00eds. 08 de septiembre de 2025 CHASCOM\u00daS -\u00a0 Chascom\u00fas volver\u00e1 a ser escenario de una gran celebraci\u00f3n para los amantes de la vida rural y las tradiciones camperas. El s\u00e1bado 13 y domingo 14 de septiembre tendr\u00e1 lugar el 11\u00b0\u2026","rel":"","context":"En \u00abCHASCOM\u00daS\u00bb","block_context":{"text":"CHASCOM\u00daS","link":"https:\/\/larevistadigital.com.ar\/blog\/category\/chascomus\/"},"img":{"alt_text":"","src":"https:\/\/i0.wp.com\/larevistadigital.com.ar\/blog\/wp-content\/uploads\/68bf1563a3f28.png?fit=668%2C445&ssl=1&resize=350%2C200","width":350,"height":200,"srcset":"https:\/\/i0.wp.com\/larevistadigital.com.ar\/blog\/wp-content\/uploads\/68bf1563a3f28.png?fit=668%2C445&ssl=1&resize=350%2C200 1x, https:\/\/i0.wp.com\/larevistadigital.com.ar\/blog\/wp-content\/uploads\/68bf1563a3f28.png?fit=668%2C445&ssl=1&resize=525%2C300 1.5x"},"classes":[]},{"id":41274,"url":"https:\/\/larevistadigital.com.ar\/blog\/chascomus-avanzan-los-trabajos-de-em\/","url_meta":{"origin":37269,"position":3},"title":"Chascom\u00fas: Avanzan los trabajos de embellecimiento de la Vieja Estaci\u00f3n","author":"Alejandro Sosa Ruda","date":"3 septiembre, 2025","format":false,"excerpt":"Personal municipal, se avoca por estos d\u00edas a las tareas de hidrolavado y pintura de este edificio patrimonial. 03 de septirmbre de 2025 CHASCOM\u00daS -\u00a0 En los \u00faltimos d\u00edas se llevaron adelante diversos trabajos de mantenimiento en el Centro Cultural Municipal \u201cVieja Estaci\u00f3n\u201d, hist\u00f3rico y emblem\u00e1tico edificio patrimonial de nuestra\u2026","rel":"","context":"En \u00abCHASCOM\u00daS\u00bb","block_context":{"text":"CHASCOM\u00daS","link":"https:\/\/larevistadigital.com.ar\/blog\/category\/chascomus\/"},"img":{"alt_text":"","src":"https:\/\/i0.wp.com\/larevistadigital.com.ar\/blog\/wp-content\/uploads\/68b71b03845ad.png?fit=668%2C445&ssl=1&resize=350%2C200","width":350,"height":200,"srcset":"https:\/\/i0.wp.com\/larevistadigital.com.ar\/blog\/wp-content\/uploads\/68b71b03845ad.png?fit=668%2C445&ssl=1&resize=350%2C200 1x, https:\/\/i0.wp.com\/larevistadigital.com.ar\/blog\/wp-content\/uploads\/68b71b03845ad.png?fit=668%2C445&ssl=1&resize=525%2C300 1.5x"},"classes":[]},{"id":42234,"url":"https:\/\/larevistadigital.com.ar\/blog\/chascomus-continua-la-puesta-en-valor-del-edificio-de-la-vieja-estacion\/","url_meta":{"origin":37269,"position":4},"title":"Chascom\u00fas: Contin\u00faa la puesta en valor del edificio de la Vieja Estaci\u00f3n","author":"Alejandro Sosa Ruda","date":"24 octubre, 2025","format":false,"excerpt":"Luego de la reparaci\u00f3n de los techos de este edificio, las tareas se concentraron en la pintura del mismo. 24 de Octubre de 2025 CHASCOM\u00daS -\u00a0 \u00a0Se vienen realizando distintas acciones para la puesta en valor de la emblem\u00e1tica edificaci\u00f3n de la Vieja Estaci\u00f3n, buscando realzar a\u00fan m\u00e1s su belleza\u2026","rel":"","context":"En \u00abCHASCOM\u00daS\u00bb","block_context":{"text":"CHASCOM\u00daS","link":"https:\/\/larevistadigital.com.ar\/blog\/category\/chascomus\/"},"img":{"alt_text":"","src":"https:\/\/i0.wp.com\/larevistadigital.com.ar\/blog\/wp-content\/uploads\/68fbb3cc5ea7a.png?fit=668%2C445&ssl=1&resize=350%2C200","width":350,"height":200,"srcset":"https:\/\/i0.wp.com\/larevistadigital.com.ar\/blog\/wp-content\/uploads\/68fbb3cc5ea7a.png?fit=668%2C445&ssl=1&resize=350%2C200 1x, https:\/\/i0.wp.com\/larevistadigital.com.ar\/blog\/wp-content\/uploads\/68fbb3cc5ea7a.png?fit=668%2C445&ssl=1&resize=525%2C300 1.5x"},"classes":[]},{"id":40817,"url":"https:\/\/larevistadigital.com.ar\/blog\/chascomus-se-realiza-el-festival-fes-en-la-vieja-estacion\/","url_meta":{"origin":37269,"position":5},"title":"Chascom\u00fas: Se realiza el Festival FES en la Vieja Estaci\u00f3n","author":"Alejandro Sosa Ruda","date":"8 agosto, 2025","format":false,"excerpt":"Una gran oportunidad para apoyar a los j\u00f3venes talentos de Chascom\u00fas, disfrutar de un domingo diferente y celebrar el esp\u00edritu colectivo de los estudiantes. 08 de Agosto de 2025 CHASCOM\u00daS\u00a0 -\u00a0 \u00a0Organizado por la Federaci\u00f3n de Estudiantes Secundarios con el acompa\u00f1amiento de la Municipalidad, invita a toda la comunidad a\u2026","rel":"","context":"En \u00abCHASCOM\u00daS\u00bb","block_context":{"text":"CHASCOM\u00daS","link":"https:\/\/larevistadigital.com.ar\/blog\/category\/chascomus\/"},"img":{"alt_text":"","src":"https:\/\/i0.wp.com\/larevistadigital.com.ar\/blog\/wp-content\/uploads\/689627c2e55e4.png?fit=668%2C445&ssl=1&resize=350%2C200","width":350,"height":200,"srcset":"https:\/\/i0.wp.com\/larevistadigital.com.ar\/blog\/wp-content\/uploads\/689627c2e55e4.png?fit=668%2C445&ssl=1&resize=350%2C200 1x, https:\/\/i0.wp.com\/larevistadigital.com.ar\/blog\/wp-content\/uploads\/689627c2e55e4.png?fit=668%2C445&ssl=1&resize=525%2C300 1.5x"},"classes":[]}],"_links":{"self":[{"href":"https:\/\/larevistadigital.com.ar\/blog\/wp-json\/wp\/v2\/posts\/37269","targetHints":{"allow":["GET"]}}],"collection":[{"href":"https:\/\/larevistadigital.com.ar\/blog\/wp-json\/wp\/v2\/posts"}],"about":[{"href":"https:\/\/larevistadigital.com.ar\/blog\/wp-json\/wp\/v2\/types\/post"}],"author":[{"embeddable":true,"href":"https:\/\/larevistadigital.com.ar\/blog\/wp-json\/wp\/v2\/users\/3"}],"replies":[{"embeddable":true,"href":"https:\/\/larevistadigital.com.ar\/blog\/wp-json\/wp\/v2\/comments?post=37269"}],"version-history":[{"count":1,"href":"https:\/\/larevistadigital.com.ar\/blog\/wp-json\/wp\/v2\/posts\/37269\/revisions"}],"predecessor-version":[{"id":37271,"href":"https:\/\/larevistadigital.com.ar\/blog\/wp-json\/wp\/v2\/posts\/37269\/revisions\/37271"}],"wp:featuredmedia":[{"embeddable":true,"href":"https:\/\/larevistadigital.com.ar\/blog\/wp-json\/wp\/v2\/media\/37270"}],"wp:attachment":[{"href":"https:\/\/larevistadigital.com.ar\/blog\/wp-json\/wp\/v2\/media?parent=37269"}],"wp:term":[{"taxonomy":"category","embeddable":true,"href":"https:\/\/larevistadigital.com.ar\/blog\/wp-json\/wp\/v2\/categories?post=37269"},{"taxonomy":"post_tag","embeddable":true,"href":"https:\/\/larevistadigital.com.ar\/blog\/wp-json\/wp\/v2\/tags?post=37269"}],"curies":[{"name":"wp","href":"https:\/\/api.w.org\/{rel}","templated":true}]}}