{"id":37272,"date":"2024-09-20T09:18:34","date_gmt":"2024-09-20T12:18:34","guid":{"rendered":"https:\/\/larevistadigital.com.ar\/blog\/?p=37272"},"modified":"2024-09-20T09:18:34","modified_gmt":"2024-09-20T12:18:34","slug":"juegos-bonaerenses","status":"publish","type":"post","link":"https:\/\/larevistadigital.com.ar\/blog\/juegos-bonaerenses\/","title":{"rendered":"Juegos Bonaerenses"},"content":{"rendered":"<h2 class=\"excerpt\">Casi 95 chascomunenses ya est\u00e1n clasificados a la gran Final de Mar del Plata<\/h2>\n<p>20 de Septiembre de 2024<\/p>\n<p>\u00daltimas semanas de competencias en la Etapa Regional e Interregional de los Juegos m\u00e1s importantes de la Provincia de Buenos Aires. M\u00e1s de noventa y cinco vecinos y vecinas representar\u00e1n a Chascom\u00fas en disciplinas deportivas y culturales.<\/p>\n<div id=\"miDiv1\" class=\"text\">\n<p>Esta vez, fue tiempo de definiciones para el Atletismo, Orientaci\u00f3n, Ajedrez, Pesca, Tenis de Mesa y Bonaerenses en Carrera. Resultados:<\/p>\n<p><strong>Atletismo<\/strong><\/p>\n<p>-Salto en largo Cat. PCD Intelectual &#8211; Escuela n\u00b0 504<\/p>\n<p>I\u00f1aki Garbizu<\/p>\n<p>-100 m Cat. PCD Visual &#8211; Escuela Municipal de Atletismo<\/p>\n<p>Juan Sagorovosky<\/p>\n<p>-100 m Cat. PCD motor &#8211; Escuela Nuestra Se\u00f1ora de Luj\u00e1n<\/p>\n<p>Pedro Dagorret<\/p>\n<p>-Lanzamiento de bala Cat. Sub 18 Varones &#8211; Escuela Industrial<\/p>\n<p>Emanuel Morales<\/p>\n<p>-Salto en largo Cat. Sub16 Varones &#8211; Secundaria n\u00b03<\/p>\n<p>Francisco Figueroa<\/p>\n<p>-Lanzamiento de bala Cat. Sub 14 Mujeres &#8211; Instituto Coraz\u00f3n de Mar\u00eda<\/p>\n<p>Victoria Etchehoyen<\/p>\n<p>-Salto en largo Cat. Sub14 Mujeres &#8211; Instituto Coraz\u00f3n de Mar\u00eda<\/p>\n<p>Florencia De castro<\/p>\n<p>-80m Cat Sub 14 Mujeres &#8211; Instituo Coraz\u00f3n de Mar\u00eda<\/p>\n<p>Valentina De Castro<\/p>\n<p>-3000 m Cat. Sub 16 Varones &#8211; Secundaria n\u00b06<\/p>\n<p>Dante Quiroz<\/p>\n<p>-Salto en alto Cat. Sub 16 Mujeres &#8211; Escuela Agraria<\/p>\n<p>Candela Tieri<\/p>\n<p>-2000 m Cat. Sub 16 Mujeres- Secundaria n\u00b03<\/p>\n<p>Luna Bilyk<\/p>\n<p>-Salto en alto Cat. Sub 18 Varones &#8211; Escuela Industrial<\/p>\n<p>Manuel Francese<\/p>\n<p><strong>Orientaci\u00f3n<\/strong><\/p>\n<p>-Cat. Adultos Mayores Mujeres &#8211; Municipalidad de Chascom\u00fas<\/p>\n<p>Anal\u00eda Mariano y Estella Erramuspe<\/p>\n<p>-Cat. Adultos Mayores Varones &#8211; Municipalidad de Chascom\u00fas<\/p>\n<p>Mario Olivero y Carlos Lugano<\/p>\n<p>-Cat. Intergeneracional &#8211; Municipalidad de Chascom\u00fas<\/p>\n<p>Mar\u00eda del Carmen Altuna y Dolores Chientaroli<\/p>\n<p><strong>Ajedrez<\/strong><\/p>\n<p>-Cat. Adultos Mayores &#8211; Municipalidad de Chascom\u00fas<\/p>\n<p>Guillermo Cerimele<\/p>\n<p><strong>Pesca<\/strong><\/p>\n<p>Cat. Adultos Mayores &#8211; Municipalidad de Chascom\u00fas<\/p>\n<p>In\u00e9s Egli<\/p>\n<p><strong>Bonaerenses en carrera<\/strong>\u00a0&#8211; Municipalidad de Chascom\u00fas<\/p>\n<p>Ismael C\u00e1mara, Leticia Cattaneo y Joaqu\u00edn Gualquer<\/p>\n<p><strong>Tenis de Mesa<\/strong><\/p>\n<p>Cat. PCD Motor Sub 18 &#8211; Escuela 502<\/p>\n<p>Mirko Romero<\/p>\n<\/div>\n","protected":false},"excerpt":{"rendered":"<div class=\"mh-excerpt\"><p>Casi 95 chascomunenses ya est\u00e1n clasificados a la gran Final de Mar del Plata 20 de Septiembre de 2024 \u00daltimas semanas de competencias en la Etapa Regional e Interregional de los Juegos m\u00e1s importantes de <a class=\"mh-excerpt-more\" href=\"https:\/\/larevistadigital.com.ar\/blog\/juegos-bonaerenses\/\" title=\"Juegos Bonaerenses\">[Leer M\u00e1s]<\/a><\/p>\n<\/div>","protected":false},"author":3,"featured_media":37273,"comment_status":"open","ping_status":"open","sticky":false,"template":"","format":"standard","meta":{"_jetpack_memberships_contains_paid_content":false,"footnotes":"","jetpack_publicize_message":"","jetpack_publicize_feature_enabled":true,"jetpack_social_post_already_shared":true,"jetpack_social_options":{"image_generator_settings":{"template":"highway","default_image_id":0,"font":"","enabled":false},"version":2}},"categories":[50],"tags":[],"class_list":{"0":"post-37272","1":"post","2":"type-post","3":"status-publish","4":"format-standard","5":"has-post-thumbnail","7":"category-interes-general"},"jetpack_publicize_connections":[],"jetpack_featured_media_url":"https:\/\/i0.wp.com\/larevistadigital.com.ar\/blog\/wp-content\/uploads\/66ec5b5dcd0b8.png?fit=668%2C445&ssl=1","jetpack_sharing_enabled":true,"jetpack_shortlink":"https:\/\/wp.me\/p8qtrQ-9Ha","jetpack-related-posts":[{"id":37730,"url":"https:\/\/larevistadigital.com.ar\/blog\/chascomus-obtuvo-ocho-medallas-en-los-juegos-bonaerenses\/","url_meta":{"origin":37272,"position":0},"title":"Chascom\u00fas obtuvo ocho medallas en los Juegos Bonaerenses","author":"Alejandro Sosa Ruda","date":"5 noviembre, 2024","format":false,"excerpt":"Finaliz\u00f3 la 33\u00b0 edici\u00f3n de la competencia deportiva y cultural m\u00e1s convocante de la provincia 5 de Noviembre de 2024 CHASCOM\u00daS -\u00a0 Con una delegaci\u00f3n de 114 personas, Chascom\u00fas particip\u00f3 de la gran final de Los Juegos Bonaerenses 2024 en Mar del Plata. Tras una semana de competencias, la cosecha\u2026","rel":"","context":"En \u00abCHASCOM\u00daS\u00bb","block_context":{"text":"CHASCOM\u00daS","link":"https:\/\/larevistadigital.com.ar\/blog\/category\/chascomus\/"},"img":{"alt_text":"","src":"https:\/\/i0.wp.com\/larevistadigital.com.ar\/blog\/wp-content\/uploads\/6729086fe5860.png?fit=668%2C445&ssl=1&resize=350%2C200","width":350,"height":200,"srcset":"https:\/\/i0.wp.com\/larevistadigital.com.ar\/blog\/wp-content\/uploads\/6729086fe5860.png?fit=668%2C445&ssl=1&resize=350%2C200 1x, https:\/\/i0.wp.com\/larevistadigital.com.ar\/blog\/wp-content\/uploads\/6729086fe5860.png?fit=668%2C445&ssl=1&resize=525%2C300 1.5x"},"classes":[]},{"id":42157,"url":"https:\/\/larevistadigital.com.ar\/blog\/chascomus-javier-gaston-recibio-a-medallistas-de-los-juegos-bonaerenses\/","url_meta":{"origin":37272,"position":1},"title":"Chascom\u00fas: Javier Gast\u00f3n recibi\u00f3 a medallistas de los Juegos Bonaerenses","author":"Alejandro Sosa Ruda","date":"22 octubre, 2025","format":false,"excerpt":"Una parte de la delegaci\u00f3n fue recibida por el Intendente ayer por la tarde en su despacho. 22 de Octubre de 2025 CHASCOM\u00daS -\u00a0 \u00a0 Tras el regreso de Mar del Plata, donde se disput\u00f3 la gran final provincial de los Juegos Bonaerenses, el intendente Gast\u00f3n recibi\u00f3 a una parte\u2026","rel":"","context":"En \u00abCHASCOM\u00daS\u00bb","block_context":{"text":"CHASCOM\u00daS","link":"https:\/\/larevistadigital.com.ar\/blog\/category\/chascomus\/"},"img":{"alt_text":"","src":"https:\/\/i0.wp.com\/larevistadigital.com.ar\/blog\/wp-content\/uploads\/68f923e305583.png?fit=668%2C445&ssl=1&resize=350%2C200","width":350,"height":200,"srcset":"https:\/\/i0.wp.com\/larevistadigital.com.ar\/blog\/wp-content\/uploads\/68f923e305583.png?fit=668%2C445&ssl=1&resize=350%2C200 1x, https:\/\/i0.wp.com\/larevistadigital.com.ar\/blog\/wp-content\/uploads\/68f923e305583.png?fit=668%2C445&ssl=1&resize=525%2C300 1.5x"},"classes":[]},{"id":39687,"url":"https:\/\/larevistadigital.com.ar\/blog\/continua-abierta-la-inscripcion-a-los-juegos-bonaerenses\/","url_meta":{"origin":37272,"position":2},"title":"Contin\u00faa abierta la inscripci\u00f3n a los Juegos Bonaerenses","author":"Alejandro Sosa Ruda","date":"6 mayo, 2025","format":false,"excerpt":"Hay tiempo hasta el 18 de mayo para inscribirse y poder participar de la competencia provincial 06 de Mayo de 2025 CHASCOM\u00daS -\u00a0 \u00a0Una gran oportunidad para representar a Chascom\u00fas en tu disciplina deportiva o cultural en los Juegos Bonaerenses, la competencia que convoca a los 135 distritos de la\u2026","rel":"","context":"En \u00abSin categor\u00eda\u00bb","block_context":{"text":"Sin categor\u00eda","link":"https:\/\/larevistadigital.com.ar\/blog\/category\/sin-categoria\/"},"img":{"alt_text":"","src":"https:\/\/i0.wp.com\/larevistadigital.com.ar\/blog\/wp-content\/uploads\/681a4098aaef6.png?fit=668%2C445&ssl=1&resize=350%2C200","width":350,"height":200,"srcset":"https:\/\/i0.wp.com\/larevistadigital.com.ar\/blog\/wp-content\/uploads\/681a4098aaef6.png?fit=668%2C445&ssl=1&resize=350%2C200 1x, https:\/\/i0.wp.com\/larevistadigital.com.ar\/blog\/wp-content\/uploads\/681a4098aaef6.png?fit=668%2C445&ssl=1&resize=525%2C300 1.5x"},"classes":[]},{"id":37866,"url":"https:\/\/larevistadigital.com.ar\/blog\/javier-gaston-recibio-a-medallistas-de-los-juegos-bonaerenses\/","url_meta":{"origin":37272,"position":3},"title":"Javier Gast\u00f3n recibi\u00f3 a medallistas de los Juegos Bonaerenses","author":"Alejandro Sosa Ruda","date":"13 noviembre, 2024","format":false,"excerpt":"Los integrantes de la delegaci\u00f3n chascomunense fueron convocados hoy al Palacio Municipal. 13 DE nOVIEMBRE DE 2024 CHASCOM\u00daS - Los ganadores en distintas disciplinas culturales y deportivas de la \u00faltima edici\u00f3n de los Juegos Bonaerenses, fueron convocados a un encuentro con el intendente Javier Gast\u00f3n, quien los recibi\u00f3 en reconocimiento\u2026","rel":"","context":"En \u00abCHASCOM\u00daS\u00bb","block_context":{"text":"CHASCOM\u00daS","link":"https:\/\/larevistadigital.com.ar\/blog\/category\/chascomus\/"},"img":{"alt_text":"","src":"https:\/\/i0.wp.com\/larevistadigital.com.ar\/blog\/wp-content\/uploads\/6734ee18d43f2.png?fit=668%2C445&ssl=1&resize=350%2C200","width":350,"height":200,"srcset":"https:\/\/i0.wp.com\/larevistadigital.com.ar\/blog\/wp-content\/uploads\/6734ee18d43f2.png?fit=668%2C445&ssl=1&resize=350%2C200 1x, https:\/\/i0.wp.com\/larevistadigital.com.ar\/blog\/wp-content\/uploads\/6734ee18d43f2.png?fit=668%2C445&ssl=1&resize=525%2C300 1.5x"},"classes":[]},{"id":41947,"url":"https:\/\/larevistadigital.com.ar\/blog\/mar-del-plata-recibe-la-final-de-los-juegos-bonaerenses-2025\/","url_meta":{"origin":37272,"position":4},"title":"Mar del Plata recibe la Final de los Juegos Bonaerenses 2025","author":"Alejandro Sosa Ruda","date":"13 octubre, 2025","format":false,"excerpt":"Con la participaci\u00f3n de m\u00e1s de 30 mil finalistas, la provincia de Buenos Aires celebra una nueva edici\u00f3n de los Juegos Bonaerenses, el evento deportivo y cultural m\u00e1s importante del pa\u00eds. La gran final se desarrollar\u00e1 del 13 al 18 de octubre en la ciudad de Mar del Plata. 13\u2026","rel":"","context":"En \u00abREGIONALES\u00bb","block_context":{"text":"REGIONALES","link":"https:\/\/larevistadigital.com.ar\/blog\/category\/regionales\/"},"img":{"alt_text":"","src":"https:\/\/i0.wp.com\/larevistadigital.com.ar\/blog\/wp-content\/uploads\/20251010162604_final-juegos-bonaerenses-2025-mar-del-plata.jpg?fit=880%2C512&ssl=1&resize=350%2C200","width":350,"height":200,"srcset":"https:\/\/i0.wp.com\/larevistadigital.com.ar\/blog\/wp-content\/uploads\/20251010162604_final-juegos-bonaerenses-2025-mar-del-plata.jpg?fit=880%2C512&ssl=1&resize=350%2C200 1x, https:\/\/i0.wp.com\/larevistadigital.com.ar\/blog\/wp-content\/uploads\/20251010162604_final-juegos-bonaerenses-2025-mar-del-plata.jpg?fit=880%2C512&ssl=1&resize=525%2C300 1.5x, https:\/\/i0.wp.com\/larevistadigital.com.ar\/blog\/wp-content\/uploads\/20251010162604_final-juegos-bonaerenses-2025-mar-del-plata.jpg?fit=880%2C512&ssl=1&resize=700%2C400 2x"},"classes":[]},{"id":45020,"url":"https:\/\/larevistadigital.com.ar\/blog\/chascomus-abrio-la-inscripcion-a-los-juegos-bonaerenses-2026\/","url_meta":{"origin":37272,"position":5},"title":"Chascom\u00fas: Abri\u00f3 la inscripci\u00f3n a los Juegos Bonaerenses 2026","author":"Alejandro Sosa Ruda","date":"8 abril, 2026","format":false,"excerpt":"Hay tiempo hasta el 15 de mayo para anotarse y ser parte de esta propuesta que promueve la integraci\u00f3n, el deporte y la cultura. 08 de abril de 2026 CHASCOM\u00daS -\u00a0 \u00a0La Municipalidad de Chascom\u00fas invita a la comunidad a sumarse a la 35\u00aa edici\u00f3n de los Juegos Bonaerenses, el\u2026","rel":"","context":"En \u00abCHASCOM\u00daS\u00bb","block_context":{"text":"CHASCOM\u00daS","link":"https:\/\/larevistadigital.com.ar\/blog\/category\/chascomus\/"},"img":{"alt_text":"","src":"https:\/\/i0.wp.com\/larevistadigital.com.ar\/blog\/wp-content\/uploads\/69d685c25fd59-1.png?fit=668%2C445&ssl=1&resize=350%2C200","width":350,"height":200,"srcset":"https:\/\/i0.wp.com\/larevistadigital.com.ar\/blog\/wp-content\/uploads\/69d685c25fd59-1.png?fit=668%2C445&ssl=1&resize=350%2C200 1x, https:\/\/i0.wp.com\/larevistadigital.com.ar\/blog\/wp-content\/uploads\/69d685c25fd59-1.png?fit=668%2C445&ssl=1&resize=525%2C300 1.5x"},"classes":[]}],"_links":{"self":[{"href":"https:\/\/larevistadigital.com.ar\/blog\/wp-json\/wp\/v2\/posts\/37272","targetHints":{"allow":["GET"]}}],"collection":[{"href":"https:\/\/larevistadigital.com.ar\/blog\/wp-json\/wp\/v2\/posts"}],"about":[{"href":"https:\/\/larevistadigital.com.ar\/blog\/wp-json\/wp\/v2\/types\/post"}],"author":[{"embeddable":true,"href":"https:\/\/larevistadigital.com.ar\/blog\/wp-json\/wp\/v2\/users\/3"}],"replies":[{"embeddable":true,"href":"https:\/\/larevistadigital.com.ar\/blog\/wp-json\/wp\/v2\/comments?post=37272"}],"version-history":[{"count":1,"href":"https:\/\/larevistadigital.com.ar\/blog\/wp-json\/wp\/v2\/posts\/37272\/revisions"}],"predecessor-version":[{"id":37274,"href":"https:\/\/larevistadigital.com.ar\/blog\/wp-json\/wp\/v2\/posts\/37272\/revisions\/37274"}],"wp:featuredmedia":[{"embeddable":true,"href":"https:\/\/larevistadigital.com.ar\/blog\/wp-json\/wp\/v2\/media\/37273"}],"wp:attachment":[{"href":"https:\/\/larevistadigital.com.ar\/blog\/wp-json\/wp\/v2\/media?parent=37272"}],"wp:term":[{"taxonomy":"category","embeddable":true,"href":"https:\/\/larevistadigital.com.ar\/blog\/wp-json\/wp\/v2\/categories?post=37272"},{"taxonomy":"post_tag","embeddable":true,"href":"https:\/\/larevistadigital.com.ar\/blog\/wp-json\/wp\/v2\/tags?post=37272"}],"curies":[{"name":"wp","href":"https:\/\/api.w.org\/{rel}","templated":true}]}}