{"id":37275,"date":"2024-09-20T09:21:42","date_gmt":"2024-09-20T12:21:42","guid":{"rendered":"https:\/\/larevistadigital.com.ar\/blog\/?p=37275"},"modified":"2024-09-20T09:21:42","modified_gmt":"2024-09-20T12:21:42","slug":"se-realizara-este-domingo-un-homenaje-a-los-miembros-de-defensa-civil","status":"publish","type":"post","link":"https:\/\/larevistadigital.com.ar\/blog\/se-realizara-este-domingo-un-homenaje-a-los-miembros-de-defensa-civil\/","title":{"rendered":"Se realizar\u00e1 este domingo un homenaje a los miembros de Defensa Civil"},"content":{"rendered":"<h2 class=\"excerpt\">Es una iniciativa del Rotary Club Chascom\u00fas, que contar\u00e1 con la presencia del Intendente Javier Gast\u00f3n.<\/h2>\n<p>20 de septiembre de 2024<\/p>\n<div id=\"miDiv1\" class=\"text\">\n<p><strong>CHASCOM\u00daS &#8211;\u00a0<\/strong> Este domingo, desde las 10,30 horas, se realizar\u00e1 un merecido reconocimiento a los miembros del Defensa Civil Municipal, en la Plaza Libertad, m\u00e1s precisamente en la esquina en que confluyen las calles Arenales y Juli\u00e1n Quintana.<\/p>\n<p>En esta oportunidad, estar\u00e1 acompa\u00f1ando al Intendente Javier Gast\u00f3n y la delegaci\u00f3n del Rotary Club, el gobernador del Distrito 4905 de esta instituci\u00f3n, Fernando Vega, y miembros de clubes de otras ciudades.<\/p>\n<\/div>\n","protected":false},"excerpt":{"rendered":"<div class=\"mh-excerpt\"><p>Es una iniciativa del Rotary Club Chascom\u00fas, que contar\u00e1 con la presencia del Intendente Javier Gast\u00f3n. 20 de septiembre de 2024 CHASCOM\u00daS &#8211;\u00a0 Este domingo, desde las 10,30 horas, se realizar\u00e1 un merecido reconocimiento a <a class=\"mh-excerpt-more\" href=\"https:\/\/larevistadigital.com.ar\/blog\/se-realizara-este-domingo-un-homenaje-a-los-miembros-de-defensa-civil\/\" title=\"Se realizar\u00e1 este domingo un homenaje a los miembros de Defensa Civil\">[Leer M\u00e1s]<\/a><\/p>\n<\/div>","protected":false},"author":3,"featured_media":37276,"comment_status":"open","ping_status":"open","sticky":false,"template":"","format":"standard","meta":{"_jetpack_memberships_contains_paid_content":false,"footnotes":"","jetpack_publicize_message":"","jetpack_publicize_feature_enabled":true,"jetpack_social_post_already_shared":true,"jetpack_social_options":{"image_generator_settings":{"template":"highway","default_image_id":0,"font":"","enabled":false},"version":2}},"categories":[50],"tags":[],"class_list":{"0":"post-37275","1":"post","2":"type-post","3":"status-publish","4":"format-standard","5":"has-post-thumbnail","7":"category-interes-general"},"jetpack_publicize_connections":[],"jetpack_featured_media_url":"https:\/\/i0.wp.com\/larevistadigital.com.ar\/blog\/wp-content\/uploads\/66ec694822f22.png?fit=668%2C445&ssl=1","jetpack_sharing_enabled":true,"jetpack_shortlink":"https:\/\/wp.me\/p8qtrQ-9Hd","jetpack-related-posts":[{"id":39813,"url":"https:\/\/larevistadigital.com.ar\/blog\/chascomus-este-domingo-se-realizara-el-acto-oficial-en-conmemoracion-de-la-revolucion-de-mayo\/","url_meta":{"origin":37275,"position":0},"title":"Chascom\u00fas: Este domingo se realizar\u00e1 el acto oficial en conmemoraci\u00f3n de la Revoluci\u00f3n de Mayo","author":"Alejandro Sosa Ruda","date":"20 mayo, 2025","format":false,"excerpt":"Comenzar\u00e1 a las 11,50 horas, en la Plaza Independencia y ser\u00e1 encabezado por el intendente Javier Gast\u00f3n. 20 de Mayo de 2025 CHASCOM\u00daS -\u00a0 \u00a0La Municipalidad de Chascom\u00fas invita a los vecinos a participar de los actos a celebrarse en la jornada de este domingo 25 de mayo, en conmemoraci\u00f3n\u2026","rel":"","context":"En \u00abCHASCOM\u00daS\u00bb","block_context":{"text":"CHASCOM\u00daS","link":"https:\/\/larevistadigital.com.ar\/blog\/category\/chascomus\/"},"img":{"alt_text":"","src":"https:\/\/i0.wp.com\/larevistadigital.com.ar\/blog\/wp-content\/uploads\/682cab20e594a.png?fit=668%2C445&ssl=1&resize=350%2C200","width":350,"height":200,"srcset":"https:\/\/i0.wp.com\/larevistadigital.com.ar\/blog\/wp-content\/uploads\/682cab20e594a.png?fit=668%2C445&ssl=1&resize=350%2C200 1x, https:\/\/i0.wp.com\/larevistadigital.com.ar\/blog\/wp-content\/uploads\/682cab20e594a.png?fit=668%2C445&ssl=1&resize=525%2C300 1.5x"},"classes":[]},{"id":40880,"url":"https:\/\/larevistadigital.com.ar\/blog\/el-domingo-se-realizara-el-acto-oficial-para-recordar-al-general-san-martin\/","url_meta":{"origin":37275,"position":1},"title":"El domingo se realizar\u00e1 el acto oficial para recordar al General San Mart\u00edn","author":"Alejandro Sosa Ruda","date":"13 agosto, 2025","format":false,"excerpt":"Encabezado por el Intendente Javier Gast\u00f3n este domingo 17 de agosto, a las 14:45 horas en la Plaza Independencia, se realizar\u00e1 el acto oficial en homenaje al General Jos\u00e9 de San Mart\u00edn. 13 de agosto de 2025 CHASCOM\u00daS -\u00a0 \u00a0Al conmemorarse el 175\u00ba aniversario del fallecimiento del General San Mart\u00edn,\u2026","rel":"","context":"En \u00abCHASCOM\u00daS\u00bb","block_context":{"text":"CHASCOM\u00daS","link":"https:\/\/larevistadigital.com.ar\/blog\/category\/chascomus\/"},"img":{"alt_text":"","src":"https:\/\/i0.wp.com\/larevistadigital.com.ar\/blog\/wp-content\/uploads\/689b7c2d18f1b-1.png?fit=668%2C445&ssl=1&resize=350%2C200","width":350,"height":200,"srcset":"https:\/\/i0.wp.com\/larevistadigital.com.ar\/blog\/wp-content\/uploads\/689b7c2d18f1b-1.png?fit=668%2C445&ssl=1&resize=350%2C200 1x, https:\/\/i0.wp.com\/larevistadigital.com.ar\/blog\/wp-content\/uploads\/689b7c2d18f1b-1.png?fit=668%2C445&ssl=1&resize=525%2C300 1.5x"},"classes":[]},{"id":42811,"url":"https:\/\/larevistadigital.com.ar\/blog\/chascomus-este-domingo-sera-el-acto-protocolar-de-bendicion-de-aguas\/","url_meta":{"origin":37275,"position":2},"title":"Chascom\u00fas: Este domingo ser\u00e1 el acto protocolar de bendici\u00f3n de aguas","author":"Alejandro Sosa Ruda","date":"10 diciembre, 2025","format":false,"excerpt":"La cita ser\u00e1 a las 19 horas, en la zona de las Escalinatas, entre el Espig\u00f3n de Pesca y el Parador Mul\u00e9. 10 de Diciembre de 2025 CHASCOM\u00daS -\u00a0 \u00a0El pr\u00f3ximo domingo habr\u00e1 de desarrollarse el tradicional Acto de Bendici\u00f3n de las Aguas, donde el Intendente Javier Gast\u00f3n har\u00e1 uso\u2026","rel":"","context":"En \u00abCHASCOM\u00daS\u00bb","block_context":{"text":"CHASCOM\u00daS","link":"https:\/\/larevistadigital.com.ar\/blog\/category\/chascomus\/"},"img":{"alt_text":"","src":"https:\/\/i0.wp.com\/larevistadigital.com.ar\/blog\/wp-content\/uploads\/6939b18b41b22.png?fit=668%2C445&ssl=1&resize=350%2C200","width":350,"height":200,"srcset":"https:\/\/i0.wp.com\/larevistadigital.com.ar\/blog\/wp-content\/uploads\/6939b18b41b22.png?fit=668%2C445&ssl=1&resize=350%2C200 1x, https:\/\/i0.wp.com\/larevistadigital.com.ar\/blog\/wp-content\/uploads\/6939b18b41b22.png?fit=668%2C445&ssl=1&resize=525%2C300 1.5x"},"classes":[]},{"id":37869,"url":"https:\/\/larevistadigital.com.ar\/blog\/chascomus-el-intendente-gaston-recorrio-la-obra-del-parador-lamadrid\/","url_meta":{"origin":37275,"position":3},"title":"Chascom\u00fas: El intendente Gast\u00f3n recorri\u00f3 la obra del Parador Lamadrid","author":"Alejandro Sosa Ruda","date":"13 noviembre, 2024","format":false,"excerpt":"Javier Gast\u00f3n visit\u00f3 la obra de puesta en valor que se encuentra en su etapa final. 13 de Noviembre de 2024 CHASCOM\u00daS -\u00a0 Las obras de recuperaci\u00f3n y puesta en valor del edificio ubicado en Av. Costanera Espa\u00f1a y Av. Tte. Gral. Juan Domingo Per\u00f3n, se encuentran pr\u00f3ximas a finalizar,\u2026","rel":"","context":"En \u00abCHASCOM\u00daS\u00bb","block_context":{"text":"CHASCOM\u00daS","link":"https:\/\/larevistadigital.com.ar\/blog\/category\/chascomus\/"},"img":{"alt_text":"","src":"https:\/\/i0.wp.com\/larevistadigital.com.ar\/blog\/wp-content\/uploads\/6734ec3219551.png?fit=668%2C445&ssl=1&resize=350%2C200","width":350,"height":200,"srcset":"https:\/\/i0.wp.com\/larevistadigital.com.ar\/blog\/wp-content\/uploads\/6734ec3219551.png?fit=668%2C445&ssl=1&resize=350%2C200 1x, https:\/\/i0.wp.com\/larevistadigital.com.ar\/blog\/wp-content\/uploads\/6734ec3219551.png?fit=668%2C445&ssl=1&resize=525%2C300 1.5x"},"classes":[]},{"id":39231,"url":"https:\/\/larevistadigital.com.ar\/blog\/este-miercoles-se-realizara-el-acto-en-homenaje-a-los-veteranos-y-caidos-en-malvinas\/","url_meta":{"origin":37275,"position":4},"title":"Este mi\u00e9rcoles se realizar\u00e1 el acto en homenaje a los Veteranos y Ca\u00eddos en Malvinas","author":"Alejandro Sosa Ruda","date":"31 marzo, 2025","format":false,"excerpt":"En la jornada de este 2 de abril, habr\u00e1 de renovarse el homenaje a los Veteranos y los Ca\u00eddos en la Guerra de Malvinas, en su d\u00eda 31 de Marzo de 2025 CHASCOM\u00daS -\u00a0 El acto oficial por el \u201cD\u00eda del Veterano y Ca\u00eddos en la Guerra de Malvinas\u201d, encabezado\u2026","rel":"","context":"En \u00abCHASCOM\u00daS\u00bb","block_context":{"text":"CHASCOM\u00daS","link":"https:\/\/larevistadigital.com.ar\/blog\/category\/chascomus\/"},"img":{"alt_text":"","src":"https:\/\/i0.wp.com\/larevistadigital.com.ar\/blog\/wp-content\/uploads\/67ead6202ef88.png?fit=668%2C445&ssl=1&resize=350%2C200","width":350,"height":200,"srcset":"https:\/\/i0.wp.com\/larevistadigital.com.ar\/blog\/wp-content\/uploads\/67ead6202ef88.png?fit=668%2C445&ssl=1&resize=350%2C200 1x, https:\/\/i0.wp.com\/larevistadigital.com.ar\/blog\/wp-content\/uploads\/67ead6202ef88.png?fit=668%2C445&ssl=1&resize=525%2C300 1.5x"},"classes":[]},{"id":13656,"url":"https:\/\/larevistadigital.com.ar\/blog\/javier-gaston-asumio-su-segundo-mandato-como-intendente-de-chascomus\/","url_meta":{"origin":37275,"position":5},"title":"JAVIER GAST\u00d3N ASUMI\u00d3 SU SEGUNDO MANDATO COMO INTENDENTE DE CHASCOM\u00daS","author":"Alejandro Sosa Ruda","date":"13 diciembre, 2019","format":false,"excerpt":"Previamente el Intendente realiz\u00f3 la jura correspondiente en el Honorable Concejo Deliberante, donde estuvo acompa\u00f1ado por su familia, equipo de trabajo, concejales y p\u00fablico en general. Luego, en la plaza, lleg\u00f3 el momento de la Orquesta Filarm\u00f3nica Municipal, creada en 2017, que interpret\u00f3 las estrofas del Himno Nacional. Continuando con\u2026","rel":"","context":"En \u00abDESTACADAS\u00bb","block_context":{"text":"DESTACADAS","link":"https:\/\/larevistadigital.com.ar\/blog\/category\/destacadas\/"},"img":{"alt_text":"","src":"https:\/\/i0.wp.com\/larevistadigital.com.ar\/blog\/wp-content\/uploads\/78869289_2860712707282929_6023469827643932672_o.jpg?fit=960%2C639&ssl=1&resize=350%2C200","width":350,"height":200,"srcset":"https:\/\/i0.wp.com\/larevistadigital.com.ar\/blog\/wp-content\/uploads\/78869289_2860712707282929_6023469827643932672_o.jpg?fit=960%2C639&ssl=1&resize=350%2C200 1x, https:\/\/i0.wp.com\/larevistadigital.com.ar\/blog\/wp-content\/uploads\/78869289_2860712707282929_6023469827643932672_o.jpg?fit=960%2C639&ssl=1&resize=525%2C300 1.5x, https:\/\/i0.wp.com\/larevistadigital.com.ar\/blog\/wp-content\/uploads\/78869289_2860712707282929_6023469827643932672_o.jpg?fit=960%2C639&ssl=1&resize=700%2C400 2x"},"classes":[]}],"_links":{"self":[{"href":"https:\/\/larevistadigital.com.ar\/blog\/wp-json\/wp\/v2\/posts\/37275","targetHints":{"allow":["GET"]}}],"collection":[{"href":"https:\/\/larevistadigital.com.ar\/blog\/wp-json\/wp\/v2\/posts"}],"about":[{"href":"https:\/\/larevistadigital.com.ar\/blog\/wp-json\/wp\/v2\/types\/post"}],"author":[{"embeddable":true,"href":"https:\/\/larevistadigital.com.ar\/blog\/wp-json\/wp\/v2\/users\/3"}],"replies":[{"embeddable":true,"href":"https:\/\/larevistadigital.com.ar\/blog\/wp-json\/wp\/v2\/comments?post=37275"}],"version-history":[{"count":1,"href":"https:\/\/larevistadigital.com.ar\/blog\/wp-json\/wp\/v2\/posts\/37275\/revisions"}],"predecessor-version":[{"id":37277,"href":"https:\/\/larevistadigital.com.ar\/blog\/wp-json\/wp\/v2\/posts\/37275\/revisions\/37277"}],"wp:featuredmedia":[{"embeddable":true,"href":"https:\/\/larevistadigital.com.ar\/blog\/wp-json\/wp\/v2\/media\/37276"}],"wp:attachment":[{"href":"https:\/\/larevistadigital.com.ar\/blog\/wp-json\/wp\/v2\/media?parent=37275"}],"wp:term":[{"taxonomy":"category","embeddable":true,"href":"https:\/\/larevistadigital.com.ar\/blog\/wp-json\/wp\/v2\/categories?post=37275"},{"taxonomy":"post_tag","embeddable":true,"href":"https:\/\/larevistadigital.com.ar\/blog\/wp-json\/wp\/v2\/tags?post=37275"}],"curies":[{"name":"wp","href":"https:\/\/api.w.org\/{rel}","templated":true}]}}