{"id":37278,"date":"2024-09-20T19:40:33","date_gmt":"2024-09-20T22:40:33","guid":{"rendered":"https:\/\/larevistadigital.com.ar\/blog\/?p=37278"},"modified":"2024-09-20T19:40:33","modified_gmt":"2024-09-20T22:40:33","slug":"la-provincia-relanza-los-creditos-impulso-al-comercio-bonaerense","status":"publish","type":"post","link":"https:\/\/larevistadigital.com.ar\/blog\/la-provincia-relanza-los-creditos-impulso-al-comercio-bonaerense\/","title":{"rendered":"La Provincia relanza los cr\u00e9ditos Impulso al Comercio Bonaerense"},"content":{"rendered":"<h2>Ya pueden solicitarse cr\u00e9ditos de hasta 14,5 millones de pesos con tasa subsidiada, en el marco de la segunda edici\u00f3n de esta l\u00ednea de financiamiento destinada a comercios bonaerenses<\/h2>\n<p>20 de septiembre de<\/p>\n<p><strong>BUENOS AIRES .\u00a0 <\/strong>El Ministerio de Producci\u00f3n, Ciencia e Innovaci\u00f3n Tecnol\u00f3gica de la provincia de Buenos Aires anunci\u00f3 junto a Banco Provincia el relanzamiento de los Cr\u00e9ditos Impulso al Comercio Bonaerense, una l\u00ednea crediticia p\u00fablica destinada a micro, peque\u00f1as y medianas empresas comerciales radicadas en la Provincia.<\/p>\n<p>Se trata de pr\u00e9stamos de capital de trabajo con tasa especial subsidiada a trav\u00e9s de la cartera productiva provincial que encabeza el ministro Augusto Costa. Al igual que en la edici\u00f3n 2023, permiten la adquisici\u00f3n de productos de fabricaci\u00f3n nacional, excepto alimentos, bebidas, combustibles, neum\u00e1ticos y art\u00edculos de l\u00ednea blanca importados. Tampoco pueden asignarse al pago de sueldos, deudas impositivas, financieras o servicios en general.<\/p>\n<blockquote>\n<h3>Tal como ocurre con otras l\u00edneas del Banco, Impulso al Comercio incorpora la perspectiva de g\u00e9nero y ofrece una bonificaci\u00f3n adicional de tasa a empresas lideradas por mujeres, en l\u00ednea con las pol\u00edticas de g\u00e9nero impulsadas por el Gobierno bonaerense.<\/h3>\n<\/blockquote>\n<p>Los cr\u00e9ditos alcanzan hasta el equivalente a 12.748 UVAs por cliente\/a (actualmente son 14,5 millones de pesos), con un plazo \u00fanico de 12 meses, con 3 meses de gracia para el pago de capital. Y cuentan con una tasa fija de 18,5% para p\u00fablico en general y de 16,65% para comercios liderados por mujeres.<\/p>\n<blockquote>\n<h3>La tasa de los pr\u00e9stamos surge de la l\u00ednea de capital de trabajo del Programa Repyme, a la que se le aplica un subsidio de 50 o 55%. La diferencia es porque los comercios liderados por mujeres y\/o personas de identidad no binaria tienen una bonificaci\u00f3n adicional.<\/h3>\n<\/blockquote>\n<p>Impulso al Comercio Bonaerense busca apoyar el crecimiento y desarrollo de la actividad de las micro, peque\u00f1as y medianas empresas comerciales radicadas en los 135 municipios bonaerenses, al mismo tiempo que genera nuevas posibilidades de producci\u00f3n y venta para la industria nacional, como parte de las pol\u00edticas de incentivo a la producci\u00f3n, el trabajo y la inversi\u00f3n que lleva adelante el gobernador Axel Kicillof en la Provincia. Durante la primera edici\u00f3n, de 2023, se otorgaron 982 cr\u00e9ditos por 3.920 millones de pesos, expresados a valores constantes de diciembre de ese a\u00f1o.<\/p>\n<p>El nuevo financiamiento est\u00e1 disponible en las sucursales de Banco Provincia y permanecer\u00e1 vigente hasta el 31 de diciembre de 2024 o hasta agotar el cupo asignado por la entidad financiera. M\u00e1s informaci\u00f3n en:\u00a0<a href=\"https:\/\/www.bancoprovincia.com.ar\/web\/Credito_Impulso_al_Comercio_Bonaerense\" target=\"_blank\" rel=\"noopener noreferrer\">https:\/\/www.bancoprovincia.com.ar\/web\/Credito_Impulso_al_Comercio_Bon<\/a><\/p>\n","protected":false},"excerpt":{"rendered":"<div class=\"mh-excerpt\"><p>Ya pueden solicitarse cr\u00e9ditos de hasta 14,5 millones de pesos con tasa subsidiada, en el marco de la segunda edici\u00f3n de esta l\u00ednea de financiamiento destinada a comercios bonaerenses 20 de septiembre de BUENOS AIRES <a class=\"mh-excerpt-more\" href=\"https:\/\/larevistadigital.com.ar\/blog\/la-provincia-relanza-los-creditos-impulso-al-comercio-bonaerense\/\" title=\"La Provincia relanza los cr\u00e9ditos Impulso al Comercio Bonaerense\">[Leer M\u00e1s]<\/a><\/p>\n<\/div>","protected":false},"author":3,"featured_media":37279,"comment_status":"open","ping_status":"open","sticky":false,"template":"","format":"standard","meta":{"_jetpack_memberships_contains_paid_content":false,"footnotes":"","jetpack_publicize_message":"","jetpack_publicize_feature_enabled":true,"jetpack_social_post_already_shared":true,"jetpack_social_options":{"image_generator_settings":{"template":"highway","default_image_id":0,"font":"","enabled":false},"version":2}},"categories":[41],"tags":[],"class_list":{"0":"post-37278","1":"post","2":"type-post","3":"status-publish","4":"format-standard","5":"has-post-thumbnail","7":"category-destacadas"},"jetpack_publicize_connections":[],"jetpack_featured_media_url":"https:\/\/i0.wp.com\/larevistadigital.com.ar\/blog\/wp-content\/uploads\/BANCO-PROVINCIA.jpg?fit=700%2C490&ssl=1","jetpack_sharing_enabled":true,"jetpack_shortlink":"https:\/\/wp.me\/p8qtrQ-9Hg","jetpack-related-posts":[{"id":33524,"url":"https:\/\/larevistadigital.com.ar\/blog\/cuenta-dni-es-la-primera-billetera-digital-que-reintegre-el-iva\/","url_meta":{"origin":37278,"position":0},"title":"CUENTA DNI ES LA PRIMERA \u00abBILLETERA DIGITAL\u00bb QUE REINTEGRE EL IVA","author":"Alejandro Sosa Ruda","date":"20 septiembre, 2023","format":false,"excerpt":"El gobernador de la Provincia de Buenos Aires se mostr\u00f3 junto al presidente del Banco Provincia y se\u00f1al\u00f3 que \u201cno hay que volver a las \u00e9pocas en el que era un instrumento para la especulaci\u00f3n financiera\u201d. 20 de Septiembre de 2023 Axel Kicillof, gobernador de la\u00a0Provincia de Buenos Aires, encabez\u00f3\u2026","rel":"","context":"En \u00abINTERES GENERAL\u00bb","block_context":{"text":"INTERES GENERAL","link":"https:\/\/larevistadigital.com.ar\/blog\/category\/interes-general\/"},"img":{"alt_text":"","src":"https:\/\/i0.wp.com\/larevistadigital.com.ar\/blog\/wp-content\/uploads\/kicillof.png?fit=800%2C454&ssl=1&resize=350%2C200","width":350,"height":200,"srcset":"https:\/\/i0.wp.com\/larevistadigital.com.ar\/blog\/wp-content\/uploads\/kicillof.png?fit=800%2C454&ssl=1&resize=350%2C200 1x, https:\/\/i0.wp.com\/larevistadigital.com.ar\/blog\/wp-content\/uploads\/kicillof.png?fit=800%2C454&ssl=1&resize=525%2C300 1.5x, https:\/\/i0.wp.com\/larevistadigital.com.ar\/blog\/wp-content\/uploads\/kicillof.png?fit=800%2C454&ssl=1&resize=700%2C400 2x"},"classes":[]},{"id":25175,"url":"https:\/\/larevistadigital.com.ar\/blog\/relanzan-los-creditos-transformacion-digital-bonaerense\/","url_meta":{"origin":37278,"position":1},"title":"RELANZAN LOS CR\u00c9DITOS \u00abTRANSFORMACION DIGITAL\u00bb BONAERENSE","author":"Alejandro Sosa Ruda","date":"20 abril, 2022","format":false,"excerpt":"El Ministerio de Producci\u00f3n, Ciencia e Innovaci\u00f3n Tecnol\u00f3gica bonaerense, relanz\u00f3 la l\u00ednea de cr\u00e9ditos \u201cPrimer Impulso Digital\u201d, destinada exclusivamente a microempresas del sector industrial, con montos de hasta 2 millones de pesos, plazos de hasta 36 meses y con hasta 6 meses de gracia de capital. Se podr\u00e1n utilizar para\u2026","rel":"","context":"En \u00abINTERES GENERAL\u00bb","block_context":{"text":"INTERES GENERAL","link":"https:\/\/larevistadigital.com.ar\/blog\/category\/interes-general\/"},"img":{"alt_text":"","src":"https:\/\/i0.wp.com\/larevistadigital.com.ar\/blog\/wp-content\/uploads\/20220419141749_creditos-pymes-transformacion-digital.png?fit=880%2C512&ssl=1&resize=350%2C200","width":350,"height":200,"srcset":"https:\/\/i0.wp.com\/larevistadigital.com.ar\/blog\/wp-content\/uploads\/20220419141749_creditos-pymes-transformacion-digital.png?fit=880%2C512&ssl=1&resize=350%2C200 1x, https:\/\/i0.wp.com\/larevistadigital.com.ar\/blog\/wp-content\/uploads\/20220419141749_creditos-pymes-transformacion-digital.png?fit=880%2C512&ssl=1&resize=525%2C300 1.5x, https:\/\/i0.wp.com\/larevistadigital.com.ar\/blog\/wp-content\/uploads\/20220419141749_creditos-pymes-transformacion-digital.png?fit=880%2C512&ssl=1&resize=700%2C400 2x"},"classes":[]},{"id":26741,"url":"https:\/\/larevistadigital.com.ar\/blog\/a-tasa-cero-programa-de-creditos-buenos-aires-crea-para-refaccion-y-ampliacion-de-viviendas\/","url_meta":{"origin":37278,"position":2},"title":"(A TASA CERO) PROGRAMA DE CR\u00c9DITOS \u00abBUENOS AIRES CREA\u00bb PARA REFACCI\u00d3N Y AMPLIACI\u00d3N DE VIVIENDAS","author":"Alejandro Sosa Ruda","date":"20 julio, 2022","format":false,"excerpt":"El gobernador de la provincia de Buenos Aires, Axel Kicillof, encabez\u00f3 este martes en Alberti, la presentaci\u00f3n del programa Buenos Aires Crea, que otorgar\u00e1 cr\u00e9ditos a tasa 0% de inter\u00e9s para la reforma, refacci\u00f3n y ampliaci\u00f3n de viviendas. \u201cEste es un programa que podemos impulsar a partir de la recuperaci\u00f3n\u2026","rel":"","context":"En \u00abINTERES GENERAL\u00bb","block_context":{"text":"INTERES GENERAL","link":"https:\/\/larevistadigital.com.ar\/blog\/category\/interes-general\/"},"img":{"alt_text":"","src":"https:\/\/i0.wp.com\/larevistadigital.com.ar\/blog\/wp-content\/uploads\/20220719175951_kicillof-programa-creditos-buenos-aires-crea.jpg?fit=880%2C512&ssl=1&resize=350%2C200","width":350,"height":200,"srcset":"https:\/\/i0.wp.com\/larevistadigital.com.ar\/blog\/wp-content\/uploads\/20220719175951_kicillof-programa-creditos-buenos-aires-crea.jpg?fit=880%2C512&ssl=1&resize=350%2C200 1x, https:\/\/i0.wp.com\/larevistadigital.com.ar\/blog\/wp-content\/uploads\/20220719175951_kicillof-programa-creditos-buenos-aires-crea.jpg?fit=880%2C512&ssl=1&resize=525%2C300 1.5x, https:\/\/i0.wp.com\/larevistadigital.com.ar\/blog\/wp-content\/uploads\/20220719175951_kicillof-programa-creditos-buenos-aires-crea.jpg?fit=880%2C512&ssl=1&resize=700%2C400 2x"},"classes":[]},{"id":42413,"url":"https:\/\/larevistadigital.com.ar\/blog\/banco-provincia-lanza-beneficios-y-financiamiento-para-respaldar-la-temporada-bonaerense\/","url_meta":{"origin":37278,"position":3},"title":"Banco Provincia lanza beneficios y financiamiento para respaldar la temporada bonaerense","author":"Alejandro Sosa Ruda","date":"5 noviembre, 2025","format":false,"excerpt":"La banca p\u00fablica lanz\u00f3 una l\u00ednea de cr\u00e9ditos y diversas promociones destinadas a fortalecer el consumo y la actividad tur\u00edstica en la Costa Atl\u00e1ntica de cara a la pr\u00f3xima temporada. 05 de Noviembre de 2025 BUENOS AIRES -\u00a0 \u00a0Banco Provincia\u00a0lanz\u00f3 una l\u00ednea de cr\u00e9ditos y diversas promociones para fortalecer el\u2026","rel":"","context":"En \u00abREGIONALES\u00bb","block_context":{"text":"REGIONALES","link":"https:\/\/larevistadigital.com.ar\/blog\/category\/regionales\/"},"img":{"alt_text":"","src":"https:\/\/i0.wp.com\/larevistadigital.com.ar\/blog\/wp-content\/uploads\/Captura-de-pantalla-2025-11-05-232730.jpg?fit=794%2C459&ssl=1&resize=350%2C200","width":350,"height":200,"srcset":"https:\/\/i0.wp.com\/larevistadigital.com.ar\/blog\/wp-content\/uploads\/Captura-de-pantalla-2025-11-05-232730.jpg?fit=794%2C459&ssl=1&resize=350%2C200 1x, https:\/\/i0.wp.com\/larevistadigital.com.ar\/blog\/wp-content\/uploads\/Captura-de-pantalla-2025-11-05-232730.jpg?fit=794%2C459&ssl=1&resize=525%2C300 1.5x, https:\/\/i0.wp.com\/larevistadigital.com.ar\/blog\/wp-content\/uploads\/Captura-de-pantalla-2025-11-05-232730.jpg?fit=794%2C459&ssl=1&resize=700%2C400 2x"},"classes":[]},{"id":24177,"url":"https:\/\/larevistadigital.com.ar\/blog\/el-banco-santander-destina-5-000-millones-en-creditos-blandos-para-ayudar-a-los-afectados-por-la-situacion-en-corrientes\/","url_meta":{"origin":37278,"position":4},"title":"EL BANCO SANTANDER DESTINA $5.000 MILLONES EN CR\u00c9DITOS BLANDOS PARA AYUDAR A LOS AFECTADOS POR LA SITUACI\u00d3N EN CORRIENTES","author":"Alejandro Sosa Ruda","date":"25 febrero, 2022","format":false,"excerpt":"El Banco Santander posee l\u00edneas de financiamiento para los clientes afectados por los incendios en la provincia de Corrientes, por un monto mayor a los $5.000.000.000.- (cinco mil millones de pesos). Para brindar apoyo a los clientes afectados que no cuenten con deudas con la instituci\u00f3n, Santander ofrece cr\u00e9ditos destinados\u2026","rel":"","context":"En \u00abINTERES GENERAL\u00bb","block_context":{"text":"INTERES GENERAL","link":"https:\/\/larevistadigital.com.ar\/blog\/category\/interes-general\/"},"img":{"alt_text":"","src":"https:\/\/i0.wp.com\/larevistadigital.com.ar\/blog\/wp-content\/uploads\/detectada-campana-fraudulenta-de-phishing-al-banco-santander.png?fit=790%2C420&ssl=1&resize=350%2C200","width":350,"height":200,"srcset":"https:\/\/i0.wp.com\/larevistadigital.com.ar\/blog\/wp-content\/uploads\/detectada-campana-fraudulenta-de-phishing-al-banco-santander.png?fit=790%2C420&ssl=1&resize=350%2C200 1x, https:\/\/i0.wp.com\/larevistadigital.com.ar\/blog\/wp-content\/uploads\/detectada-campana-fraudulenta-de-phishing-al-banco-santander.png?fit=790%2C420&ssl=1&resize=525%2C300 1.5x, https:\/\/i0.wp.com\/larevistadigital.com.ar\/blog\/wp-content\/uploads\/detectada-campana-fraudulenta-de-phishing-al-banco-santander.png?fit=790%2C420&ssl=1&resize=700%2C400 2x"},"classes":[]},{"id":36147,"url":"https:\/\/larevistadigital.com.ar\/blog\/bianco-solo-la-crueldad-explica-alguna-de-las-acciones-del-gobierno-nacional\/","url_meta":{"origin":37278,"position":5},"title":"BIANCO: \u00abSOLO LA CRUELDAD EXPLICA ALGUNA DE LAS ACCIONES DEL GOBIERNO NACIONAL\u00bb","author":"Alejandro Sosa Ruda","date":"27 mayo, 2024","format":false,"excerpt":"Lo asegur\u00f3 el Ministro de Gobierno en la conferencia de prensa de este lunes junto al ministro de Producci\u00f3n, Ciencia e Innovaci\u00f3n Tecnol\u00f3gica, Augusto Costa, y el presidente del Banco Provincia, Juan Cuattromo. 27 de Mayo de 2024 BUENOS AIRES\u00a0 -\u00a0 \u00a0\u201cLa Provincia viene haciendo un esfuerzo muy grande frente\u2026","rel":"","context":"En \u00abDESTACADAS\u00bb","block_context":{"text":"DESTACADAS","link":"https:\/\/larevistadigital.com.ar\/blog\/category\/destacadas\/"},"img":{"alt_text":"","src":"https:\/\/i0.wp.com\/larevistadigital.com.ar\/blog\/wp-content\/uploads\/Segunda-conferencia-Bianco.jpeg?fit=743%2C530&ssl=1&resize=350%2C200","width":350,"height":200,"srcset":"https:\/\/i0.wp.com\/larevistadigital.com.ar\/blog\/wp-content\/uploads\/Segunda-conferencia-Bianco.jpeg?fit=743%2C530&ssl=1&resize=350%2C200 1x, https:\/\/i0.wp.com\/larevistadigital.com.ar\/blog\/wp-content\/uploads\/Segunda-conferencia-Bianco.jpeg?fit=743%2C530&ssl=1&resize=525%2C300 1.5x, https:\/\/i0.wp.com\/larevistadigital.com.ar\/blog\/wp-content\/uploads\/Segunda-conferencia-Bianco.jpeg?fit=743%2C530&ssl=1&resize=700%2C400 2x"},"classes":[]}],"_links":{"self":[{"href":"https:\/\/larevistadigital.com.ar\/blog\/wp-json\/wp\/v2\/posts\/37278","targetHints":{"allow":["GET"]}}],"collection":[{"href":"https:\/\/larevistadigital.com.ar\/blog\/wp-json\/wp\/v2\/posts"}],"about":[{"href":"https:\/\/larevistadigital.com.ar\/blog\/wp-json\/wp\/v2\/types\/post"}],"author":[{"embeddable":true,"href":"https:\/\/larevistadigital.com.ar\/blog\/wp-json\/wp\/v2\/users\/3"}],"replies":[{"embeddable":true,"href":"https:\/\/larevistadigital.com.ar\/blog\/wp-json\/wp\/v2\/comments?post=37278"}],"version-history":[{"count":1,"href":"https:\/\/larevistadigital.com.ar\/blog\/wp-json\/wp\/v2\/posts\/37278\/revisions"}],"predecessor-version":[{"id":37280,"href":"https:\/\/larevistadigital.com.ar\/blog\/wp-json\/wp\/v2\/posts\/37278\/revisions\/37280"}],"wp:featuredmedia":[{"embeddable":true,"href":"https:\/\/larevistadigital.com.ar\/blog\/wp-json\/wp\/v2\/media\/37279"}],"wp:attachment":[{"href":"https:\/\/larevistadigital.com.ar\/blog\/wp-json\/wp\/v2\/media?parent=37278"}],"wp:term":[{"taxonomy":"category","embeddable":true,"href":"https:\/\/larevistadigital.com.ar\/blog\/wp-json\/wp\/v2\/categories?post=37278"},{"taxonomy":"post_tag","embeddable":true,"href":"https:\/\/larevistadigital.com.ar\/blog\/wp-json\/wp\/v2\/tags?post=37278"}],"curies":[{"name":"wp","href":"https:\/\/api.w.org\/{rel}","templated":true}]}}