{"id":37281,"date":"2024-09-20T19:45:38","date_gmt":"2024-09-20T22:45:38","guid":{"rendered":"https:\/\/larevistadigital.com.ar\/blog\/?p=37281"},"modified":"2024-09-20T19:45:38","modified_gmt":"2024-09-20T22:45:38","slug":"la-provincia-entrego-viviendas-a-familias-de-tres-lomas","status":"publish","type":"post","link":"https:\/\/larevistadigital.com.ar\/blog\/la-provincia-entrego-viviendas-a-familias-de-tres-lomas\/","title":{"rendered":"La Provincia entreg\u00f3 viviendas a familias de Tres Lomas"},"content":{"rendered":"<h2>Adem\u00e1s, el Gobernador distribuy\u00f3 netbooks en el marco del programa Conectar Igualdad Bonaerense y recorri\u00f3 la obra en ejecuci\u00f3n de la Casa de la Provincia.<\/h2>\n<p>20 de septiembre de 2024<\/p>\n<p><b>\u00a0Tres Lomas. BUENOS AIRES &#8211;\u00a0 \u00a0<\/b>El gobernador de la provincia de Buenos Aires, Axel Kicillof, encabez\u00f3 este jueves el acto de entrega de 18 viviendas a familias de Tres Lomas, junto a la ministra de H\u00e1bitat y Desarrollo Urbano, Silvina Batakis, y el intendente local, Luciano Spinolo. Adem\u00e1s, recorri\u00f3 la obra en ejecuci\u00f3n de la Casa de la Provincia y distribuy\u00f3 netbooks a estudiantes de dos instituciones educativas.<\/p>\n<blockquote>\n<h3>En ese marco, Kicillof sostuvo:<em> \u201cLa obra p\u00fablica est\u00e1 paralizada en casi todo el pa\u00eds por la decisi\u00f3n pol\u00edtica del Gobierno nacional: frente a esto, en la provincia de Buenos Aires recorremos el camino inverso y actuamos como un escudo para proteger a los y las bonaerenses\u201d.\u00a0<\/em><\/h3>\n<\/blockquote>\n<p><em><strong>\u201cLo que estamos debatiendo es si el acceso a la vivienda debe ser s\u00f3lo para quienes cuentan con los recursos econ\u00f3micos para adquirirlas en el mercado o si, por el contrario, debe haber un Estado presente que trabaje para garantizar los derechos de todos y todas\u201d<\/strong><\/em>, sostuvo el Gobernador y agreg\u00f3: <strong><em>\u201cSi el Gobierno nacional recorriera nuestra provincia notar\u00eda que hay muchas necesidades insatisfechas: nosotros lo hacemos y sabemos que, all\u00ed donde hay una necesidad, hay tambi\u00e9n una obligaci\u00f3n para quienes gobernamos\u201d.<\/em><\/strong><\/p>\n<blockquote>\n<h3>Las viviendas cuentan con una superficie de 52 metros cuadrados y completan un proyecto de 28 soluciones habitacionales del Programa Bonaerense II &#8211; Solidaridad con Municipios. Al respecto, Batakis remarc\u00f3: \u201cEn la Provincia tenemos 8.500 viviendas en ejecuci\u00f3n que van a ser finalizadas: no solo se trata de ladrillos, sino de que exista un Estado presente y eficiente que ayude a concretar los sue\u00f1os de los y las bonaerenses\u201d.<\/h3>\n<\/blockquote>\n<p>Durante la jornada, el Gobernador entreg\u00f3 tambi\u00e9n 17 netbooks del programa Conectar Igualdad Bonaerense para estudiantes de la Escuela de Educaci\u00f3n Especial N\u00ba 501 y del Centro Educativo para la Producci\u00f3n Total N\u00ba 7. Asimismo, recorri\u00f3 el avance de obra de la Casa de la Provincia que permitir\u00e1 brindar una atenci\u00f3n m\u00e1s eficiente al centralizar los tr\u00e1mites y prestaciones de ARBA, IOMA, el Registro Provincial de las Personas y el Instituto de Previsi\u00f3n Social (IPS).<\/p>\n<blockquote>\n<h3><em>\u201cM\u00e1s all\u00e1 de las diferencias ideol\u00f3gicas, el Gobierno bonaerense y el municipal se encuentran trabajando juntos para atender las necesidades de los y las vecinas de Tres Lomas: estas obras no hubieran sido posibles sin el acompa\u00f1amiento de la Provincia\u201d<\/em>, sostuvo el intendente Spinolo.<\/h3>\n<\/blockquote>\n<p>Por \u00faltimo, <strong>Kicillof<\/strong> remarc\u00f3: <em><strong>\u201cEn ninguno de los 135 municipios nos piden menos escuelas, menos hospitales y menos viviendas: al rev\u00e9s, las y los bonaerenses reconocen y valoran la necesidad de un Estado presente\u201d. \u201cAun cuando nos quieren fundir y asfixiar econ\u00f3micamente, nosotros vamos a seguir defendiendo los derechos de nuestro pueblo: en la provincia de Buenos Aires no entran los topos ni el ajuste\u201d<\/strong><\/em>, concluy\u00f3.<\/p>\n<p>Estuvieron presentes en las actividades el administrador general del Instituto de la Vivienda, Diego Men\u00e9ndez; los subsecretarios de Recursos H\u00eddricos, N\u00e9stor \u00c1lvarez; y de Gesti\u00f3n Operativa de la Jefatura de Asesores del Gobernador, Juan Pablo Cusa; el director provincial de Coordinaci\u00f3n de la Gesti\u00f3n Territorial Interior Sur, Gabriel Godoy; los intendentes de Guamin\u00ed, Jos\u00e9 Nobre Ferreira y de Salliquel\u00f3, Ariel Succurro; el exjefe comunal local, Jorge Carrera; los concejales Luis Caminos, Juan Manuel Rodi, Jos\u00e9 Cu\u00f1ado; y las concejalas Valentina Olivera y Anal\u00eda Lapasset.<\/p>\n","protected":false},"excerpt":{"rendered":"<div class=\"mh-excerpt\"><p>Adem\u00e1s, el Gobernador distribuy\u00f3 netbooks en el marco del programa Conectar Igualdad Bonaerense y recorri\u00f3 la obra en ejecuci\u00f3n de la Casa de la Provincia. 20 de septiembre de 2024 \u00a0Tres Lomas. BUENOS AIRES &#8211;\u00a0 <a class=\"mh-excerpt-more\" href=\"https:\/\/larevistadigital.com.ar\/blog\/la-provincia-entrego-viviendas-a-familias-de-tres-lomas\/\" title=\"La Provincia entreg\u00f3 viviendas a familias de Tres Lomas\">[Leer M\u00e1s]<\/a><\/p>\n<\/div>","protected":false},"author":3,"featured_media":37282,"comment_status":"open","ping_status":"open","sticky":false,"template":"","format":"standard","meta":{"_jetpack_memberships_contains_paid_content":false,"footnotes":"","jetpack_publicize_message":"","jetpack_publicize_feature_enabled":true,"jetpack_social_post_already_shared":true,"jetpack_social_options":{"image_generator_settings":{"template":"highway","default_image_id":0,"font":"","enabled":false},"version":2}},"categories":[24,51],"tags":[],"class_list":{"0":"post-37281","1":"post","2":"type-post","3":"status-publish","4":"format-standard","5":"has-post-thumbnail","7":"category-politica-provincial","8":"category-regionales"},"jetpack_publicize_connections":[],"jetpack_featured_media_url":"https:\/\/i0.wp.com\/larevistadigital.com.ar\/blog\/wp-content\/uploads\/DSC_1556.jpg?fit=743%2C530&ssl=1","jetpack_sharing_enabled":true,"jetpack_shortlink":"https:\/\/wp.me\/p8qtrQ-9Hj","jetpack-related-posts":[{"id":40617,"url":"https:\/\/larevistadigital.com.ar\/blog\/kicillof-inauguro-la-sala-del-nuevo-resonador-en-el-hospital-gandulfo-de-lomas-de-zamora\/","url_meta":{"origin":37281,"position":0},"title":"Kicillof inaugur\u00f3 la sala del nuevo resonador en el Hospital Gandulfo de Lomas de Zamora","author":"Alejandro Sosa Ruda","date":"26 julio, 2025","format":false,"excerpt":"Junto a la vicegobernadora Ver\u00f3nica Magario y el intendente Federico Oterm\u00edn, el Gobernador entreg\u00f3 tres ambulancias para el distrito y recorri\u00f3 el paso bajo nivel \u201cManuel Belgrano\u201d de Temperley. 26 de Julio de 2025 BUENOS AIRES -\u00a0 El gobernador Axel Kicillof y la vicegobernadora Ver\u00f3nica Magario encabezaron este viernes la\u2026","rel":"","context":"En \u00abPOLITICA PROVINCIAL\u00bb","block_context":{"text":"POLITICA PROVINCIAL","link":"https:\/\/larevistadigital.com.ar\/blog\/category\/politica\/politica-provincial\/"},"img":{"alt_text":"","src":"https:\/\/i0.wp.com\/larevistadigital.com.ar\/blog\/wp-content\/uploads\/SGE97202.jpg?fit=743%2C530&ssl=1&resize=350%2C200","width":350,"height":200,"srcset":"https:\/\/i0.wp.com\/larevistadigital.com.ar\/blog\/wp-content\/uploads\/SGE97202.jpg?fit=743%2C530&ssl=1&resize=350%2C200 1x, https:\/\/i0.wp.com\/larevistadigital.com.ar\/blog\/wp-content\/uploads\/SGE97202.jpg?fit=743%2C530&ssl=1&resize=525%2C300 1.5x, https:\/\/i0.wp.com\/larevistadigital.com.ar\/blog\/wp-content\/uploads\/SGE97202.jpg?fit=743%2C530&ssl=1&resize=700%2C400 2x"},"classes":[]},{"id":37149,"url":"https:\/\/larevistadigital.com.ar\/blog\/kicillof-entrego-viviendas-y-suscribio-un-convenio-para-la-integracion-urbana-de-cuatro-barrios-populares\/","url_meta":{"origin":37281,"position":1},"title":"Kicillof entreg\u00f3 viviendas y suscribi\u00f3 un convenio para la integraci\u00f3n urbana de cuatro barrios populares","author":"Alejandro Sosa Ruda","date":"7 septiembre, 2024","format":false,"excerpt":"Adem\u00e1s, el Gobernador inaugur\u00f3 un Mercado Bonaerense Fijo, distribuy\u00f3 computadoras y present\u00f3 el nuevo plan de formaci\u00f3n inicial para bomberos voluntarios. 07 de Septiembre de 2024 TAPALQU\u00c9, BUENOS AIRES -\u00a0 El gobernador de la provincia de Buenos Aires, Axel Kicillof, encabez\u00f3 este viernes junto al intendente de Tapalqu\u00e9, Gustavo Cocconi,\u2026","rel":"","context":"En \u00abINTERES GENERAL\u00bb","block_context":{"text":"INTERES GENERAL","link":"https:\/\/larevistadigital.com.ar\/blog\/category\/interes-general\/"},"img":{"alt_text":"","src":"https:\/\/i0.wp.com\/larevistadigital.com.ar\/blog\/wp-content\/uploads\/Axel-Kicillof_50.jpg?fit=743%2C530&ssl=1&resize=350%2C200","width":350,"height":200,"srcset":"https:\/\/i0.wp.com\/larevistadigital.com.ar\/blog\/wp-content\/uploads\/Axel-Kicillof_50.jpg?fit=743%2C530&ssl=1&resize=350%2C200 1x, https:\/\/i0.wp.com\/larevistadigital.com.ar\/blog\/wp-content\/uploads\/Axel-Kicillof_50.jpg?fit=743%2C530&ssl=1&resize=525%2C300 1.5x, https:\/\/i0.wp.com\/larevistadigital.com.ar\/blog\/wp-content\/uploads\/Axel-Kicillof_50.jpg?fit=743%2C530&ssl=1&resize=700%2C400 2x"},"classes":[]},{"id":40114,"url":"https:\/\/larevistadigital.com.ar\/blog\/ensenada-kicillof-recorrio-la-obra-de-la-nueva-planta-potabilizadora-para-la-region-capital\/","url_meta":{"origin":37281,"position":2},"title":"Ensenada: Kicillof recorri\u00f3 la obra de la nueva planta potabilizadora para la Regi\u00f3n Capital","author":"Alejandro Sosa Ruda","date":"23 junio, 2025","format":false,"excerpt":"Adem\u00e1s, el Gobernador entreg\u00f3 45 m\u00f3viles a ABSA para atender las necesidades de las distintas localidades. 23 de Junio de 2025 BUENOS AIRES -\u00a0 El gobernador de la provincia de Buenos Aires, Axel Kicillof, recorri\u00f3 este jueves en Ensenada los avances de la obra de construcci\u00f3n de la planta potabilizadora\u2026","rel":"","context":"En \u00abPOLITICA PROVINCIAL\u00bb","block_context":{"text":"POLITICA PROVINCIAL","link":"https:\/\/larevistadigital.com.ar\/blog\/category\/politica\/politica-provincial\/"},"img":{"alt_text":"","src":"https:\/\/i0.wp.com\/larevistadigital.com.ar\/blog\/wp-content\/uploads\/77A60352.jpg?fit=743%2C530&ssl=1&resize=350%2C200","width":350,"height":200,"srcset":"https:\/\/i0.wp.com\/larevistadigital.com.ar\/blog\/wp-content\/uploads\/77A60352.jpg?fit=743%2C530&ssl=1&resize=350%2C200 1x, https:\/\/i0.wp.com\/larevistadigital.com.ar\/blog\/wp-content\/uploads\/77A60352.jpg?fit=743%2C530&ssl=1&resize=525%2C300 1.5x, https:\/\/i0.wp.com\/larevistadigital.com.ar\/blog\/wp-content\/uploads\/77A60352.jpg?fit=743%2C530&ssl=1&resize=700%2C400 2x"},"classes":[]},{"id":42196,"url":"https:\/\/larevistadigital.com.ar\/blog\/kicillof-recorrio-los-avances-de-obras-de-viviendas-en-carlos-tejedor\/","url_meta":{"origin":37281,"position":3},"title":"Kicillof recorri\u00f3 los avances de obras de viviendas en Carlos Tejedor","author":"Alejandro Sosa Ruda","date":"23 octubre, 2025","format":false,"excerpt":"Adem\u00e1s, el Gobernador mantuvo un encuentro con jubilados, docentes y estudiantes del distrito. El gobernador de la provincia de Buenos Aires, Axel Kicillof, recorri\u00f3 este mi\u00e9rcoles junto a la intendenta de Carlos Tejedor, Mar\u00eda Celia Gianini, los avances de las obras de construcci\u00f3n de 35 viviendas y, en el marco\u2026","rel":"","context":"En \u00abPOLITICA PROVINCIAL\u00bb","block_context":{"text":"POLITICA PROVINCIAL","link":"https:\/\/larevistadigital.com.ar\/blog\/category\/politica\/politica-provincial\/"},"img":{"alt_text":"","src":"https:\/\/i0.wp.com\/larevistadigital.com.ar\/blog\/wp-content\/uploads\/Axel-Kicillof_144.jpg?fit=743%2C530&ssl=1&resize=350%2C200","width":350,"height":200,"srcset":"https:\/\/i0.wp.com\/larevistadigital.com.ar\/blog\/wp-content\/uploads\/Axel-Kicillof_144.jpg?fit=743%2C530&ssl=1&resize=350%2C200 1x, https:\/\/i0.wp.com\/larevistadigital.com.ar\/blog\/wp-content\/uploads\/Axel-Kicillof_144.jpg?fit=743%2C530&ssl=1&resize=525%2C300 1.5x, https:\/\/i0.wp.com\/larevistadigital.com.ar\/blog\/wp-content\/uploads\/Axel-Kicillof_144.jpg?fit=743%2C530&ssl=1&resize=700%2C400 2x"},"classes":[]},{"id":41853,"url":"https:\/\/larevistadigital.com.ar\/blog\/kicillof-recorrio-la-casa-de-la-provincia-en-saladillo\/","url_meta":{"origin":37281,"position":4},"title":"Kicillof recorri\u00f3 la Casa de la Provincia en Saladillo","author":"Alejandro Sosa Ruda","date":"9 octubre, 2025","format":false,"excerpt":"Adem\u00e1s, el Gobernador visit\u00f3 las instalaciones de las cooperativas Agr\u00edcola Ganadera y de Trabajo Molinera. 09 de Octubre de 2025 BUENOS AIRES -\u00a0 \u00a0El gobernador de la provincia de Buenos Aires, Axel Kicillof, recorri\u00f3 este mi\u00e9rcoles la Casa de la Provincia en el municipio de Saladillo, donde adem\u00e1s visit\u00f3 las\u2026","rel":"","context":"En \u00abPOLITICA PROVINCIAL\u00bb","block_context":{"text":"POLITICA PROVINCIAL","link":"https:\/\/larevistadigital.com.ar\/blog\/category\/politica\/politica-provincial\/"},"img":{"alt_text":"","src":"https:\/\/i0.wp.com\/larevistadigital.com.ar\/blog\/wp-content\/uploads\/AR10117-scaled.jpg?fit=1200%2C800&ssl=1&resize=350%2C200","width":350,"height":200,"srcset":"https:\/\/i0.wp.com\/larevistadigital.com.ar\/blog\/wp-content\/uploads\/AR10117-scaled.jpg?fit=1200%2C800&ssl=1&resize=350%2C200 1x, https:\/\/i0.wp.com\/larevistadigital.com.ar\/blog\/wp-content\/uploads\/AR10117-scaled.jpg?fit=1200%2C800&ssl=1&resize=525%2C300 1.5x, https:\/\/i0.wp.com\/larevistadigital.com.ar\/blog\/wp-content\/uploads\/AR10117-scaled.jpg?fit=1200%2C800&ssl=1&resize=700%2C400 2x, https:\/\/i0.wp.com\/larevistadigital.com.ar\/blog\/wp-content\/uploads\/AR10117-scaled.jpg?fit=1200%2C800&ssl=1&resize=1050%2C600 3x"},"classes":[]},{"id":37750,"url":"https:\/\/larevistadigital.com.ar\/blog\/kicillof-sin-estado-no-hay-desarrollo-en-el-interior-de-la-provincia-ni-del-pais\/","url_meta":{"origin":37281,"position":5},"title":"Kicillof: \u00abSin Estado no hay desarrollo en el interior de la provincia ni del pa\u00eds\u00bb","author":"Alejandro Sosa Ruda","date":"6 noviembre, 2024","format":false,"excerpt":"El Gobernador entreg\u00f3 viviendas e inaugur\u00f3 obras de infraestructura que fortalecen la salud y la educaci\u00f3n p\u00fablica en el municipio. 6 de Noviembre de 2024 El gobernador de la provincia de Buenos Aires, Axel Kicillof, encabez\u00f3 este mi\u00e9rcoles el acto de entrega de viviendas para familias del municipio de Adolfo\u2026","rel":"","context":"En \u00abDESTACADAS\u00bb","block_context":{"text":"DESTACADAS","link":"https:\/\/larevistadigital.com.ar\/blog\/category\/destacadas\/"},"img":{"alt_text":"","src":"https:\/\/i0.wp.com\/larevistadigital.com.ar\/blog\/wp-content\/uploads\/IMG_2565.jpg?fit=743%2C530&ssl=1&resize=350%2C200","width":350,"height":200,"srcset":"https:\/\/i0.wp.com\/larevistadigital.com.ar\/blog\/wp-content\/uploads\/IMG_2565.jpg?fit=743%2C530&ssl=1&resize=350%2C200 1x, https:\/\/i0.wp.com\/larevistadigital.com.ar\/blog\/wp-content\/uploads\/IMG_2565.jpg?fit=743%2C530&ssl=1&resize=525%2C300 1.5x, https:\/\/i0.wp.com\/larevistadigital.com.ar\/blog\/wp-content\/uploads\/IMG_2565.jpg?fit=743%2C530&ssl=1&resize=700%2C400 2x"},"classes":[]}],"_links":{"self":[{"href":"https:\/\/larevistadigital.com.ar\/blog\/wp-json\/wp\/v2\/posts\/37281","targetHints":{"allow":["GET"]}}],"collection":[{"href":"https:\/\/larevistadigital.com.ar\/blog\/wp-json\/wp\/v2\/posts"}],"about":[{"href":"https:\/\/larevistadigital.com.ar\/blog\/wp-json\/wp\/v2\/types\/post"}],"author":[{"embeddable":true,"href":"https:\/\/larevistadigital.com.ar\/blog\/wp-json\/wp\/v2\/users\/3"}],"replies":[{"embeddable":true,"href":"https:\/\/larevistadigital.com.ar\/blog\/wp-json\/wp\/v2\/comments?post=37281"}],"version-history":[{"count":1,"href":"https:\/\/larevistadigital.com.ar\/blog\/wp-json\/wp\/v2\/posts\/37281\/revisions"}],"predecessor-version":[{"id":37283,"href":"https:\/\/larevistadigital.com.ar\/blog\/wp-json\/wp\/v2\/posts\/37281\/revisions\/37283"}],"wp:featuredmedia":[{"embeddable":true,"href":"https:\/\/larevistadigital.com.ar\/blog\/wp-json\/wp\/v2\/media\/37282"}],"wp:attachment":[{"href":"https:\/\/larevistadigital.com.ar\/blog\/wp-json\/wp\/v2\/media?parent=37281"}],"wp:term":[{"taxonomy":"category","embeddable":true,"href":"https:\/\/larevistadigital.com.ar\/blog\/wp-json\/wp\/v2\/categories?post=37281"},{"taxonomy":"post_tag","embeddable":true,"href":"https:\/\/larevistadigital.com.ar\/blog\/wp-json\/wp\/v2\/tags?post=37281"}],"curies":[{"name":"wp","href":"https:\/\/api.w.org\/{rel}","templated":true}]}}