{"id":37284,"date":"2024-09-20T19:49:39","date_gmt":"2024-09-20T22:49:39","guid":{"rendered":"https:\/\/larevistadigital.com.ar\/blog\/?p=37284"},"modified":"2024-09-20T19:49:39","modified_gmt":"2024-09-20T22:49:39","slug":"kicillof-las-politicas-de-acceso-a-la-vivienda-siguen-siendo-una-prioridad-en-nuestro-gobierno","status":"publish","type":"post","link":"https:\/\/larevistadigital.com.ar\/blog\/kicillof-las-politicas-de-acceso-a-la-vivienda-siguen-siendo-una-prioridad-en-nuestro-gobierno\/","title":{"rendered":"Kicillof: \u00abLas pol\u00edticas de acceso a la vivienda siguen siendo una prioridad en nuestro gobierno\u201d"},"content":{"rendered":"<h2>El Gobernador entreg\u00f3 llaves a familias del barrio Quinta 80 y distribuy\u00f3 computadoras del programa Conectar Igualdad Bonaerense.<\/h2>\n<p>20 de septiembre de 2024<\/p>\n<p><strong>BUENOS AIRES &#8211;\u00a0 <em>\u201cLas pol\u00edticas de h\u00e1bitat ocupan un lugar central dentro de las prioridades de nuestro Gobierno: junto a las y los intendentes de los 135 municipios estamos recorriendo el camino inverso al que proponen las autoridades nacionales que paralizaron todas las obras en nuestra provincia\u201d,<\/em><\/strong> afirm\u00f3 este jueves el gobernador <strong>Axel Kicillof<\/strong> al encabezar el acto de entrega de 18 viviendas en Pellegrini junto a la ministra de H\u00e1bitat y Desarrollo Urbano,<strong> Silvina Batakis<\/strong>, y la intendenta local, <strong>Sof\u00eda Gambier<\/strong>.<\/p>\n<blockquote>\n<h3>En ese marco, Kicillof subray\u00f3: <em><strong>\u201cEsa teor\u00eda que asegura que el sector privado tiene que resolver todos los problemas no se aplica en ning\u00fan lugar del mundo: el mercado resuelve solo para quienes cuentan con m\u00e1s poder adquisitivo\u201d. \u201cNo es un tema de libertades y regulaciones, sino de desigualdades y de falta de oportunidades que solo se pueden abordar con un Estado presente\u201d<\/strong><\/em>, explic\u00f3.<\/h3>\n<\/blockquote>\n<p>Las viviendas cuentan con una superficie de 60 metros cuadrados y fueron construidas a partir de una inversi\u00f3n de $324 millones para completar un proyecto habitacional de 36 casas en el barrio Quinta 80. Al respecto, Batakis remarc\u00f3: <strong><em>\u201cEn la Provincia trabajamos sin distinciones partidarias para dar respuestas en materia de viviendas a los 135 municipios: eso solo se logra con un Estado eficiente, inteligente y cada vez m\u00e1s creativo\u201d<\/em><\/strong><\/p>\n<p>\u00abGarantizar el derecho a la vivienda digna a trav\u00e9s de un Estado presente siempre ser\u00e1 motivo de celebraci\u00f3n: esto es producto del trabajo en red entre el municipio y un Gobierno provincial comprometido en su labor de acompa\u00f1ar la construcci\u00f3n de un futuro mejor\u00bb, sostuvo la intendenta Gambier.<\/p>\n<blockquote>\n<h3>Durante la jornada, el Gobernador entreg\u00f3 tambi\u00e9n 12 netbooks del programa Conectar Igualdad Bonaerense para estudiantes de la Escuela de Educaci\u00f3n Secundaria Agropecuaria N\u00b0 1 y la Escuela de Educaci\u00f3n Especial N\u00ba501.<\/h3>\n<\/blockquote>\n<p>Por \u00faltimo, <strong>Kicillof<\/strong> afirm\u00f3: <strong><em>\u201cEn este escenario tan complejo, el Gobierno de la provincia va a seguir trabajando junto a los intendentes para actuar como un escudo que proteja a los y las bonaerenses de los efectos de las pol\u00edticas nacionales\u201d. \u201cEn la Provincia no se vot\u00f3 motosierra ni ajuste salvaje: se eligi\u00f3 mayoritariamente un Estado presente que siga garantizando y ampliando derechos\u201d<\/em><\/strong>, concluy\u00f3.<\/p>\n<p>Estuvieron presentes tambi\u00e9n el administrador general del Instituto de la Vivienda, Diego Men\u00e9ndez; los subsecretarios de Gesti\u00f3n Operativa de la Jefatura de Asesores del Gobernador, Juan Pablo Cusa; y de Recursos H\u00eddricos, N\u00e9stor \u00c1lvarez; el ministro de Gobierno y Asuntos Municipales de La Pampa, Pascual Fern\u00e1ndez, y la presidenta del Instituto Provincial Aut\u00e1rquico de la Vivienda de La Pampa, \u00c9rica Riboyra; el director provincial de Coordinaci\u00f3n de la Gesti\u00f3n Territorial Interior Sur de la Jefatura de Asesores del Gobernador, Gabriel Godoy; los intendentes de Monte Hermoso, Hern\u00e1n Arranz; y de Salliquel\u00f3, Ariel Succurro; los concejales Bruno Buyatti; Facundo Fern\u00e1ndez; y las concejalas Evelyn Tomasello y Julieta Ressia.<\/p>\n","protected":false},"excerpt":{"rendered":"<div class=\"mh-excerpt\"><p>El Gobernador entreg\u00f3 llaves a familias del barrio Quinta 80 y distribuy\u00f3 computadoras del programa Conectar Igualdad Bonaerense. 20 de septiembre de 2024 BUENOS AIRES &#8211;\u00a0 \u201cLas pol\u00edticas de h\u00e1bitat ocupan un lugar central dentro <a class=\"mh-excerpt-more\" href=\"https:\/\/larevistadigital.com.ar\/blog\/kicillof-las-politicas-de-acceso-a-la-vivienda-siguen-siendo-una-prioridad-en-nuestro-gobierno\/\" title=\"Kicillof: \u00abLas pol\u00edticas de acceso a la vivienda siguen siendo una prioridad en nuestro gobierno\u201d\">[Leer M\u00e1s]<\/a><\/p>\n<\/div>","protected":false},"author":3,"featured_media":37285,"comment_status":"open","ping_status":"open","sticky":false,"template":"","format":"standard","meta":{"_jetpack_memberships_contains_paid_content":false,"footnotes":"","jetpack_publicize_message":"","jetpack_publicize_feature_enabled":true,"jetpack_social_post_already_shared":true,"jetpack_social_options":{"image_generator_settings":{"template":"highway","default_image_id":0,"font":"","enabled":false},"version":2}},"categories":[44,24],"tags":[],"class_list":{"0":"post-37284","1":"post","2":"type-post","3":"status-publish","4":"format-standard","5":"has-post-thumbnail","7":"category-policiales","8":"category-politica-provincial"},"jetpack_publicize_connections":[],"jetpack_featured_media_url":"https:\/\/i0.wp.com\/larevistadigital.com.ar\/blog\/wp-content\/uploads\/kicillof_viviendas_pellegrini.jpg?fit=743%2C530&ssl=1","jetpack_sharing_enabled":true,"jetpack_shortlink":"https:\/\/wp.me\/p8qtrQ-9Hm","jetpack-related-posts":[{"id":25383,"url":"https:\/\/larevistadigital.com.ar\/blog\/provincia-de-buenos-aires-aumentan-60-el-valor-de-los-programas-sociales\/","url_meta":{"origin":37284,"position":0},"title":"PROVINCIA DE BUENOS AIRES: AUMENTAN 60% EL VALOR DE LOS PROGRAMAS SOCIALES","author":"Alejandro Sosa Ruda","date":"24 mayo, 2022","format":false,"excerpt":"El gobernador de la provincia de Buenos Aires, Axel Kicillof, y el ministro de Desarrollo de la Comunidad, Andr\u00e9s Larroque, anunciaron este lunes aumentos del 60% en programas sociales que est\u00e1n bajo la \u00f3rbita del Ministerio de Desarrollo de la Comunidad. Listado completo de Programas alcanzados por el aumento. El\u2026","rel":"","context":"En \u00abPOLITICA PROVINCIAL\u00bb","block_context":{"text":"POLITICA PROVINCIAL","link":"https:\/\/larevistadigital.com.ar\/blog\/category\/politica\/politica-provincial\/"},"img":{"alt_text":"","src":"https:\/\/i0.wp.com\/larevistadigital.com.ar\/blog\/wp-content\/uploads\/20220523174122_kicillof-larroque-aumento-prestaciones.jpg?fit=880%2C512&ssl=1&resize=350%2C200","width":350,"height":200,"srcset":"https:\/\/i0.wp.com\/larevistadigital.com.ar\/blog\/wp-content\/uploads\/20220523174122_kicillof-larroque-aumento-prestaciones.jpg?fit=880%2C512&ssl=1&resize=350%2C200 1x, https:\/\/i0.wp.com\/larevistadigital.com.ar\/blog\/wp-content\/uploads\/20220523174122_kicillof-larroque-aumento-prestaciones.jpg?fit=880%2C512&ssl=1&resize=525%2C300 1.5x, https:\/\/i0.wp.com\/larevistadigital.com.ar\/blog\/wp-content\/uploads\/20220523174122_kicillof-larroque-aumento-prestaciones.jpg?fit=880%2C512&ssl=1&resize=700%2C400 2x"},"classes":[]},{"id":32766,"url":"https:\/\/larevistadigital.com.ar\/blog\/axel-kicillof-union-por-la-patria-es-un-escudo-contra-la-derecha\/","url_meta":{"origin":37284,"position":1},"title":"AXEL KICILLOF: \u00abUNI\u00d3N POR LA PATRIA ES UN ESCUDO CONTRA LA DERECHA\u00bb","author":"Alejandro Sosa Ruda","date":"4 agosto, 2023","format":false,"excerpt":"El gobernador bonaerense y candidato a la reelecci\u00f3n por UxP encabez\u00f3 un acto junto a varios gremios en Ensenada, donde llam\u00f3 \"a reventar las urnas el 13 de agosto\" y \"a dar\u00a0una demostraci\u00f3n de defensa ante las pol\u00edticas que ya se aplicaron durante el macrismo\". 3 de agosto de 2023\u2026","rel":"","context":"En \u00abPOLITICA\u00bb","block_context":{"text":"POLITICA","link":"https:\/\/larevistadigital.com.ar\/blog\/category\/politica\/"},"img":{"alt_text":"","src":"https:\/\/i0.wp.com\/larevistadigital.com.ar\/blog\/wp-content\/uploads\/Captura-de-pantalla-2023-08-03-235331.jpg?fit=830%2C445&ssl=1&resize=350%2C200","width":350,"height":200,"srcset":"https:\/\/i0.wp.com\/larevistadigital.com.ar\/blog\/wp-content\/uploads\/Captura-de-pantalla-2023-08-03-235331.jpg?fit=830%2C445&ssl=1&resize=350%2C200 1x, https:\/\/i0.wp.com\/larevistadigital.com.ar\/blog\/wp-content\/uploads\/Captura-de-pantalla-2023-08-03-235331.jpg?fit=830%2C445&ssl=1&resize=525%2C300 1.5x, https:\/\/i0.wp.com\/larevistadigital.com.ar\/blog\/wp-content\/uploads\/Captura-de-pantalla-2023-08-03-235331.jpg?fit=830%2C445&ssl=1&resize=700%2C400 2x"},"classes":[]},{"id":42196,"url":"https:\/\/larevistadigital.com.ar\/blog\/kicillof-recorrio-los-avances-de-obras-de-viviendas-en-carlos-tejedor\/","url_meta":{"origin":37284,"position":2},"title":"Kicillof recorri\u00f3 los avances de obras de viviendas en Carlos Tejedor","author":"Alejandro Sosa Ruda","date":"23 octubre, 2025","format":false,"excerpt":"Adem\u00e1s, el Gobernador mantuvo un encuentro con jubilados, docentes y estudiantes del distrito. El gobernador de la provincia de Buenos Aires, Axel Kicillof, recorri\u00f3 este mi\u00e9rcoles junto a la intendenta de Carlos Tejedor, Mar\u00eda Celia Gianini, los avances de las obras de construcci\u00f3n de 35 viviendas y, en el marco\u2026","rel":"","context":"En \u00abPOLITICA PROVINCIAL\u00bb","block_context":{"text":"POLITICA PROVINCIAL","link":"https:\/\/larevistadigital.com.ar\/blog\/category\/politica\/politica-provincial\/"},"img":{"alt_text":"","src":"https:\/\/i0.wp.com\/larevistadigital.com.ar\/blog\/wp-content\/uploads\/Axel-Kicillof_144.jpg?fit=743%2C530&ssl=1&resize=350%2C200","width":350,"height":200,"srcset":"https:\/\/i0.wp.com\/larevistadigital.com.ar\/blog\/wp-content\/uploads\/Axel-Kicillof_144.jpg?fit=743%2C530&ssl=1&resize=350%2C200 1x, https:\/\/i0.wp.com\/larevistadigital.com.ar\/blog\/wp-content\/uploads\/Axel-Kicillof_144.jpg?fit=743%2C530&ssl=1&resize=525%2C300 1.5x, https:\/\/i0.wp.com\/larevistadigital.com.ar\/blog\/wp-content\/uploads\/Axel-Kicillof_144.jpg?fit=743%2C530&ssl=1&resize=700%2C400 2x"},"classes":[]},{"id":38106,"url":"https:\/\/larevistadigital.com.ar\/blog\/el-gobernador-kicillof-visitara-chascomus-este-miercoles\/","url_meta":{"origin":37284,"position":3},"title":"El gobernador Kicillof visitar\u00e1 Chascom\u00fas este mi\u00e9rcoles","author":"Alejandro Sosa Ruda","date":"3 diciembre, 2024","format":false,"excerpt":"El jefe de gabinete de ministros del gobierno provincial, Carlos Bianco, confirm\u00f3 que el gobernador Axel Kicillof inaugurar\u00e1 las 16 viviendas del Programa Bonaerense II Solidaridad. 03 de diciembre de 2024 CHASCOM\u00daS -\u00a0 El acto se realizar\u00e1 a las 10 horas en el predio ubicado en Hip\u00f3lito Yrigoyen y Arturo\u2026","rel":"","context":"En \u00abDESTACADAS\u00bb","block_context":{"text":"DESTACADAS","link":"https:\/\/larevistadigital.com.ar\/blog\/category\/destacadas\/"},"img":{"alt_text":"","src":"https:\/\/i0.wp.com\/larevistadigital.com.ar\/blog\/wp-content\/uploads\/674e208f82ae6.png?fit=668%2C445&ssl=1&resize=350%2C200","width":350,"height":200,"srcset":"https:\/\/i0.wp.com\/larevistadigital.com.ar\/blog\/wp-content\/uploads\/674e208f82ae6.png?fit=668%2C445&ssl=1&resize=350%2C200 1x, https:\/\/i0.wp.com\/larevistadigital.com.ar\/blog\/wp-content\/uploads\/674e208f82ae6.png?fit=668%2C445&ssl=1&resize=525%2C300 1.5x"},"classes":[]},{"id":39281,"url":"https:\/\/larevistadigital.com.ar\/blog\/kicillof-volvio-a-llamar-a-la-unidad-para-frenar-las-politicas-de-milei-y-defender-la-provincia\/","url_meta":{"origin":37284,"position":4},"title":"Kicillof volvi\u00f3 a llamar a la unidad para frenar las pol\u00edticas de Milei y defender la Provincia","author":"Alejandro Sosa Ruda","date":"4 abril, 2025","format":false,"excerpt":"El gobernador de la provincia de Buenos Aires, Axel Kicillof, encabez\u00f3 este jueves el cierre del ciclo de charlas \u201cDebate del Futuro\u201d en el Teatro Argentino de La Plata. Lo acompa\u00f1aron el ministro de Gobierno, Carlos Bianco; el subsecretario de Econom\u00eda Popular, Daniel Men\u00e9ndez; y el intendente platense, Julio Alak.\u2026","rel":"","context":"En \u00abINTERES GENERAL\u00bb","block_context":{"text":"INTERES GENERAL","link":"https:\/\/larevistadigital.com.ar\/blog\/category\/interes-general\/"},"img":{"alt_text":"","src":"https:\/\/i0.wp.com\/larevistadigital.com.ar\/blog\/wp-content\/uploads\/20250403195806_kicillof-acto-contra-milei-provincia.jpg?fit=880%2C512&ssl=1&resize=350%2C200","width":350,"height":200,"srcset":"https:\/\/i0.wp.com\/larevistadigital.com.ar\/blog\/wp-content\/uploads\/20250403195806_kicillof-acto-contra-milei-provincia.jpg?fit=880%2C512&ssl=1&resize=350%2C200 1x, https:\/\/i0.wp.com\/larevistadigital.com.ar\/blog\/wp-content\/uploads\/20250403195806_kicillof-acto-contra-milei-provincia.jpg?fit=880%2C512&ssl=1&resize=525%2C300 1.5x, https:\/\/i0.wp.com\/larevistadigital.com.ar\/blog\/wp-content\/uploads\/20250403195806_kicillof-acto-contra-milei-provincia.jpg?fit=880%2C512&ssl=1&resize=700%2C400 2x"},"classes":[]},{"id":41843,"url":"https:\/\/larevistadigital.com.ar\/blog\/olavarria-kicillof-se-reunio-con-sectores-productivos-y-recorrio-obras-en-el-distrito\/","url_meta":{"origin":37284,"position":5},"title":"Olavarr\u00eda: Kicillof se reuni\u00f3 con sectores productivos y recorri\u00f3 obras en el distrito","author":"Alejandro Sosa Ruda","date":"8 octubre, 2025","format":false,"excerpt":"El gobernador bonaerense Axel Kicillof encabez\u00f3 este mi\u00e9rcoles un encuentro con productores, comerciantes y representantes gremiales del partido de Olavarr\u00eda, acompa\u00f1ado por el ministro de Producci\u00f3n, Ciencia e Innovaci\u00f3n Tecnol\u00f3gica, Augusto Costa, y el intendente local, Maximiliano Wesner. Adem\u00e1s, el Gobernador visit\u00f3 la f\u00e1brica Canteras Cerro Negro y recorri\u00f3 los\u2026","rel":"","context":"En \u00abPOLITICA PROVINCIAL\u00bb","block_context":{"text":"POLITICA PROVINCIAL","link":"https:\/\/larevistadigital.com.ar\/blog\/category\/politica\/politica-provincial\/"},"img":{"alt_text":"","src":"https:\/\/i0.wp.com\/larevistadigital.com.ar\/blog\/wp-content\/uploads\/20251008175050_kicillof-olavarria-industria-comercio-productores.jpg?fit=880%2C512&ssl=1&resize=350%2C200","width":350,"height":200,"srcset":"https:\/\/i0.wp.com\/larevistadigital.com.ar\/blog\/wp-content\/uploads\/20251008175050_kicillof-olavarria-industria-comercio-productores.jpg?fit=880%2C512&ssl=1&resize=350%2C200 1x, https:\/\/i0.wp.com\/larevistadigital.com.ar\/blog\/wp-content\/uploads\/20251008175050_kicillof-olavarria-industria-comercio-productores.jpg?fit=880%2C512&ssl=1&resize=525%2C300 1.5x, https:\/\/i0.wp.com\/larevistadigital.com.ar\/blog\/wp-content\/uploads\/20251008175050_kicillof-olavarria-industria-comercio-productores.jpg?fit=880%2C512&ssl=1&resize=700%2C400 2x"},"classes":[]}],"_links":{"self":[{"href":"https:\/\/larevistadigital.com.ar\/blog\/wp-json\/wp\/v2\/posts\/37284","targetHints":{"allow":["GET"]}}],"collection":[{"href":"https:\/\/larevistadigital.com.ar\/blog\/wp-json\/wp\/v2\/posts"}],"about":[{"href":"https:\/\/larevistadigital.com.ar\/blog\/wp-json\/wp\/v2\/types\/post"}],"author":[{"embeddable":true,"href":"https:\/\/larevistadigital.com.ar\/blog\/wp-json\/wp\/v2\/users\/3"}],"replies":[{"embeddable":true,"href":"https:\/\/larevistadigital.com.ar\/blog\/wp-json\/wp\/v2\/comments?post=37284"}],"version-history":[{"count":1,"href":"https:\/\/larevistadigital.com.ar\/blog\/wp-json\/wp\/v2\/posts\/37284\/revisions"}],"predecessor-version":[{"id":37286,"href":"https:\/\/larevistadigital.com.ar\/blog\/wp-json\/wp\/v2\/posts\/37284\/revisions\/37286"}],"wp:featuredmedia":[{"embeddable":true,"href":"https:\/\/larevistadigital.com.ar\/blog\/wp-json\/wp\/v2\/media\/37285"}],"wp:attachment":[{"href":"https:\/\/larevistadigital.com.ar\/blog\/wp-json\/wp\/v2\/media?parent=37284"}],"wp:term":[{"taxonomy":"category","embeddable":true,"href":"https:\/\/larevistadigital.com.ar\/blog\/wp-json\/wp\/v2\/categories?post=37284"},{"taxonomy":"post_tag","embeddable":true,"href":"https:\/\/larevistadigital.com.ar\/blog\/wp-json\/wp\/v2\/tags?post=37284"}],"curies":[{"name":"wp","href":"https:\/\/api.w.org\/{rel}","templated":true}]}}