{"id":37288,"date":"2024-09-22T15:30:09","date_gmt":"2024-09-22T18:30:09","guid":{"rendered":"https:\/\/larevistadigital.com.ar\/blog\/?p=37288"},"modified":"2024-09-22T15:30:09","modified_gmt":"2024-09-22T18:30:09","slug":"chascomus-importante-reconocimiento-del-foro-de-seguridad-rural-a-la-patrulla-municipal-de-seguridad-rural-y-su-jefe-marcelo-opicci","status":"publish","type":"post","link":"https:\/\/larevistadigital.com.ar\/blog\/chascomus-importante-reconocimiento-del-foro-de-seguridad-rural-a-la-patrulla-municipal-de-seguridad-rural-y-su-jefe-marcelo-opicci\/","title":{"rendered":"CHASCOM\u00daS: Importante reconocimiento del Foro de Seguridad Rural a la Patrulla Municipal de Seguridad Rural, y su jefe Marcelo Opicci"},"content":{"rendered":"<h2>As\u00ed lo hicieron y lo manifest\u00f3 el Presidente del Foro, Manuel Anchorena, quien destac\u00f3 el trabajo y el compromiso de Marcelo Castillo Opici.<\/h2>\n<p>22 de Septiembre de 2024<\/p>\n<p><strong>CHASCOM\u00daS &#8211;\u00a0 \u00a0<\/strong>Durante una entrevista brindada al programa radial y de Streeming,<strong> \u00abAtaque de Radio\u00bb\u00a0<\/strong>que conduce <strong>Alejandro \u00abEl Tano\u00bb Sosa<\/strong>, el Presidente del Foro de Seguridad Rural de Chascom\u00fas, <strong>Manuel Anchorena<\/strong>, narr\u00f3 que se hizo un reconocimiento al compromiso y el esfuerzo que evidenci\u00f3 en la gesti\u00f3n <strong>Marcelo Castillo Opici<\/strong>, quien se desempe\u00f1a como Director de Prevenci\u00f3n del Delito y las Violencias.<\/p>\n<blockquote>\n<h3>En primera instancia, Anchorena destac\u00f3 los graves problemas que le tocaron vivir a los productores con la inseguridad y el proceder de los llamados \u00abgalgueros\u00bb y subray\u00f3 <strong><em>\u00abLos inconvenientes creo que est\u00e1n solucionados, gracias a la Patrulla Rural, y a la Municipal, y todos los vecinos tenemos algo positivo para decir de Marcelo Opici, lo que nos llev\u00f3 a buscar la manera de reconoc\u00e9rselo\u00bb<\/em><\/strong><\/h3>\n<\/blockquote>\n<p><strong><img data-recalc-dims=\"1\" loading=\"lazy\" decoding=\"async\" class=\"size-medium wp-image-37290 alignright\" src=\"https:\/\/i0.wp.com\/larevistadigital.com.ar\/blog\/wp-content\/uploads\/WhatsApp-Image-2024-09-16-at-09.06.59-1-e1727029743662-300x225.jpeg?resize=300%2C225&#038;ssl=1\" alt=\"\" width=\"300\" height=\"225\" srcset=\"https:\/\/i0.wp.com\/larevistadigital.com.ar\/blog\/wp-content\/uploads\/WhatsApp-Image-2024-09-16-at-09.06.59-1-e1727029743662.jpeg?resize=300%2C225&amp;ssl=1 300w, https:\/\/i0.wp.com\/larevistadigital.com.ar\/blog\/wp-content\/uploads\/WhatsApp-Image-2024-09-16-at-09.06.59-1-e1727029743662.jpeg?resize=1024%2C768&amp;ssl=1 1024w, https:\/\/i0.wp.com\/larevistadigital.com.ar\/blog\/wp-content\/uploads\/WhatsApp-Image-2024-09-16-at-09.06.59-1-e1727029743662.jpeg?resize=768%2C576&amp;ssl=1 768w, https:\/\/i0.wp.com\/larevistadigital.com.ar\/blog\/wp-content\/uploads\/WhatsApp-Image-2024-09-16-at-09.06.59-1-e1727029743662.jpeg?resize=678%2C509&amp;ssl=1 678w, https:\/\/i0.wp.com\/larevistadigital.com.ar\/blog\/wp-content\/uploads\/WhatsApp-Image-2024-09-16-at-09.06.59-1-e1727029743662.jpeg?resize=326%2C245&amp;ssl=1 326w, https:\/\/i0.wp.com\/larevistadigital.com.ar\/blog\/wp-content\/uploads\/WhatsApp-Image-2024-09-16-at-09.06.59-1-e1727029743662.jpeg?resize=80%2C60&amp;ssl=1 80w, https:\/\/i0.wp.com\/larevistadigital.com.ar\/blog\/wp-content\/uploads\/WhatsApp-Image-2024-09-16-at-09.06.59-1-e1727029743662.jpeg?w=1280&amp;ssl=1 1280w\" sizes=\"auto, (max-width: 300px) 100vw, 300px\" \/>Anchorena<\/strong> continu\u00f3 narrando que <strong><em>\u00ablos siete d\u00edas de la semana a la madrugada y a la hora que sea, Opici siempre est\u00e1 para nosotros, por eso pensamos en el reconocimiento, darle un diploma y expresar toda nuestra gratitud\u00bb.\u00a0<\/em><\/strong><\/p>\n<p>El domingo 15 de septiembre entonces, fueron convocados en Don Cipriano para entregarle un diploma al funcionario. <strong>Anchorena<\/strong>, se mostr\u00f3 muy satiosfecho con el trabajo de la patrulla y explic\u00f3 que es justicia reconocer en materia de Seguridad Rural a <strong>Marcelo Opici<\/strong>, debido a que siempre encontraron en \u00e9l a un aliado incondicional y a quien llamar en momentos dif\u00edciles. Saben que siempre estuvo al lado de los productores agropecuarios cuando sus campos eran invadidos por cazadores ilegales o galgueros.<\/p>\n<blockquote>\n<h3>Estuvieron presentes en el paraje de Don Cipriano, el homenajeado Marcelo Opici, como tambi\u00e9n la Secretaria de Seguridad del Municipio, Mariela Moscarella, quien apoy\u00f3 y respald\u00f3 siempre su designaci\u00f3n.<\/h3>\n<\/blockquote>\n<h3><span style=\"color: #ff0000\"><strong>EL AGASAJO A CASTILLO OPICI<\/strong><\/span><\/h3>\n<p>Fueron parte del agasajo, los miembros del Foro de Seguridad Rural, <strong>Manuel Anchorena<\/strong> (Presidente) y los vocales, <strong>Juan Olivera<\/strong>, <strong>Miguel Gonz\u00e1lez<\/strong>, <strong>Rolly Melani<\/strong> y <strong>Carlos Alvarez Correa<\/strong>, pero tambi\u00e9n fueron acompa\u00f1ados por los vecinos de Don Ciprino que compartieron el homenaje, <strong>Jos\u00e9 Del Valle<\/strong>, <strong>Oscar Carregal<\/strong>, <strong>Viviana Lagoroski<\/strong>, <strong>Patricia Melani<\/strong>, <strong>Federico FIss, Grimaldi<\/strong>, <strong>\u00a0Paula y Bruno Bartolo<\/strong>.<\/p>\n<p>Al momento de decir unas palabras,\u00a0<strong>Manuel Anchorena, Presidente del Foro de Seguridad Rural de Chascom\u00fas<\/strong>, manifest\u00f3: <em>\u201c<strong>El Foro quiere con la entrega de \u00e9ste diploma manifestar que siempre que tuvimos un problema, encontramos en Marcelo Opici un funcionario que se hizo presente, que estuvo en nuestros campo con frio o con lluvia, que le puso el cuerpo, a cualquier hora y que por sobre todo tiene compromiso, por eso nuestro reconocimiento<\/strong>\u201d<\/em><\/p>\n","protected":false},"excerpt":{"rendered":"<div class=\"mh-excerpt\"><p>As\u00ed lo hicieron y lo manifest\u00f3 el Presidente del Foro, Manuel Anchorena, quien destac\u00f3 el trabajo y el compromiso de Marcelo Castillo Opici. 22 de Septiembre de 2024 CHASCOM\u00daS &#8211;\u00a0 \u00a0Durante una entrevista brindada al <a class=\"mh-excerpt-more\" href=\"https:\/\/larevistadigital.com.ar\/blog\/chascomus-importante-reconocimiento-del-foro-de-seguridad-rural-a-la-patrulla-municipal-de-seguridad-rural-y-su-jefe-marcelo-opicci\/\" title=\"CHASCOM\u00daS: Importante reconocimiento del Foro de Seguridad Rural a la Patrulla Municipal de Seguridad Rural, y su jefe Marcelo Opicci\">[Leer M\u00e1s]<\/a><\/p>\n<\/div>","protected":false},"author":3,"featured_media":37289,"comment_status":"open","ping_status":"open","sticky":false,"template":"","format":"standard","meta":{"_jetpack_memberships_contains_paid_content":false,"footnotes":"","jetpack_publicize_message":"","jetpack_publicize_feature_enabled":true,"jetpack_social_post_already_shared":true,"jetpack_social_options":{"image_generator_settings":{"template":"highway","default_image_id":0,"font":"","enabled":false},"version":2}},"categories":[41,44],"tags":[],"class_list":{"0":"post-37288","1":"post","2":"type-post","3":"status-publish","4":"format-standard","5":"has-post-thumbnail","7":"category-destacadas","8":"category-policiales"},"jetpack_publicize_connections":[],"jetpack_featured_media_url":"https:\/\/i0.wp.com\/larevistadigital.com.ar\/blog\/wp-content\/uploads\/Con-los-miembros-del-Foro-Seguridad-Rural.jpg?fit=828%2C472&ssl=1","jetpack_sharing_enabled":true,"jetpack_shortlink":"https:\/\/wp.me\/p8qtrQ-9Hq","jetpack-related-posts":[{"id":36207,"url":"https:\/\/larevistadigital.com.ar\/blog\/la-secretaria-de-seguridad-recibio-a-representantes-de-sectores-rurales\/","url_meta":{"origin":37288,"position":0},"title":"LA SECRETARIA DE SEGURIDAD RECIBI\u00d3 A REPRESENTANTES DE SECTORES RURALES","author":"Alejandro Sosa Ruda","date":"4 junio, 2024","format":false,"excerpt":"La secretaria de Seguridad Ciudadana municipal, Mariela Moscarella, recibi\u00f3 a representantes del Foro de Seguridad Rural y de la Asociaci\u00f3n Rural de Chascom\u00fas con quienes dialog\u00f3 sobre la actualidad del sector. 04 de Junio de 2024 CHASCOM\u00daS -\u00a0 En esta reuni\u00f3n, que se llev\u00f3 a cabo en la Secretar\u00eda de\u2026","rel":"","context":"En \u00abDESTACADAS\u00bb","block_context":{"text":"DESTACADAS","link":"https:\/\/larevistadigital.com.ar\/blog\/category\/destacadas\/"},"img":{"alt_text":"","src":"https:\/\/i0.wp.com\/larevistadigital.com.ar\/blog\/wp-content\/uploads\/2024_06_05_00_47_30_302136.jpg?fit=600%2C338&ssl=1&resize=350%2C200","width":350,"height":200,"srcset":"https:\/\/i0.wp.com\/larevistadigital.com.ar\/blog\/wp-content\/uploads\/2024_06_05_00_47_30_302136.jpg?fit=600%2C338&ssl=1&resize=350%2C200 1x, https:\/\/i0.wp.com\/larevistadigital.com.ar\/blog\/wp-content\/uploads\/2024_06_05_00_47_30_302136.jpg?fit=600%2C338&ssl=1&resize=525%2C300 1.5x"},"classes":[]},{"id":33707,"url":"https:\/\/larevistadigital.com.ar\/blog\/chascomus-reconocimiento-al-destacado-trabajo-que-se-viene-haciendo-desde-la-policia-comunal\/","url_meta":{"origin":37288,"position":1},"title":"CHASCOM\u00daS: RECONOCIMIENTO AL DESTACADO TRABAJO QUE SE VIENE HACIENDO DESDE LA POLIC\u00cdA COMUNAL","author":"Alejandro Sosa Ruda","date":"3 octubre, 2023","format":false,"excerpt":"Javier Gast\u00f3n encabez\u00f3 una reuni\u00f3n, a la que se sumaron la secretaria de Seguridad Ciudadana, Mariela Moscarella; el jefe de la Estaci\u00f3n de Polic\u00eda Comunal, comisario inspector Federico Valdivia, y el titular de la comisar\u00eda primera, comisario Gerardo Ferreira. 02 de Octubre de 2023 CHASCOM\u00daS -\u00a0 El encuentro se desarroll\u00f3\u2026","rel":"","context":"En \u00abCHASCOM\u00daS\u00bb","block_context":{"text":"CHASCOM\u00daS","link":"https:\/\/larevistadigital.com.ar\/blog\/category\/chascomus\/"},"img":{"alt_text":"","src":"https:\/\/i0.wp.com\/larevistadigital.com.ar\/blog\/wp-content\/uploads\/4444.png?fit=800%2C500&ssl=1&resize=350%2C200","width":350,"height":200,"srcset":"https:\/\/i0.wp.com\/larevistadigital.com.ar\/blog\/wp-content\/uploads\/4444.png?fit=800%2C500&ssl=1&resize=350%2C200 1x, https:\/\/i0.wp.com\/larevistadigital.com.ar\/blog\/wp-content\/uploads\/4444.png?fit=800%2C500&ssl=1&resize=525%2C300 1.5x, https:\/\/i0.wp.com\/larevistadigital.com.ar\/blog\/wp-content\/uploads\/4444.png?fit=800%2C500&ssl=1&resize=700%2C400 2x"},"classes":[]},{"id":36266,"url":"https:\/\/larevistadigital.com.ar\/blog\/reunion-del-foro-municipal-de-seguridad-para-analizar-diversos-aspectos-de-la-situacion-actual\/","url_meta":{"origin":37288,"position":2},"title":"REUNI\u00d3N DEL FORO MUNICIPAL DE SEGURIDAD PARA ANALIZAR DIVERSOS ASPECTOS DE LA SITUACI\u00d3N ACTUAL","author":"Alejandro Sosa Ruda","date":"8 junio, 2024","format":false,"excerpt":"En un encuentro llevado a cabo el pasado jueves por la tarde en el recinto del Concejo Deliberante, el Foro Municipal de Seguridad se reuni\u00f3 para analizar diversos temas relacionados con la seguridad ciudadana. 8 de Junio de 2024 CHASCOM\u00daS - La reuni\u00f3n estuvo encabezado por la secretaria de Seguridad\u2026","rel":"","context":"En \u00abCHASCOM\u00daS\u00bb","block_context":{"text":"CHASCOM\u00daS","link":"https:\/\/larevistadigital.com.ar\/blog\/category\/chascomus\/"},"img":{"alt_text":"","src":"https:\/\/i0.wp.com\/larevistadigital.com.ar\/blog\/wp-content\/uploads\/2024_06_08_05_26_39_1196676.jpg?fit=600%2C400&ssl=1&resize=350%2C200","width":350,"height":200,"srcset":"https:\/\/i0.wp.com\/larevistadigital.com.ar\/blog\/wp-content\/uploads\/2024_06_08_05_26_39_1196676.jpg?fit=600%2C400&ssl=1&resize=350%2C200 1x, https:\/\/i0.wp.com\/larevistadigital.com.ar\/blog\/wp-content\/uploads\/2024_06_08_05_26_39_1196676.jpg?fit=600%2C400&ssl=1&resize=525%2C300 1.5x"},"classes":[]},{"id":22171,"url":"https:\/\/larevistadigital.com.ar\/blog\/video-graves-hechos-que-pueden-terminar-mal-productores-hartos-de-los-cazadores-furtivos-denuncian-la-falta-de-escucha-del-gobierno-local\/","url_meta":{"origin":37288,"position":3},"title":"[VIDEO] GRAVES HECHOS QUE PUEDEN TERMINAR MAL: PRODUCTORES HARTOS DE LOS CAZADORES FURTIVOS, DENUNCIAN LA FALTA DE ESCUCHA DEL GOBIERNO LOCAL","author":"Alejandro Sosa Ruda","date":"30 septiembre, 2021","format":false,"excerpt":"Bronca e impotencia de los productores rurales en Chascom\u00fas, porque afirman que el gobierno municipal los ha ignorado desde hace 6 a\u00f1os. CHASCOM\u00daS -\u00a0 En una entrevista brindada al programa \"Ataque de Radio\", que conducen Alejandro \"El Tano\" Sosa y Carlos Lasserre, por la FM ACTIVA (93,1 mhtz),\u00a0 el productor\u2026","rel":"","context":"En \u00abDESTACADAS\u00bb","block_context":{"text":"DESTACADAS","link":"https:\/\/larevistadigital.com.ar\/blog\/category\/destacadas\/"},"img":{"alt_text":"","src":"https:\/\/i0.wp.com\/larevistadigital.com.ar\/blog\/wp-content\/uploads\/242674032_4587727534621152_4319037344446329314_n.jpg?fit=1080%2C1080&ssl=1&resize=350%2C200","width":350,"height":200,"srcset":"https:\/\/i0.wp.com\/larevistadigital.com.ar\/blog\/wp-content\/uploads\/242674032_4587727534621152_4319037344446329314_n.jpg?fit=1080%2C1080&ssl=1&resize=350%2C200 1x, https:\/\/i0.wp.com\/larevistadigital.com.ar\/blog\/wp-content\/uploads\/242674032_4587727534621152_4319037344446329314_n.jpg?fit=1080%2C1080&ssl=1&resize=525%2C300 1.5x, https:\/\/i0.wp.com\/larevistadigital.com.ar\/blog\/wp-content\/uploads\/242674032_4587727534621152_4319037344446329314_n.jpg?fit=1080%2C1080&ssl=1&resize=700%2C400 2x, https:\/\/i0.wp.com\/larevistadigital.com.ar\/blog\/wp-content\/uploads\/242674032_4587727534621152_4319037344446329314_n.jpg?fit=1080%2C1080&ssl=1&resize=1050%2C600 3x"},"classes":[]},{"id":36056,"url":"https:\/\/larevistadigital.com.ar\/blog\/posta-policial-en-el-paraje-don-cipriano\/","url_meta":{"origin":37288,"position":4},"title":"POSTA POLICIAL EN EL PARAJE DON CIPRIANO","author":"Alejandro Sosa Ruda","date":"17 mayo, 2024","format":false,"excerpt":"Esta medida tiene como objetivo principal establecer una guardia de seguridad activa en el lugar, lo que permitir\u00e1 una respuesta m\u00e1s r\u00e1pida a las necesidades de los vecinos de la zona. 17 de Mayo de 2024 CHASCOM\u00daS -\u00a0 \u00a0El intendente Javier Gast\u00f3n recibi\u00f3 hoy la nueva posta policial que comenzar\u00e1\u2026","rel":"","context":"En \u00abINTERES GENERAL\u00bb","block_context":{"text":"INTERES GENERAL","link":"https:\/\/larevistadigital.com.ar\/blog\/category\/interes-general\/"},"img":{"alt_text":"","src":"https:\/\/i0.wp.com\/larevistadigital.com.ar\/blog\/wp-content\/uploads\/2024_05_18_02_22_20_4889801.jpg?fit=600%2C400&ssl=1&resize=350%2C200","width":350,"height":200,"srcset":"https:\/\/i0.wp.com\/larevistadigital.com.ar\/blog\/wp-content\/uploads\/2024_05_18_02_22_20_4889801.jpg?fit=600%2C400&ssl=1&resize=350%2C200 1x, https:\/\/i0.wp.com\/larevistadigital.com.ar\/blog\/wp-content\/uploads\/2024_05_18_02_22_20_4889801.jpg?fit=600%2C400&ssl=1&resize=525%2C300 1.5x"},"classes":[]},{"id":42725,"url":"https:\/\/larevistadigital.com.ar\/blog\/chascomus-laguna-en-nivel-critico-advierten-por-riesgos-y-piden-extremar-cuidados\/","url_meta":{"origin":37288,"position":5},"title":"Chascom\u00fas: Laguna en nivel cr\u00edtico&#8230; advierten por riesgos y piden extremar cuidados","author":"Alejandro Sosa Ruda","date":"3 diciembre, 2025","format":false,"excerpt":"Marcelo Opici, responsable de Seguridad Lacustre, explic\u00f3 en \u201cAtaque de Radio\u201d por qu\u00e9 la laguna est\u00e1 tan alta y qu\u00e9 medidas deben tomar vecinos y turistas. 03 de Diciembre de 2025 CHASCOM\u00daS -\u00a0 \u00a0El notable incremento en el nivel del agua de la laguna de Chascom\u00fas no pas\u00f3 desapercibido en\u2026","rel":"","context":"En \u00abATAQUE DE RADIO\u00bb","block_context":{"text":"ATAQUE DE RADIO","link":"https:\/\/larevistadigital.com.ar\/blog\/category\/ataque-de-radio\/"},"img":{"alt_text":"","src":"https:\/\/i0.wp.com\/larevistadigital.com.ar\/blog\/wp-content\/uploads\/Captura-de-pantalla-2025-12-03-204055.jpg?fit=686%2C379&ssl=1&resize=350%2C200","width":350,"height":200,"srcset":"https:\/\/i0.wp.com\/larevistadigital.com.ar\/blog\/wp-content\/uploads\/Captura-de-pantalla-2025-12-03-204055.jpg?fit=686%2C379&ssl=1&resize=350%2C200 1x, https:\/\/i0.wp.com\/larevistadigital.com.ar\/blog\/wp-content\/uploads\/Captura-de-pantalla-2025-12-03-204055.jpg?fit=686%2C379&ssl=1&resize=525%2C300 1.5x"},"classes":[]}],"_links":{"self":[{"href":"https:\/\/larevistadigital.com.ar\/blog\/wp-json\/wp\/v2\/posts\/37288","targetHints":{"allow":["GET"]}}],"collection":[{"href":"https:\/\/larevistadigital.com.ar\/blog\/wp-json\/wp\/v2\/posts"}],"about":[{"href":"https:\/\/larevistadigital.com.ar\/blog\/wp-json\/wp\/v2\/types\/post"}],"author":[{"embeddable":true,"href":"https:\/\/larevistadigital.com.ar\/blog\/wp-json\/wp\/v2\/users\/3"}],"replies":[{"embeddable":true,"href":"https:\/\/larevistadigital.com.ar\/blog\/wp-json\/wp\/v2\/comments?post=37288"}],"version-history":[{"count":1,"href":"https:\/\/larevistadigital.com.ar\/blog\/wp-json\/wp\/v2\/posts\/37288\/revisions"}],"predecessor-version":[{"id":37291,"href":"https:\/\/larevistadigital.com.ar\/blog\/wp-json\/wp\/v2\/posts\/37288\/revisions\/37291"}],"wp:featuredmedia":[{"embeddable":true,"href":"https:\/\/larevistadigital.com.ar\/blog\/wp-json\/wp\/v2\/media\/37289"}],"wp:attachment":[{"href":"https:\/\/larevistadigital.com.ar\/blog\/wp-json\/wp\/v2\/media?parent=37288"}],"wp:term":[{"taxonomy":"category","embeddable":true,"href":"https:\/\/larevistadigital.com.ar\/blog\/wp-json\/wp\/v2\/categories?post=37288"},{"taxonomy":"post_tag","embeddable":true,"href":"https:\/\/larevistadigital.com.ar\/blog\/wp-json\/wp\/v2\/tags?post=37288"}],"curies":[{"name":"wp","href":"https:\/\/api.w.org\/{rel}","templated":true}]}}