{"id":37293,"date":"2024-09-22T19:03:25","date_gmt":"2024-09-22T22:03:25","guid":{"rendered":"https:\/\/larevistadigital.com.ar\/blog\/?p=37293"},"modified":"2024-09-22T19:03:25","modified_gmt":"2024-09-22T22:03:25","slug":"el-viernes-iniciara-la-novena-edicion-del-festival-de-cine-de-chascomus","status":"publish","type":"post","link":"https:\/\/larevistadigital.com.ar\/blog\/el-viernes-iniciara-la-novena-edicion-del-festival-de-cine-de-chascomus\/","title":{"rendered":"El viernes iniciar\u00e1 la novena edici\u00f3n del Festival de Cine de Chascom\u00fas"},"content":{"rendered":"<h2>La ciudad de Chascom\u00fas se prepara para la 9na edici\u00f3n del Festival de Cine de Chascom\u00fas que tendr\u00e1 fecha el 27, 28 y 29 de septiembre.<\/h2>\n<p>22 de Septiembre de 2024<\/p>\n<p><strong>CHASCOM\u00daS &#8211;\u00a0 \u00a0<\/strong>El Festival de Cine de Chascom\u00fas (FCCh) es un encuentro cultural de la agenda local y provincial que acerca a la gente al cine, en una ciudad donde hace m\u00e1s de un d\u00e9cada no hay cine, con entrada libre y gratuita en todas sus actividades, propuestas de programaci\u00f3n y espacios de formaci\u00f3n (cl\u00ednicas, talleres, competencia).<\/p>\n<p>Es uno de los eventos m\u00e1s importantes de la agenda cultural local y realizar\u00e1 su apertura el viernes 27 de Septiembre a las 20.30 hs en la sede central del Teatro Municipal Brazzola con un concierto de m\u00fasica de pel\u00edculas nacionales a cargo de la Orquesta Sinf\u00f3nica Juvenil Alberto Ginastera, perteneciente a la Orquesta Escuela de Chascom\u00fas, dirigida por <strong>Valeria Atela<\/strong>.<\/p>\n<p>Seguidamente, a las 22.00hs el documental <strong>Mi Primera Locura<\/strong>, dirigido por <strong>Adri\u00e1n Santucho<\/strong>, que narra la historia un grupo de amigos de Chascom\u00fas, que ante el pron\u00f3stico de la enfermedad de Esclerosis lateral amiotr\u00f3fica (ELA) de uno de ellos, el Toro, deciden devolverle las ganas de vivir, de sentir el viento en la cara, de disfrutar juntos una carrera m\u00e1s. Toda una ciudad se une para dar valor a estos deportistas, y suman a <strong>Walter<\/strong>, otro chascomunense con la misma enfermedad, para correr la Marat\u00f3n de Bs.As. Una proyecci\u00f3n que promete volver a emocionar a todo el p\u00fablico.<\/p>\n<blockquote>\n<h3><strong>Durante el d\u00eda s\u00e1bado 28 y domingo 29, se realizar\u00e1 la Competencia Oficial<\/strong> que cuenta con m\u00e1s de 20 producciones entre las categor\u00edas Largometrajes ficci\u00f3n, Cortometrajes ficci\u00f3n, animaci\u00f3n, documental y Videoclips que ser\u00e1n proyectadas en el Teatro Municipal Brazzola, a excepci\u00f3n de la competencia Videoclips que se realizar\u00e1 en la Plaza Independencia, frente al teatro.<\/h3>\n<\/blockquote>\n<p>Esta competencia tendr\u00e1 un <strong>equipo de jurados y juradas<\/strong> de reconocimiento en el cine, teatro y tv. <strong>La competencia de largometrajes<\/strong> (pel\u00edculas que superen los 60 minutos) estar\u00e1 jurada por la reconocida actriz <strong>Ver\u00f3nica Llin\u00e1s<\/strong>, la directora y actriz <strong>Mar\u00eda Alch\u00e9<\/strong> y el guionista y realizador audiovisual <strong>Cristian Ponce<\/strong>. En la competencia de cortometrajes y videoclips estar\u00e1n la actriz <strong>Julia G\u00e1rriz<\/strong>, la productora y realizadora audiovisual <strong>Mercedes Durand<\/strong>, y el realizador audiovisual <strong>Mart\u00edn Benchimol<\/strong>, siendo ganador del mejor cortometraje documental en la edici\u00f3n 2023 del festival.<\/p>\n<blockquote>\n<h3>Como todos los a\u00f1os, habr\u00e1 <strong>Espacios de Formaci\u00f3n<\/strong> y para esta edici\u00f3n se desarrollar\u00e1n dos espacios: <strong>Taller de cine<\/strong>, a cargo Luisina Pastore, y un <strong>Taller de Juegos \u00d3pticos<\/strong>, a cargo de <strong>Eva Pizarro<\/strong>, ambos para toda la familia, siendo este \u00faltimo pensado para infancias. Cabe mencionar que ambas talleristas son provenientes de nuestra ciudad.<\/h3>\n<\/blockquote>\n<p>Quienes deseen participar de los espacios podr\u00e1n hacerlo con <strong>inscripci\u00f3n previa hasta el 27 de septiembre<\/strong> por medio del siguiente mail <a href=\"mailto:talleresfcch@gmail.com\">talleresfcch@gmail.com <\/a>, en la que deber\u00e1n aclarar nombre y apellido de la persona o personas que se inscriban.<\/p>\n<blockquote>\n<h3>El Festival del Cine de Chascom\u00fas propone este encuentro en la ciudad, teniendo como excusa el 7mo arte, entendiendo que para el turismo tambi\u00e9n es un factor fundamental ya que acerca muchas personas del circuito del cine, de otros lugares que vienen a la ciudad a acompa\u00f1ar sus trabajos, como as\u00ed tambi\u00e9n p\u00fablico que decide venir a ver pel\u00edculas y para los vecinos y vecinas de Chascom\u00fas.<\/h3>\n<\/blockquote>\n<p>Asimismo, desde hace varios a\u00f1os, el FCCh consolid\u00f3 un espacio de encuentro con realizadores que vienen a acompa\u00f1ar sus producciones y productores locales bajo el nombre de <strong>Fabricantes de Im\u00e1genes<\/strong>. Un espacio para encontrarnos, dialogar, conocer el trabajo de todas las personas que asisten y generar contactos para quienes quieren venir a filmar la ciudad, como para las personas que producen ac\u00e1. Esta actividad ser\u00e1 llevada a cabo el domingo 29 a las 11.30 en <strong>Casa de Casco.<\/strong><\/p>\n<blockquote>\n<h3>Adem\u00e1s, para las personas que vienen, la mayor\u00eda vinculadas al cine, la ciudad es considerada un escenario para sus films y eso hace que sea una semilla importante para el turismo y la concreci\u00f3n de futuros proyectos.<\/h3>\n<\/blockquote>\n<p>Como en todas las ediciones el Festival contar\u00e1 con un show musical en vivo, este a\u00f1o llevado adelante por el reconocido cancionista , por primera vez en Chascom\u00fas, dando <strong>Apertura a la Competencia de Videoclips<\/strong>. El reconocido cancionista uruguayo estar\u00e1 presentando su reciente quinto \u00e1lbum, \u201cEl fr\u00edo que nos convoca\u201d, en el<strong> Teatro Brazzola, el s\u00e1bado 28 a las 19.00h<\/strong>.<\/p>\n<blockquote>\n<h3>Tambi\u00e9n, entre las proyecciones habr\u00e1 un set de la DJ local Eve Gazzaniga, el d\u00eda s\u00e1bado 28 a las 20.30hs. Al realizarse al aire libre, el p\u00fablico podr\u00e1 disfrutar de la m\u00fasica y degustar comidas y bebidas de las propuestas de los foodtrucks, que acompa\u00f1ar\u00e1n el festival, tal como lo hicieron en ediciones anteriores.<\/h3>\n<\/blockquote>\n<p>El 9FCCh tambi\u00e9n tendr\u00e1 su segmento de <strong>Cine de trasnoche<\/strong>, consolidando un espacio que viene trabajando para visibilizar a las disidencias y diversidades sexuales, con la proyecci\u00f3n de la reciente estrenada pel\u00edcula REAS de Lola Arias, siendo esta proyecci\u00f3n el s\u00e1bado a la medianoche y estando fuera de la competencia, proyect\u00e1ndose en un marco de muestra en el Teatro Brazzola, moderado el posterior debate por Orgullo Chasco.<\/p>\n<p><img data-recalc-dims=\"1\" loading=\"lazy\" decoding=\"async\" class=\"size-medium wp-image-37295 alignright\" src=\"https:\/\/i0.wp.com\/larevistadigital.com.ar\/blog\/wp-content\/uploads\/WhatsApp-Image-2024-09-21-at-18.25.16.jpeg?resize=240%2C300&#038;ssl=1\" alt=\"\" width=\"240\" height=\"300\" srcset=\"https:\/\/i0.wp.com\/larevistadigital.com.ar\/blog\/wp-content\/uploads\/WhatsApp-Image-2024-09-21-at-18.25.16.jpeg?resize=240%2C300&amp;ssl=1 240w, https:\/\/i0.wp.com\/larevistadigital.com.ar\/blog\/wp-content\/uploads\/WhatsApp-Image-2024-09-21-at-18.25.16.jpeg?resize=819%2C1024&amp;ssl=1 819w, https:\/\/i0.wp.com\/larevistadigital.com.ar\/blog\/wp-content\/uploads\/WhatsApp-Image-2024-09-21-at-18.25.16.jpeg?resize=768%2C960&amp;ssl=1 768w, https:\/\/i0.wp.com\/larevistadigital.com.ar\/blog\/wp-content\/uploads\/WhatsApp-Image-2024-09-21-at-18.25.16.jpeg?resize=1229%2C1536&amp;ssl=1 1229w, https:\/\/i0.wp.com\/larevistadigital.com.ar\/blog\/wp-content\/uploads\/WhatsApp-Image-2024-09-21-at-18.25.16.jpeg?w=1280&amp;ssl=1 1280w\" sizes=\"auto, (max-width: 240px) 100vw, 240px\" \/>Por otra parte, en la clausura de la novena edici\u00f3n se realizar\u00e1 un homenaje a <strong>Rosario Bl\u00e9fari<\/strong>, actriz, m\u00fasica y escritora argentina, que estuvo en nuestro festival jurando la cuarta edici\u00f3n. Adem\u00e1s de acciones que habr\u00e1 en el Festival para recordarla, se proyectar\u00e1 el largometraje <strong>Planta Permanente<\/strong>, donde ella es protagonista. Se podr\u00e1 ver el <strong>domingo 29, a las 20.30hs<\/strong>.<\/p>\n<p><strong>Finalmente, cabe destacar que todas las actividades del Festival de Cine de Chascom\u00fas son libres y gratuitas. En cuanto a los lugares, horarios de las mismas y el detalle de todas las producciones pueden encontrarse en Facebook e Instagram: @chascomuscine.<\/strong><\/p>\n<p>El Festival de Cine de Chascom\u00fas es organizado por la productora El Camino Amarillo Producciones, en co- producci\u00f3n con la Municipalidad de Chascom\u00fas.<\/p>\n<p><span style=\"color: #ff0000\"><strong>DIRECCI\u00d3N \/ COORDINACI\u00d3N \/ PROGRAMACI\u00d3N:<\/strong><\/span> <strong>El\u00edas Pedernera<\/strong><\/p>\n<p><strong><span style=\"color: #ff0000\">COORDINACI\u00d3N \/ PROGRAMACI\u00d3N:<\/span> Dante Mart\u00ednez<\/strong><\/p>\n<p><span style=\"color: #ff0000\"><strong>PROGRAMACI\u00d3N:<\/strong><\/span> <strong>Mar\u00eda Jos\u00e9 Pedernera<\/strong><\/p>\n<p><strong><span style=\"color: #ff0000\">PRODUCCI\u00d3N EJECUTIVA \/ COMERCIAL Y COORDINACI\u00d3N:<\/span><\/strong><\/p>\n<p><strong>In\u00e9s Gaburri \/ Tamara Esponda \/ Andrea Brandoni Hardie<\/strong><\/p>\n<p><strong><span style=\"color: #ff0000\">ASISTENCIA DE PRODUCCI\u00d3N:<\/span><\/strong> <strong>Abril Oviedo \/ Manuela Iseas\/ Florencia Buggiani<\/strong><\/p>\n<p><strong><span style=\"color: #ff0000\">PROYECTORISTAS:<\/span><\/strong> <strong>Lolo Armend\u00e1riz \/ Epi Di Capua<\/strong><\/p>\n<p><strong><span style=\"color: #ff0000\">DISE\u00d1O GR\u00c1FICO:<\/span><\/strong> <strong>Epi Di Capua<\/strong><\/p>\n<p><strong><span style=\"color: #ff0000\">SPOT \/ PIEZAS AUDIOVISUALES:<\/span><\/strong><\/p>\n<p><strong>Dante Mart\u00ednez \/ El\u00edas Pedernera<\/strong><\/p>\n<p><strong><span style=\"color: #ff0000\">COORDINACI\u00d3N DE TALLERES:<\/span><\/strong> <strong>Eva Faga<\/strong><\/p>\n<p><span style=\"color: #ff0000\"><strong>COBERTURA AUDIOVISUAL:<\/strong><\/span> <strong>Bel\u00e9n<\/strong> <strong>Peralta \/ Santiago Peralta<\/strong><\/p>\n<p><strong><span style=\"color: #ff0000\">FOTOGRAF\u00cdA:<\/span> Cleo Bouza<\/strong><\/p>\n<p><strong><span style=\"color: #ff0000\">TALLERISTAS:<\/span><\/strong> <strong>Luisina Pastore \/ Eva Pizzaro<\/strong><\/p>\n<p><strong><span style=\"color: #ff0000\">FANZINE:<\/span><\/strong> <strong>Lucy<\/strong><\/p>\n","protected":false},"excerpt":{"rendered":"<div class=\"mh-excerpt\"><p>La ciudad de Chascom\u00fas se prepara para la 9na edici\u00f3n del Festival de Cine de Chascom\u00fas que tendr\u00e1 fecha el 27, 28 y 29 de septiembre. 22 de Septiembre de 2024 CHASCOM\u00daS &#8211;\u00a0 \u00a0El Festival <a class=\"mh-excerpt-more\" href=\"https:\/\/larevistadigital.com.ar\/blog\/el-viernes-iniciara-la-novena-edicion-del-festival-de-cine-de-chascomus\/\" title=\"El viernes iniciar\u00e1 la novena edici\u00f3n del Festival de Cine de Chascom\u00fas\">[Leer M\u00e1s]<\/a><\/p>\n<\/div>","protected":false},"author":3,"featured_media":37294,"comment_status":"open","ping_status":"open","sticky":false,"template":"","format":"standard","meta":{"_jetpack_memberships_contains_paid_content":false,"footnotes":"","jetpack_publicize_message":"","jetpack_publicize_feature_enabled":true,"jetpack_social_post_already_shared":true,"jetpack_social_options":{"image_generator_settings":{"template":"highway","default_image_id":0,"font":"","enabled":false},"version":2}},"categories":[51],"tags":[],"class_list":{"0":"post-37293","1":"post","2":"type-post","3":"status-publish","4":"format-standard","5":"has-post-thumbnail","7":"category-regionales"},"jetpack_publicize_connections":[],"jetpack_featured_media_url":"https:\/\/i0.wp.com\/larevistadigital.com.ar\/blog\/wp-content\/uploads\/FESTIVAL-DE-CINE-CHASCOMUS.jpg?fit=1304%2C868&ssl=1","jetpack_sharing_enabled":true,"jetpack_shortlink":"https:\/\/wp.me\/p8qtrQ-9Hv","jetpack-related-posts":[{"id":21853,"url":"https:\/\/larevistadigital.com.ar\/blog\/6ta-edicion-del-festival-de-cine-chascomus\/","url_meta":{"origin":37293,"position":0},"title":"6TA EDICI\u00d3N DEL FESTIVAL DE CINE CHASCOM\u00daS","author":"Alejandro Sosa Ruda","date":"4 septiembre, 2021","format":false,"excerpt":"CHASCOM\u00daS - La ciudad de Chascom\u00fas se prepara para la 6ta edici\u00f3n del Festival de Cine de Chascom\u00fas que tendr\u00e1 fecha el 18 y 19 de Septiembre de 2021, luego de casi dos a\u00f1os de que terminara la 5ta edici\u00f3n en mayo de 2019, y suspendida la edici\u00f3n del 2020\u2026","rel":"","context":"En \u00abCHASCOM\u00daS\u00bb","block_context":{"text":"CHASCOM\u00daS","link":"https:\/\/larevistadigital.com.ar\/blog\/category\/chascomus\/"},"img":{"alt_text":"","src":"https:\/\/i0.wp.com\/larevistadigital.com.ar\/blog\/wp-content\/uploads\/6FCCh-scaled.jpg?fit=1200%2C573&ssl=1&resize=350%2C200","width":350,"height":200,"srcset":"https:\/\/i0.wp.com\/larevistadigital.com.ar\/blog\/wp-content\/uploads\/6FCCh-scaled.jpg?fit=1200%2C573&ssl=1&resize=350%2C200 1x, https:\/\/i0.wp.com\/larevistadigital.com.ar\/blog\/wp-content\/uploads\/6FCCh-scaled.jpg?fit=1200%2C573&ssl=1&resize=525%2C300 1.5x, https:\/\/i0.wp.com\/larevistadigital.com.ar\/blog\/wp-content\/uploads\/6FCCh-scaled.jpg?fit=1200%2C573&ssl=1&resize=700%2C400 2x, https:\/\/i0.wp.com\/larevistadigital.com.ar\/blog\/wp-content\/uploads\/6FCCh-scaled.jpg?fit=1200%2C573&ssl=1&resize=1050%2C600 3x"},"classes":[]},{"id":37202,"url":"https:\/\/larevistadigital.com.ar\/blog\/con-gran-expectativa-se-aguarda-el-inicio-del-9no-festival-de-cine-de-chascomus\/","url_meta":{"origin":37293,"position":1},"title":"Con gran expectativa se aguarda el inicio del 9no. Festival de Cine de Chascom\u00fas","author":"Alejandro Sosa Ruda","date":"11 septiembre, 2024","format":false,"excerpt":"El evento incluye competencias en diversas categor\u00edas audiovisuales y donde se podr\u00e1 disfrutar de proyecciones y diversas actividades. 11 de Septiembre de 2024 El Festival de Cine de Chascom\u00fas, cuenta con el acompa\u00f1amiento de la Municipalidad de Chascom\u00fas, y es un espacio de revalorizaci\u00f3n del cine para acercarlo a la\u2026","rel":"","context":"En \u00abINTERES GENERAL\u00bb","block_context":{"text":"INTERES GENERAL","link":"https:\/\/larevistadigital.com.ar\/blog\/category\/interes-general\/"},"img":{"alt_text":"","src":"https:\/\/i0.wp.com\/larevistadigital.com.ar\/blog\/wp-content\/uploads\/66e1d0dda163f.png?fit=668%2C445&ssl=1&resize=350%2C200","width":350,"height":200,"srcset":"https:\/\/i0.wp.com\/larevistadigital.com.ar\/blog\/wp-content\/uploads\/66e1d0dda163f.png?fit=668%2C445&ssl=1&resize=350%2C200 1x, https:\/\/i0.wp.com\/larevistadigital.com.ar\/blog\/wp-content\/uploads\/66e1d0dda163f.png?fit=668%2C445&ssl=1&resize=525%2C300 1.5x"},"classes":[]},{"id":27806,"url":"https:\/\/larevistadigital.com.ar\/blog\/este-fin-de-semana-se-realiza-la-septima-edicion-del-festival-de-cine-de-chascomus\/","url_meta":{"origin":37293,"position":2},"title":"ESTE FIN DE SEMANA SE REALIZA LA S\u00c9PTIMA EDICI\u00d3N DEL FESTIVAL DE CINE DE CHASCOM\u00daS","author":"Alejandro Sosa Ruda","date":"16 septiembre, 2022","format":false,"excerpt":"El escenario principal ser\u00e1 el Teatro Municipal Brazzola, donde se realizar\u00e1 la apertura este s\u00e1bado a las 15hs. Tambi\u00e9n habr\u00e1 sedes donde se proyectar\u00e1n films y se dictar\u00e1n talleres. El evento culminar\u00e1 con un homenaje a Favio Leonardo al cumplirse 10 a\u00f1os de su fallecimiento. 16 de septiembre de 2022\u2026","rel":"","context":"En \u00abDESTACADAS\u00bb","block_context":{"text":"DESTACADAS","link":"https:\/\/larevistadigital.com.ar\/blog\/category\/destacadas\/"},"img":{"alt_text":"","src":"https:\/\/i0.wp.com\/larevistadigital.com.ar\/blog\/wp-content\/uploads\/WhatsApp-Image-2022-09-15-at-19.25.29.jpeg?fit=1200%2C675&ssl=1&resize=350%2C200","width":350,"height":200,"srcset":"https:\/\/i0.wp.com\/larevistadigital.com.ar\/blog\/wp-content\/uploads\/WhatsApp-Image-2022-09-15-at-19.25.29.jpeg?fit=1200%2C675&ssl=1&resize=350%2C200 1x, https:\/\/i0.wp.com\/larevistadigital.com.ar\/blog\/wp-content\/uploads\/WhatsApp-Image-2022-09-15-at-19.25.29.jpeg?fit=1200%2C675&ssl=1&resize=525%2C300 1.5x, https:\/\/i0.wp.com\/larevistadigital.com.ar\/blog\/wp-content\/uploads\/WhatsApp-Image-2022-09-15-at-19.25.29.jpeg?fit=1200%2C675&ssl=1&resize=700%2C400 2x, https:\/\/i0.wp.com\/larevistadigital.com.ar\/blog\/wp-content\/uploads\/WhatsApp-Image-2022-09-15-at-19.25.29.jpeg?fit=1200%2C675&ssl=1&resize=1050%2C600 3x"},"classes":[]},{"id":41520,"url":"https:\/\/larevistadigital.com.ar\/blog\/el-festival-de-cine-de-chascomus-celebra-su-decima-edicion\/","url_meta":{"origin":37293,"position":3},"title":"El Festival de Cine de Chascom\u00fas celebra su d\u00e9cima edici\u00f3n","author":"Alejandro Sosa Ruda","date":"19 septiembre, 2025","format":false,"excerpt":"Comenzar\u00e1 el jueves 9 de octubre con la proyecci\u00f3n del documental \u201cLa muerte sin tiempo de Emilio Blanco\u201d, una obra que reconstruye la historia del joven chascomunense asesinado en 1997. 19 de septiembre de 2025 CHASCOM\u00daS -\u00a0 \u00a0Del 9 al 12 de octubre se realizar\u00e1 el 10\u00b0 Festival de Cine\u2026","rel":"","context":"En \u00abCHASCOM\u00daS\u00bb","block_context":{"text":"CHASCOM\u00daS","link":"https:\/\/larevistadigital.com.ar\/blog\/category\/chascomus\/"},"img":{"alt_text":"","src":"https:\/\/i0.wp.com\/larevistadigital.com.ar\/blog\/wp-content\/uploads\/68cd9a1b3741e.png?fit=668%2C445&ssl=1&resize=350%2C200","width":350,"height":200,"srcset":"https:\/\/i0.wp.com\/larevistadigital.com.ar\/blog\/wp-content\/uploads\/68cd9a1b3741e.png?fit=668%2C445&ssl=1&resize=350%2C200 1x, https:\/\/i0.wp.com\/larevistadigital.com.ar\/blog\/wp-content\/uploads\/68cd9a1b3741e.png?fit=668%2C445&ssl=1&resize=525%2C300 1.5x"},"classes":[]},{"id":30245,"url":"https:\/\/larevistadigital.com.ar\/blog\/importante-galardon-para-el-festival-de-cine-de-chascomus\/","url_meta":{"origin":37293,"position":4},"title":"IMPORTANTE GALARD\u00d3N PARA EL FESTIVAL DE CINE DE CHASCOM\u00daS","author":"Alejandro Sosa Ruda","date":"25 febrero, 2023","format":false,"excerpt":"El Festival de Cine de Chascom\u00fas fue\u00a0 galardonado en el Plan de Fomento a la Producci\u00f3n Audiovisual Bonaerense. 25 de febrero de 2023 Dentro de la regi\u00f3n cinco y bajo la categor\u00eda \u201cDesarrollo de Proyecto de Festival de Cine Regional\u201d. Desde FCCh se\u00f1alaron que \u201ces un reconocimiento al trabajo que\u2026","rel":"","context":"En \u00abCULTURA\u00bb","block_context":{"text":"CULTURA","link":"https:\/\/larevistadigital.com.ar\/blog\/category\/cultura\/"},"img":{"alt_text":"","src":"https:\/\/i0.wp.com\/larevistadigital.com.ar\/blog\/wp-content\/uploads\/l.jpg?fit=1200%2C900&ssl=1&resize=350%2C200","width":350,"height":200,"srcset":"https:\/\/i0.wp.com\/larevistadigital.com.ar\/blog\/wp-content\/uploads\/l.jpg?fit=1200%2C900&ssl=1&resize=350%2C200 1x, https:\/\/i0.wp.com\/larevistadigital.com.ar\/blog\/wp-content\/uploads\/l.jpg?fit=1200%2C900&ssl=1&resize=525%2C300 1.5x, https:\/\/i0.wp.com\/larevistadigital.com.ar\/blog\/wp-content\/uploads\/l.jpg?fit=1200%2C900&ssl=1&resize=700%2C400 2x, https:\/\/i0.wp.com\/larevistadigital.com.ar\/blog\/wp-content\/uploads\/l.jpg?fit=1200%2C900&ssl=1&resize=1050%2C600 3x"},"classes":[]},{"id":33090,"url":"https:\/\/larevistadigital.com.ar\/blog\/septiembre-iniciara-con-la-octava-edicion-del-festival-de-cine-chascomus\/","url_meta":{"origin":37293,"position":5},"title":"SEPTIEMBRE INICIAR\u00c1 CON LA OCTAVA EDICI\u00d3N DEL \u00abFESTIVAL DE CINE CHASCOM\u00daS\u00bb","author":"Alejandro Sosa Ruda","date":"28 agosto, 2023","format":false,"excerpt":"Desde el viernes hasta el domingo, 03 de septiembre, se podr\u00e1 disfrutar de producciones audiovisuales nacionales, espacios de formaci\u00f3n y actividades, todo con entrada libre y gratuita. La apertura del 8FCCh ser\u00e1 en el Teatro Municipal Brazzola donde se proyectar\u00e1 el primer film en competencia. 28 de agosto de 2023\u2026","rel":"","context":"En \u00abCULTURA\u00bb","block_context":{"text":"CULTURA","link":"https:\/\/larevistadigital.com.ar\/blog\/category\/cultura\/"},"img":{"alt_text":"","src":"https:\/\/i0.wp.com\/larevistadigital.com.ar\/blog\/wp-content\/uploads\/WhatsApp-Image-2023-08-28-at-14.32.02.jpeg?fit=961%2C960&ssl=1&resize=350%2C200","width":350,"height":200,"srcset":"https:\/\/i0.wp.com\/larevistadigital.com.ar\/blog\/wp-content\/uploads\/WhatsApp-Image-2023-08-28-at-14.32.02.jpeg?fit=961%2C960&ssl=1&resize=350%2C200 1x, https:\/\/i0.wp.com\/larevistadigital.com.ar\/blog\/wp-content\/uploads\/WhatsApp-Image-2023-08-28-at-14.32.02.jpeg?fit=961%2C960&ssl=1&resize=525%2C300 1.5x, https:\/\/i0.wp.com\/larevistadigital.com.ar\/blog\/wp-content\/uploads\/WhatsApp-Image-2023-08-28-at-14.32.02.jpeg?fit=961%2C960&ssl=1&resize=700%2C400 2x"},"classes":[]}],"_links":{"self":[{"href":"https:\/\/larevistadigital.com.ar\/blog\/wp-json\/wp\/v2\/posts\/37293","targetHints":{"allow":["GET"]}}],"collection":[{"href":"https:\/\/larevistadigital.com.ar\/blog\/wp-json\/wp\/v2\/posts"}],"about":[{"href":"https:\/\/larevistadigital.com.ar\/blog\/wp-json\/wp\/v2\/types\/post"}],"author":[{"embeddable":true,"href":"https:\/\/larevistadigital.com.ar\/blog\/wp-json\/wp\/v2\/users\/3"}],"replies":[{"embeddable":true,"href":"https:\/\/larevistadigital.com.ar\/blog\/wp-json\/wp\/v2\/comments?post=37293"}],"version-history":[{"count":1,"href":"https:\/\/larevistadigital.com.ar\/blog\/wp-json\/wp\/v2\/posts\/37293\/revisions"}],"predecessor-version":[{"id":37296,"href":"https:\/\/larevistadigital.com.ar\/blog\/wp-json\/wp\/v2\/posts\/37293\/revisions\/37296"}],"wp:featuredmedia":[{"embeddable":true,"href":"https:\/\/larevistadigital.com.ar\/blog\/wp-json\/wp\/v2\/media\/37294"}],"wp:attachment":[{"href":"https:\/\/larevistadigital.com.ar\/blog\/wp-json\/wp\/v2\/media?parent=37293"}],"wp:term":[{"taxonomy":"category","embeddable":true,"href":"https:\/\/larevistadigital.com.ar\/blog\/wp-json\/wp\/v2\/categories?post=37293"},{"taxonomy":"post_tag","embeddable":true,"href":"https:\/\/larevistadigital.com.ar\/blog\/wp-json\/wp\/v2\/tags?post=37293"}],"curies":[{"name":"wp","href":"https:\/\/api.w.org\/{rel}","templated":true}]}}