{"id":37298,"date":"2024-09-22T20:23:24","date_gmt":"2024-09-22T23:23:24","guid":{"rendered":"https:\/\/larevistadigital.com.ar\/blog\/?p=37298"},"modified":"2024-09-22T20:23:24","modified_gmt":"2024-09-22T23:23:24","slug":"general-lavalle-con-mas-de-60-productores-se-realizo-una-importante-jornada-ganadera","status":"publish","type":"post","link":"https:\/\/larevistadigital.com.ar\/blog\/general-lavalle-con-mas-de-60-productores-se-realizo-una-importante-jornada-ganadera\/","title":{"rendered":"General Lavalle: con m\u00e1s de 60 productores se realiz\u00f3 una importante jornada ganadera"},"content":{"rendered":"<h2>El encuentro se bas\u00f3 en incrementar la producci\u00f3n.<\/h2>\n<p>22 de Septiembre de 2024<\/p>\n<p><strong>GENERAL LAVALLE &#8211;\u00a0 La Municipalidad de General Lavalle, a trav\u00e9s de la Direcci\u00f3n de Producci\u00f3n realiz\u00f3 la jornada ganadera de<em>\u00a0\u00abEstrategias para aumentar la producci\u00f3n de carne\u00bb.<\/em><\/strong><\/p>\n<blockquote>\n<h3>Participaron del encuentro unos 60 productores que adquirieron los conocimientos de distintas herramientas para poner en pr\u00e1ctica en sus establecimientos ganaderos.<\/h3>\n<\/blockquote>\n<p>Tambi\u00e9n estuvieron en el lugar disertantes, auspiciantes, municipios como General Madariaga y General Tordillo, la Estancia La Linconia, representantes del INTA y diversos empleados municipales.<\/p>\n<p>(publicado en entrel\u00edneas)<\/p>\n","protected":false},"excerpt":{"rendered":"<div class=\"mh-excerpt\"><p>El encuentro se bas\u00f3 en incrementar la producci\u00f3n. 22 de Septiembre de 2024 GENERAL LAVALLE &#8211;\u00a0 La Municipalidad de General Lavalle, a trav\u00e9s de la Direcci\u00f3n de Producci\u00f3n realiz\u00f3 la jornada ganadera de\u00a0\u00abEstrategias para aumentar <a class=\"mh-excerpt-more\" href=\"https:\/\/larevistadigital.com.ar\/blog\/general-lavalle-con-mas-de-60-productores-se-realizo-una-importante-jornada-ganadera\/\" title=\"General Lavalle: con m\u00e1s de 60 productores se realiz\u00f3 una importante jornada ganadera\">[Leer M\u00e1s]<\/a><\/p>\n<\/div>","protected":false},"author":3,"featured_media":37299,"comment_status":"open","ping_status":"open","sticky":false,"template":"","format":"standard","meta":{"_jetpack_memberships_contains_paid_content":false,"footnotes":"","jetpack_publicize_message":"","jetpack_publicize_feature_enabled":true,"jetpack_social_post_already_shared":true,"jetpack_social_options":{"image_generator_settings":{"template":"highway","default_image_id":0,"font":"","enabled":false},"version":2}},"categories":[51],"tags":[],"class_list":{"0":"post-37298","1":"post","2":"type-post","3":"status-publish","4":"format-standard","5":"has-post-thumbnail","7":"category-regionales"},"jetpack_publicize_connections":[],"jetpack_featured_media_url":"https:\/\/i0.wp.com\/larevistadigital.com.ar\/blog\/wp-content\/uploads\/aa875849899a4f8ee9551f8f00cd59112bb5116a.jpg?fit=1140%2C855&ssl=1","jetpack_sharing_enabled":true,"jetpack_shortlink":"https:\/\/wp.me\/p8qtrQ-9HA","jetpack-related-posts":[{"id":34393,"url":"https:\/\/larevistadigital.com.ar\/blog\/gral-lavalle-se-viene-la-fiesta-de-apertura-de-temporada-de-pesca-de-la-corvina-negra\/","url_meta":{"origin":37298,"position":0},"title":"GRAL. LAVALLE: SE VIENE LA FIESTA DE APERTURA DE TEMPORADA DE PESCA DE LA CORVINA NEGRA","author":"Alejandro Sosa Ruda","date":"6 noviembre, 2023","format":false,"excerpt":"Entre otras cosas, contar\u00e1 con un concurso de pesca, shows en vivo y actividades para toda la familia. 6 de Noviembre de 2023 GENERAL LAVALLE -\u00a0 General Lavalle\u00a0se prepara la apertura de la temporada de pesca de la\u00a0corvina negra\u00a0con una gran fiesta y actividades para toda la familia en el\u00a0Puerto\u2026","rel":"","context":"En \u00abREGIONALES\u00bb","block_context":{"text":"REGIONALES","link":"https:\/\/larevistadigital.com.ar\/blog\/category\/regionales\/"},"img":{"alt_text":"","src":"https:\/\/i0.wp.com\/larevistadigital.com.ar\/blog\/wp-content\/uploads\/27cad881282d024432a95a538978480b1540b727.jpg?fit=1140%2C751&ssl=1&resize=350%2C200","width":350,"height":200,"srcset":"https:\/\/i0.wp.com\/larevistadigital.com.ar\/blog\/wp-content\/uploads\/27cad881282d024432a95a538978480b1540b727.jpg?fit=1140%2C751&ssl=1&resize=350%2C200 1x, https:\/\/i0.wp.com\/larevistadigital.com.ar\/blog\/wp-content\/uploads\/27cad881282d024432a95a538978480b1540b727.jpg?fit=1140%2C751&ssl=1&resize=525%2C300 1.5x, https:\/\/i0.wp.com\/larevistadigital.com.ar\/blog\/wp-content\/uploads\/27cad881282d024432a95a538978480b1540b727.jpg?fit=1140%2C751&ssl=1&resize=700%2C400 2x, https:\/\/i0.wp.com\/larevistadigital.com.ar\/blog\/wp-content\/uploads\/27cad881282d024432a95a538978480b1540b727.jpg?fit=1140%2C751&ssl=1&resize=1050%2C600 3x"},"classes":[]},{"id":25628,"url":"https:\/\/larevistadigital.com.ar\/blog\/gral-lavalle-la-fiesta-de-la-torta-negra-convoco-a-mas-de-10-000-personas\/","url_meta":{"origin":37298,"position":1},"title":"GRAL LAVALLE: LA FIESTA DE LA TORTA NEGRA CONVOC\u00d3 A M\u00c1S DE 10.000 PERSONAS","author":"Alejandro Sosa Ruda","date":"6 junio, 2022","format":false,"excerpt":"Se instalaron m\u00e1s de 200 puestos comerciales, artesanales y gastron\u00f3micos en la Avenida Mitre y el show de Roc\u00edo Quir\u00f3z atrajo a unas 3.000 personas. GENERAL LAVALLE -\u00a0 El s\u00e1bado pasado se realiz\u00f3 la 4\u00aa edici\u00f3n de la \u201cFiesta de la Torta Negra\u201d, una de las festividades m\u00e1s importantes en\u2026","rel":"","context":"En \u00abREGIONALES\u00bb","block_context":{"text":"REGIONALES","link":"https:\/\/larevistadigital.com.ar\/blog\/category\/regionales\/"},"img":{"alt_text":"","src":"https:\/\/i0.wp.com\/larevistadigital.com.ar\/blog\/wp-content\/uploads\/a4027103cb23e61756f01c9e503d061a9a24eef0.jpg?fit=1140%2C693&ssl=1&resize=350%2C200","width":350,"height":200,"srcset":"https:\/\/i0.wp.com\/larevistadigital.com.ar\/blog\/wp-content\/uploads\/a4027103cb23e61756f01c9e503d061a9a24eef0.jpg?fit=1140%2C693&ssl=1&resize=350%2C200 1x, https:\/\/i0.wp.com\/larevistadigital.com.ar\/blog\/wp-content\/uploads\/a4027103cb23e61756f01c9e503d061a9a24eef0.jpg?fit=1140%2C693&ssl=1&resize=525%2C300 1.5x, https:\/\/i0.wp.com\/larevistadigital.com.ar\/blog\/wp-content\/uploads\/a4027103cb23e61756f01c9e503d061a9a24eef0.jpg?fit=1140%2C693&ssl=1&resize=700%2C400 2x, https:\/\/i0.wp.com\/larevistadigital.com.ar\/blog\/wp-content\/uploads\/a4027103cb23e61756f01c9e503d061a9a24eef0.jpg?fit=1140%2C693&ssl=1&resize=1050%2C600 3x"},"classes":[]},{"id":20008,"url":"https:\/\/larevistadigital.com.ar\/blog\/presentan-programa-de-produccion-de-alimentos-a-productores-de-maipu-y-general-alvarado\/","url_meta":{"origin":37298,"position":2},"title":"PRESENTAN PROGRAMA DE PRODUCCI\u00d3N DE ALIMENTOS A PRODUCTORES DE MAIP\u00da Y GENERAL ALVARADO","author":"Alejandro Sosa Ruda","date":"2 mayo, 2021","format":false,"excerpt":"El Ministro de Desarrollo Agrario, Javier Rodr\u00edguez, mantuvo un encuentro con productores y agricultores familiares de los municipios de Maip\u00fa y General Alvarado, con quienes dialog\u00f3 sobre los programas pra impulsar la producci\u00f3n de alimentos, la industrializaci\u00f3n de la actividad y para promover modelos de producci\u00f3n sustentable en suelo bonaerense.\u2026","rel":"","context":"En \u00abREGIONALES\u00bb","block_context":{"text":"REGIONALES","link":"https:\/\/larevistadigital.com.ar\/blog\/category\/regionales\/"},"img":{"alt_text":"","src":"https:\/\/i0.wp.com\/larevistadigital.com.ar\/blog\/wp-content\/uploads\/20210430093333_maipu-alvarado-rodriguez-agricultores-fmiliares.jpg?fit=880%2C512&ssl=1&resize=350%2C200","width":350,"height":200,"srcset":"https:\/\/i0.wp.com\/larevistadigital.com.ar\/blog\/wp-content\/uploads\/20210430093333_maipu-alvarado-rodriguez-agricultores-fmiliares.jpg?fit=880%2C512&ssl=1&resize=350%2C200 1x, https:\/\/i0.wp.com\/larevistadigital.com.ar\/blog\/wp-content\/uploads\/20210430093333_maipu-alvarado-rodriguez-agricultores-fmiliares.jpg?fit=880%2C512&ssl=1&resize=525%2C300 1.5x, https:\/\/i0.wp.com\/larevistadigital.com.ar\/blog\/wp-content\/uploads\/20210430093333_maipu-alvarado-rodriguez-agricultores-fmiliares.jpg?fit=880%2C512&ssl=1&resize=700%2C400 2x"},"classes":[]},{"id":17995,"url":"https:\/\/larevistadigital.com.ar\/blog\/una-empresa-de-gral-lavalle-fue-finalista-del-premio-nacional-a-la-excelencia-agropecuaria\/","url_meta":{"origin":37298,"position":3},"title":"UNA EMPRESA DE GRAL. LAVALLE FUE FINALISTA DEL \u00abPREMIO NACIONAL A LA EXCELENCIA AGROPECUARIA\u00bb","author":"Alejandro Sosa Ruda","date":"4 diciembre, 2020","format":false,"excerpt":"Se trata de Gen\u00e9tica del Este que, junto con la comuna, lleva adelante pr\u00e1cticas de ganader\u00eda sustentable con la premisa de que \u201cla rentabilidad puede y debe ir de la mano del cuidado del medioambiente\u201d. GENERAL LAVALLE - Una empresa de General Lavalle result\u00f3 finalista del XVIII Premio Nacional a\u2026","rel":"","context":"En \u00abREGIONALES\u00bb","block_context":{"text":"REGIONALES","link":"https:\/\/larevistadigital.com.ar\/blog\/category\/regionales\/"},"img":{"alt_text":"","src":"https:\/\/i0.wp.com\/larevistadigital.com.ar\/blog\/wp-content\/uploads\/fa49820852abd592461d589f3cdd319ef00efa0a.jpg?fit=1140%2C798&ssl=1&resize=350%2C200","width":350,"height":200,"srcset":"https:\/\/i0.wp.com\/larevistadigital.com.ar\/blog\/wp-content\/uploads\/fa49820852abd592461d589f3cdd319ef00efa0a.jpg?fit=1140%2C798&ssl=1&resize=350%2C200 1x, https:\/\/i0.wp.com\/larevistadigital.com.ar\/blog\/wp-content\/uploads\/fa49820852abd592461d589f3cdd319ef00efa0a.jpg?fit=1140%2C798&ssl=1&resize=525%2C300 1.5x, https:\/\/i0.wp.com\/larevistadigital.com.ar\/blog\/wp-content\/uploads\/fa49820852abd592461d589f3cdd319ef00efa0a.jpg?fit=1140%2C798&ssl=1&resize=700%2C400 2x, https:\/\/i0.wp.com\/larevistadigital.com.ar\/blog\/wp-content\/uploads\/fa49820852abd592461d589f3cdd319ef00efa0a.jpg?fit=1140%2C798&ssl=1&resize=1050%2C600 3x"},"classes":[]},{"id":38762,"url":"https:\/\/larevistadigital.com.ar\/blog\/38762-2\/","url_meta":{"origin":37298,"position":4},"title":"Reuni\u00f3n de la Comisi\u00f3n de Emergencia Agropecuaria local","author":"Alejandro Sosa Ruda","date":"20 febrero, 2025","format":false,"excerpt":"La escasez de lluvias complica la situaci\u00f3n de productores locales 20 De Febrero de 2025 CHASCOM\u00daS -\u00a0 Se realiz\u00f3 la primera reuni\u00f3n de la Comisi\u00f3n de emergencia agropecuaria local donde se eligieron sus nuevas autoridades: Presidente, Pablo Gianollini (ARCh); Vicepresidente, Cipriano P\u00e9rez del Cerro (MdeCh); Tesorero, Alejandro Reinoso (ARCh); Secretaria,\u2026","rel":"","context":"En \u00abCHASCOM\u00daS\u00bb","block_context":{"text":"CHASCOM\u00daS","link":"https:\/\/larevistadigital.com.ar\/blog\/category\/chascomus\/"},"img":{"alt_text":"","src":"https:\/\/i0.wp.com\/larevistadigital.com.ar\/blog\/wp-content\/uploads\/67b60ea8475d5.png?fit=668%2C445&ssl=1&resize=350%2C200","width":350,"height":200,"srcset":"https:\/\/i0.wp.com\/larevistadigital.com.ar\/blog\/wp-content\/uploads\/67b60ea8475d5.png?fit=668%2C445&ssl=1&resize=350%2C200 1x, https:\/\/i0.wp.com\/larevistadigital.com.ar\/blog\/wp-content\/uploads\/67b60ea8475d5.png?fit=668%2C445&ssl=1&resize=525%2C300 1.5x"},"classes":[]},{"id":18589,"url":"https:\/\/larevistadigital.com.ar\/blog\/vuelco-en-la-ruta-11-con-saldo-de-3-heridos\/","url_meta":{"origin":37298,"position":5},"title":"VUELCO EN LA RUTA 11 CON SALDO DE 3 HERIDOS","author":"Alejandro Sosa Ruda","date":"12 enero, 2021","format":false,"excerpt":"El accidente se produjo a la altura de General Lavalle. Los ocupantes del veh\u00edculo fueron trasladados al hospital de San Clemente. GENERAL LAVALLE - Un impactante vuelco tuvo lugar a la altura del kil\u00f3metro 304 de la Ruta N\u00b0 11, en inmediaciones de General Lavalle. El accidente se produjo cuando,\u2026","rel":"","context":"En \u00abPOLICIALES\u00bb","block_context":{"text":"POLICIALES","link":"https:\/\/larevistadigital.com.ar\/blog\/category\/policiales\/"},"img":{"alt_text":"","src":"https:\/\/i0.wp.com\/larevistadigital.com.ar\/blog\/wp-content\/uploads\/6709646fa076b0d1d90ba6e8c91f662f0322919e.jpg?fit=1140%2C641&ssl=1&resize=350%2C200","width":350,"height":200,"srcset":"https:\/\/i0.wp.com\/larevistadigital.com.ar\/blog\/wp-content\/uploads\/6709646fa076b0d1d90ba6e8c91f662f0322919e.jpg?fit=1140%2C641&ssl=1&resize=350%2C200 1x, https:\/\/i0.wp.com\/larevistadigital.com.ar\/blog\/wp-content\/uploads\/6709646fa076b0d1d90ba6e8c91f662f0322919e.jpg?fit=1140%2C641&ssl=1&resize=525%2C300 1.5x, https:\/\/i0.wp.com\/larevistadigital.com.ar\/blog\/wp-content\/uploads\/6709646fa076b0d1d90ba6e8c91f662f0322919e.jpg?fit=1140%2C641&ssl=1&resize=700%2C400 2x, https:\/\/i0.wp.com\/larevistadigital.com.ar\/blog\/wp-content\/uploads\/6709646fa076b0d1d90ba6e8c91f662f0322919e.jpg?fit=1140%2C641&ssl=1&resize=1050%2C600 3x"},"classes":[]}],"_links":{"self":[{"href":"https:\/\/larevistadigital.com.ar\/blog\/wp-json\/wp\/v2\/posts\/37298","targetHints":{"allow":["GET"]}}],"collection":[{"href":"https:\/\/larevistadigital.com.ar\/blog\/wp-json\/wp\/v2\/posts"}],"about":[{"href":"https:\/\/larevistadigital.com.ar\/blog\/wp-json\/wp\/v2\/types\/post"}],"author":[{"embeddable":true,"href":"https:\/\/larevistadigital.com.ar\/blog\/wp-json\/wp\/v2\/users\/3"}],"replies":[{"embeddable":true,"href":"https:\/\/larevistadigital.com.ar\/blog\/wp-json\/wp\/v2\/comments?post=37298"}],"version-history":[{"count":1,"href":"https:\/\/larevistadigital.com.ar\/blog\/wp-json\/wp\/v2\/posts\/37298\/revisions"}],"predecessor-version":[{"id":37300,"href":"https:\/\/larevistadigital.com.ar\/blog\/wp-json\/wp\/v2\/posts\/37298\/revisions\/37300"}],"wp:featuredmedia":[{"embeddable":true,"href":"https:\/\/larevistadigital.com.ar\/blog\/wp-json\/wp\/v2\/media\/37299"}],"wp:attachment":[{"href":"https:\/\/larevistadigital.com.ar\/blog\/wp-json\/wp\/v2\/media?parent=37298"}],"wp:term":[{"taxonomy":"category","embeddable":true,"href":"https:\/\/larevistadigital.com.ar\/blog\/wp-json\/wp\/v2\/categories?post=37298"},{"taxonomy":"post_tag","embeddable":true,"href":"https:\/\/larevistadigital.com.ar\/blog\/wp-json\/wp\/v2\/tags?post=37298"}],"curies":[{"name":"wp","href":"https:\/\/api.w.org\/{rel}","templated":true}]}}