{"id":37301,"date":"2024-09-22T20:39:01","date_gmt":"2024-09-22T23:39:01","guid":{"rendered":"https:\/\/larevistadigital.com.ar\/blog\/?p=37301"},"modified":"2024-09-22T20:39:01","modified_gmt":"2024-09-22T23:39:01","slug":"costa-del-este-accidente-y-vuelco-con-cinco-heridos-en-la-ruta-11","status":"publish","type":"post","link":"https:\/\/larevistadigital.com.ar\/blog\/costa-del-este-accidente-y-vuelco-con-cinco-heridos-en-la-ruta-11\/","title":{"rendered":"COSTA DEL ESTE: ACCIDENTE Y VUELCO CON CINCO HERIDOS EN LA RUTA 11"},"content":{"rendered":"<h2>Los cinco ocupantes del veh\u00edculo sufrieron heridas de consideraci\u00f3n.<\/h2>\n<p>22 de Septiembre de 2024<\/p>\n<p><strong>COSTA DEL ESTE\u00a0 &#8211;\u00a0<\/strong> Este mediod\u00eda se registr\u00f3 un accidente de tr\u00e1nsito en el kil\u00f3metro 333 de la Ruta 11, a la altura del acceso a la localidad de Costa del Este.<\/p>\n<blockquote>\n<h3>El siniestro ocurri\u00f3 cuando el conductor de una camioneta que se desplazaba en sentido hacia el sur perdi\u00f3 el control del veh\u00edculo, se cruz\u00f3 de carril y volc\u00f3.<\/h3>\n<\/blockquote>\n<p>Como resultado del impacto, las cinco personas que viajaban en el veh\u00edculo debieron ser trasladadas para recibir atenci\u00f3n m\u00e9dica. Seg\u00fan informaron fuentes oficiales, \u00abtrabajaron en el lugar personal policial, Sistema de Emergencias M\u00e9dicas y AUBASA\u00bb.<\/p>\n<p>El accidente provoc\u00f3 una reducci\u00f3n en la circulaci\u00f3n del carril, complicando a\u00fan m\u00e1s la situaci\u00f3n en un momento en que las condiciones clim\u00e1ticas ya eran desfavorables.<\/p>\n<p>&nbsp;<\/p>\n","protected":false},"excerpt":{"rendered":"<div class=\"mh-excerpt\"><p>Los cinco ocupantes del veh\u00edculo sufrieron heridas de consideraci\u00f3n. 22 de Septiembre de 2024 COSTA DEL ESTE\u00a0 &#8211;\u00a0 Este mediod\u00eda se registr\u00f3 un accidente de tr\u00e1nsito en el kil\u00f3metro 333 de la Ruta 11, a <a class=\"mh-excerpt-more\" href=\"https:\/\/larevistadigital.com.ar\/blog\/costa-del-este-accidente-y-vuelco-con-cinco-heridos-en-la-ruta-11\/\" title=\"COSTA DEL ESTE: ACCIDENTE Y VUELCO CON CINCO HERIDOS EN LA RUTA 11\">[Leer M\u00e1s]<\/a><\/p>\n<\/div>","protected":false},"author":3,"featured_media":37302,"comment_status":"open","ping_status":"open","sticky":false,"template":"","format":"standard","meta":{"_jetpack_memberships_contains_paid_content":false,"footnotes":"","jetpack_publicize_message":"","jetpack_publicize_feature_enabled":true,"jetpack_social_post_already_shared":true,"jetpack_social_options":{"image_generator_settings":{"template":"highway","default_image_id":0,"font":"","enabled":false},"version":2}},"categories":[44,51],"tags":[],"class_list":{"0":"post-37301","1":"post","2":"type-post","3":"status-publish","4":"format-standard","5":"has-post-thumbnail","7":"category-policiales","8":"category-regionales"},"jetpack_publicize_connections":[],"jetpack_featured_media_url":"https:\/\/i0.wp.com\/larevistadigital.com.ar\/blog\/wp-content\/uploads\/54eea37df4aa00a3057a0fd0bc96e0d4ff948ca7.jpg?fit=1140%2C872&ssl=1","jetpack_sharing_enabled":true,"jetpack_shortlink":"https:\/\/wp.me\/p8qtrQ-9HD","jetpack-related-posts":[{"id":22743,"url":"https:\/\/larevistadigital.com.ar\/blog\/chascomus-tragico-accidente-en-la-ruta-con-cinco-muertos\/","url_meta":{"origin":37301,"position":0},"title":"CHASCOM\u00daS: TR\u00c1GICO ACCIDENTE EN LA RUTA CON CINCO MUERTOS","author":"Alejandro Sosa Ruda","date":"22 noviembre, 2021","format":false,"excerpt":"CHASCOM\u00daS -\u00a0 Un brutal accidente ocurri\u00f3 a la altura del kil\u00f3metro 107 de la ruta 2 en el partido de Chascom\u00fas, cuando un autom\u00f3vil Fiat Palio despist\u00f3 y volc\u00f3 provocando la muerte de todos sus ocupantes. Se tratar\u00eda de cinco hombres mayores de edad, que salieron despedidos del veh\u00edculo aproximadamente\u2026","rel":"","context":"En \u00abDESTACADAS\u00bb","block_context":{"text":"DESTACADAS","link":"https:\/\/larevistadigital.com.ar\/blog\/category\/destacadas\/"},"img":{"alt_text":"","src":"https:\/\/i0.wp.com\/larevistadigital.com.ar\/blog\/wp-content\/uploads\/Captura-31.png?fit=695%2C524&ssl=1&resize=350%2C200","width":350,"height":200,"srcset":"https:\/\/i0.wp.com\/larevistadigital.com.ar\/blog\/wp-content\/uploads\/Captura-31.png?fit=695%2C524&ssl=1&resize=350%2C200 1x, https:\/\/i0.wp.com\/larevistadigital.com.ar\/blog\/wp-content\/uploads\/Captura-31.png?fit=695%2C524&ssl=1&resize=525%2C300 1.5x"},"classes":[]},{"id":23534,"url":"https:\/\/larevistadigital.com.ar\/blog\/chascomus-ruta-2-cinco-heridos-en-un-accidente\/","url_meta":{"origin":37301,"position":1},"title":"CHASCOM\u00daS, RUTA 2: CINCO HERIDOS EN UN ACCIDENTE","author":"Alejandro Sosa Ruda","date":"24 enero, 2022","format":false,"excerpt":"CHASCOM\u00daS -\u00a0 Hace algunas horas, se produjo un fuerte accidente de tr\u00e1nsito a la altura del kil\u00f3metro 117, de la Ruta 2, en jurisdicci\u00f3n de Chascom\u00fas, sobre el carril sentido a la Costa Atl\u00e1ntica. A\u00fan se desconocen los motivos por los cuales un autom\u00f3vil Renault Logan, choc\u00f3 en la parte\u2026","rel":"","context":"En \u00abINTERES GENERAL\u00bb","block_context":{"text":"INTERES GENERAL","link":"https:\/\/larevistadigital.com.ar\/blog\/category\/interes-general\/"},"img":{"alt_text":"","src":"https:\/\/i0.wp.com\/larevistadigital.com.ar\/blog\/wp-content\/uploads\/WhatsApp-Image-2022-01-23-at-23.16.14-737x415-1.jpeg?fit=737%2C415&ssl=1&resize=350%2C200","width":350,"height":200,"srcset":"https:\/\/i0.wp.com\/larevistadigital.com.ar\/blog\/wp-content\/uploads\/WhatsApp-Image-2022-01-23-at-23.16.14-737x415-1.jpeg?fit=737%2C415&ssl=1&resize=350%2C200 1x, https:\/\/i0.wp.com\/larevistadigital.com.ar\/blog\/wp-content\/uploads\/WhatsApp-Image-2022-01-23-at-23.16.14-737x415-1.jpeg?fit=737%2C415&ssl=1&resize=525%2C300 1.5x, https:\/\/i0.wp.com\/larevistadigital.com.ar\/blog\/wp-content\/uploads\/WhatsApp-Image-2022-01-23-at-23.16.14-737x415-1.jpeg?fit=737%2C415&ssl=1&resize=700%2C400 2x"},"classes":[]},{"id":24940,"url":"https:\/\/larevistadigital.com.ar\/blog\/tragedia-en-la-ruta-al-menos-tres-muertos-y-cinco-heridos\/","url_meta":{"origin":37301,"position":2},"title":"TRAGEDIA EN LA RUTA: AL MENOS TRES MUERTOS Y CINCO HERIDOS","author":"Alejandro Sosa Ruda","date":"4 abril, 2022","format":false,"excerpt":"Ocurri\u00f3 en la ruta 9. Un Honda Civic se cruz\u00f3 de carril y colision\u00f3 con otros dos veh\u00edculos. Uno de los autos se prendi\u00f3 fuego. Un accidente ocurrido en la\u00a0ruta nacional 9\u00a0a la altura del kil\u00f3metro 121,5 dej\u00f3 un tr\u00e1gico saldo de\u00a0tres personas fallecidas y al menos cinco heridas, seg\u00fan\u2026","rel":"","context":"En \u00abINTERES GENERAL\u00bb","block_context":{"text":"INTERES GENERAL","link":"https:\/\/larevistadigital.com.ar\/blog\/category\/interes-general\/"},"img":{"alt_text":"","src":"https:\/\/i0.wp.com\/larevistadigital.com.ar\/blog\/wp-content\/uploads\/Captura-de-pantalla-2022-04-03-210342.jpg?fit=922%2C492&ssl=1&resize=350%2C200","width":350,"height":200,"srcset":"https:\/\/i0.wp.com\/larevistadigital.com.ar\/blog\/wp-content\/uploads\/Captura-de-pantalla-2022-04-03-210342.jpg?fit=922%2C492&ssl=1&resize=350%2C200 1x, https:\/\/i0.wp.com\/larevistadigital.com.ar\/blog\/wp-content\/uploads\/Captura-de-pantalla-2022-04-03-210342.jpg?fit=922%2C492&ssl=1&resize=525%2C300 1.5x, https:\/\/i0.wp.com\/larevistadigital.com.ar\/blog\/wp-content\/uploads\/Captura-de-pantalla-2022-04-03-210342.jpg?fit=922%2C492&ssl=1&resize=700%2C400 2x"},"classes":[]},{"id":40865,"url":"https:\/\/larevistadigital.com.ar\/blog\/tragedia-y-caos-en-ruta-11-choque-multiple-por-perros-sueltos-dejo-cinco-heridos\/","url_meta":{"origin":37301,"position":3},"title":"Tragedia y caos en Ruta 11: choque m\u00faltiple por perros sueltos dej\u00f3 cinco heridos","author":"Alejandro Sosa Ruda","date":"13 agosto, 2025","format":false,"excerpt":"Un ins\u00f3lito accidente involucr\u00f3 a tres veh\u00edculos y provoc\u00f3 horas de demoras. Dos animales murieron en el acto. 13 de Agosto de 2025 BUENOS AIRES\u00a0 -\u00a0 \u00a0 La calma de la costa atl\u00e1ntica se vio interrumpida este martes por la tarde, cuando la Ruta Provincial N\u00b011, a la altura del\u2026","rel":"","context":"En \u00abPOLICIALES\u00bb","block_context":{"text":"POLICIALES","link":"https:\/\/larevistadigital.com.ar\/blog\/category\/policiales\/"},"img":{"alt_text":"","src":"https:\/\/i0.wp.com\/larevistadigital.com.ar\/blog\/wp-content\/uploads\/ACCIDENTE-MULTIPLE.jpg?fit=481%2C351&ssl=1&resize=350%2C200","width":350,"height":200},"classes":[]},{"id":18295,"url":"https:\/\/larevistadigital.com.ar\/blog\/familia-que-viajaba-a-la-costa-atlantica-volco-en-la-ruta-63\/","url_meta":{"origin":37301,"position":4},"title":"FAMILIA QUE VIAJABA A LA COSTA ATL\u00c1NTICA, VOLC\u00d3 EN LA RUTA 63","author":"Alejandro Sosa Ruda","date":"22 diciembre, 2020","format":false,"excerpt":"El accidente tuvo lugar a la altura del kil\u00f3metro 24. Las personas quedaron atrapadas en el veh\u00edculo y fueron rescatadas. Una familia que se dirig\u00eda a la Costa Atl\u00e1ntica sufri\u00f3 un accidente en la Ruta 63, entre Dolores y Esquina de Crotto, afortunadamente sin consecuencias graves. El accidente se produjo\u2026","rel":"","context":"En \u00abPOLICIALES\u00bb","block_context":{"text":"POLICIALES","link":"https:\/\/larevistadigital.com.ar\/blog\/category\/policiales\/"},"img":{"alt_text":"","src":"https:\/\/i0.wp.com\/larevistadigital.com.ar\/blog\/wp-content\/uploads\/1c34abe1522c3efb04314a86b41cd29b3fd78d06.jpg?fit=1140%2C617&ssl=1&resize=350%2C200","width":350,"height":200,"srcset":"https:\/\/i0.wp.com\/larevistadigital.com.ar\/blog\/wp-content\/uploads\/1c34abe1522c3efb04314a86b41cd29b3fd78d06.jpg?fit=1140%2C617&ssl=1&resize=350%2C200 1x, https:\/\/i0.wp.com\/larevistadigital.com.ar\/blog\/wp-content\/uploads\/1c34abe1522c3efb04314a86b41cd29b3fd78d06.jpg?fit=1140%2C617&ssl=1&resize=525%2C300 1.5x, https:\/\/i0.wp.com\/larevistadigital.com.ar\/blog\/wp-content\/uploads\/1c34abe1522c3efb04314a86b41cd29b3fd78d06.jpg?fit=1140%2C617&ssl=1&resize=700%2C400 2x, https:\/\/i0.wp.com\/larevistadigital.com.ar\/blog\/wp-content\/uploads\/1c34abe1522c3efb04314a86b41cd29b3fd78d06.jpg?fit=1140%2C617&ssl=1&resize=1050%2C600 3x"},"classes":[]},{"id":17738,"url":"https:\/\/larevistadigital.com.ar\/blog\/accidente-fatal-en-la-ruta-11-dos-personas-fallecidas-en-choque-frontal\/","url_meta":{"origin":37301,"position":5},"title":"ACCIDENTE FATAL EN LA RUTA 11: DOS PERSONAS FALLECIDAS EN CHOQUE FRONTAL","author":"Alejandro Sosa Ruda","date":"19 noviembre, 2020","format":false,"excerpt":"El tr\u00e1gico hecho ocurri\u00f3 esta ma\u00f1ana, en el kilometro 385, a la altura de Costa Esmeralda. Adem\u00e1s, hay tres heridos de gravedad. Un accidente fatal ocurri\u00f3 en primeras horas de la ma\u00f1ana de este jueves en el kilometro 385 de la Ruta 11, a la altura de Costa Esmeralda, la\u2026","rel":"","context":"En \u00abPOLICIALES\u00bb","block_context":{"text":"POLICIALES","link":"https:\/\/larevistadigital.com.ar\/blog\/category\/policiales\/"},"img":{"alt_text":"","src":"https:\/\/i0.wp.com\/larevistadigital.com.ar\/blog\/wp-content\/uploads\/3807eff0639874a7cf71b6d3d738cbef1a3c8aa2.jpg?fit=1140%2C711&ssl=1&resize=350%2C200","width":350,"height":200,"srcset":"https:\/\/i0.wp.com\/larevistadigital.com.ar\/blog\/wp-content\/uploads\/3807eff0639874a7cf71b6d3d738cbef1a3c8aa2.jpg?fit=1140%2C711&ssl=1&resize=350%2C200 1x, https:\/\/i0.wp.com\/larevistadigital.com.ar\/blog\/wp-content\/uploads\/3807eff0639874a7cf71b6d3d738cbef1a3c8aa2.jpg?fit=1140%2C711&ssl=1&resize=525%2C300 1.5x, https:\/\/i0.wp.com\/larevistadigital.com.ar\/blog\/wp-content\/uploads\/3807eff0639874a7cf71b6d3d738cbef1a3c8aa2.jpg?fit=1140%2C711&ssl=1&resize=700%2C400 2x, https:\/\/i0.wp.com\/larevistadigital.com.ar\/blog\/wp-content\/uploads\/3807eff0639874a7cf71b6d3d738cbef1a3c8aa2.jpg?fit=1140%2C711&ssl=1&resize=1050%2C600 3x"},"classes":[]}],"_links":{"self":[{"href":"https:\/\/larevistadigital.com.ar\/blog\/wp-json\/wp\/v2\/posts\/37301","targetHints":{"allow":["GET"]}}],"collection":[{"href":"https:\/\/larevistadigital.com.ar\/blog\/wp-json\/wp\/v2\/posts"}],"about":[{"href":"https:\/\/larevistadigital.com.ar\/blog\/wp-json\/wp\/v2\/types\/post"}],"author":[{"embeddable":true,"href":"https:\/\/larevistadigital.com.ar\/blog\/wp-json\/wp\/v2\/users\/3"}],"replies":[{"embeddable":true,"href":"https:\/\/larevistadigital.com.ar\/blog\/wp-json\/wp\/v2\/comments?post=37301"}],"version-history":[{"count":1,"href":"https:\/\/larevistadigital.com.ar\/blog\/wp-json\/wp\/v2\/posts\/37301\/revisions"}],"predecessor-version":[{"id":37303,"href":"https:\/\/larevistadigital.com.ar\/blog\/wp-json\/wp\/v2\/posts\/37301\/revisions\/37303"}],"wp:featuredmedia":[{"embeddable":true,"href":"https:\/\/larevistadigital.com.ar\/blog\/wp-json\/wp\/v2\/media\/37302"}],"wp:attachment":[{"href":"https:\/\/larevistadigital.com.ar\/blog\/wp-json\/wp\/v2\/media?parent=37301"}],"wp:term":[{"taxonomy":"category","embeddable":true,"href":"https:\/\/larevistadigital.com.ar\/blog\/wp-json\/wp\/v2\/categories?post=37301"},{"taxonomy":"post_tag","embeddable":true,"href":"https:\/\/larevistadigital.com.ar\/blog\/wp-json\/wp\/v2\/tags?post=37301"}],"curies":[{"name":"wp","href":"https:\/\/api.w.org\/{rel}","templated":true}]}}