{"id":37304,"date":"2024-09-22T20:53:45","date_gmt":"2024-09-22T23:53:45","guid":{"rendered":"https:\/\/larevistadigital.com.ar\/blog\/?p=37304"},"modified":"2024-09-22T20:53:45","modified_gmt":"2024-09-22T23:53:45","slug":"horror-en-londres-una-marplatense-fue-asesinada-por-su-hijo-de-18-anos-que-ademas-mato-a-sus-dos-hermanos-menores","status":"publish","type":"post","link":"https:\/\/larevistadigital.com.ar\/blog\/horror-en-londres-una-marplatense-fue-asesinada-por-su-hijo-de-18-anos-que-ademas-mato-a-sus-dos-hermanos-menores\/","title":{"rendered":"HORROR EN LONDRES: UNA MARPLATENSE FUE ASESINADA POR SU HIJO DE 18 A\u00d1OS QUE ADEM\u00c1S MAT\u00d3 A SUS DOS HERMANOS MENORES"},"content":{"rendered":"<h2 class=\"nota__hero__summary\">La v\u00edctima ten\u00eda 48 a\u00f1os y los chicos 16 y 13 a\u00f1os. Todo ocurri\u00f3 en la vivienda de la familia.<\/h2>\n<p>22 de Septiembre de 2024<\/p>\n<p><strong>LONDRES .-\u00a0 <\/strong>Una mujer de 48 a\u00f1os, oriunda de Mar del Plata, y sus dos hijos de 16 y 13 a\u00f1os fueron brutalmente asesinados en su hogar en Luton, una localidad ubicada a unos 60 kil\u00f3metros de Londres.<\/p>\n<blockquote>\n<h3>El responsable del crimen fue el hijo mayor de la familia, Nicholas Prosper, de 18 a\u00f1os, quien fue detenido poco despu\u00e9s de los asesinatos.<\/h3>\n<\/blockquote>\n<p>El tr\u00e1gico suceso tuvo lugar alrededor de las 5:30 de la madrugada del pasado viernes, cuando los vecinos del complejo de edificios Leabank escucharon gritos y disparos, y alertaron a la polic\u00eda. Al llegar, los agentes encontraron a <strong>Juliana Falc\u00f3n<\/strong> y a sus dos hijos, <strong>Kyle<\/strong> (16) y <strong>Giselle<\/strong> (13), con heridas de bala que les causaron la muerte en el lugar.<\/p>\n<blockquote>\n<h3><strong>Nicholas Prosper<\/strong>, autor de la tragedia, fue arrestado a 600 metros de su domicilio con el arma en su poder. Este lunes se celebr\u00f3 la primera audiencia del juicio por el triple crimen, en la que el joven confirm\u00f3 su identidad y fecha de nacimiento ante la presencia de familiares y amigos de las v\u00edctimas. Entre ellos, su padre <strong>Ray Prosper<\/strong>, quien expres\u00f3: <em><strong>\u201cTodav\u00eda te amo, hijo. S\u00e9 que no es tu culpa\u201d.<\/strong><\/em><\/h3>\n<\/blockquote>\n<p>Hasta el momento, los motivos que llevaron al joven a cometer los asesinatos no han sido esclarecidos. Las autoridades brit\u00e1nicas est\u00e1n llevando a cabo diversas evaluaciones psiqui\u00e1tricas para determinar si Prosper podr\u00eda haber estado bajo alguna alteraci\u00f3n mental en el momento del crimen.<\/p>\n<h3><span style=\"color: #ff0000\"><strong>Juliana Falc\u00f3n: una vida truncada lejos de su hogar<\/strong><\/span><\/h3>\n<p><strong>Juliana Falc\u00f3n<\/strong> naci\u00f3 en Mar del Plata en 1976. Se form\u00f3 en la Escuela Primaria N\u00b018 y continu\u00f3 sus estudios en el Instituto Polivalente de Arte antes de emigrar a Inglaterra a los 20 a\u00f1os en busca de nuevas oportunidades. All\u00ed conoci\u00f3 a <strong>Ray Prosper<\/strong>, con quien form\u00f3 una familia y tuvo tres hijos. En Luton, era conocida como <strong>\u00abJulie\u00bb<\/strong> y se destac\u00f3 por su esp\u00edritu altruista y su participaci\u00f3n en causas ben\u00e9ficas.<\/p>\n<blockquote>\n<h3>Su hijo Kyle, de 16 a\u00f1os, era un joven carism\u00e1tico y deportista, dedicado al f\u00fatbol y al boxeo. Con un perfil activo en TikTok, era recordado por sus amigos como un chico alegre y con un gran sentido del humor. <em>\u201cEra un gran talento con un enorme potencial\u201d<\/em>, destacaron sus allegados.<\/h3>\n<\/blockquote>\n<p><strong>Giselle<\/strong>, de 13 a\u00f1os, fue descrita por quienes la conocieron como un \u00abalma hermosa\u00bb. Asist\u00eda a la Lea Manor High School, donde se destacaba por su excelente desempe\u00f1o acad\u00e9mico. Tras el tr\u00e1gico suceso, la escuela brind\u00f3 apoyo psicol\u00f3gico a sus compa\u00f1eros y al personal.<\/p>\n","protected":false},"excerpt":{"rendered":"<div class=\"mh-excerpt\"><p>La v\u00edctima ten\u00eda 48 a\u00f1os y los chicos 16 y 13 a\u00f1os. Todo ocurri\u00f3 en la vivienda de la familia. 22 de Septiembre de 2024 LONDRES .-\u00a0 Una mujer de 48 a\u00f1os, oriunda de Mar <a class=\"mh-excerpt-more\" href=\"https:\/\/larevistadigital.com.ar\/blog\/horror-en-londres-una-marplatense-fue-asesinada-por-su-hijo-de-18-anos-que-ademas-mato-a-sus-dos-hermanos-menores\/\" title=\"HORROR EN LONDRES: UNA MARPLATENSE FUE ASESINADA POR SU HIJO DE 18 A\u00d1OS QUE ADEM\u00c1S MAT\u00d3 A SUS DOS HERMANOS MENORES\">[Leer M\u00e1s]<\/a><\/p>\n<\/div>","protected":false},"author":3,"featured_media":37305,"comment_status":"open","ping_status":"open","sticky":false,"template":"","format":"standard","meta":{"_jetpack_memberships_contains_paid_content":false,"footnotes":"","jetpack_publicize_message":"","jetpack_publicize_feature_enabled":true,"jetpack_social_post_already_shared":true,"jetpack_social_options":{"image_generator_settings":{"template":"highway","default_image_id":0,"font":"","enabled":false},"version":2}},"categories":[44,51],"tags":[],"class_list":{"0":"post-37304","1":"post","2":"type-post","3":"status-publish","4":"format-standard","5":"has-post-thumbnail","7":"category-policiales","8":"category-regionales"},"jetpack_publicize_connections":[],"jetpack_featured_media_url":"https:\/\/i0.wp.com\/larevistadigital.com.ar\/blog\/wp-content\/uploads\/725dd3da4df699efb6f7b6b260617313702c4dae.jpg?fit=1140%2C665&ssl=1","jetpack_sharing_enabled":true,"jetpack_shortlink":"https:\/\/wp.me\/p8qtrQ-9HG","jetpack-related-posts":[{"id":10483,"url":"https:\/\/larevistadigital.com.ar\/blog\/basura-de-hijo-dos-abuelos-de-90-anos-fueron-abandonados-por-su-hijo-en-un-bar\/","url_meta":{"origin":37304,"position":0},"title":"BASURA DE HIJO: DOS ABUELOS DE 90 A\u00d1OS FUERON ABANDONADOS POR SU HIJO EN UN BAR","author":"Alejandro Sosa Ruda","date":"6 junio, 2019","format":false,"excerpt":"Ambos abuelos llegaron acompa\u00f1ados de su hijo que, despu\u00e9s de un tiempo, los abandon\u00f3 en el bar. Estuvieron siete horas esperando que los vuelva a buscar y nunca apareci\u00f3. Una pareja de ancianos de 86 y 92 a\u00f1os fue llevada el martes al mediod\u00eda por uno de sus hijos a\u2026","rel":"","context":"En \u00abPOLITICA\u00bb","block_context":{"text":"POLITICA","link":"https:\/\/larevistadigital.com.ar\/blog\/category\/politica\/"},"img":{"alt_text":"","src":"https:\/\/i0.wp.com\/larevistadigital.com.ar\/blog\/wp-content\/uploads\/0005909876.jpg?fit=1140%2C641&ssl=1&resize=350%2C200","width":350,"height":200,"srcset":"https:\/\/i0.wp.com\/larevistadigital.com.ar\/blog\/wp-content\/uploads\/0005909876.jpg?fit=1140%2C641&ssl=1&resize=350%2C200 1x, https:\/\/i0.wp.com\/larevistadigital.com.ar\/blog\/wp-content\/uploads\/0005909876.jpg?fit=1140%2C641&ssl=1&resize=525%2C300 1.5x, https:\/\/i0.wp.com\/larevistadigital.com.ar\/blog\/wp-content\/uploads\/0005909876.jpg?fit=1140%2C641&ssl=1&resize=700%2C400 2x, https:\/\/i0.wp.com\/larevistadigital.com.ar\/blog\/wp-content\/uploads\/0005909876.jpg?fit=1140%2C641&ssl=1&resize=1050%2C600 3x"},"classes":[]},{"id":40339,"url":"https:\/\/larevistadigital.com.ar\/blog\/mar-de-ajo-durante-9-anos-abuso-de-sus-hijos-e-hijastra-le-dieron-11-anos\/","url_meta":{"origin":37304,"position":1},"title":"Mar de Aj\u00f3: Durante 9 a\u00f1os, abus\u00f3 de sus hijos e hijastra. Le dieron 11 a\u00f1os.","author":"Alejandro Sosa Ruda","date":"5 julio, 2025","format":false,"excerpt":"El fallo fu\u00e9 un\u00e1nime y conden\u00f3 al acusado. \u00bfEs justo? 05 de Julio de 2025 MAR DE AJ\u00d3 -\u00a0 Un sujeto abus\u00f3 sexualmente de sus dos hijos, y una hijastra entre los a\u00f1os 2010 y 2019 en distintas viviendas de la ciudad de Mar de Aj\u00f3 en el Partido de\u2026","rel":"","context":"En \u00abPOLICIALES\u00bb","block_context":{"text":"POLICIALES","link":"https:\/\/larevistadigital.com.ar\/blog\/category\/policiales\/"},"img":{"alt_text":"","src":"https:\/\/i0.wp.com\/larevistadigital.com.ar\/blog\/wp-content\/uploads\/Abusador-de-Mar-de-Ajo.jpg?fit=1140%2C721&ssl=1&resize=350%2C200","width":350,"height":200,"srcset":"https:\/\/i0.wp.com\/larevistadigital.com.ar\/blog\/wp-content\/uploads\/Abusador-de-Mar-de-Ajo.jpg?fit=1140%2C721&ssl=1&resize=350%2C200 1x, https:\/\/i0.wp.com\/larevistadigital.com.ar\/blog\/wp-content\/uploads\/Abusador-de-Mar-de-Ajo.jpg?fit=1140%2C721&ssl=1&resize=525%2C300 1.5x, https:\/\/i0.wp.com\/larevistadigital.com.ar\/blog\/wp-content\/uploads\/Abusador-de-Mar-de-Ajo.jpg?fit=1140%2C721&ssl=1&resize=700%2C400 2x, https:\/\/i0.wp.com\/larevistadigital.com.ar\/blog\/wp-content\/uploads\/Abusador-de-Mar-de-Ajo.jpg?fit=1140%2C721&ssl=1&resize=1050%2C600 3x"},"classes":[]},{"id":24636,"url":"https:\/\/larevistadigital.com.ar\/blog\/insensato-secuestro-durante-dos-dias-a-su-ex-y-a-sus-hijos\/","url_meta":{"origin":37304,"position":2},"title":"INSENSATO SECUESTR\u00d3 DURANTE DOS D\u00cdAS A SU EX Y A SUS HIJOS","author":"Alejandro Sosa Ruda","date":"18 marzo, 2022","format":false,"excerpt":"El agresor le pidi\u00f3 que volviera as\u00ed le dejaba la casa, pero era todo un enga\u00f1o. Los chicos tienen 11 y 8 a\u00f1os y estuvieron presentes. ENSENADA -\u00a0 Una mujer denunci\u00f3 que su ex pareja la secuestr\u00f3 y tom\u00f3 como rehenes a sus hijos de 8 y 11 a\u00f1os en\u2026","rel":"","context":"En \u00abPOLICIALES\u00bb","block_context":{"text":"POLICIALES","link":"https:\/\/larevistadigital.com.ar\/blog\/category\/policiales\/"},"img":{"alt_text":"","src":"https:\/\/i0.wp.com\/larevistadigital.com.ar\/blog\/wp-content\/uploads\/Ensenada.jpeg?fit=1200%2C900&ssl=1&resize=350%2C200","width":350,"height":200,"srcset":"https:\/\/i0.wp.com\/larevistadigital.com.ar\/blog\/wp-content\/uploads\/Ensenada.jpeg?fit=1200%2C900&ssl=1&resize=350%2C200 1x, https:\/\/i0.wp.com\/larevistadigital.com.ar\/blog\/wp-content\/uploads\/Ensenada.jpeg?fit=1200%2C900&ssl=1&resize=525%2C300 1.5x, https:\/\/i0.wp.com\/larevistadigital.com.ar\/blog\/wp-content\/uploads\/Ensenada.jpeg?fit=1200%2C900&ssl=1&resize=700%2C400 2x, https:\/\/i0.wp.com\/larevistadigital.com.ar\/blog\/wp-content\/uploads\/Ensenada.jpeg?fit=1200%2C900&ssl=1&resize=1050%2C600 3x"},"classes":[]},{"id":18969,"url":"https:\/\/larevistadigital.com.ar\/blog\/los-hornos-ataco-con-un-machete-a-su-ex-y-amenazo-con-matar-a-su-hijo-para-huir-de-la-policia\/","url_meta":{"origin":37304,"position":3},"title":"LOS HORNOS: ATAC\u00d3 CON UN MACHETE A SU EX, Y AMENAZ\u00d3 CON MATAR A SU HIJO PARA HU\u00cdR DE LA POLIC\u00cdA","author":"Alejandro Sosa Ruda","date":"22 febrero, 2021","format":false,"excerpt":"Ocurri\u00f3 en 162 bis y 63. El hombre estaba fuera de s\u00ed y ahora qued\u00f3 a disposici\u00f3n de la justicia. Todos los heridos terminaron en el hospital. LA PLATA - Un hombre de 36 a\u00f1os\u00a0fue detenido en\u00a0las \u00faltimas horas por la Polic\u00eda\u00a0luego de ingresar a la casa de su ex\u2026","rel":"","context":"En \u00abPOLICIALES\u00bb","block_context":{"text":"POLICIALES","link":"https:\/\/larevistadigital.com.ar\/blog\/category\/policiales\/"},"img":{"alt_text":"","src":"https:\/\/i0.wp.com\/larevistadigital.com.ar\/blog\/wp-content\/uploads\/1614004440819.jpeg?fit=675%2C1200&ssl=1&resize=350%2C200","width":350,"height":200,"srcset":"https:\/\/i0.wp.com\/larevistadigital.com.ar\/blog\/wp-content\/uploads\/1614004440819.jpeg?fit=675%2C1200&ssl=1&resize=350%2C200 1x, https:\/\/i0.wp.com\/larevistadigital.com.ar\/blog\/wp-content\/uploads\/1614004440819.jpeg?fit=675%2C1200&ssl=1&resize=525%2C300 1.5x"},"classes":[]},{"id":22252,"url":"https:\/\/larevistadigital.com.ar\/blog\/fallecen-dos-personas-en-un-tragico-accidente-en-la-ruta-29\/","url_meta":{"origin":37304,"position":4},"title":"FALLECEN DOS PERSONAS EN UN TR\u00c1GICO ACCIDENTE EN LA RUTA 29","author":"Alejandro Sosa Ruda","date":"7 octubre, 2021","format":false,"excerpt":"Este mi\u00e9rcoles pasadas las 17,30 se produjo un accidente en Ruta 29, km 207, donde colisionaron de frente un cami\u00f3n cisterna y un autom\u00f3vil Toyota, donde fallecieron dos de sus ocupantes en tanto que los otros dos fueron trasladados al hospital municipal. El conductor del cami\u00f3n result\u00f3 ileso. Se trataba\u2026","rel":"","context":"En \u00abINTERES GENERAL\u00bb","block_context":{"text":"INTERES GENERAL","link":"https:\/\/larevistadigital.com.ar\/blog\/category\/interes-general\/"},"img":{"alt_text":"","src":"https:\/\/i0.wp.com\/larevistadigital.com.ar\/blog\/wp-content\/uploads\/52FF8872-8FA5-4F88-B6E7-F9628E40B598.jpeg?fit=1200%2C675&ssl=1&resize=350%2C200","width":350,"height":200,"srcset":"https:\/\/i0.wp.com\/larevistadigital.com.ar\/blog\/wp-content\/uploads\/52FF8872-8FA5-4F88-B6E7-F9628E40B598.jpeg?fit=1200%2C675&ssl=1&resize=350%2C200 1x, https:\/\/i0.wp.com\/larevistadigital.com.ar\/blog\/wp-content\/uploads\/52FF8872-8FA5-4F88-B6E7-F9628E40B598.jpeg?fit=1200%2C675&ssl=1&resize=525%2C300 1.5x, https:\/\/i0.wp.com\/larevistadigital.com.ar\/blog\/wp-content\/uploads\/52FF8872-8FA5-4F88-B6E7-F9628E40B598.jpeg?fit=1200%2C675&ssl=1&resize=700%2C400 2x, https:\/\/i0.wp.com\/larevistadigital.com.ar\/blog\/wp-content\/uploads\/52FF8872-8FA5-4F88-B6E7-F9628E40B598.jpeg?fit=1200%2C675&ssl=1&resize=1050%2C600 3x"},"classes":[]},{"id":23032,"url":"https:\/\/larevistadigital.com.ar\/blog\/maltrato-a-su-hijo-de-2-anos-lo-vieron-los-vecinos-y-casi-lo-linchan\/","url_meta":{"origin":37304,"position":5},"title":"MALTRAT\u00d3 A SU HIJO DE 2 A\u00d1OS, LO VIERON LOS VECINOS Y CASI LO LINCHAN","author":"Alejandro Sosa Ruda","date":"26 diciembre, 2021","format":false,"excerpt":"El joven fue agredido por sus mismos vecinos que presenciaron c\u00f3mo le pegaba de manera muy violenta a su hijo de 2 a\u00f1os. Qued\u00f3 detenido. LA PLATA -\u00a0 Un llamado al 911 alert\u00f3 a la Polic\u00eda sobre un lamentable episodio que ocurri\u00f3 en Barrio\u00a0Hip\u00f3dromo\u00a0cuando\u00a0un joven de 23 a\u00f1os agredi\u00f3 de\u2026","rel":"","context":"En \u00abPOLICIALES\u00bb","block_context":{"text":"POLICIALES","link":"https:\/\/larevistadigital.com.ar\/blog\/category\/policiales\/"},"img":{"alt_text":"","src":"https:\/\/i0.wp.com\/larevistadigital.com.ar\/blog\/wp-content\/uploads\/1558128449042-1.jpg?fit=1200%2C594&ssl=1&resize=350%2C200","width":350,"height":200,"srcset":"https:\/\/i0.wp.com\/larevistadigital.com.ar\/blog\/wp-content\/uploads\/1558128449042-1.jpg?fit=1200%2C594&ssl=1&resize=350%2C200 1x, https:\/\/i0.wp.com\/larevistadigital.com.ar\/blog\/wp-content\/uploads\/1558128449042-1.jpg?fit=1200%2C594&ssl=1&resize=525%2C300 1.5x, https:\/\/i0.wp.com\/larevistadigital.com.ar\/blog\/wp-content\/uploads\/1558128449042-1.jpg?fit=1200%2C594&ssl=1&resize=700%2C400 2x, https:\/\/i0.wp.com\/larevistadigital.com.ar\/blog\/wp-content\/uploads\/1558128449042-1.jpg?fit=1200%2C594&ssl=1&resize=1050%2C600 3x"},"classes":[]}],"_links":{"self":[{"href":"https:\/\/larevistadigital.com.ar\/blog\/wp-json\/wp\/v2\/posts\/37304","targetHints":{"allow":["GET"]}}],"collection":[{"href":"https:\/\/larevistadigital.com.ar\/blog\/wp-json\/wp\/v2\/posts"}],"about":[{"href":"https:\/\/larevistadigital.com.ar\/blog\/wp-json\/wp\/v2\/types\/post"}],"author":[{"embeddable":true,"href":"https:\/\/larevistadigital.com.ar\/blog\/wp-json\/wp\/v2\/users\/3"}],"replies":[{"embeddable":true,"href":"https:\/\/larevistadigital.com.ar\/blog\/wp-json\/wp\/v2\/comments?post=37304"}],"version-history":[{"count":1,"href":"https:\/\/larevistadigital.com.ar\/blog\/wp-json\/wp\/v2\/posts\/37304\/revisions"}],"predecessor-version":[{"id":37306,"href":"https:\/\/larevistadigital.com.ar\/blog\/wp-json\/wp\/v2\/posts\/37304\/revisions\/37306"}],"wp:featuredmedia":[{"embeddable":true,"href":"https:\/\/larevistadigital.com.ar\/blog\/wp-json\/wp\/v2\/media\/37305"}],"wp:attachment":[{"href":"https:\/\/larevistadigital.com.ar\/blog\/wp-json\/wp\/v2\/media?parent=37304"}],"wp:term":[{"taxonomy":"category","embeddable":true,"href":"https:\/\/larevistadigital.com.ar\/blog\/wp-json\/wp\/v2\/categories?post=37304"},{"taxonomy":"post_tag","embeddable":true,"href":"https:\/\/larevistadigital.com.ar\/blog\/wp-json\/wp\/v2\/tags?post=37304"}],"curies":[{"name":"wp","href":"https:\/\/api.w.org\/{rel}","templated":true}]}}