{"id":37317,"date":"2024-09-26T21:35:08","date_gmt":"2024-09-27T00:35:08","guid":{"rendered":"https:\/\/larevistadigital.com.ar\/blog\/?p=37317"},"modified":"2024-09-26T21:35:08","modified_gmt":"2024-09-27T00:35:08","slug":"chascomus-importante-equipamiento-para-el-hospital-municipal","status":"publish","type":"post","link":"https:\/\/larevistadigital.com.ar\/blog\/chascomus-importante-equipamiento-para-el-hospital-municipal\/","title":{"rendered":"Chascom\u00fas: Importante equipamiento para el Hospital Municipal"},"content":{"rendered":"<h2 class=\"excerpt\">El intendente Javier Gast\u00f3n visit\u00f3 el hospital municipal San Vicente de Paul donde fueron recibidos nuevos equipos que contribuir\u00e1n a un mejor funcionamiento de la instituci\u00f3n.<\/h2>\n<p>26 de Septiembre de 2024<\/p>\n<div id=\"miDiv1\" class=\"text\">\n<p><strong>CHASCOM\u00daS &#8211;<\/strong>\u00a0 En su recorrido estuvo acompa\u00f1ado por la secretaria de Salud P\u00fablica, <strong>Marcela Arias<\/strong>, y el director del centro de salud, <strong>Diego Prat<\/strong>, con quienes recorri\u00f3 las instalaciones y se interioriz\u00f3 sobre las caracter\u00edsticas de los insumos recibidos.<\/p>\n<blockquote>\n<h3>Entre los equipos se encuentran un electrobistur\u00ed y una mesa de instrumentaci\u00f3n para el quir\u00f3fano de maternidad adquiridos por la Asociaci\u00f3n Cooperadora del Hospital.<\/h3>\n<\/blockquote>\n<p>A estos se suma un electrocardi\u00f3grafo comprado por la Municipalidad, adem\u00e1s de cinco computadoras que permitir\u00e1n avanzar en la digitalizaci\u00f3n del sistema de salud.<\/p>\n<blockquote>\n<h3>Asimismo, se inform\u00f3 que la semana pr\u00f3xima llegar\u00e1 una mesa de anestesia completa para seguir equipando el quir\u00f3fano. Este equipo se suma a trav\u00e9s de un convenio de leasing con el gobierno provincial suscripto por el intendente con el gobernador provincial.<\/h3>\n<\/blockquote>\n<p>Los nuevos insumos no solo optimizar\u00e1n el trabajo del personal en el correcto registro de la informaci\u00f3n cl\u00ednica y administrativa, al tiempo que permitir\u00e1n renovar y complementar los servicios y consultorios externos del hospital, fortaleciendo as\u00ed el sistema de salud local.<\/p>\n<\/div>\n","protected":false},"excerpt":{"rendered":"<div class=\"mh-excerpt\"><p>El intendente Javier Gast\u00f3n visit\u00f3 el hospital municipal San Vicente de Paul donde fueron recibidos nuevos equipos que contribuir\u00e1n a un mejor funcionamiento de la instituci\u00f3n. 26 de Septiembre de 2024 CHASCOM\u00daS &#8211;\u00a0 En su <a class=\"mh-excerpt-more\" href=\"https:\/\/larevistadigital.com.ar\/blog\/chascomus-importante-equipamiento-para-el-hospital-municipal\/\" title=\"Chascom\u00fas: Importante equipamiento para el Hospital Municipal\">[Leer M\u00e1s]<\/a><\/p>\n<\/div>","protected":false},"author":3,"featured_media":37318,"comment_status":"open","ping_status":"open","sticky":false,"template":"","format":"standard","meta":{"_jetpack_memberships_contains_paid_content":false,"footnotes":"","jetpack_publicize_message":"","jetpack_publicize_feature_enabled":true,"jetpack_social_post_already_shared":true,"jetpack_social_options":{"image_generator_settings":{"template":"highway","default_image_id":0,"font":"","enabled":false},"version":2}},"categories":[6,23],"tags":[],"class_list":{"0":"post-37317","1":"post","2":"type-post","3":"status-publish","4":"format-standard","5":"has-post-thumbnail","7":"category-chascomus","8":"category-politica-local"},"jetpack_publicize_connections":[],"jetpack_featured_media_url":"https:\/\/i0.wp.com\/larevistadigital.com.ar\/blog\/wp-content\/uploads\/66f591ad2d40e.png?fit=668%2C445&ssl=1","jetpack_sharing_enabled":true,"jetpack_shortlink":"https:\/\/wp.me\/p8qtrQ-9HT","jetpack-related-posts":[{"id":30516,"url":"https:\/\/larevistadigital.com.ar\/blog\/chascomus-santiago-dos-santos-hablo-de-lo-que-planifica-para-el-hospital-municipal-san-vicente-de-paul\/","url_meta":{"origin":37317,"position":0},"title":"CHASCOM\u00daS: SANTIAGO DOS SANTOS HABL\u00d3 DE LO QUE PLANIFICA PARA EL HOSPITAL MUNICIPAL SAN VICENTE DE PAUL","author":"Alejandro Sosa Ruda","date":"10 marzo, 2023","format":false,"excerpt":"EL cirujano y pre candidato a intendente de Chascom\u00fas, dijo que \u201cVamos a hacia un hospital de excelencia, a recuperar los profesionales que fueron forzados a emigrar, y a desarrollar con seriedad el \u00e1rea de salud mental\u201d 10 de marzo de 2023 CHASCOM\u00daS -\u00a0 El prestigioso m\u00e9dico cirujano Santiago Dos\u2026","rel":"","context":"En \u00abINTERES GENERAL\u00bb","block_context":{"text":"INTERES GENERAL","link":"https:\/\/larevistadigital.com.ar\/blog\/category\/interes-general\/"},"img":{"alt_text":"","src":"https:\/\/i0.wp.com\/larevistadigital.com.ar\/blog\/wp-content\/uploads\/Sds-1.jpg?fit=1200%2C899&ssl=1&resize=350%2C200","width":350,"height":200,"srcset":"https:\/\/i0.wp.com\/larevistadigital.com.ar\/blog\/wp-content\/uploads\/Sds-1.jpg?fit=1200%2C899&ssl=1&resize=350%2C200 1x, https:\/\/i0.wp.com\/larevistadigital.com.ar\/blog\/wp-content\/uploads\/Sds-1.jpg?fit=1200%2C899&ssl=1&resize=525%2C300 1.5x, https:\/\/i0.wp.com\/larevistadigital.com.ar\/blog\/wp-content\/uploads\/Sds-1.jpg?fit=1200%2C899&ssl=1&resize=700%2C400 2x, https:\/\/i0.wp.com\/larevistadigital.com.ar\/blog\/wp-content\/uploads\/Sds-1.jpg?fit=1200%2C899&ssl=1&resize=1050%2C600 3x"},"classes":[]},{"id":3648,"url":"https:\/\/larevistadigital.com.ar\/blog\/chascomus-primicia-confirmada-la-mayoria-los-jefes-area-del-hospital-presentaron-renuncia\/","url_meta":{"origin":37317,"position":1},"title":"CHASCOM\u00daS: PRIMICIA CONFIRMADA. LA MAYOR\u00cdA DE LOS JEFES DE \u00c1REA DEL HOSPITAL PRESENTARON SU RENUNCIA","author":"Alejandro Sosa Ruda","date":"30 octubre, 2017","format":false,"excerpt":"Lamentablemente distintas fuentes del hospital confirmaron a LRD lo que hab\u00eda anticipado la presidente de la CICOP, Rebeca Biggi con respecto a la presentaci\u00f3n de la renuncia de casi todos los jefes de \u00e1rea del Hospital Municipal San Vicente de Paul. Circul\u00f3 el rumor que esto alcanzar\u00eda a otras \u00e1reas,\u2026","rel":"","context":"En \u00abDESTACADAS\u00bb","block_context":{"text":"DESTACADAS","link":"https:\/\/larevistadigital.com.ar\/blog\/category\/destacadas\/"},"img":{"alt_text":"","src":"https:\/\/i0.wp.com\/larevistadigital.com.ar\/blog\/wp-content\/uploads\/2017\/10\/hospi1-1024x767-111-700x524.jpg?fit=700%2C524&ssl=1&resize=350%2C200","width":350,"height":200,"srcset":"https:\/\/i0.wp.com\/larevistadigital.com.ar\/blog\/wp-content\/uploads\/2017\/10\/hospi1-1024x767-111-700x524.jpg?fit=700%2C524&ssl=1&resize=350%2C200 1x, https:\/\/i0.wp.com\/larevistadigital.com.ar\/blog\/wp-content\/uploads\/2017\/10\/hospi1-1024x767-111-700x524.jpg?fit=700%2C524&ssl=1&resize=525%2C300 1.5x, https:\/\/i0.wp.com\/larevistadigital.com.ar\/blog\/wp-content\/uploads\/2017\/10\/hospi1-1024x767-111-700x524.jpg?fit=700%2C524&ssl=1&resize=700%2C400 2x"},"classes":[]},{"id":44854,"url":"https:\/\/larevistadigital.com.ar\/blog\/chascomus-salud-publica-impulsa-la-participacion-de-empresas-en-apoyo-al-hospital-municipal\/","url_meta":{"origin":37317,"position":2},"title":"Chascom\u00fas: Salud P\u00fablica impulsa la participaci\u00f3n de empresas en apoyo al Hospital Municipal","author":"Alejandro Sosa Ruda","date":"31 marzo, 2026","format":false,"excerpt":"La direcci\u00f3n del centro de salud inici\u00f3 una campa\u00f1a para convocar a colaboradores de la cooperadora. 31 de marzo de 2026 CHASCOM\u00daS -\u00a0 \u00a0Desde el \u00e1rea de Salud P\u00fablica municipal se impulsan acciones para incorporar a empresas y comercios locales como colaboradores de la Asociaci\u00f3n Cooperadora del Hospital Municipal San\u2026","rel":"","context":"En \u00abINTERES GENERAL\u00bb","block_context":{"text":"INTERES GENERAL","link":"https:\/\/larevistadigital.com.ar\/blog\/category\/interes-general\/"},"img":{"alt_text":"","src":"https:\/\/i0.wp.com\/larevistadigital.com.ar\/blog\/wp-content\/uploads\/69cbfcdf2be84.png?fit=668%2C445&ssl=1&resize=350%2C200","width":350,"height":200,"srcset":"https:\/\/i0.wp.com\/larevistadigital.com.ar\/blog\/wp-content\/uploads\/69cbfcdf2be84.png?fit=668%2C445&ssl=1&resize=350%2C200 1x, https:\/\/i0.wp.com\/larevistadigital.com.ar\/blog\/wp-content\/uploads\/69cbfcdf2be84.png?fit=668%2C445&ssl=1&resize=525%2C300 1.5x"},"classes":[]},{"id":39827,"url":"https:\/\/larevistadigital.com.ar\/blog\/chascomus-se-brindo-una-charla-sobre-sifilis-en-el-caps-san-luis\/","url_meta":{"origin":37317,"position":3},"title":"Chascom\u00fas; Se brind\u00f3 una charla sobre s\u00edfilis en el CAPS San Luis","author":"Alejandro Sosa Ruda","date":"21 mayo, 2025","format":false,"excerpt":"Destinada a fortalecer a los equipos del \u00e1rea de salud sobre el diagn\u00f3stico y tratamiento de esta enfermedad. 21 de Mayo de 2025 CHASCOM\u00daS -\u00a0 \u00a0Personal de Laboratorio, Servicio Social, Guardia, Pediatr\u00eda y Maternidad del Hospital San Vicente de Pa\u00fal y de los CAPS, junto a profesionales de Epidemiolog\u00eda de\u2026","rel":"","context":"En \u00abCHASCOM\u00daS\u00bb","block_context":{"text":"CHASCOM\u00daS","link":"https:\/\/larevistadigital.com.ar\/blog\/category\/chascomus\/"},"img":{"alt_text":"","src":"https:\/\/i0.wp.com\/larevistadigital.com.ar\/blog\/wp-content\/uploads\/682e0bbc23f07.png?fit=668%2C445&ssl=1&resize=350%2C200","width":350,"height":200,"srcset":"https:\/\/i0.wp.com\/larevistadigital.com.ar\/blog\/wp-content\/uploads\/682e0bbc23f07.png?fit=668%2C445&ssl=1&resize=350%2C200 1x, https:\/\/i0.wp.com\/larevistadigital.com.ar\/blog\/wp-content\/uploads\/682e0bbc23f07.png?fit=668%2C445&ssl=1&resize=525%2C300 1.5x"},"classes":[]},{"id":3448,"url":"https:\/\/larevistadigital.com.ar\/blog\/chascomus-los-medicos-del-hospital-municipal-invitan-a-la-poblacion-a-acompanar-su-reclamo\/","url_meta":{"origin":37317,"position":4},"title":"CHASCOMUS: LOS M\u00c9DICOS DEL HOSPITAL MUNICIPAL INVITAN A LA POBLACI\u00d3N A ACOMPA\u00d1AR SU RECLAMO","author":"Alejandro Sosa Ruda","date":"10 octubre, 2017","format":false,"excerpt":"Luego de la decisi\u00f3n del ejecutivo municipal de hacer caso omiso a los reclamos de los profesionales de la salud de Chascom\u00fas, y entre otras cosas \u201ccambiar las reglas de juego\u201d de manera unilateral, en referencia a la modificaci\u00f3n de la grilla salarial, la CICOP ha decidido llevar a cabo\u2026","rel":"","context":"En \u00abDESTACADAS\u00bb","block_context":{"text":"DESTACADAS","link":"https:\/\/larevistadigital.com.ar\/blog\/category\/destacadas\/"},"img":{"alt_text":"","src":"https:\/\/i0.wp.com\/larevistadigital.com.ar\/blog\/wp-content\/uploads\/2017\/10\/21768357_135123350566961_2481987643994153920_n-1.jpg?fit=953%2C627&ssl=1&resize=350%2C200","width":350,"height":200,"srcset":"https:\/\/i0.wp.com\/larevistadigital.com.ar\/blog\/wp-content\/uploads\/2017\/10\/21768357_135123350566961_2481987643994153920_n-1.jpg?fit=953%2C627&ssl=1&resize=350%2C200 1x, https:\/\/i0.wp.com\/larevistadigital.com.ar\/blog\/wp-content\/uploads\/2017\/10\/21768357_135123350566961_2481987643994153920_n-1.jpg?fit=953%2C627&ssl=1&resize=525%2C300 1.5x, https:\/\/i0.wp.com\/larevistadigital.com.ar\/blog\/wp-content\/uploads\/2017\/10\/21768357_135123350566961_2481987643994153920_n-1.jpg?fit=953%2C627&ssl=1&resize=700%2C400 2x"},"classes":[]},{"id":43148,"url":"https:\/\/larevistadigital.com.ar\/blog\/chascomus-vos-tambien-podes-colaborar-con-la-cooperadora-del-hospital-municipal\/","url_meta":{"origin":37317,"position":5},"title":"Chascom\u00fas:  Vos tambi\u00e9n pod\u00e9s colaborar con la Cooperadora del Hospital Municipal","author":"Alejandro Sosa Ruda","date":"5 enero, 2026","format":false,"excerpt":"Bien sabido es el importante trabajo que desarrollan desde la cooperadora, con recursos para el bienestar de los pacientes y con herramientas e insumos para un mejor servicio. 05 de enero de 2026 CHASCOM\u00daS -\u00a0 \u00a0Sin lugar a dudas una de las instituciones m\u00e1s reconocidas de nuestra ciudad es la\u2026","rel":"","context":"En \u00abCHASCOM\u00daS\u00bb","block_context":{"text":"CHASCOM\u00daS","link":"https:\/\/larevistadigital.com.ar\/blog\/category\/chascomus\/"},"img":{"alt_text":"","src":"https:\/\/i0.wp.com\/larevistadigital.com.ar\/blog\/wp-content\/uploads\/695bf0b88f6bd.png?fit=668%2C445&ssl=1&resize=350%2C200","width":350,"height":200,"srcset":"https:\/\/i0.wp.com\/larevistadigital.com.ar\/blog\/wp-content\/uploads\/695bf0b88f6bd.png?fit=668%2C445&ssl=1&resize=350%2C200 1x, https:\/\/i0.wp.com\/larevistadigital.com.ar\/blog\/wp-content\/uploads\/695bf0b88f6bd.png?fit=668%2C445&ssl=1&resize=525%2C300 1.5x"},"classes":[]}],"_links":{"self":[{"href":"https:\/\/larevistadigital.com.ar\/blog\/wp-json\/wp\/v2\/posts\/37317","targetHints":{"allow":["GET"]}}],"collection":[{"href":"https:\/\/larevistadigital.com.ar\/blog\/wp-json\/wp\/v2\/posts"}],"about":[{"href":"https:\/\/larevistadigital.com.ar\/blog\/wp-json\/wp\/v2\/types\/post"}],"author":[{"embeddable":true,"href":"https:\/\/larevistadigital.com.ar\/blog\/wp-json\/wp\/v2\/users\/3"}],"replies":[{"embeddable":true,"href":"https:\/\/larevistadigital.com.ar\/blog\/wp-json\/wp\/v2\/comments?post=37317"}],"version-history":[{"count":1,"href":"https:\/\/larevistadigital.com.ar\/blog\/wp-json\/wp\/v2\/posts\/37317\/revisions"}],"predecessor-version":[{"id":37319,"href":"https:\/\/larevistadigital.com.ar\/blog\/wp-json\/wp\/v2\/posts\/37317\/revisions\/37319"}],"wp:featuredmedia":[{"embeddable":true,"href":"https:\/\/larevistadigital.com.ar\/blog\/wp-json\/wp\/v2\/media\/37318"}],"wp:attachment":[{"href":"https:\/\/larevistadigital.com.ar\/blog\/wp-json\/wp\/v2\/media?parent=37317"}],"wp:term":[{"taxonomy":"category","embeddable":true,"href":"https:\/\/larevistadigital.com.ar\/blog\/wp-json\/wp\/v2\/categories?post=37317"},{"taxonomy":"post_tag","embeddable":true,"href":"https:\/\/larevistadigital.com.ar\/blog\/wp-json\/wp\/v2\/tags?post=37317"}],"curies":[{"name":"wp","href":"https:\/\/api.w.org\/{rel}","templated":true}]}}