{"id":37320,"date":"2024-09-26T21:45:01","date_gmt":"2024-09-27T00:45:01","guid":{"rendered":"https:\/\/larevistadigital.com.ar\/blog\/?p=37320"},"modified":"2024-09-26T21:45:01","modified_gmt":"2024-09-27T00:45:01","slug":"chascomus-coordinacion-de-acciones-para-prevenir-el-dengue","status":"publish","type":"post","link":"https:\/\/larevistadigital.com.ar\/blog\/chascomus-coordinacion-de-acciones-para-prevenir-el-dengue\/","title":{"rendered":"Chascom\u00fas: Coordinaci\u00f3n de acciones para prevenir el dengue"},"content":{"rendered":"<h2 class=\"excerpt\">La secretaria de Salud P\u00fablica encabez\u00f3 el inicio de una campa\u00f1a preventiva enfocada en reducir la proliferaci\u00f3n del mosquito Aedes aegypti.<\/h2>\n<p>26 de Septiembre de 2024<\/p>\n<div id=\"miDiv1\" class=\"text\">\n<p><strong>CHASCOM\u00daS &#8211;\u00a0<\/strong> \u00a0Ante el incremento de casos de dengue registrados en el \u00faltimo verano y la previsi\u00f3n de un escenario similar para la pr\u00f3xima temporada, la Municipalidad comenz\u00f3 a trabajar en una estrategia de prevenci\u00f3n de la enfermedad<\/p>\n<blockquote>\n<h3>Encabezada por la secretaria de Salud P\u00fablica, Marcela Arias, se llev\u00f3 a cabo una reuni\u00f3n en el Centro Integrador Comunitario (CIC) del barrio 30 de Mayo, con el objetivo de coordinar acciones preventivas.<\/h3>\n<\/blockquote>\n<p>Durante el encuentro, referentes del \u00e1rea brindaron informaci\u00f3n a promotores de salud locales y provinciales sobre la situaci\u00f3n actual del dengue y las pautas a seguir para evitar la propagaci\u00f3n del mosquito Aedes aegypti, principal transmisor de la enfermedad.<\/p>\n<blockquote>\n<h3>En este sentido, se planific\u00f3 una serie de actividades de descacharrado en diversos barrios de la ciudad.<\/h3>\n<\/blockquote>\n<p>Estas acciones buscan involucrar a los vecinos en la eliminaci\u00f3n de potenciales criaderos de mosquitos, como recipientes que acumulen agua en patios y jardines.<\/p>\n<p>Las visitas puerta a puerta de los promotores de salud ser\u00e1n fundamentales para concientizar a la comunidad sobre la importancia de sumarse activamente en la lucha contra el dengue.<\/p>\n<\/div>\n","protected":false},"excerpt":{"rendered":"<div class=\"mh-excerpt\"><p>La secretaria de Salud P\u00fablica encabez\u00f3 el inicio de una campa\u00f1a preventiva enfocada en reducir la proliferaci\u00f3n del mosquito Aedes aegypti. 26 de Septiembre de 2024 CHASCOM\u00daS &#8211;\u00a0 \u00a0Ante el incremento de casos de dengue <a class=\"mh-excerpt-more\" href=\"https:\/\/larevistadigital.com.ar\/blog\/chascomus-coordinacion-de-acciones-para-prevenir-el-dengue\/\" title=\"Chascom\u00fas: Coordinaci\u00f3n de acciones para prevenir el dengue\">[Leer M\u00e1s]<\/a><\/p>\n<\/div>","protected":false},"author":3,"featured_media":37321,"comment_status":"open","ping_status":"open","sticky":false,"template":"","format":"standard","meta":{"_jetpack_memberships_contains_paid_content":false,"footnotes":"","jetpack_publicize_message":"","jetpack_publicize_feature_enabled":true,"jetpack_social_post_already_shared":true,"jetpack_social_options":{"image_generator_settings":{"template":"highway","default_image_id":0,"font":"","enabled":false},"version":2}},"categories":[50],"tags":[],"class_list":{"0":"post-37320","1":"post","2":"type-post","3":"status-publish","4":"format-standard","5":"has-post-thumbnail","7":"category-interes-general"},"jetpack_publicize_connections":[],"jetpack_featured_media_url":"https:\/\/i0.wp.com\/larevistadigital.com.ar\/blog\/wp-content\/uploads\/66f59235b3e93.png?fit=668%2C445&ssl=1","jetpack_sharing_enabled":true,"jetpack_shortlink":"https:\/\/wp.me\/p8qtrQ-9HW","jetpack-related-posts":[{"id":38500,"url":"https:\/\/larevistadigital.com.ar\/blog\/dengue-en-chascomus-situacion-actual\/","url_meta":{"origin":37320,"position":0},"title":"Dengue en Chascom\u00fas: Situaci\u00f3n actual.","author":"Alejandro Sosa Ruda","date":"20 enero, 2025","format":false,"excerpt":"Tras las lluvias recientes, desde el \u00e1rea de Salud se remarc\u00f3 la importancia de reforzar las medidas preventivas contra el mosquito Aedes aegypti. 20 de Enero de 2025 CHASCOM\u00daS -\u00a0 La Secretar\u00eda de Salud P\u00fablica de Chascom\u00fas inform\u00f3 que fueron confirmados dos casos de dengue en la ciudad, uno de\u2026","rel":"","context":"En \u00abINTERES GENERAL\u00bb","block_context":{"text":"INTERES GENERAL","link":"https:\/\/larevistadigital.com.ar\/blog\/category\/interes-general\/"},"img":{"alt_text":"","src":"https:\/\/i0.wp.com\/larevistadigital.com.ar\/blog\/wp-content\/uploads\/678e8a96af00e.png?fit=668%2C445&ssl=1&resize=350%2C200","width":350,"height":200,"srcset":"https:\/\/i0.wp.com\/larevistadigital.com.ar\/blog\/wp-content\/uploads\/678e8a96af00e.png?fit=668%2C445&ssl=1&resize=350%2C200 1x, https:\/\/i0.wp.com\/larevistadigital.com.ar\/blog\/wp-content\/uploads\/678e8a96af00e.png?fit=668%2C445&ssl=1&resize=525%2C300 1.5x"},"classes":[]},{"id":35899,"url":"https:\/\/larevistadigital.com.ar\/blog\/chascomus-dengue-descacharrado-en-los-barrios-gallo-blanco-el-porteno-y-caballito-blanco\/","url_meta":{"origin":37320,"position":1},"title":"CHASCOM\u00daS\/DENGUE: DESCACHARRADO EN LOS BARRIOS GALLO BLANCO, EL PORTE\u00d1O Y CABALLITO BLANCO","author":"Alejandro Sosa Ruda","date":"24 abril, 2024","format":false,"excerpt":"La medida m\u00e1s efectiva para prevenir la enfermedad es eliminar los criaderos del mosquito transmisor: el Aedes aegypti. 24 de abril de 2024 CHASCOM\u00daS -\u00a0 En una tarea conjunta entre el Municipio y la Provincia de Buenos Aires, en la ma\u00f1ana de este martes, la directora de Salud Comunitaria, Daiana\u2026","rel":"","context":"En \u00abCHASCOM\u00daS\u00bb","block_context":{"text":"CHASCOM\u00daS","link":"https:\/\/larevistadigital.com.ar\/blog\/category\/chascomus\/"},"img":{"alt_text":"","src":"https:\/\/i0.wp.com\/larevistadigital.com.ar\/blog\/wp-content\/uploads\/2024_04_25_02_04_45_9031923.jpg?fit=600%2C401&ssl=1&resize=350%2C200","width":350,"height":200,"srcset":"https:\/\/i0.wp.com\/larevistadigital.com.ar\/blog\/wp-content\/uploads\/2024_04_25_02_04_45_9031923.jpg?fit=600%2C401&ssl=1&resize=350%2C200 1x, https:\/\/i0.wp.com\/larevistadigital.com.ar\/blog\/wp-content\/uploads\/2024_04_25_02_04_45_9031923.jpg?fit=600%2C401&ssl=1&resize=525%2C300 1.5x"},"classes":[]},{"id":38572,"url":"https:\/\/larevistadigital.com.ar\/blog\/tras-las-recientes-lluvias-se-deben-reforzar-las-medidas-de-prevencion-del-dengue\/","url_meta":{"origin":37320,"position":2},"title":"Tras las recientes lluvias se deben reforzar las medidas de prevenci\u00f3n del dengue","author":"Alejandro Sosa Ruda","date":"29 enero, 2025","format":false,"excerpt":"La Municipalidad de Chascom\u00fas recuerda las medidas para evitar la reproducci\u00f3n del mosquito Aedes aegypti, transmisor de la enfermedad. 29 de enero de 2025 CHASCOM\u00daS -\u00a0 En este sentido, es importante recordar que tanto los dep\u00f3sitos de agua estancada como los pastizales son un ambiente ideal para los criaderos del\u2026","rel":"","context":"En \u00abINTERES GENERAL\u00bb","block_context":{"text":"INTERES GENERAL","link":"https:\/\/larevistadigital.com.ar\/blog\/category\/interes-general\/"},"img":{"alt_text":"","src":"https:\/\/i0.wp.com\/larevistadigital.com.ar\/blog\/wp-content\/uploads\/67991125725f6.png?fit=668%2C445&ssl=1&resize=350%2C200","width":350,"height":200,"srcset":"https:\/\/i0.wp.com\/larevistadigital.com.ar\/blog\/wp-content\/uploads\/67991125725f6.png?fit=668%2C445&ssl=1&resize=350%2C200 1x, https:\/\/i0.wp.com\/larevistadigital.com.ar\/blog\/wp-content\/uploads\/67991125725f6.png?fit=668%2C445&ssl=1&resize=525%2C300 1.5x"},"classes":[]},{"id":42761,"url":"https:\/\/larevistadigital.com.ar\/blog\/chascomus-recomendaciones-para-reforzar-las-medidas-preventivas-y-evitar-la-propagacion-del-dengue\/","url_meta":{"origin":37320,"position":3},"title":"Chascom\u00fas: Recomendaciones para reforzar las medidas preventivas y evitar la propagaci\u00f3n del dengue","author":"Alejandro Sosa Ruda","date":"4 diciembre, 2025","format":false,"excerpt":"La prevenci\u00f3n es la mejor estrategia contra esta enfermedad. Protegerse de las picaduras de mosquitos, mantener limpios los domicilios y estar alerta ante los s\u00edntomas son acciones fundamentales para protegerse. 04 de Diciembre de 2025 CHASCOM\u00daS -\u00a0 \u00a0Con la llegada del calor, es necesario adoptar medidas para prevenir el dengue,\u2026","rel":"","context":"En \u00abCHASCOM\u00daS\u00bb","block_context":{"text":"CHASCOM\u00daS","link":"https:\/\/larevistadigital.com.ar\/blog\/category\/chascomus\/"},"img":{"alt_text":"","src":"https:\/\/i0.wp.com\/larevistadigital.com.ar\/blog\/wp-content\/uploads\/6931c3b786f9b.png?fit=668%2C445&ssl=1&resize=350%2C200","width":350,"height":200,"srcset":"https:\/\/i0.wp.com\/larevistadigital.com.ar\/blog\/wp-content\/uploads\/6931c3b786f9b.png?fit=668%2C445&ssl=1&resize=350%2C200 1x, https:\/\/i0.wp.com\/larevistadigital.com.ar\/blog\/wp-content\/uploads\/6931c3b786f9b.png?fit=668%2C445&ssl=1&resize=525%2C300 1.5x"},"classes":[]},{"id":37475,"url":"https:\/\/larevistadigital.com.ar\/blog\/ante-el-aumento-de-las-temperaturas-se-deben-tomar-medidas-para-evitar-el-dengue\/","url_meta":{"origin":37320,"position":4},"title":"Ante el aumento de las temperaturas, se deben tomar medidas para evitar el dengue","author":"Alejandro Sosa Ruda","date":"9 octubre, 2024","format":false,"excerpt":"La Municipalidad de Chascom\u00fas invita a la comunidad a intensificar las acciones de prevenci\u00f3n para evitar la propagaci\u00f3n de la enfermedad. 09 de Octubre de 2024 CHASCOM\u00daS\u00a0 -\u00a0 \u00a0El objetivo es evitar la proliferaci\u00f3n del mosquito transmisor de la enfermedad, el aedes aegypti, cuyo ciclo reproductivo depende de la presencia\u2026","rel":"","context":"En \u00abINTERES GENERAL\u00bb","block_context":{"text":"INTERES GENERAL","link":"https:\/\/larevistadigital.com.ar\/blog\/category\/interes-general\/"},"img":{"alt_text":"","src":"https:\/\/i0.wp.com\/larevistadigital.com.ar\/blog\/wp-content\/uploads\/6706bbde0b137.png?fit=668%2C445&ssl=1&resize=350%2C200","width":350,"height":200,"srcset":"https:\/\/i0.wp.com\/larevistadigital.com.ar\/blog\/wp-content\/uploads\/6706bbde0b137.png?fit=668%2C445&ssl=1&resize=350%2C200 1x, https:\/\/i0.wp.com\/larevistadigital.com.ar\/blog\/wp-content\/uploads\/6706bbde0b137.png?fit=668%2C445&ssl=1&resize=525%2C300 1.5x"},"classes":[]},{"id":30714,"url":"https:\/\/larevistadigital.com.ar\/blog\/se-cuadruplicaron-los-casos-de-dengue-en-la-provincia\/","url_meta":{"origin":37320,"position":5},"title":"SE CUADRUPLICARON LOS CASOS DE DENGUE EN LA PROVINCIA","author":"Alejandro Sosa Ruda","date":"25 marzo, 2023","format":false,"excerpt":"En lo que va del a\u00f1o, se notificaron en la Provincia \u201c902 casos con sospecha de dengue\u201d. De ese total, \u201c176 fueron confirmados, 48 son probables, 151 casos fueron descartados y 527 a\u00fan contin\u00faan en estudio\u201d. Los n\u00fameros son significativamente m\u00e1s altos que en 2022, cuando se contabilizaron, para esta\u2026","rel":"","context":"En \u00abINTERES GENERAL\u00bb","block_context":{"text":"INTERES GENERAL","link":"https:\/\/larevistadigital.com.ar\/blog\/category\/interes-general\/"},"img":{"alt_text":"","src":"https:\/\/i0.wp.com\/larevistadigital.com.ar\/blog\/wp-content\/uploads\/20230324163045_dengue.jpg?fit=880%2C512&ssl=1&resize=350%2C200","width":350,"height":200,"srcset":"https:\/\/i0.wp.com\/larevistadigital.com.ar\/blog\/wp-content\/uploads\/20230324163045_dengue.jpg?fit=880%2C512&ssl=1&resize=350%2C200 1x, https:\/\/i0.wp.com\/larevistadigital.com.ar\/blog\/wp-content\/uploads\/20230324163045_dengue.jpg?fit=880%2C512&ssl=1&resize=525%2C300 1.5x, https:\/\/i0.wp.com\/larevistadigital.com.ar\/blog\/wp-content\/uploads\/20230324163045_dengue.jpg?fit=880%2C512&ssl=1&resize=700%2C400 2x"},"classes":[]}],"_links":{"self":[{"href":"https:\/\/larevistadigital.com.ar\/blog\/wp-json\/wp\/v2\/posts\/37320","targetHints":{"allow":["GET"]}}],"collection":[{"href":"https:\/\/larevistadigital.com.ar\/blog\/wp-json\/wp\/v2\/posts"}],"about":[{"href":"https:\/\/larevistadigital.com.ar\/blog\/wp-json\/wp\/v2\/types\/post"}],"author":[{"embeddable":true,"href":"https:\/\/larevistadigital.com.ar\/blog\/wp-json\/wp\/v2\/users\/3"}],"replies":[{"embeddable":true,"href":"https:\/\/larevistadigital.com.ar\/blog\/wp-json\/wp\/v2\/comments?post=37320"}],"version-history":[{"count":1,"href":"https:\/\/larevistadigital.com.ar\/blog\/wp-json\/wp\/v2\/posts\/37320\/revisions"}],"predecessor-version":[{"id":37322,"href":"https:\/\/larevistadigital.com.ar\/blog\/wp-json\/wp\/v2\/posts\/37320\/revisions\/37322"}],"wp:featuredmedia":[{"embeddable":true,"href":"https:\/\/larevistadigital.com.ar\/blog\/wp-json\/wp\/v2\/media\/37321"}],"wp:attachment":[{"href":"https:\/\/larevistadigital.com.ar\/blog\/wp-json\/wp\/v2\/media?parent=37320"}],"wp:term":[{"taxonomy":"category","embeddable":true,"href":"https:\/\/larevistadigital.com.ar\/blog\/wp-json\/wp\/v2\/categories?post=37320"},{"taxonomy":"post_tag","embeddable":true,"href":"https:\/\/larevistadigital.com.ar\/blog\/wp-json\/wp\/v2\/tags?post=37320"}],"curies":[{"name":"wp","href":"https:\/\/api.w.org\/{rel}","templated":true}]}}