{"id":37323,"date":"2024-09-26T22:09:40","date_gmt":"2024-09-27T01:09:40","guid":{"rendered":"https:\/\/larevistadigital.com.ar\/blog\/?p=37323"},"modified":"2024-09-26T22:09:40","modified_gmt":"2024-09-27T01:09:40","slug":"chascomus-decision-ninez-en-el-honorable-concejo-deliberante","status":"publish","type":"post","link":"https:\/\/larevistadigital.com.ar\/blog\/chascomus-decision-ninez-en-el-honorable-concejo-deliberante\/","title":{"rendered":"Chascom\u00fas: Decisi\u00f3n Ni\u00f1ez en el Honorable Concejo Deliberante"},"content":{"rendered":"<h2 class=\"excerpt\">Chicos y chicas de \u201cEl Sanca en Movimiento\u201d presentaron su proyecto ante la comunidad y autoridades municipales.<\/h2>\n<p>26 de Septiembre de 2024<\/p>\n<div id=\"miDiv1\" class=\"text\">\n<p><strong>CHASCOM\u00daS &#8211;\u00a0<\/strong> Ayer por la tarde los chicos y chicas que participan del programa Decisi\u00f3n Ni\u00f1ez, presentaron el proyecto ante el Honorable Concejo Deliberante, autoridades municipales y la comunidad. Estuvieron presentes el intendente Javier Gast\u00f3n; el presidente del HCD, Andr\u00e9s Sanucci; la secretaria de Desarrollo Social, Yanina Gazzaniga; el subsecretario de Infancias y Juventudes, Lucio Alfons\u00edn; la directora de Programas, Anal\u00eda G\u00f3mez; los concejales Claudia Quiroga, Leandro Bordalecou, Victoria Figueroa y Julieta Espina.<\/p>\n<blockquote>\n<h3>El Sanca en Movimiento nombra a un grupo de j\u00f3venes del barrio San Cayetano que en el marco del programa provincial, trabajan en una campa\u00f1a de concientizaci\u00f3n de los vecinos y vecinas, sobre el cuidado del ambiente y del espacio p\u00fablico.<\/h3>\n<\/blockquote>\n<p>El proyecto, al igual que el mural que pintaron el a\u00f1o pasado, pone en relieve la importancia del encuentro colectivo a partir de la intervenci\u00f3n de espacios comunes. En esta oportunidad, pintar\u00e1n burbujas con mensajes sobre la problem\u00e1tica de los residuos domiciliarios, la separaci\u00f3n en origen, el correcto uso y cuidado de los contenedores correspondientes.<\/p>\n<p>La iniciativa surgi\u00f3 a partir de un relevamiento que realizaron en el barrio, a trav\u00e9s del cual constataron la presencia de basura en esquinas, contenedores rotos o quemados y basura en el arroyo, entre otras. En este sentido, los autores del proyecto manifestaron que, en caso de no ser beneficiados con el apoyo econ\u00f3mico, igual buscar\u00e1n la forma de poder desarrollarlo y que seguir\u00e1n trabajando por mejorar el barrio.<\/p>\n<p>Tras la votaci\u00f3n por unanimidad del paso del proyecto a la siguiente etapa, las autoridades hicieron entrega de un certificado a los integrantes de <strong>\u201cEl Sanca en movimiento\u201d<\/strong>, a modo de reconocimiento por participar de la Asamblea. El 7 de octubre, el proyecto participar\u00e1 de la siguiente etapa de selecci\u00f3n en la ciudad de Dolores.<\/p>\n<\/div>\n","protected":false},"excerpt":{"rendered":"<div class=\"mh-excerpt\"><p>Chicos y chicas de \u201cEl Sanca en Movimiento\u201d presentaron su proyecto ante la comunidad y autoridades municipales. 26 de Septiembre de 2024 CHASCOM\u00daS &#8211;\u00a0 Ayer por la tarde los chicos y chicas que participan del <a class=\"mh-excerpt-more\" href=\"https:\/\/larevistadigital.com.ar\/blog\/chascomus-decision-ninez-en-el-honorable-concejo-deliberante\/\" title=\"Chascom\u00fas: Decisi\u00f3n Ni\u00f1ez en el Honorable Concejo Deliberante\">[Leer M\u00e1s]<\/a><\/p>\n<\/div>","protected":false},"author":3,"featured_media":37324,"comment_status":"open","ping_status":"open","sticky":false,"template":"","format":"standard","meta":{"_jetpack_memberships_contains_paid_content":false,"footnotes":"","jetpack_publicize_message":"","jetpack_publicize_feature_enabled":true,"jetpack_social_post_already_shared":true,"jetpack_social_options":{"image_generator_settings":{"template":"highway","default_image_id":0,"font":"","enabled":false},"version":2}},"categories":[50],"tags":[],"class_list":{"0":"post-37323","1":"post","2":"type-post","3":"status-publish","4":"format-standard","5":"has-post-thumbnail","7":"category-interes-general"},"jetpack_publicize_connections":[],"jetpack_featured_media_url":"https:\/\/i0.wp.com\/larevistadigital.com.ar\/blog\/wp-content\/uploads\/66f59a2fac88d.png?fit=668%2C445&ssl=1","jetpack_sharing_enabled":true,"jetpack_shortlink":"https:\/\/wp.me\/p8qtrQ-9HZ","jetpack-related-posts":[{"id":37266,"url":"https:\/\/larevistadigital.com.ar\/blog\/se-llevara-a-cabo-en-el-concejo-deliberante-la-asamblea-decision-ninez\/","url_meta":{"origin":37323,"position":0},"title":"Se llevar\u00e1 a cabo en el Concejo Deliberante la Asamblea Decisi\u00f3n Ni\u00f1ez","author":"Alejandro Sosa Ruda","date":"20 septiembre, 2024","format":false,"excerpt":"Ser\u00e1 el pr\u00f3ximo mi\u00e9rcoles en el Honorable Concejo Deliberante 20 de Septiembre de 2024 CHASCOM\u00daS -\u00a0 Los chicos del Centro Vespertino del Barrio San Cayetano presentan a la comunidad un proyecto dise\u00f1ado por ellos mismos en el marco del programa provincial \u201cDecisi\u00f3n Ni\u00f1ez\u201d. Este programa se compone de cuatro instancias:\u2026","rel":"","context":"En \u00abCHASCOM\u00daS\u00bb","block_context":{"text":"CHASCOM\u00daS","link":"https:\/\/larevistadigital.com.ar\/blog\/category\/chascomus\/"},"img":{"alt_text":"","src":"https:\/\/i0.wp.com\/larevistadigital.com.ar\/blog\/wp-content\/uploads\/66ec58d11a744.png?fit=668%2C445&ssl=1&resize=350%2C200","width":350,"height":200,"srcset":"https:\/\/i0.wp.com\/larevistadigital.com.ar\/blog\/wp-content\/uploads\/66ec58d11a744.png?fit=668%2C445&ssl=1&resize=350%2C200 1x, https:\/\/i0.wp.com\/larevistadigital.com.ar\/blog\/wp-content\/uploads\/66ec58d11a744.png?fit=668%2C445&ssl=1&resize=525%2C300 1.5x"},"classes":[]},{"id":40102,"url":"https:\/\/larevistadigital.com.ar\/blog\/chascomus-ninos-ninas-y-adolescentes-presentaron-tres-proyectos-comunitarios-en-la-asamblea-local-de-decision-ninez\/","url_meta":{"origin":37323,"position":1},"title":"Chascom\u00fas: Ni\u00f1os, ni\u00f1as y adolescentes presentaron tres proyectos comunitarios en la asamblea local de Decisi\u00f3n Ni\u00f1ez","author":"Alejandro Sosa Ruda","date":"14 junio, 2025","format":false,"excerpt":"Las propuestas fueron seleccionadas para representar a Chascom\u00fas en la instancia regional del programa provincial que promueve la participaci\u00f3n infantil y adolescente. 14 de Junio de 2025 CHASCOM\u00daS -\u00a0 \u00a0En el CIC del barrio 30 de Mayo se realiz\u00f3 el jueves por la tarde la asamblea local del programa Decisi\u00f3n\u2026","rel":"","context":"En \u00abCHASCOM\u00daS\u00bb","block_context":{"text":"CHASCOM\u00daS","link":"https:\/\/larevistadigital.com.ar\/blog\/category\/chascomus\/"},"img":{"alt_text":"","src":"https:\/\/i0.wp.com\/larevistadigital.com.ar\/blog\/wp-content\/uploads\/684c5e83874ea.png?fit=668%2C445&ssl=1&resize=350%2C200","width":350,"height":200,"srcset":"https:\/\/i0.wp.com\/larevistadigital.com.ar\/blog\/wp-content\/uploads\/684c5e83874ea.png?fit=668%2C445&ssl=1&resize=350%2C200 1x, https:\/\/i0.wp.com\/larevistadigital.com.ar\/blog\/wp-content\/uploads\/684c5e83874ea.png?fit=668%2C445&ssl=1&resize=525%2C300 1.5x"},"classes":[]},{"id":23450,"url":"https:\/\/larevistadigital.com.ar\/blog\/ochoa-y-juntos-por-chascomus-presentaron-un-importante-y-necesario-proyecto-ante-el-concejo-deliberante\/","url_meta":{"origin":37323,"position":2},"title":"OCHOA Y JUNTOS POR CHASCOM\u00daS PRESENTARON UN IMPORTANTE Y NECESARIO PROYECTO ANTE EL CONCEJO DELIBERANTE","author":"Alejandro Sosa Ruda","date":"19 enero, 2022","format":false,"excerpt":"CHASCOM\u00daS -\u00a0 El abogado y presidente del partido \"Juntos por Chascom\u00fas\", Jos\u00e9 Ochoa, present\u00f3 ante el Concejo Deliberante una propuesta de Proyecto de Ordenanza para crear lo que llam\u00f3 el \"Programa Municipal de Acceso e Inclusi\u00f3n en el Partido de Chascom\u00fas\". El proyecto de Juntos por Chascom\u00fas, est\u00e1 en concordancia\u2026","rel":"","context":"En \u00abDESTACADAS\u00bb","block_context":{"text":"DESTACADAS","link":"https:\/\/larevistadigital.com.ar\/blog\/category\/destacadas\/"},"img":{"alt_text":"","src":"https:\/\/i0.wp.com\/larevistadigital.com.ar\/blog\/wp-content\/uploads\/193355275_3809979062446400_2905131294935808135_n-1.jpg?fit=1080%2C669&ssl=1&resize=350%2C200","width":350,"height":200,"srcset":"https:\/\/i0.wp.com\/larevistadigital.com.ar\/blog\/wp-content\/uploads\/193355275_3809979062446400_2905131294935808135_n-1.jpg?fit=1080%2C669&ssl=1&resize=350%2C200 1x, https:\/\/i0.wp.com\/larevistadigital.com.ar\/blog\/wp-content\/uploads\/193355275_3809979062446400_2905131294935808135_n-1.jpg?fit=1080%2C669&ssl=1&resize=525%2C300 1.5x, https:\/\/i0.wp.com\/larevistadigital.com.ar\/blog\/wp-content\/uploads\/193355275_3809979062446400_2905131294935808135_n-1.jpg?fit=1080%2C669&ssl=1&resize=700%2C400 2x, https:\/\/i0.wp.com\/larevistadigital.com.ar\/blog\/wp-content\/uploads\/193355275_3809979062446400_2905131294935808135_n-1.jpg?fit=1080%2C669&ssl=1&resize=1050%2C600 3x"},"classes":[]},{"id":39977,"url":"https:\/\/larevistadigital.com.ar\/blog\/chascomus-decision-ninez-2025\/","url_meta":{"origin":37323,"position":3},"title":"Chascom\u00fas: Decisi\u00f3n Ni\u00f1ez 2025","author":"Alejandro Sosa Ruda","date":"6 junio, 2025","format":false,"excerpt":"Chicos del barrio San Cayetano presentar\u00e1n sus proyectos en la Asamblea Local. 06 de Junio de 2025 CHASCOM\u00daS -\u00a0 El pr\u00f3ximo jueves 12 a las 14.30 hs. en las instalaciones del CIC 30 de Mayo, se llevar\u00e1 a cabo la Asamblea Local, abierta al p\u00fablico, donde ni\u00f1os y adolescentes pertenecientes\u2026","rel":"","context":"En \u00abCHASCOM\u00daS\u00bb","block_context":{"text":"CHASCOM\u00daS","link":"https:\/\/larevistadigital.com.ar\/blog\/category\/chascomus\/"},"img":{"alt_text":"","src":"https:\/\/i0.wp.com\/larevistadigital.com.ar\/blog\/wp-content\/uploads\/6841d78714aa2.png?fit=668%2C445&ssl=1&resize=350%2C200","width":350,"height":200,"srcset":"https:\/\/i0.wp.com\/larevistadigital.com.ar\/blog\/wp-content\/uploads\/6841d78714aa2.png?fit=668%2C445&ssl=1&resize=350%2C200 1x, https:\/\/i0.wp.com\/larevistadigital.com.ar\/blog\/wp-content\/uploads\/6841d78714aa2.png?fit=668%2C445&ssl=1&resize=525%2C300 1.5x"},"classes":[]},{"id":4466,"url":"https:\/\/larevistadigital.com.ar\/blog\/chascomus-la-secretaria-general-del-sindicato-trabajadores-municipales-se-reunio-presidente-del-concejo-deliberante\/","url_meta":{"origin":37323,"position":4},"title":"CHASCOM\u00daS: LA SECRETARIA GENERAL DEL SINDICATO DE TRABAJADORES MUNICIPALES SE REUNI\u00d3 CON EL PRESIDENTE DEL CONCEJO DELIBERANTE","author":"Alejandro Sosa Ruda","date":"10 enero, 2018","format":false,"excerpt":"En la ma\u00f1ana de hoy, el Presidente del Honorable Concejo Deliberante Lic. Osvaldo Casalins recibi\u00f3 a la Secretaria General del Sindicato de Trabajadores Municipales, Sra. Mercedes Rold\u00e1n, para dialogar sobre el contenido del Proyecto de \u00a0Ordenanza presentado por el Bloque de concejales Cambiemos Chascom\u00fas y Cambiemos UCR, en el cu\u00e1l\u2026","rel":"","context":"En \u00abGREMIALES\u00bb","block_context":{"text":"GREMIALES","link":"https:\/\/larevistadigital.com.ar\/blog\/category\/gremiales\/"},"img":{"alt_text":"","src":"https:\/\/i0.wp.com\/larevistadigital.com.ar\/blog\/wp-content\/uploads\/2018\/01\/CASALINS-ROLDAN.jpg?fit=650%2C366&ssl=1&resize=350%2C200","width":350,"height":200,"srcset":"https:\/\/i0.wp.com\/larevistadigital.com.ar\/blog\/wp-content\/uploads\/2018\/01\/CASALINS-ROLDAN.jpg?fit=650%2C366&ssl=1&resize=350%2C200 1x, https:\/\/i0.wp.com\/larevistadigital.com.ar\/blog\/wp-content\/uploads\/2018\/01\/CASALINS-ROLDAN.jpg?fit=650%2C366&ssl=1&resize=525%2C300 1.5x"},"classes":[]},{"id":25294,"url":"https:\/\/larevistadigital.com.ar\/blog\/chascomus-la-ucr-solicito-en-el-concejo-deliberante-la-apertura-de-paritarias-gacetilla-de-prensa\/","url_meta":{"origin":37323,"position":5},"title":"CHASCOM\u00daS: LA UCR SOLICIT\u00d3 EN EL CONCEJO DELIBERANTE LA APERTURA DE PARITARIAS (Gacetilla de prensa)","author":"Alejandro Sosa Ruda","date":"26 abril, 2022","format":false,"excerpt":"CHASCOM\u00daS -\u00a0 Un proyecto ingresado al Honorable Concejo Deliberante a trav\u00e9s del Bloque de la Uni\u00f3n C\u00edvica Radical se solicitan medidas de urgencia con la finalidad de restablecer de los magros ingresos de los trabajadores del sector p\u00fablico local, empleados municipales activos y jubilados en sus derechos, siendo imperioso reajustar\u2026","rel":"","context":"En \u00abCHASCOM\u00daS\u00bb","block_context":{"text":"CHASCOM\u00daS","link":"https:\/\/larevistadigital.com.ar\/blog\/category\/chascomus\/"},"img":{"alt_text":"","src":"https:\/\/i0.wp.com\/larevistadigital.com.ar\/blog\/wp-content\/uploads\/279314959_295626539410957_5031287507829461317_n.jpg?fit=720%2C567&ssl=1&resize=350%2C200","width":350,"height":200,"srcset":"https:\/\/i0.wp.com\/larevistadigital.com.ar\/blog\/wp-content\/uploads\/279314959_295626539410957_5031287507829461317_n.jpg?fit=720%2C567&ssl=1&resize=350%2C200 1x, https:\/\/i0.wp.com\/larevistadigital.com.ar\/blog\/wp-content\/uploads\/279314959_295626539410957_5031287507829461317_n.jpg?fit=720%2C567&ssl=1&resize=525%2C300 1.5x, https:\/\/i0.wp.com\/larevistadigital.com.ar\/blog\/wp-content\/uploads\/279314959_295626539410957_5031287507829461317_n.jpg?fit=720%2C567&ssl=1&resize=700%2C400 2x"},"classes":[]}],"_links":{"self":[{"href":"https:\/\/larevistadigital.com.ar\/blog\/wp-json\/wp\/v2\/posts\/37323","targetHints":{"allow":["GET"]}}],"collection":[{"href":"https:\/\/larevistadigital.com.ar\/blog\/wp-json\/wp\/v2\/posts"}],"about":[{"href":"https:\/\/larevistadigital.com.ar\/blog\/wp-json\/wp\/v2\/types\/post"}],"author":[{"embeddable":true,"href":"https:\/\/larevistadigital.com.ar\/blog\/wp-json\/wp\/v2\/users\/3"}],"replies":[{"embeddable":true,"href":"https:\/\/larevistadigital.com.ar\/blog\/wp-json\/wp\/v2\/comments?post=37323"}],"version-history":[{"count":1,"href":"https:\/\/larevistadigital.com.ar\/blog\/wp-json\/wp\/v2\/posts\/37323\/revisions"}],"predecessor-version":[{"id":37325,"href":"https:\/\/larevistadigital.com.ar\/blog\/wp-json\/wp\/v2\/posts\/37323\/revisions\/37325"}],"wp:featuredmedia":[{"embeddable":true,"href":"https:\/\/larevistadigital.com.ar\/blog\/wp-json\/wp\/v2\/media\/37324"}],"wp:attachment":[{"href":"https:\/\/larevistadigital.com.ar\/blog\/wp-json\/wp\/v2\/media?parent=37323"}],"wp:term":[{"taxonomy":"category","embeddable":true,"href":"https:\/\/larevistadigital.com.ar\/blog\/wp-json\/wp\/v2\/categories?post=37323"},{"taxonomy":"post_tag","embeddable":true,"href":"https:\/\/larevistadigital.com.ar\/blog\/wp-json\/wp\/v2\/tags?post=37323"}],"curies":[{"name":"wp","href":"https:\/\/api.w.org\/{rel}","templated":true}]}}