{"id":37326,"date":"2024-09-26T22:13:42","date_gmt":"2024-09-27T01:13:42","guid":{"rendered":"https:\/\/larevistadigital.com.ar\/blog\/?p=37326"},"modified":"2024-09-26T22:13:42","modified_gmt":"2024-09-27T01:13:42","slug":"chascomus-exitoso-operativo-para-evitar-la-caza-ilegal-en-zonas-rurales","status":"publish","type":"post","link":"https:\/\/larevistadigital.com.ar\/blog\/chascomus-exitoso-operativo-para-evitar-la-caza-ilegal-en-zonas-rurales\/","title":{"rendered":"Chascom\u00fas: Exitoso operativo para evitar la caza ilegal en zonas rurales"},"content":{"rendered":"<h2 class=\"excerpt\">El Comando de Patrulla Rural intercept\u00f3 a cazadores en una acci\u00f3n conjunta con la Patrulla Municipal.<\/h2>\n<p>26 de Septiembre de 2024<\/p>\n<div id=\"miDiv1\" class=\"text\">\n<p><strong>CHASCOM\u00daS &#8211;<\/strong>\u00a0 A trav\u00e9s de un llamado recibido en el 911, se advirti\u00f3 la presencia de un veh\u00edculo sospechoso en Ruta 20 y el camino del Vado, lo que activ\u00f3 un r\u00e1pido despliegue por parte del Comando de Patrulla Rural.<\/p>\n<blockquote>\n<h3>Dos m\u00f3viles se desplazaron al lugar y, con la colaboraci\u00f3n de la Patrulla Municipal e inspectores locales, lograron ubicar el veh\u00edculo en el camino del Cedive.<\/h3>\n<\/blockquote>\n<p>La intervenci\u00f3n culmin\u00f3 con el traslado del rodado al dep\u00f3sito de infractores.<\/p>\n<p>Este tipo de operativos buscan proteger la fauna local y asegurar el cumplimiento de las normativas vigentes, desalentando la caza ilegal en el distrito.<\/p>\n<\/div>\n","protected":false},"excerpt":{"rendered":"<div class=\"mh-excerpt\"><p>El Comando de Patrulla Rural intercept\u00f3 a cazadores en una acci\u00f3n conjunta con la Patrulla Municipal. 26 de Septiembre de 2024 CHASCOM\u00daS &#8211;\u00a0 A trav\u00e9s de un llamado recibido en el 911, se advirti\u00f3 la <a class=\"mh-excerpt-more\" href=\"https:\/\/larevistadigital.com.ar\/blog\/chascomus-exitoso-operativo-para-evitar-la-caza-ilegal-en-zonas-rurales\/\" title=\"Chascom\u00fas: Exitoso operativo para evitar la caza ilegal en zonas rurales\">[Leer M\u00e1s]<\/a><\/p>\n<\/div>","protected":false},"author":3,"featured_media":37327,"comment_status":"open","ping_status":"open","sticky":false,"template":"","format":"standard","meta":{"_jetpack_memberships_contains_paid_content":false,"footnotes":"","jetpack_publicize_message":"","jetpack_publicize_feature_enabled":true,"jetpack_social_post_already_shared":true,"jetpack_social_options":{"image_generator_settings":{"template":"highway","default_image_id":0,"font":"","enabled":false},"version":2}},"categories":[41,44],"tags":[],"class_list":{"0":"post-37326","1":"post","2":"type-post","3":"status-publish","4":"format-standard","5":"has-post-thumbnail","7":"category-destacadas","8":"category-policiales"},"jetpack_publicize_connections":[],"jetpack_featured_media_url":"https:\/\/i0.wp.com\/larevistadigital.com.ar\/blog\/wp-content\/uploads\/66f5998486548.png?fit=668%2C445&ssl=1","jetpack_sharing_enabled":true,"jetpack_shortlink":"https:\/\/wp.me\/p8qtrQ-9I2","jetpack-related-posts":[{"id":36984,"url":"https:\/\/larevistadigital.com.ar\/blog\/chascomus-nuevamente-la-patrulla-rural-interceptpo-en-flagrancia-a-galgueros-que-realizaban-caza-ilegal\/","url_meta":{"origin":37326,"position":0},"title":"CHASCOM\u00daS: NUEVAMENTE LA PATRULLA RURAL INTERCEPTPO EN FLAGRANCIA A GALGUEROS QUE REALIZABAN CAZA ILEGAL","author":"Alejandro Sosa Ruda","date":"17 agosto, 2024","format":false,"excerpt":"Nueva interceptaci\u00f3n de galgueros por la patrulla rural. 17 de Agosto de 2024 CHASCOM\u00daS -\u00a0\u00a0El d\u00eda jueves pasado, personal de S.S. RURAL \/ DO SUR \/ COORD. DOLORES \/ - CPR CHASCOMUS, luego de recibir una alerta telef\u00f3nica, procedi\u00f3 a interceptar cuatro sujetos que estaban realizando tareas de caza ilegal.\u2026","rel":"","context":"En \u00abDESTACADAS\u00bb","block_context":{"text":"DESTACADAS","link":"https:\/\/larevistadigital.com.ar\/blog\/category\/destacadas\/"},"img":{"alt_text":"","src":"https:\/\/i0.wp.com\/larevistadigital.com.ar\/blog\/wp-content\/uploads\/WhatsApp-Image-2024-08-15-at-17.01.05-e1723906648710.jpeg?fit=1200%2C673&ssl=1&resize=350%2C200","width":350,"height":200,"srcset":"https:\/\/i0.wp.com\/larevistadigital.com.ar\/blog\/wp-content\/uploads\/WhatsApp-Image-2024-08-15-at-17.01.05-e1723906648710.jpeg?fit=1200%2C673&ssl=1&resize=350%2C200 1x, https:\/\/i0.wp.com\/larevistadigital.com.ar\/blog\/wp-content\/uploads\/WhatsApp-Image-2024-08-15-at-17.01.05-e1723906648710.jpeg?fit=1200%2C673&ssl=1&resize=525%2C300 1.5x, https:\/\/i0.wp.com\/larevistadigital.com.ar\/blog\/wp-content\/uploads\/WhatsApp-Image-2024-08-15-at-17.01.05-e1723906648710.jpeg?fit=1200%2C673&ssl=1&resize=700%2C400 2x, https:\/\/i0.wp.com\/larevistadigital.com.ar\/blog\/wp-content\/uploads\/WhatsApp-Image-2024-08-15-at-17.01.05-e1723906648710.jpeg?fit=1200%2C673&ssl=1&resize=1050%2C600 3x"},"classes":[]},{"id":31246,"url":"https:\/\/larevistadigital.com.ar\/blog\/chascomus-la-patrulla-rural-intercepto-a-cazadores-con-perros-galgo\/","url_meta":{"origin":37326,"position":1},"title":"CHASCOM\u00daS: LA PATRULLA RURAL INTERCEPT\u00d3 A CAZADORES CON PERROS GALGO","author":"Alejandro Sosa Ruda","date":"26 abril, 2023","format":false,"excerpt":"Todo ocurri\u00f3 durante la jornada, cuando se tom\u00f3 conoc.imiento de la presencia de cazadores furtivos en el camino de la ruta 25 de abril de 2023 CHASCOM\u00daS - A trav\u00e9s de un llamado telef\u00f3nico, el CPR (Comando de Prevenci\u00f3n Rural) de Chascom\u00fas, tom\u00f3 conocimiento de la presencia de dos personas\u2026","rel":"","context":"En \u00abDESTACADAS\u00bb","block_context":{"text":"DESTACADAS","link":"https:\/\/larevistadigital.com.ar\/blog\/category\/destacadas\/"},"img":{"alt_text":"","src":"https:\/\/i0.wp.com\/larevistadigital.com.ar\/blog\/wp-content\/uploads\/WhatsApp-Image-2023-04-25-at-20.31.03-1.jpeg?fit=900%2C1200&ssl=1&resize=350%2C200","width":350,"height":200,"srcset":"https:\/\/i0.wp.com\/larevistadigital.com.ar\/blog\/wp-content\/uploads\/WhatsApp-Image-2023-04-25-at-20.31.03-1.jpeg?fit=900%2C1200&ssl=1&resize=350%2C200 1x, https:\/\/i0.wp.com\/larevistadigital.com.ar\/blog\/wp-content\/uploads\/WhatsApp-Image-2023-04-25-at-20.31.03-1.jpeg?fit=900%2C1200&ssl=1&resize=525%2C300 1.5x, https:\/\/i0.wp.com\/larevistadigital.com.ar\/blog\/wp-content\/uploads\/WhatsApp-Image-2023-04-25-at-20.31.03-1.jpeg?fit=900%2C1200&ssl=1&resize=700%2C400 2x"},"classes":[]},{"id":32378,"url":"https:\/\/larevistadigital.com.ar\/blog\/chascomus-en-rapido-accionar-la-patrulla-rural-intercepto-galgueros-que-habian-intrusado-un-campo-y-realizaban-caza-furtiva\/","url_meta":{"origin":37326,"position":2},"title":"CHASCOM\u00daS: EN R\u00c1PIDO ACCIONAR LA PATRULLA RURAL INTERCEPT\u00d3 GALGUEROS QUE HAB\u00cdAN INTRUSADO UN CAMPO Y REALIZABAN CAZA FURTIVA","author":"Alejandro Sosa Ruda","date":"12 julio, 2023","format":false,"excerpt":"Gracias a la r\u00e1pida intervenci\u00f3n del CPR local, se logr\u00f3 interceptar a los individuos, cumpliendo con el vecino que hab\u00eda pedido ayuda. 11 de julio de 2023 CHASCOM\u00daS -\u00a0\u00a0El CPR local (Comando de Prevenci\u00f3n Rural) recibi\u00f3 una alerta de un productor rural del CUARTEL VI\u00a0 de Giribone, que denunci\u00f3 la\u2026","rel":"","context":"En \u00abINTERES GENERAL\u00bb","block_context":{"text":"INTERES GENERAL","link":"https:\/\/larevistadigital.com.ar\/blog\/category\/interes-general\/"},"img":{"alt_text":"","src":"https:\/\/i0.wp.com\/larevistadigital.com.ar\/blog\/wp-content\/uploads\/WhatsApp-Image-2023-07-11-at-20.20.52.jpeg?fit=960%2C1200&ssl=1&resize=350%2C200","width":350,"height":200,"srcset":"https:\/\/i0.wp.com\/larevistadigital.com.ar\/blog\/wp-content\/uploads\/WhatsApp-Image-2023-07-11-at-20.20.52.jpeg?fit=960%2C1200&ssl=1&resize=350%2C200 1x, https:\/\/i0.wp.com\/larevistadigital.com.ar\/blog\/wp-content\/uploads\/WhatsApp-Image-2023-07-11-at-20.20.52.jpeg?fit=960%2C1200&ssl=1&resize=525%2C300 1.5x, https:\/\/i0.wp.com\/larevistadigital.com.ar\/blog\/wp-content\/uploads\/WhatsApp-Image-2023-07-11-at-20.20.52.jpeg?fit=960%2C1200&ssl=1&resize=700%2C400 2x"},"classes":[]},{"id":29224,"url":"https:\/\/larevistadigital.com.ar\/blog\/chascomus-la-patrulla-rural-intercepto-cazadores-furtivos\/","url_meta":{"origin":37326,"position":3},"title":"CHASCOM\u00daS: LA PATRULLA RURAL INTERCEPT\u00d3 CAZADORES FURTIVOS","author":"Alejandro Sosa Ruda","date":"2 diciembre, 2022","format":false,"excerpt":"Los descubri\u00f3 mientras recorr\u00eda y hac\u00edan trabajos de prevenci\u00f3n. Los operativos vienen dando muy buenos resultados. 2 de diciembre de 2022 CHASCOM\u00daS -\u00a0\u00a0Durante la jornada de ayer, personal de la Patrulla Rural de Chascom\u00fas se encontraba realizando tareas de prevenci\u00f3n de delitos y faltas en todas sus gamas, y en\u2026","rel":"","context":"En \u00abDESTACADAS\u00bb","block_context":{"text":"DESTACADAS","link":"https:\/\/larevistadigital.com.ar\/blog\/category\/destacadas\/"},"img":{"alt_text":"","src":"https:\/\/i0.wp.com\/larevistadigital.com.ar\/blog\/wp-content\/uploads\/WhatsApp-Image-2022-12-01-at-22.53.12.jpeg?fit=1200%2C675&ssl=1&resize=350%2C200","width":350,"height":200,"srcset":"https:\/\/i0.wp.com\/larevistadigital.com.ar\/blog\/wp-content\/uploads\/WhatsApp-Image-2022-12-01-at-22.53.12.jpeg?fit=1200%2C675&ssl=1&resize=350%2C200 1x, https:\/\/i0.wp.com\/larevistadigital.com.ar\/blog\/wp-content\/uploads\/WhatsApp-Image-2022-12-01-at-22.53.12.jpeg?fit=1200%2C675&ssl=1&resize=525%2C300 1.5x, https:\/\/i0.wp.com\/larevistadigital.com.ar\/blog\/wp-content\/uploads\/WhatsApp-Image-2022-12-01-at-22.53.12.jpeg?fit=1200%2C675&ssl=1&resize=700%2C400 2x, https:\/\/i0.wp.com\/larevistadigital.com.ar\/blog\/wp-content\/uploads\/WhatsApp-Image-2022-12-01-at-22.53.12.jpeg?fit=1200%2C675&ssl=1&resize=1050%2C600 3x"},"classes":[]},{"id":41686,"url":"https:\/\/larevistadigital.com.ar\/blog\/allanamiento-positivo-en-chascomus-por-causas-de-caza-ilegal-y-carreras-de-perros\/","url_meta":{"origin":37326,"position":4},"title":"Allanamiento positivo en Chascom\u00fas por causas de caza ilegal y carreras de perros","author":"Alejandro Sosa Ruda","date":"30 septiembre, 2025","format":false,"excerpt":"El operativo se realiz\u00f3 tras una investigaci\u00f3n iniciada por la Patrulla de Prevenci\u00f3n Municipal, con apoyo del sistema de monitoreo y testimonios de productores rurales. 30 de septiembre de 2025 CHASCOM\u00daS\u00a0 -\u00a0 \u00a0Un allanamiento realizado en las \u00faltimas horas en Chascom\u00fas arroj\u00f3 resultados positivos, con la aprehensi\u00f3n de un sospechoso\u2026","rel":"","context":"En \u00abDESTACADAS\u00bb","block_context":{"text":"DESTACADAS","link":"https:\/\/larevistadigital.com.ar\/blog\/category\/destacadas\/"},"img":{"alt_text":"","src":"https:\/\/i0.wp.com\/larevistadigital.com.ar\/blog\/wp-content\/uploads\/WhatsApp-Image-2025-09-30-at-20.20.jpg?fit=891%2C704&ssl=1&resize=350%2C200","width":350,"height":200,"srcset":"https:\/\/i0.wp.com\/larevistadigital.com.ar\/blog\/wp-content\/uploads\/WhatsApp-Image-2025-09-30-at-20.20.jpg?fit=891%2C704&ssl=1&resize=350%2C200 1x, https:\/\/i0.wp.com\/larevistadigital.com.ar\/blog\/wp-content\/uploads\/WhatsApp-Image-2025-09-30-at-20.20.jpg?fit=891%2C704&ssl=1&resize=525%2C300 1.5x, https:\/\/i0.wp.com\/larevistadigital.com.ar\/blog\/wp-content\/uploads\/WhatsApp-Image-2025-09-30-at-20.20.jpg?fit=891%2C704&ssl=1&resize=700%2C400 2x"},"classes":[]},{"id":36936,"url":"https:\/\/larevistadigital.com.ar\/blog\/chascomus-la-patrulla-rural-logro-interceptar-a-distintos-sujetos-que-realizaban-caza-con-galgos\/","url_meta":{"origin":37326,"position":5},"title":"CHASCOM\u00daS: LA PATRULLA RURAL LOGR\u00d3 INTERCEPTAR A DISTINTOS SUJETOS QUE REALIZABAN \u00abCAZA CON GALGOS\u00bb","author":"Alejandro Sosa Ruda","date":"11 agosto, 2024","format":false,"excerpt":"En la primera intervenci\u00f3n infraccionaron a dos sujetos mayores de edad, y en la segunda a otro. Todos de sexo masculino y en flagrancia. 11 de Agosto de 2024 CHASCOM\u00daS -\u00a0 Personal de la Patrulla Rural, SS Rural, Coord Dolores y CPR Chascom\u00fas lograron identificar a dos hombres mayores de\u2026","rel":"","context":"En \u00abINTERES GENERAL\u00bb","block_context":{"text":"INTERES GENERAL","link":"https:\/\/larevistadigital.com.ar\/blog\/category\/interes-general\/"},"img":{"alt_text":"","src":"https:\/\/i0.wp.com\/larevistadigital.com.ar\/blog\/wp-content\/uploads\/WhatsApp-Image-2024-08-11-at-12.21.02-e1723391218677.jpeg?fit=718%2C998&ssl=1&resize=350%2C200","width":350,"height":200,"srcset":"https:\/\/i0.wp.com\/larevistadigital.com.ar\/blog\/wp-content\/uploads\/WhatsApp-Image-2024-08-11-at-12.21.02-e1723391218677.jpeg?fit=718%2C998&ssl=1&resize=350%2C200 1x, https:\/\/i0.wp.com\/larevistadigital.com.ar\/blog\/wp-content\/uploads\/WhatsApp-Image-2024-08-11-at-12.21.02-e1723391218677.jpeg?fit=718%2C998&ssl=1&resize=525%2C300 1.5x, https:\/\/i0.wp.com\/larevistadigital.com.ar\/blog\/wp-content\/uploads\/WhatsApp-Image-2024-08-11-at-12.21.02-e1723391218677.jpeg?fit=718%2C998&ssl=1&resize=700%2C400 2x"},"classes":[]}],"_links":{"self":[{"href":"https:\/\/larevistadigital.com.ar\/blog\/wp-json\/wp\/v2\/posts\/37326","targetHints":{"allow":["GET"]}}],"collection":[{"href":"https:\/\/larevistadigital.com.ar\/blog\/wp-json\/wp\/v2\/posts"}],"about":[{"href":"https:\/\/larevistadigital.com.ar\/blog\/wp-json\/wp\/v2\/types\/post"}],"author":[{"embeddable":true,"href":"https:\/\/larevistadigital.com.ar\/blog\/wp-json\/wp\/v2\/users\/3"}],"replies":[{"embeddable":true,"href":"https:\/\/larevistadigital.com.ar\/blog\/wp-json\/wp\/v2\/comments?post=37326"}],"version-history":[{"count":1,"href":"https:\/\/larevistadigital.com.ar\/blog\/wp-json\/wp\/v2\/posts\/37326\/revisions"}],"predecessor-version":[{"id":37328,"href":"https:\/\/larevistadigital.com.ar\/blog\/wp-json\/wp\/v2\/posts\/37326\/revisions\/37328"}],"wp:featuredmedia":[{"embeddable":true,"href":"https:\/\/larevistadigital.com.ar\/blog\/wp-json\/wp\/v2\/media\/37327"}],"wp:attachment":[{"href":"https:\/\/larevistadigital.com.ar\/blog\/wp-json\/wp\/v2\/media?parent=37326"}],"wp:term":[{"taxonomy":"category","embeddable":true,"href":"https:\/\/larevistadigital.com.ar\/blog\/wp-json\/wp\/v2\/categories?post=37326"},{"taxonomy":"post_tag","embeddable":true,"href":"https:\/\/larevistadigital.com.ar\/blog\/wp-json\/wp\/v2\/tags?post=37326"}],"curies":[{"name":"wp","href":"https:\/\/api.w.org\/{rel}","templated":true}]}}