{"id":37329,"date":"2024-09-26T22:37:32","date_gmt":"2024-09-27T01:37:32","guid":{"rendered":"https:\/\/larevistadigital.com.ar\/blog\/?p=37329"},"modified":"2024-09-26T22:38:54","modified_gmt":"2024-09-27T01:38:54","slug":"37329-2","status":"publish","type":"post","link":"https:\/\/larevistadigital.com.ar\/blog\/37329-2\/","title":{"rendered":"Denuncian a la mujer de Jorge Lanata por atentar contra la salud y el patrimonio del periodista"},"content":{"rendered":"<h2>B\u00e1rbara y Lola, las hijas del periodista y conductor, hicieron una presentaci\u00f3n judicial y negaron haber pedido que declaren insano a su padre.<\/h2>\n<p>26 de Septiembre de 2024<\/p>\n<p><strong>Jorge Lanata<\/strong> enfrenta un fuerte conflicto familiar que lleg\u00f3 a la Justicia tras una denuncia presentada por sus hijas, <strong>Lola y B\u00e1rbara<\/strong>, contra su actual esposa, <strong>Elba Marcovecchio<\/strong>. Aclararon que <em><strong>\u201cno pedimos la declaraci\u00f3n de insania de pap\u00e1\u201d<\/strong><\/em>, desmintiendo rumores. Las j\u00f3venes acusan a Marcovecchio de malversar bienes valiosos y perjudicar la salud de su padre.<\/p>\n<blockquote>\n<h3>Seg\u00fan se revel\u00f3, el conflicto se formaliz\u00f3 con un documento de 67 p\u00e1ginas que detalla, entre otras cosas, un listado de 42 objetos que faltar\u00edan del domicilio de Lanata, incluidos relojes, joyas y obras de arte. Adem\u00e1s, las hijas se\u00f1alaron gastos excesivos en la tarjeta de cr\u00e9dito del periodista, que sumaron m\u00e1s de 6 millones de pesos solo en agosto.<\/h3>\n<\/blockquote>\n<p>El caso tom\u00f3 relevancia luego de que se mencionara que las c\u00e1maras de seguridad habr\u00edan registrado a <strong>Marcovecchio<\/strong> retirando bienes del departamento de <strong>Lanata<\/strong>, mientras ella viv\u00eda en otra unidad del mismo edificio. El conflicto sigue escalando, y la familia se mantiene en el centro de la pol\u00e9mica.<\/p>\n","protected":false},"excerpt":{"rendered":"<div class=\"mh-excerpt\"><p>B\u00e1rbara y Lola, las hijas del periodista y conductor, hicieron una presentaci\u00f3n judicial y negaron haber pedido que declaren insano a su padre. 26 de Septiembre de 2024 Jorge Lanata enfrenta un fuerte conflicto familiar <a class=\"mh-excerpt-more\" href=\"https:\/\/larevistadigital.com.ar\/blog\/37329-2\/\" title=\"Denuncian a la mujer de Jorge Lanata por atentar contra la salud y el patrimonio del periodista\">[Leer M\u00e1s]<\/a><\/p>\n<\/div>","protected":false},"author":3,"featured_media":37330,"comment_status":"open","ping_status":"open","sticky":false,"template":"","format":"standard","meta":{"_jetpack_memberships_contains_paid_content":false,"footnotes":"","jetpack_publicize_message":"","jetpack_publicize_feature_enabled":true,"jetpack_social_post_already_shared":true,"jetpack_social_options":{"image_generator_settings":{"template":"highway","default_image_id":0,"font":"","enabled":false},"version":2}},"categories":[50],"tags":[],"class_list":{"0":"post-37329","1":"post","2":"type-post","3":"status-publish","4":"format-standard","5":"has-post-thumbnail","7":"category-interes-general"},"jetpack_publicize_connections":[],"jetpack_featured_media_url":"https:\/\/i0.wp.com\/larevistadigital.com.ar\/blog\/wp-content\/uploads\/jorge-lanata-y-elba-marcovecchiojfif.webp?fit=1400%2C933&ssl=1","jetpack_sharing_enabled":true,"jetpack_shortlink":"https:\/\/wp.me\/p8qtrQ-9I5","jetpack-related-posts":[{"id":32524,"url":"https:\/\/larevistadigital.com.ar\/blog\/negra-vernaci-lanata-no-tiene-las-pelotas-bien-puestas\/","url_meta":{"origin":37329,"position":0},"title":"\u00abNEGRA\u00bb VERNACI: \u00abLANATA NO TIENE LAS PELOTAS BIEN PUESTAS\u00bb","author":"Alejandro Sosa Ruda","date":"20 julio, 2023","format":false,"excerpt":"El periodista fue pol\u00e9mico al aire de DDM y la conductora de POP lo cruz\u00f3 fuerte por sus pol\u00e9micos dichos sobre su aspecto f\u00edsico y sobre la salud de Wanda Nara. 20 de julio de 2023 La reconocida locutora Elizabeth \"Negra\" Vernaci recogi\u00f3 el guante y cruz\u00f3 a Jorge Lanata\u2026","rel":"","context":"En \u00abINTERES GENERAL\u00bb","block_context":{"text":"INTERES GENERAL","link":"https:\/\/larevistadigital.com.ar\/blog\/category\/interes-general\/"},"img":{"alt_text":"","src":"https:\/\/i0.wp.com\/larevistadigital.com.ar\/blog\/wp-content\/uploads\/vernaci.jpg?fit=888%2C500&ssl=1&resize=350%2C200","width":350,"height":200,"srcset":"https:\/\/i0.wp.com\/larevistadigital.com.ar\/blog\/wp-content\/uploads\/vernaci.jpg?fit=888%2C500&ssl=1&resize=350%2C200 1x, https:\/\/i0.wp.com\/larevistadigital.com.ar\/blog\/wp-content\/uploads\/vernaci.jpg?fit=888%2C500&ssl=1&resize=525%2C300 1.5x, https:\/\/i0.wp.com\/larevistadigital.com.ar\/blog\/wp-content\/uploads\/vernaci.jpg?fit=888%2C500&ssl=1&resize=700%2C400 2x"},"classes":[]},{"id":10501,"url":"https:\/\/larevistadigital.com.ar\/blog\/ahora-internaron-de-urgencia-a-jorge-lanata-en-terapia-intensiva\/","url_meta":{"origin":37329,"position":1},"title":"AHORA: INTERNARON DE URGENCIA A JORGE LANATA EN TERAPIA INTENSIVA","author":"Alejandro Sosa Ruda","date":"7 junio, 2019","format":false,"excerpt":"El periodista de TN y Canal 13 fue internado de urgencia en terapia intensiva. Esto sucedi\u00f3 anoche, y se supo hace un rato. . Esta vez, fue en el hospital Brit\u00e1nico de la ciudad de Buenos Aires por una infecci\u00f3n respiratoria. \u201cPodr\u00eda ser neumon\u00eda, aunque no est\u00e1 confirmado\u201d, confi\u00f3 un\u2026","rel":"","context":"En \u00abDESTACADAS\u00bb","block_context":{"text":"DESTACADAS","link":"https:\/\/larevistadigital.com.ar\/blog\/category\/destacadas\/"},"img":{"alt_text":"","src":"https:\/\/i0.wp.com\/larevistadigital.com.ar\/blog\/wp-content\/uploads\/QxrkgkXoT_1256x620__1.jpg?fit=1200%2C592&ssl=1&resize=350%2C200","width":350,"height":200,"srcset":"https:\/\/i0.wp.com\/larevistadigital.com.ar\/blog\/wp-content\/uploads\/QxrkgkXoT_1256x620__1.jpg?fit=1200%2C592&ssl=1&resize=350%2C200 1x, https:\/\/i0.wp.com\/larevistadigital.com.ar\/blog\/wp-content\/uploads\/QxrkgkXoT_1256x620__1.jpg?fit=1200%2C592&ssl=1&resize=525%2C300 1.5x, https:\/\/i0.wp.com\/larevistadigital.com.ar\/blog\/wp-content\/uploads\/QxrkgkXoT_1256x620__1.jpg?fit=1200%2C592&ssl=1&resize=700%2C400 2x, https:\/\/i0.wp.com\/larevistadigital.com.ar\/blog\/wp-content\/uploads\/QxrkgkXoT_1256x620__1.jpg?fit=1200%2C592&ssl=1&resize=1050%2C600 3x"},"classes":[]},{"id":2795,"url":"https:\/\/larevistadigital.com.ar\/blog\/lanata-demorado-y-deportado-de-venezuela\/","url_meta":{"origin":37329,"position":2},"title":"LANATA DEMORADO Y DEPORTADO DE VENEZUELA","author":"Alejandro Sosa Ruda","date":"27 julio, 2017","format":false,"excerpt":"Nos hicieron un interrogatorio muy duro y est\u00e1bamos rodeados de efectivos con armas. Se comunic\u00f3 desde el avi\u00f3n que lo deport\u00f3 de Venezuela a Panam\u00e1, diciendo que les \u201cprohibieron la entrada en base a nada, sin motivo\u201d \u2026y cont\u00f3 que un agente chavista le dijo: \"De arriba te mandan a\u2026","rel":"","context":"En \u00abDESTACADAS\u00bb","block_context":{"text":"DESTACADAS","link":"https:\/\/larevistadigital.com.ar\/blog\/category\/destacadas\/"},"img":{"alt_text":"","src":"https:\/\/i0.wp.com\/larevistadigital.com.ar\/blog\/wp-content\/uploads\/2017\/07\/2RI7TWZXCZHRPMMXYQ3UQYERUE.jpg?fit=1200%2C900&ssl=1&resize=350%2C200","width":350,"height":200,"srcset":"https:\/\/i0.wp.com\/larevistadigital.com.ar\/blog\/wp-content\/uploads\/2017\/07\/2RI7TWZXCZHRPMMXYQ3UQYERUE.jpg?fit=1200%2C900&ssl=1&resize=350%2C200 1x, https:\/\/i0.wp.com\/larevistadigital.com.ar\/blog\/wp-content\/uploads\/2017\/07\/2RI7TWZXCZHRPMMXYQ3UQYERUE.jpg?fit=1200%2C900&ssl=1&resize=525%2C300 1.5x, https:\/\/i0.wp.com\/larevistadigital.com.ar\/blog\/wp-content\/uploads\/2017\/07\/2RI7TWZXCZHRPMMXYQ3UQYERUE.jpg?fit=1200%2C900&ssl=1&resize=700%2C400 2x, https:\/\/i0.wp.com\/larevistadigital.com.ar\/blog\/wp-content\/uploads\/2017\/07\/2RI7TWZXCZHRPMMXYQ3UQYERUE.jpg?fit=1200%2C900&ssl=1&resize=1050%2C600 3x"},"classes":[]},{"id":10486,"url":"https:\/\/larevistadigital.com.ar\/blog\/el-periodista-sergio-gendler-fue-internado-en-grave-estado\/","url_meta":{"origin":37329,"position":3},"title":"EL PERIODISTA SERGIO GENDLER FUE INTERNADO EN GRAVE ESTADO","author":"Alejandro Sosa Ruda","date":"6 junio, 2019","format":false,"excerpt":"El periodista\u00a0Sergio Gendler\u00a0transita sus horas m\u00e1s dif\u00edciles. Su esposa le confirm\u00f3 a sus amigos que su estado es grav\u00edsimo. La situaci\u00f3n era conocida s\u00f3lo por su entorno m\u00e1s cercano. Seg\u00fan la informaci\u00f3n que trascendi\u00f3, el periodista deportivo est\u00e1 sedado e intubado hasta que su cuadro mejore. Gendler\u00a0est\u00e1 internado en la\u2026","rel":"","context":"En \u00abDESTACADAS\u00bb","block_context":{"text":"DESTACADAS","link":"https:\/\/larevistadigital.com.ar\/blog\/category\/destacadas\/"},"img":{"alt_text":"","src":"https:\/\/i0.wp.com\/larevistadigital.com.ar\/blog\/wp-content\/uploads\/Screenshot_2-4.jpg?fit=734%2C506&ssl=1&resize=350%2C200","width":350,"height":200,"srcset":"https:\/\/i0.wp.com\/larevistadigital.com.ar\/blog\/wp-content\/uploads\/Screenshot_2-4.jpg?fit=734%2C506&ssl=1&resize=350%2C200 1x, https:\/\/i0.wp.com\/larevistadigital.com.ar\/blog\/wp-content\/uploads\/Screenshot_2-4.jpg?fit=734%2C506&ssl=1&resize=525%2C300 1.5x, https:\/\/i0.wp.com\/larevistadigital.com.ar\/blog\/wp-content\/uploads\/Screenshot_2-4.jpg?fit=734%2C506&ssl=1&resize=700%2C400 2x"},"classes":[]},{"id":36399,"url":"https:\/\/larevistadigital.com.ar\/blog\/levantaron-el-nuevo-programa-de-tinelli-por-bajo-raiting\/","url_meta":{"origin":37329,"position":4},"title":"LEVANTARON EL NUEVO PROGRAMA DE TINELLI POR BAJO RAITING","author":"Alejandro Sosa Ruda","date":"21 junio, 2024","format":false,"excerpt":"La informaci\u00f3n la brind\u00f3 Marina Calabr\u00f3, que adem\u00e1s critic\u00f3 con dureza al conductor y empresario. 21 de Junio de 2024 El conductor\u00a0Marcelo Tinelli no tuvo \u00e9xito en su nuevo programa\u00a0en\u00a0Am\u00e9rica, ya que, al comienzo de su segunda emisi\u00f3n, lo sacaron del aire. Tinelli, quien protagoniz\u00f3 programas como el\u00a0Bailando por un\u2026","rel":"","context":"En \u00abINTERES GENERAL\u00bb","block_context":{"text":"INTERES GENERAL","link":"https:\/\/larevistadigital.com.ar\/blog\/category\/interes-general\/"},"img":{"alt_text":"","src":"https:\/\/i0.wp.com\/larevistadigital.com.ar\/blog\/wp-content\/uploads\/TINELLI-Y-EL-TIRRI.png?fit=663%2C361&ssl=1&resize=350%2C200","width":350,"height":200,"srcset":"https:\/\/i0.wp.com\/larevistadigital.com.ar\/blog\/wp-content\/uploads\/TINELLI-Y-EL-TIRRI.png?fit=663%2C361&ssl=1&resize=350%2C200 1x, https:\/\/i0.wp.com\/larevistadigital.com.ar\/blog\/wp-content\/uploads\/TINELLI-Y-EL-TIRRI.png?fit=663%2C361&ssl=1&resize=525%2C300 1.5x"},"classes":[]},{"id":29041,"url":"https:\/\/larevistadigital.com.ar\/blog\/berni-nego-su-renuncia-y-dijo-que-son-operaciones-politicas\/","url_meta":{"origin":37329,"position":5},"title":"BERNI NEG\u00d3 SU RENUNCIA Y DIJO QUE \u00abSON OPERACIONES POL\u00cdTICAS\u00bb","author":"Alejandro Sosa Ruda","date":"25 noviembre, 2022","format":false,"excerpt":"Respecto a los rumores de renuncia que comenzaron a tomar fuerza en las \u00faltimas horas, Berni las calific\u00f3 como \u201csimples rumores\u201d y opin\u00f3 que se trata de \u201coperaciones pol\u00edticas\u201d. \u201cNo es la primera vez que soy v\u00edctima de una operaci\u00f3n de prensa. La primera de ellas la sufr\u00ed en 2015\u201d,\u2026","rel":"","context":"En \u00abINTERES GENERAL\u00bb","block_context":{"text":"INTERES GENERAL","link":"https:\/\/larevistadigital.com.ar\/blog\/category\/interes-general\/"},"img":{"alt_text":"","src":"https:\/\/i0.wp.com\/larevistadigital.com.ar\/blog\/wp-content\/uploads\/20221124153505_berni.jpg?fit=880%2C512&ssl=1&resize=350%2C200","width":350,"height":200,"srcset":"https:\/\/i0.wp.com\/larevistadigital.com.ar\/blog\/wp-content\/uploads\/20221124153505_berni.jpg?fit=880%2C512&ssl=1&resize=350%2C200 1x, https:\/\/i0.wp.com\/larevistadigital.com.ar\/blog\/wp-content\/uploads\/20221124153505_berni.jpg?fit=880%2C512&ssl=1&resize=525%2C300 1.5x, https:\/\/i0.wp.com\/larevistadigital.com.ar\/blog\/wp-content\/uploads\/20221124153505_berni.jpg?fit=880%2C512&ssl=1&resize=700%2C400 2x"},"classes":[]}],"_links":{"self":[{"href":"https:\/\/larevistadigital.com.ar\/blog\/wp-json\/wp\/v2\/posts\/37329","targetHints":{"allow":["GET"]}}],"collection":[{"href":"https:\/\/larevistadigital.com.ar\/blog\/wp-json\/wp\/v2\/posts"}],"about":[{"href":"https:\/\/larevistadigital.com.ar\/blog\/wp-json\/wp\/v2\/types\/post"}],"author":[{"embeddable":true,"href":"https:\/\/larevistadigital.com.ar\/blog\/wp-json\/wp\/v2\/users\/3"}],"replies":[{"embeddable":true,"href":"https:\/\/larevistadigital.com.ar\/blog\/wp-json\/wp\/v2\/comments?post=37329"}],"version-history":[{"count":3,"href":"https:\/\/larevistadigital.com.ar\/blog\/wp-json\/wp\/v2\/posts\/37329\/revisions"}],"predecessor-version":[{"id":37333,"href":"https:\/\/larevistadigital.com.ar\/blog\/wp-json\/wp\/v2\/posts\/37329\/revisions\/37333"}],"wp:featuredmedia":[{"embeddable":true,"href":"https:\/\/larevistadigital.com.ar\/blog\/wp-json\/wp\/v2\/media\/37330"}],"wp:attachment":[{"href":"https:\/\/larevistadigital.com.ar\/blog\/wp-json\/wp\/v2\/media?parent=37329"}],"wp:term":[{"taxonomy":"category","embeddable":true,"href":"https:\/\/larevistadigital.com.ar\/blog\/wp-json\/wp\/v2\/categories?post=37329"},{"taxonomy":"post_tag","embeddable":true,"href":"https:\/\/larevistadigital.com.ar\/blog\/wp-json\/wp\/v2\/tags?post=37329"}],"curies":[{"name":"wp","href":"https:\/\/api.w.org\/{rel}","templated":true}]}}