{"id":37352,"date":"2024-09-29T23:51:01","date_gmt":"2024-09-30T02:51:01","guid":{"rendered":"https:\/\/larevistadigital.com.ar\/blog\/?p=37352"},"modified":"2024-09-29T23:51:01","modified_gmt":"2024-09-30T02:51:01","slug":"mar-del-tuyu-muere-un-motociclista-en-un-accidente-en-la-ruta-11","status":"publish","type":"post","link":"https:\/\/larevistadigital.com.ar\/blog\/mar-del-tuyu-muere-un-motociclista-en-un-accidente-en-la-ruta-11\/","title":{"rendered":"Mar del Tuy\u00fa: Muere un motociclista en un accidente en la ruta 11"},"content":{"rendered":"<h2 class=\"nota__hero__summary\">El veh\u00edculo en el que circulaba colision\u00f3 con un auto y el conductor sali\u00f3 despedido.<\/h2>\n<p>29 de Septiembre de 2024<\/p>\n<p><strong>PARTIDO DE LA COSTA &#8211;\u00a0 \u00a0<\/strong>El accidente ocurri\u00f3 el d\u00eda viernes, en la ruta 11 justo frente al ingreso de Mar del Tuy\u00fa, donde un motociclista perdi\u00f3 la vida minutos despu\u00e9s.<\/p>\n<blockquote>\n<h3>Los protagonistas del siniestro, fueron un Volswagen Voyage que impact\u00f3 contra una moto Kawasaki Ninja, cuando esta circulaba en direcci\u00f3n hacia San Clemente del Tuy\u00fa.<\/h3>\n<\/blockquote>\n<p>A pesar de la r\u00e1pida asistencia de los Servicios de Emergencia, el motociclista no sobrevivi\u00f3. Lamentablemente, como consecuencia del imp\u00e1cto, sali\u00f3 despedido, realizando un \u00e1mplio recorrido hasta una alcantarilla en la rotonda de acceso.<\/p>\n","protected":false},"excerpt":{"rendered":"<div class=\"mh-excerpt\"><p>El veh\u00edculo en el que circulaba colision\u00f3 con un auto y el conductor sali\u00f3 despedido. 29 de Septiembre de 2024 PARTIDO DE LA COSTA &#8211;\u00a0 \u00a0El accidente ocurri\u00f3 el d\u00eda viernes, en la ruta 11 <a class=\"mh-excerpt-more\" href=\"https:\/\/larevistadigital.com.ar\/blog\/mar-del-tuyu-muere-un-motociclista-en-un-accidente-en-la-ruta-11\/\" title=\"Mar del Tuy\u00fa: Muere un motociclista en un accidente en la ruta 11\">[Leer M\u00e1s]<\/a><\/p>\n<\/div>","protected":false},"author":3,"featured_media":37353,"comment_status":"open","ping_status":"open","sticky":false,"template":"","format":"standard","meta":{"_jetpack_memberships_contains_paid_content":false,"footnotes":"","jetpack_publicize_message":"","jetpack_publicize_feature_enabled":true,"jetpack_social_post_already_shared":true,"jetpack_social_options":{"image_generator_settings":{"template":"highway","default_image_id":0,"font":"","enabled":false},"version":2}},"categories":[44,51],"tags":[],"class_list":{"0":"post-37352","1":"post","2":"type-post","3":"status-publish","4":"format-standard","5":"has-post-thumbnail","7":"category-policiales","8":"category-regionales"},"jetpack_publicize_connections":[],"jetpack_featured_media_url":"https:\/\/i0.wp.com\/larevistadigital.com.ar\/blog\/wp-content\/uploads\/fa1d18fe58e2a182012566d3f3846050229e662d.jpg?fit=1140%2C722&ssl=1","jetpack_sharing_enabled":true,"jetpack_shortlink":"https:\/\/wp.me\/p8qtrQ-9Is","jetpack-related-posts":[{"id":24955,"url":"https:\/\/larevistadigital.com.ar\/blog\/san-vicente-un-muerto-por-tragico-accidente-en-la-ruta-210\/","url_meta":{"origin":37352,"position":0},"title":"SAN VICENTE: UN MUERTO POR TR\u00c1GICO ACCIDENTE EN LA RUTA 210","author":"Alejandro Sosa Ruda","date":"4 abril, 2022","format":false,"excerpt":"Ocurri\u00f3 ayer por la tarde a 200 metros del puente de ruta 6. El conductor de la moto falleci\u00f3 en el acto. Un tr\u00e1gico accidente conmociona a la regi\u00f3n, luego de que un motociclista que circulaba por la ruta 210 -en sentido Alejandro Korn -\u00a0Brandsen-, en una Suzuki de alta\u2026","rel":"","context":"En \u00abPOLICIALES\u00bb","block_context":{"text":"POLICIALES","link":"https:\/\/larevistadigital.com.ar\/blog\/category\/policiales\/"},"img":{"alt_text":"","src":"https:\/\/i0.wp.com\/larevistadigital.com.ar\/blog\/wp-content\/uploads\/Captura-de-pantalla-2022-04-04-125311.jpg?fit=1200%2C597&ssl=1&resize=350%2C200","width":350,"height":200,"srcset":"https:\/\/i0.wp.com\/larevistadigital.com.ar\/blog\/wp-content\/uploads\/Captura-de-pantalla-2022-04-04-125311.jpg?fit=1200%2C597&ssl=1&resize=350%2C200 1x, https:\/\/i0.wp.com\/larevistadigital.com.ar\/blog\/wp-content\/uploads\/Captura-de-pantalla-2022-04-04-125311.jpg?fit=1200%2C597&ssl=1&resize=525%2C300 1.5x, https:\/\/i0.wp.com\/larevistadigital.com.ar\/blog\/wp-content\/uploads\/Captura-de-pantalla-2022-04-04-125311.jpg?fit=1200%2C597&ssl=1&resize=700%2C400 2x, https:\/\/i0.wp.com\/larevistadigital.com.ar\/blog\/wp-content\/uploads\/Captura-de-pantalla-2022-04-04-125311.jpg?fit=1200%2C597&ssl=1&resize=1050%2C600 3x"},"classes":[]},{"id":37390,"url":"https:\/\/larevistadigital.com.ar\/blog\/un-motociclista-choco-contra-un-auto-en-la-autopista-25-de-mayo-cayo-al-vacio-y-murio\/","url_meta":{"origin":37352,"position":1},"title":"Un motociclista choc\u00f3 contra un auto en la autopista 25 de Mayo, cay\u00f3 al vac\u00edo y muri\u00f3","author":"Alejandro Sosa Ruda","date":"1 octubre, 2024","format":false,"excerpt":"Por el impact\u00f3 sali\u00f3 despedido, pas\u00f3 por encima del guardarra\u00edl y golpe\u00f3 contra el asfalto frente a un predio de canchas de f\u00fatbol. La v\u00edctima ten\u00eda 25 a\u00f1os y falleci\u00f3 en el acto por politraumatismos severos. 01 de Octubre de 2024 CABA -\u00a0 Un accidente vial en la autopista 25\u2026","rel":"","context":"En \u00abINTERES GENERAL\u00bb","block_context":{"text":"INTERES GENERAL","link":"https:\/\/larevistadigital.com.ar\/blog\/category\/interes-general\/"},"img":{"alt_text":"","src":"https:\/\/i0.wp.com\/larevistadigital.com.ar\/blog\/wp-content\/uploads\/Captura-de-pantalla-2024-09-30-235651.png?fit=867%2C408&ssl=1&resize=350%2C200","width":350,"height":200,"srcset":"https:\/\/i0.wp.com\/larevistadigital.com.ar\/blog\/wp-content\/uploads\/Captura-de-pantalla-2024-09-30-235651.png?fit=867%2C408&ssl=1&resize=350%2C200 1x, https:\/\/i0.wp.com\/larevistadigital.com.ar\/blog\/wp-content\/uploads\/Captura-de-pantalla-2024-09-30-235651.png?fit=867%2C408&ssl=1&resize=525%2C300 1.5x, https:\/\/i0.wp.com\/larevistadigital.com.ar\/blog\/wp-content\/uploads\/Captura-de-pantalla-2024-09-30-235651.png?fit=867%2C408&ssl=1&resize=700%2C400 2x"},"classes":[]},{"id":16614,"url":"https:\/\/larevistadigital.com.ar\/blog\/video-impactante-accidente-en-ruta-11-y-96\/","url_meta":{"origin":37352,"position":2},"title":"[VIDEO] IMPACTANTE ACCIDENTE EN RUTA 11 Y 96","author":"Alejandro Sosa Ruda","date":"29 septiembre, 2020","format":false,"excerpt":"En horas de la tarde, se produjo un accidente entre un auto y una moto en Ruta 11 y calle 96. El siniestro qued\u00f3 registrado en las c\u00e1maras de seguridad de la Municipalidad de La Plata. Seg\u00fan se puede observar, un auto negro y una motocicleta doblaron en el mismo\u2026","rel":"","context":"En \u00abREGIONALES\u00bb","block_context":{"text":"REGIONALES","link":"https:\/\/larevistadigital.com.ar\/blog\/category\/regionales\/"},"img":{"alt_text":"","src":"https:\/\/i0.wp.com\/larevistadigital.com.ar\/blog\/wp-content\/uploads\/ACCIDENTE-RUTA-11.jpg?fit=1006%2C560&ssl=1&resize=350%2C200","width":350,"height":200,"srcset":"https:\/\/i0.wp.com\/larevistadigital.com.ar\/blog\/wp-content\/uploads\/ACCIDENTE-RUTA-11.jpg?fit=1006%2C560&ssl=1&resize=350%2C200 1x, https:\/\/i0.wp.com\/larevistadigital.com.ar\/blog\/wp-content\/uploads\/ACCIDENTE-RUTA-11.jpg?fit=1006%2C560&ssl=1&resize=525%2C300 1.5x, https:\/\/i0.wp.com\/larevistadigital.com.ar\/blog\/wp-content\/uploads\/ACCIDENTE-RUTA-11.jpg?fit=1006%2C560&ssl=1&resize=700%2C400 2x"},"classes":[]},{"id":13300,"url":"https:\/\/larevistadigital.com.ar\/blog\/mar-del-tuyu-comisario-sufre-grave-accidente-en-la-ruta-11\/","url_meta":{"origin":37352,"position":3},"title":"MAR DEL TUY\u00da: COMISARIO SUFRE GRAVE ACCIDENTE EN LA RUTA 11","author":"Alejandro Sosa Ruda","date":"20 noviembre, 2019","format":false,"excerpt":"La m\u00e1xima autoridad de la dependencia policial de esa localidad perdi\u00f3 parte de su masa encef\u00e1lica y se encuentra internado en terapia intensiva. MAR DEL TUYU - El accidente se produjo en la Ruta 11, a la altura de Las Toninas, seg\u00fan inform\u00f3 Canal 5 de San Clemente del Tuy\u00fa.\u2026","rel":"","context":"En \u00abPOLICIALES\u00bb","block_context":{"text":"POLICIALES","link":"https:\/\/larevistadigital.com.ar\/blog\/category\/policiales\/"},"img":{"alt_text":"","src":"https:\/\/i0.wp.com\/larevistadigital.com.ar\/blog\/wp-content\/uploads\/Screenshot_2-65.jpg?fit=1200%2C712&ssl=1&resize=350%2C200","width":350,"height":200,"srcset":"https:\/\/i0.wp.com\/larevistadigital.com.ar\/blog\/wp-content\/uploads\/Screenshot_2-65.jpg?fit=1200%2C712&ssl=1&resize=350%2C200 1x, https:\/\/i0.wp.com\/larevistadigital.com.ar\/blog\/wp-content\/uploads\/Screenshot_2-65.jpg?fit=1200%2C712&ssl=1&resize=525%2C300 1.5x, https:\/\/i0.wp.com\/larevistadigital.com.ar\/blog\/wp-content\/uploads\/Screenshot_2-65.jpg?fit=1200%2C712&ssl=1&resize=700%2C400 2x, https:\/\/i0.wp.com\/larevistadigital.com.ar\/blog\/wp-content\/uploads\/Screenshot_2-65.jpg?fit=1200%2C712&ssl=1&resize=1050%2C600 3x"},"classes":[]},{"id":42926,"url":"https:\/\/larevistadigital.com.ar\/blog\/accidente-fatal-en-la-ruta-motociclista-muere-al-ser-embestido-por-un-auto\/","url_meta":{"origin":37352,"position":4},"title":"Accidente fatal en la ruta: motociclista muere al ser embestido por un auto","author":"Alejandro Sosa Ruda","date":"14 diciembre, 2025","format":false,"excerpt":"El siniestro ocurri\u00f3 durante la noche del lunes en la ruta 11. El tr\u00e1nsito debi\u00f3 ser interrumpido de manera preventiva y se registr\u00f3 otro choque casi en simult\u00e1neo a la altura de Santa Teresita. 14 de Diciembre de 2025 BUENOS AIRES -\u00a0 \u00a0Un grave accidente de tr\u00e1nsito se produjo anoche\u2026","rel":"","context":"En \u00abINTERES GENERAL\u00bb","block_context":{"text":"INTERES GENERAL","link":"https:\/\/larevistadigital.com.ar\/blog\/category\/interes-general\/"},"img":{"alt_text":"","src":"https:\/\/i0.wp.com\/larevistadigital.com.ar\/blog\/wp-content\/uploads\/bb85efa1c2b9b0fa2a4c6c63aab695e7f31dd41e.jpg?fit=1116%2C900&ssl=1&resize=350%2C200","width":350,"height":200,"srcset":"https:\/\/i0.wp.com\/larevistadigital.com.ar\/blog\/wp-content\/uploads\/bb85efa1c2b9b0fa2a4c6c63aab695e7f31dd41e.jpg?fit=1116%2C900&ssl=1&resize=350%2C200 1x, https:\/\/i0.wp.com\/larevistadigital.com.ar\/blog\/wp-content\/uploads\/bb85efa1c2b9b0fa2a4c6c63aab695e7f31dd41e.jpg?fit=1116%2C900&ssl=1&resize=525%2C300 1.5x, https:\/\/i0.wp.com\/larevistadigital.com.ar\/blog\/wp-content\/uploads\/bb85efa1c2b9b0fa2a4c6c63aab695e7f31dd41e.jpg?fit=1116%2C900&ssl=1&resize=700%2C400 2x, https:\/\/i0.wp.com\/larevistadigital.com.ar\/blog\/wp-content\/uploads\/bb85efa1c2b9b0fa2a4c6c63aab695e7f31dd41e.jpg?fit=1116%2C900&ssl=1&resize=1050%2C600 3x"},"classes":[]},{"id":44283,"url":"https:\/\/larevistadigital.com.ar\/blog\/un-motociclista-murio-al-chocar-contra-un-patrullero-que-cortaba-una-avenida-por-un-accidente\/","url_meta":{"origin":37352,"position":5},"title":"Un motociclista muri\u00f3 al chocar contra un patrullero que cortaba una avenida por un accidente","author":"Alejandro Sosa Ruda","date":"4 marzo, 2026","format":false,"excerpt":"El siniestro ocurri\u00f3 minutos antes de las 20, cuando el conductor impact\u00f3 contra un m\u00f3vil policial que preservaba la escena de un choque previo. Interviene la fiscal\u00eda de Delitos Culposos. 03 de Marzo de 2026 MAR DEL PLATA -\u00a0 \u00a0Un motociclista falleci\u00f3 este martes por la noche tras colisionar contra\u2026","rel":"","context":"En \u00abPOLICIALES\u00bb","block_context":{"text":"POLICIALES","link":"https:\/\/larevistadigital.com.ar\/blog\/category\/policiales\/"},"img":{"alt_text":"","src":"https:\/\/i0.wp.com\/larevistadigital.com.ar\/blog\/wp-content\/uploads\/Captura-de-pantalla-2026-03-04-000508.jpg?fit=795%2C444&ssl=1&resize=350%2C200","width":350,"height":200,"srcset":"https:\/\/i0.wp.com\/larevistadigital.com.ar\/blog\/wp-content\/uploads\/Captura-de-pantalla-2026-03-04-000508.jpg?fit=795%2C444&ssl=1&resize=350%2C200 1x, https:\/\/i0.wp.com\/larevistadigital.com.ar\/blog\/wp-content\/uploads\/Captura-de-pantalla-2026-03-04-000508.jpg?fit=795%2C444&ssl=1&resize=525%2C300 1.5x, https:\/\/i0.wp.com\/larevistadigital.com.ar\/blog\/wp-content\/uploads\/Captura-de-pantalla-2026-03-04-000508.jpg?fit=795%2C444&ssl=1&resize=700%2C400 2x"},"classes":[]}],"_links":{"self":[{"href":"https:\/\/larevistadigital.com.ar\/blog\/wp-json\/wp\/v2\/posts\/37352","targetHints":{"allow":["GET"]}}],"collection":[{"href":"https:\/\/larevistadigital.com.ar\/blog\/wp-json\/wp\/v2\/posts"}],"about":[{"href":"https:\/\/larevistadigital.com.ar\/blog\/wp-json\/wp\/v2\/types\/post"}],"author":[{"embeddable":true,"href":"https:\/\/larevistadigital.com.ar\/blog\/wp-json\/wp\/v2\/users\/3"}],"replies":[{"embeddable":true,"href":"https:\/\/larevistadigital.com.ar\/blog\/wp-json\/wp\/v2\/comments?post=37352"}],"version-history":[{"count":1,"href":"https:\/\/larevistadigital.com.ar\/blog\/wp-json\/wp\/v2\/posts\/37352\/revisions"}],"predecessor-version":[{"id":37354,"href":"https:\/\/larevistadigital.com.ar\/blog\/wp-json\/wp\/v2\/posts\/37352\/revisions\/37354"}],"wp:featuredmedia":[{"embeddable":true,"href":"https:\/\/larevistadigital.com.ar\/blog\/wp-json\/wp\/v2\/media\/37353"}],"wp:attachment":[{"href":"https:\/\/larevistadigital.com.ar\/blog\/wp-json\/wp\/v2\/media?parent=37352"}],"wp:term":[{"taxonomy":"category","embeddable":true,"href":"https:\/\/larevistadigital.com.ar\/blog\/wp-json\/wp\/v2\/categories?post=37352"},{"taxonomy":"post_tag","embeddable":true,"href":"https:\/\/larevistadigital.com.ar\/blog\/wp-json\/wp\/v2\/tags?post=37352"}],"curies":[{"name":"wp","href":"https:\/\/api.w.org\/{rel}","templated":true}]}}